{"id":55807,"date":"2023-07-02T06:34:52","date_gmt":"2023-07-02T11:34:52","guid":{"rendered":"https:\/\/luchonoticias.com\/?p=55807"},"modified":"2023-07-02T06:34:53","modified_gmt":"2023-07-02T11:34:53","slug":"petro-plantea-que-regalias-del-sector-carbonifero-sean-destinadas-a-proyectos-de-energias-limpias-en-la-guajira","status":"publish","type":"post","link":"https:\/\/luchonoticias.com\/editor\/petro-plantea-que-regalias-del-sector-carbonifero-sean-destinadas-a-proyectos-de-energias-limpias-en-la-guajira\/","title":{"rendered":"Petro plantea que regal\u00edas del sector carbon\u00edfero sean destinadas a proyectos de energ\u00edas limpias en La Guajira"},"content":{"rendered":"\n<p>\u201cLas regal\u00edas del carb\u00f3n permiten, en el tiempo que queda, financiar la infraestructura de la nueva econom\u00eda de La Guajira. Esa nueva econom\u00eda ustedes ya la est\u00e1n viendo, se llama energ\u00edas limpias, que surgen del sol, del viento y con el mar\u201d.&nbsp;<\/p>\n\n\n\n<p>As\u00ed lo afirm\u00f3 este s\u00e1bado el Presidente Gustavo Petro en el evento de cierre de la jornada \u2018Gobierno con el Pueblo\u2019, en el cual calific\u00f3 como \u201cbalance positivo\u201d su agenda de trabajo en La Guajira, que inici\u00f3 el lunes pasado con la presencia en pleno de su gobierno en la pen\u00ednsula, particularmente en los municipios de Riohacha, Maicao, Urib\u00eda, San Juan del Cesar y Manaure.<\/p>\n\n\n\n<p>En ese contexto, el Mandatario enfatiz\u00f3 que la \u201criqueza de La Guajira ya no es, y quiz\u00e1s nunca lo fue, el carb\u00f3n. Una riqueza que trajo muerte en el territorio guajiro y deja muerte en la humanidad. El mundo del carb\u00f3n se va a terminar; en el 2034 termina la concesi\u00f3n del Cerrej\u00f3n\u201d.<\/p>\n\n\n\n<p>Al respecto, el Jefe de Estado dijo que \u201clleg\u00f3 el momento de presentar un plan preliminar para ser debatido con la sociedad, de tal manera que la empresa Grencore pueda salir digna del departamento de La Guajira\u201d.<\/p>\n\n\n\n<p>Al explicar el proceso, el Presidente Petro indic\u00f3: \u201cEstoy pensado en que, a trav\u00e9s de una nueva figura que se llama el cambio de regal\u00edas por obras, la empresa El Cerrej\u00f3n, si se compromete a presentar a debate p\u00fablico un plan preliminar de cierre de la concesi\u00f3n carbon\u00edfera \u2014no es definitivo, le queda un tiempo\u2014 pueda utilizar las regal\u00edas que debe pagarle al Estado, directamente, haciendo las obras en La Guajira, que deben centrarse en la transici\u00f3n hacia la nueva econom\u00eda del departamento\u201d.<\/p>\n\n\n\n<h3 class=\"wp-block-heading\">Capitaliza\u200bci\u00f3n de Sama<\/h3>\n\n\n\n<p>\u200bAsimismo, el Mandatario anunci\u00f3 que mediante decreto se capitalizar\u00e1 a la empresa Salinas Mar\u00edtimas de Manaure (Sama), para que sea mayoritariamente p\u00fablica y se avance en la expansi\u00f3n de la industria qu\u00edmica de productos de la sal, con energ\u00edas limpias y huella de carbono cero en la pen\u00ednsula.<\/p>\n\n\n\n<p>Adem\u00e1s, en su intervenci\u00f3n tambi\u00e9n asever\u00f3 que Termoguajira ser\u00e1 capitalizada para que deje de consumir carb\u00f3n y fomente el uso de energ\u00edas limpias, con miras a convertir a La Guajira en un territorio descarbonizado.<\/p>\n\n\n\n<p>Finalmente, el Presidente encarg\u00f3 al Ministro de Transporte, William Camargo Triana, de construir una pista a\u00e9rea internacional en El Para\u00edso, al norte de La Guajira, para incentivar el turismo sostenible.<\/p>\n\n\n\n<p>\u201cEn una transformaci\u00f3n econ\u00f3mica de La Guajira, y en eso queremos utilizar parte de las regal\u00edas del departamento, en construir una pista de car\u00e1cter internacional con arquitectura wayuu en su edificaci\u00f3n\u201d, manifest\u00f3.<\/p>\n\n\n\n<p>Finalmente, el Mandatario afirm\u00f3 que el decreto que declara la Emergencia Econ\u00f3mica, Social y Ecol\u00f3gica en La Guajira ser\u00e1 expedido en las pr\u00f3ximas horas.<\/p>\n","protected":false},"excerpt":{"rendered":"<p>\u201cLas regal\u00edas del carb\u00f3n permiten, en el tiempo que queda, financiar la infraestructura de la nueva econom\u00eda de La Guajira. Esa nueva econom\u00eda ustedes ya la est\u00e1n viendo, se llama energ\u00edas limpias, que surgen del sol, del viento y con el mar\u201d.&nbsp; As\u00ed lo afirm\u00f3 este s\u00e1bado el Presidente Gustavo Petro en el evento de [&hellip;]<\/p>\n","protected":false},"author":2,"featured_media":0,"comment_status":"open","ping_status":"open","sticky":false,"template":"","format":"standard","meta":{"footnotes":""},"categories":[36,32],"tags":[],"class_list":["post-55807","post","type-post","status-publish","format-standard","hentry","category-destacado","category-nacional"],"yoast_head":"<!-- This site is optimized with the Yoast SEO plugin v26.6 - https:\/\/yoast.com\/wordpress\/plugins\/seo\/ -->\n<title>Petro plantea que regal\u00edas del sector carbon\u00edfero sean destinadas a proyectos de energ\u00edas limpias en La Guajira -<\/title>\n<meta name=\"robots\" content=\"index, follow, max-snippet:-1, max-image-preview:large, max-video-preview:-1\" \/>\n<link rel=\"canonical\" href=\"https:\/\/luchonoticias.com\/editor\/petro-plantea-que-regalias-del-sector-carbonifero-sean-destinadas-a-proyectos-de-energias-limpias-en-la-guajira\/\" \/>\n<meta property=\"og:locale\" content=\"es_ES\" \/>\n<meta property=\"og:type\" content=\"article\" \/>\n<meta property=\"og:title\" content=\"Petro plantea que regal\u00edas del sector carbon\u00edfero sean destinadas a proyectos de energ\u00edas limpias en La Guajira -\" \/>\n<meta property=\"og:url\" content=\"https:\/\/luchonoticias.com\/editor\/petro-plantea-que-regalias-del-sector-carbonifero-sean-destinadas-a-proyectos-de-energias-limpias-en-la-guajira\/\" \/>\n<meta property=\"article:publisher\" content=\"https:\/\/www.facebook.com\/luchonoticiasneiva\" \/>\n<meta property=\"article:published_time\" content=\"2023-07-02T11:34:52+00:00\" \/>\n<meta property=\"article:modified_time\" content=\"2023-07-02T11:34:53+00:00\" \/>\n<meta name=\"author\" content=\"Editor General\" \/>\n<meta name=\"twitter:card\" content=\"summary_large_image\" \/>\n<meta name=\"twitter:label1\" content=\"Escrito por\" \/>\n\t<meta name=\"twitter:data1\" content=\"Editor General\" \/>\n\t<meta name=\"twitter:label2\" content=\"Tiempo de lectura\" \/>\n\t<meta name=\"twitter:data2\" content=\"2 minutos\" \/>\n<script type=\"application\/ld+json\" class=\"yoast-schema-graph\">{\"@context\":\"https:\/\/schema.org\",\"@graph\":[{\"@type\":\"Article\",\"@id\":\"https:\/\/luchonoticias.com\/editor\/petro-plantea-que-regalias-del-sector-carbonifero-sean-destinadas-a-proyectos-de-energias-limpias-en-la-guajira\/#article\",\"isPartOf\":{\"@id\":\"https:\/\/luchonoticias.com\/editor\/petro-plantea-que-regalias-del-sector-carbonifero-sean-destinadas-a-proyectos-de-energias-limpias-en-la-guajira\/\"},\"author\":{\"name\":\"Editor General\",\"@id\":\"https:\/\/luchonoticias.com\/editor\/#\/schema\/person\/29217990ddf6f14e35912b2866d591fb\"},\"headline\":\"Petro plantea que regal\u00edas del sector carbon\u00edfero sean destinadas a proyectos de energ\u00edas limpias en La Guajira\",\"datePublished\":\"2023-07-02T11:34:52+00:00\",\"dateModified\":\"2023-07-02T11:34:53+00:00\",\"mainEntityOfPage\":{\"@id\":\"https:\/\/luchonoticias.com\/editor\/petro-plantea-que-regalias-del-sector-carbonifero-sean-destinadas-a-proyectos-de-energias-limpias-en-la-guajira\/\"},\"wordCount\":517,\"commentCount\":0,\"publisher\":{\"@id\":\"https:\/\/luchonoticias.com\/editor\/#\/schema\/person\/7a7fd911f58561fd056dbac7b55af9cd\"},\"articleSection\":[\"Destacado\",\"Nacional\"],\"inLanguage\":\"es\",\"potentialAction\":[{\"@type\":\"CommentAction\",\"name\":\"Comment\",\"target\":[\"https:\/\/luchonoticias.com\/editor\/petro-plantea-que-regalias-del-sector-carbonifero-sean-destinadas-a-proyectos-de-energias-limpias-en-la-guajira\/#respond\"]}]},{\"@type\":\"WebPage\",\"@id\":\"https:\/\/luchonoticias.com\/editor\/petro-plantea-que-regalias-del-sector-carbonifero-sean-destinadas-a-proyectos-de-energias-limpias-en-la-guajira\/\",\"url\":\"https:\/\/luchonoticias.com\/editor\/petro-plantea-que-regalias-del-sector-carbonifero-sean-destinadas-a-proyectos-de-energias-limpias-en-la-guajira\/\",\"name\":\"Petro plantea que regal\u00edas del sector carbon\u00edfero sean destinadas a proyectos de energ\u00edas limpias en La Guajira -\",\"isPartOf\":{\"@id\":\"https:\/\/luchonoticias.com\/editor\/#website\"},\"datePublished\":\"2023-07-02T11:34:52+00:00\",\"dateModified\":\"2023-07-02T11:34:53+00:00\",\"breadcrumb\":{\"@id\":\"https:\/\/luchonoticias.com\/editor\/petro-plantea-que-regalias-del-sector-carbonifero-sean-destinadas-a-proyectos-de-energias-limpias-en-la-guajira\/#breadcrumb\"},\"inLanguage\":\"es\",\"potentialAction\":[{\"@type\":\"ReadAction\",\"target\":[\"https:\/\/luchonoticias.com\/editor\/petro-plantea-que-regalias-del-sector-carbonifero-sean-destinadas-a-proyectos-de-energias-limpias-en-la-guajira\/\"]}]},{\"@type\":\"BreadcrumbList\",\"@id\":\"https:\/\/luchonoticias.com\/editor\/petro-plantea-que-regalias-del-sector-carbonifero-sean-destinadas-a-proyectos-de-energias-limpias-en-la-guajira\/#breadcrumb\",\"itemListElement\":[{\"@type\":\"ListItem\",\"position\":1,\"name\":\"Portada\",\"item\":\"https:\/\/luchonoticias.com\/editor\/\"},{\"@type\":\"ListItem\",\"position\":2,\"name\":\"Petro plantea que regal\u00edas del sector carbon\u00edfero sean destinadas a proyectos de energ\u00edas limpias en La Guajira\"}]},{\"@type\":\"WebSite\",\"@id\":\"https:\/\/luchonoticias.com\/editor\/#website\",\"url\":\"https:\/\/luchonoticias.com\/editor\/\",\"name\":\"\",\"description\":\"\",\"publisher\":{\"@id\":\"https:\/\/luchonoticias.com\/editor\/#\/schema\/person\/7a7fd911f58561fd056dbac7b55af9cd\"},\"potentialAction\":[{\"@type\":\"SearchAction\",\"target\":{\"@type\":\"EntryPoint\",\"urlTemplate\":\"https:\/\/luchonoticias.com\/editor\/?s={search_term_string}\"},\"query-input\":{\"@type\":\"PropertyValueSpecification\",\"valueRequired\":true,\"valueName\":\"search_term_string\"}}],\"inLanguage\":\"es\"},{\"@type\":[\"Person\",\"Organization\"],\"@id\":\"https:\/\/luchonoticias.com\/editor\/#\/schema\/person\/7a7fd911f58561fd056dbac7b55af9cd\",\"name\":\"admin\",\"image\":{\"@type\":\"ImageObject\",\"inLanguage\":\"es\",\"@id\":\"https:\/\/luchonoticias.com\/editor\/#\/schema\/person\/image\/\",\"url\":\"https:\/\/luchonoticias.com\/editor\/wp-content\/uploads\/2024\/02\/cropped-cropped-logolu.webp\",\"contentUrl\":\"https:\/\/luchonoticias.com\/editor\/wp-content\/uploads\/2024\/02\/cropped-cropped-logolu.webp\",\"width\":382,\"height\":170,\"caption\":\"admin\"},\"logo\":{\"@id\":\"https:\/\/luchonoticias.com\/editor\/#\/schema\/person\/image\/\"},\"sameAs\":[\"https:\/\/www.facebook.com\/luchonoticiasneiva\"]},{\"@type\":\"Person\",\"@id\":\"https:\/\/luchonoticias.com\/editor\/#\/schema\/person\/29217990ddf6f14e35912b2866d591fb\",\"name\":\"Editor General\",\"image\":{\"@type\":\"ImageObject\",\"inLanguage\":\"es\",\"@id\":\"https:\/\/luchonoticias.com\/editor\/#\/schema\/person\/image\/\",\"url\":\"https:\/\/luchonoticias.com\/editor\/wp-content\/uploads\/2024\/02\/cropped-cropped-logolu-150x150.webp\",\"contentUrl\":\"https:\/\/luchonoticias.com\/editor\/wp-content\/uploads\/2024\/02\/cropped-cropped-logolu-150x150.webp\",\"caption\":\"Editor General\"},\"sameAs\":[\"https:\/\/luchonoticias.com\/\"],\"url\":\"https:\/\/luchonoticias.com\/editor\/author\/editor-general\/\"}]}<\/script>\n<!-- \/ Yoast SEO plugin. -->","yoast_head_json":{"title":"Petro plantea que regal\u00edas del sector carbon\u00edfero sean destinadas a proyectos de energ\u00edas limpias en La Guajira -","robots":{"index":"index","follow":"follow","max-snippet":"max-snippet:-1","max-image-preview":"max-image-preview:large","max-video-preview":"max-video-preview:-1"},"canonical":"https:\/\/luchonoticias.com\/editor\/petro-plantea-que-regalias-del-sector-carbonifero-sean-destinadas-a-proyectos-de-energias-limpias-en-la-guajira\/","og_locale":"es_ES","og_type":"article","og_title":"Petro plantea que regal\u00edas del sector carbon\u00edfero sean destinadas a proyectos de energ\u00edas limpias en La Guajira -","og_url":"https:\/\/luchonoticias.com\/editor\/petro-plantea-que-regalias-del-sector-carbonifero-sean-destinadas-a-proyectos-de-energias-limpias-en-la-guajira\/","article_publisher":"https:\/\/www.facebook.com\/luchonoticiasneiva","article_published_time":"2023-07-02T11:34:52+00:00","article_modified_time":"2023-07-02T11:34:53+00:00","author":"Editor General","twitter_card":"summary_large_image","twitter_misc":{"Escrito por":"Editor General","Tiempo de lectura":"2 minutos"},"schema":{"@context":"https:\/\/schema.org","@graph":[{"@type":"Article","@id":"https:\/\/luchonoticias.com\/editor\/petro-plantea-que-regalias-del-sector-carbonifero-sean-destinadas-a-proyectos-de-energias-limpias-en-la-guajira\/#article","isPartOf":{"@id":"https:\/\/luchonoticias.com\/editor\/petro-plantea-que-regalias-del-sector-carbonifero-sean-destinadas-a-proyectos-de-energias-limpias-en-la-guajira\/"},"author":{"name":"Editor General","@id":"https:\/\/luchonoticias.com\/editor\/#\/schema\/person\/29217990ddf6f14e35912b2866d591fb"},"headline":"Petro plantea que regal\u00edas del sector carbon\u00edfero sean destinadas a proyectos de energ\u00edas limpias en La Guajira","datePublished":"2023-07-02T11:34:52+00:00","dateModified":"2023-07-02T11:34:53+00:00","mainEntityOfPage":{"@id":"https:\/\/luchonoticias.com\/editor\/petro-plantea-que-regalias-del-sector-carbonifero-sean-destinadas-a-proyectos-de-energias-limpias-en-la-guajira\/"},"wordCount":517,"commentCount":0,"publisher":{"@id":"https:\/\/luchonoticias.com\/editor\/#\/schema\/person\/7a7fd911f58561fd056dbac7b55af9cd"},"articleSection":["Destacado","Nacional"],"inLanguage":"es","potentialAction":[{"@type":"CommentAction","name":"Comment","target":["https:\/\/luchonoticias.com\/editor\/petro-plantea-que-regalias-del-sector-carbonifero-sean-destinadas-a-proyectos-de-energias-limpias-en-la-guajira\/#respond"]}]},{"@type":"WebPage","@id":"https:\/\/luchonoticias.com\/editor\/petro-plantea-que-regalias-del-sector-carbonifero-sean-destinadas-a-proyectos-de-energias-limpias-en-la-guajira\/","url":"https:\/\/luchonoticias.com\/editor\/petro-plantea-que-regalias-del-sector-carbonifero-sean-destinadas-a-proyectos-de-energias-limpias-en-la-guajira\/","name":"Petro plantea que regal\u00edas del sector carbon\u00edfero sean destinadas a proyectos de energ\u00edas limpias en La Guajira -","isPartOf":{"@id":"https:\/\/luchonoticias.com\/editor\/#website"},"datePublished":"2023-07-02T11:34:52+00:00","dateModified":"2023-07-02T11:34:53+00:00","breadcrumb":{"@id":"https:\/\/luchonoticias.com\/editor\/petro-plantea-que-regalias-del-sector-carbonifero-sean-destinadas-a-proyectos-de-energias-limpias-en-la-guajira\/#breadcrumb"},"inLanguage":"es","potentialAction":[{"@type":"ReadAction","target":["https:\/\/luchonoticias.com\/editor\/petro-plantea-que-regalias-del-sector-carbonifero-sean-destinadas-a-proyectos-de-energias-limpias-en-la-guajira\/"]}]},{"@type":"BreadcrumbList","@id":"https:\/\/luchonoticias.com\/editor\/petro-plantea-que-regalias-del-sector-carbonifero-sean-destinadas-a-proyectos-de-energias-limpias-en-la-guajira\/#breadcrumb","itemListElement":[{"@type":"ListItem","position":1,"name":"Portada","item":"https:\/\/luchonoticias.com\/editor\/"},{"@type":"ListItem","position":2,"name":"Petro plantea que regal\u00edas del sector carbon\u00edfero sean destinadas a proyectos de energ\u00edas limpias en La Guajira"}]},{"@type":"WebSite","@id":"https:\/\/luchonoticias.com\/editor\/#website","url":"https:\/\/luchonoticias.com\/editor\/","name":"","description":"","publisher":{"@id":"https:\/\/luchonoticias.com\/editor\/#\/schema\/person\/7a7fd911f58561fd056dbac7b55af9cd"},"potentialAction":[{"@type":"SearchAction","target":{"@type":"EntryPoint","urlTemplate":"https:\/\/luchonoticias.com\/editor\/?s={search_term_string}"},"query-input":{"@type":"PropertyValueSpecification","valueRequired":true,"valueName":"search_term_string"}}],"inLanguage":"es"},{"@type":["Person","Organization"],"@id":"https:\/\/luchonoticias.com\/editor\/#\/schema\/person\/7a7fd911f58561fd056dbac7b55af9cd","name":"admin","image":{"@type":"ImageObject","inLanguage":"es","@id":"https:\/\/luchonoticias.com\/editor\/#\/schema\/person\/image\/","url":"https:\/\/luchonoticias.com\/editor\/wp-content\/uploads\/2024\/02\/cropped-cropped-logolu.webp","contentUrl":"https:\/\/luchonoticias.com\/editor\/wp-content\/uploads\/2024\/02\/cropped-cropped-logolu.webp","width":382,"height":170,"caption":"admin"},"logo":{"@id":"https:\/\/luchonoticias.com\/editor\/#\/schema\/person\/image\/"},"sameAs":["https:\/\/www.facebook.com\/luchonoticiasneiva"]},{"@type":"Person","@id":"https:\/\/luchonoticias.com\/editor\/#\/schema\/person\/29217990ddf6f14e35912b2866d591fb","name":"Editor General","image":{"@type":"ImageObject","inLanguage":"es","@id":"https:\/\/luchonoticias.com\/editor\/#\/schema\/person\/image\/","url":"https:\/\/luchonoticias.com\/editor\/wp-content\/uploads\/2024\/02\/cropped-cropped-logolu-150x150.webp","contentUrl":"https:\/\/luchonoticias.com\/editor\/wp-content\/uploads\/2024\/02\/cropped-cropped-logolu-150x150.webp","caption":"Editor General"},"sameAs":["https:\/\/luchonoticias.com\/"],"url":"https:\/\/luchonoticias.com\/editor\/author\/editor-general\/"}]}},"_links":{"self":[{"href":"https:\/\/luchonoticias.com\/editor\/wp-json\/wp\/v2\/posts\/55807","targetHints":{"allow":["GET"]}}],"collection":[{"href":"https:\/\/luchonoticias.com\/editor\/wp-json\/wp\/v2\/posts"}],"about":[{"href":"https:\/\/luchonoticias.com\/editor\/wp-json\/wp\/v2\/types\/post"}],"author":[{"embeddable":true,"href":"https:\/\/luchonoticias.com\/editor\/wp-json\/wp\/v2\/users\/2"}],"replies":[{"embeddable":true,"href":"https:\/\/luchonoticias.com\/editor\/wp-json\/wp\/v2\/comments?post=55807"}],"version-history":[{"count":0,"href":"https:\/\/luchonoticias.com\/editor\/wp-json\/wp\/v2\/posts\/55807\/revisions"}],"wp:attachment":[{"href":"https:\/\/luchonoticias.com\/editor\/wp-json\/wp\/v2\/media?parent=55807"}],"wp:term":[{"taxonomy":"category","embeddable":true,"href":"https:\/\/luchonoticias.com\/editor\/wp-json\/wp\/v2\/categories?post=55807"},{"taxonomy":"post_tag","embeddable":true,"href":"https:\/\/luchonoticias.com\/editor\/wp-json\/wp\/v2\/tags?post=55807"}],"curies":[{"name":"wp","href":"https:\/\/api.w.org\/{rel}","templated":true}]}}