{"id":55810,"date":"2023-07-02T06:39:51","date_gmt":"2023-07-02T11:39:51","guid":{"rendered":"https:\/\/luchonoticias.com\/?p=55810"},"modified":"2023-07-02T06:39:52","modified_gmt":"2023-07-02T11:39:52","slug":"procuraduria-pidio-a-la-jep-poner-el-testimonio-de-mario-montoya-a-disposicion-de-las-victimas","status":"publish","type":"post","link":"https:\/\/luchonoticias.com\/editor\/procuraduria-pidio-a-la-jep-poner-el-testimonio-de-mario-montoya-a-disposicion-de-las-victimas\/","title":{"rendered":"Procuradur\u00eda pidi\u00f3 a la JEP poner el testimonio de Mario Montoya a disposici\u00f3n de las v\u00edctimas"},"content":{"rendered":"\n<p>Durante la audiencia de reconocimiento de verdad sobre asesinatos y desapariciones forzadas presentados como bajas en combate (Falsos positivos) ocurridos en Dabeiba, Antioquia,&nbsp;<strong>la Procuradur\u00eda General de la Naci\u00f3n le pidi\u00f3 a la JEP que ponga a disposici\u00f3n de las v\u00edctimas, las versiones voluntarias entregadas por integrantes de la Cuarta Brigada del Ej\u00e9rcito que oper\u00f3 en ese territorio, en especial la del excomandante del ej\u00e9rcito, general Mario Montoya Uribe.&nbsp;<\/strong><\/p>\n\n\n\n<p>Para el procurador delegado ante la JEP, Jairo Acosta Aristiz\u00e1bal,&nbsp;<em>\u201ces indispensable que las versiones voluntarias de inter\u00e9s para los acreditados en el subcaso Dabeiba como quiz\u00e1s lo sea la del se\u00f1or Montoya Uribe, sean puestas a disposici\u00f3n de las v\u00edctimas, as\u00ed como que,&nbsp; al momento de evaluar la determinaci\u00f3n de los hechos y conductas aplicables a la Cuarta brigada, se consideren e integren los hallazgos del subcaso Dabeiba, para conocer un contexto operacional y macrocriminal mucho m\u00e1s completo\u201d.&nbsp;<\/em><\/p>\n\n\n\n<p>El delegado Acosta record\u00f3 a los militares que est\u00e1n entregando sus testimonios ante la JEP, que&nbsp;<strong>el r\u00e9gimen de condicionalidad que les permite permanecer y acogerse a los tratamientos especiales de la justicia espera de ellos un nivel muy alto de compromisos con las v\u00edctimas&nbsp;<\/strong>y la sociedad, y calific\u00f3 como esperanzador el cambio de actitud que han demostrado, abandonando la l\u00f3gica de negacionismo, del ocultamiento, por la de&nbsp; &nbsp;presentarse y asumir su responsabilidad.&nbsp;<\/p>\n\n\n\n<p><em>\u201cComo Ministerio P\u00fablico estar\u00e9 haciendo seguimiento constante, en el marco de las observaciones que surgen despu\u00e9s de esta audiencia, frente a lo cual valoraremos si su reconocimiento se corresponde o no con lo exigido por la sala en t\u00e9rminos de verdad\u201d,<\/em>&nbsp;apunt\u00f3 el delegado Acosta.&nbsp;<\/p>\n\n\n\n<p>Al final de la audiencia, el delegado Acosta pidi\u00f3 a los comparecientes mayor compromiso y precisi\u00f3n con la informaci\u00f3n entregada&nbsp;<strong>para dar con los restos de dos personas desaparecidas que hacen falta por ubicar en este subcaso.<\/strong><\/p>\n\n\n\n<p><em>\u201cEl hallazgo efectivo de estas personas requiere del mayor compromiso en informaci\u00f3n por parte de los comparecientes, adem\u00e1s del esfuerzo judicial e institucional para que se realicen actividades de b\u00fasqueda&nbsp; &nbsp;los cementerios de Ituango y Carepa\u201d<\/em>, agreg\u00f3 Acosta Aristiz\u00e1bal.<\/p>\n\n\n\n<p>Tambi\u00e9n solicit\u00f3 a los magistrados de la JEP que lideran este subcaso, fortalecer el proceso de acreditaci\u00f3n de las v\u00edctimas para disminuir el subregistro;&nbsp;<strong>a<\/strong><strong>ctivar con urgencia la ruta para la toma de muestras de ADN que a\u00fan no se hayan realizado,<\/strong>&nbsp;y continuar con las sesiones presenciales hasta llegar a un acuerdo entre las dimensiones de reparaci\u00f3n y restauraci\u00f3n de los da\u00f1os ocasionados a la comunidad de Dabeiba.<\/p>\n","protected":false},"excerpt":{"rendered":"<p>Durante la audiencia de reconocimiento de verdad sobre asesinatos y desapariciones forzadas presentados como bajas en combate (Falsos positivos) ocurridos en Dabeiba, Antioquia,&nbsp;la Procuradur\u00eda General de la Naci\u00f3n le pidi\u00f3 a la JEP que ponga a disposici\u00f3n de las v\u00edctimas, las versiones voluntarias entregadas por integrantes de la Cuarta Brigada del Ej\u00e9rcito que oper\u00f3 en [&hellip;]<\/p>\n","protected":false},"author":2,"featured_media":0,"comment_status":"open","ping_status":"open","sticky":false,"template":"","format":"standard","meta":{"footnotes":""},"categories":[28,36],"tags":[],"class_list":["post-55810","post","type-post","status-publish","format-standard","hentry","category-actualidad","category-destacado"],"yoast_head":"<!-- This site is optimized with the Yoast SEO plugin v26.6 - https:\/\/yoast.com\/wordpress\/plugins\/seo\/ -->\n<title>Procuradur\u00eda pidi\u00f3 a la JEP poner el testimonio de Mario Montoya a disposici\u00f3n de las v\u00edctimas -<\/title>\n<meta name=\"robots\" content=\"index, follow, max-snippet:-1, max-image-preview:large, max-video-preview:-1\" \/>\n<link rel=\"canonical\" href=\"https:\/\/luchonoticias.com\/editor\/procuraduria-pidio-a-la-jep-poner-el-testimonio-de-mario-montoya-a-disposicion-de-las-victimas\/\" \/>\n<meta property=\"og:locale\" content=\"es_ES\" \/>\n<meta property=\"og:type\" content=\"article\" \/>\n<meta property=\"og:title\" content=\"Procuradur\u00eda pidi\u00f3 a la JEP poner el testimonio de Mario Montoya a disposici\u00f3n de las v\u00edctimas -\" \/>\n<meta property=\"og:url\" content=\"https:\/\/luchonoticias.com\/editor\/procuraduria-pidio-a-la-jep-poner-el-testimonio-de-mario-montoya-a-disposicion-de-las-victimas\/\" \/>\n<meta property=\"article:publisher\" content=\"https:\/\/www.facebook.com\/luchonoticiasneiva\" \/>\n<meta property=\"article:published_time\" content=\"2023-07-02T11:39:51+00:00\" \/>\n<meta property=\"article:modified_time\" content=\"2023-07-02T11:39:52+00:00\" \/>\n<meta name=\"author\" content=\"Editor General\" \/>\n<meta name=\"twitter:card\" content=\"summary_large_image\" \/>\n<meta name=\"twitter:label1\" content=\"Escrito por\" \/>\n\t<meta name=\"twitter:data1\" content=\"Editor General\" \/>\n\t<meta name=\"twitter:label2\" content=\"Tiempo de lectura\" \/>\n\t<meta name=\"twitter:data2\" content=\"2 minutos\" \/>\n<script type=\"application\/ld+json\" class=\"yoast-schema-graph\">{\"@context\":\"https:\/\/schema.org\",\"@graph\":[{\"@type\":\"Article\",\"@id\":\"https:\/\/luchonoticias.com\/editor\/procuraduria-pidio-a-la-jep-poner-el-testimonio-de-mario-montoya-a-disposicion-de-las-victimas\/#article\",\"isPartOf\":{\"@id\":\"https:\/\/luchonoticias.com\/editor\/procuraduria-pidio-a-la-jep-poner-el-testimonio-de-mario-montoya-a-disposicion-de-las-victimas\/\"},\"author\":{\"name\":\"Editor General\",\"@id\":\"https:\/\/luchonoticias.com\/editor\/#\/schema\/person\/29217990ddf6f14e35912b2866d591fb\"},\"headline\":\"Procuradur\u00eda pidi\u00f3 a la JEP poner el testimonio de Mario Montoya a disposici\u00f3n de las v\u00edctimas\",\"datePublished\":\"2023-07-02T11:39:51+00:00\",\"dateModified\":\"2023-07-02T11:39:52+00:00\",\"mainEntityOfPage\":{\"@id\":\"https:\/\/luchonoticias.com\/editor\/procuraduria-pidio-a-la-jep-poner-el-testimonio-de-mario-montoya-a-disposicion-de-las-victimas\/\"},\"wordCount\":483,\"commentCount\":0,\"publisher\":{\"@id\":\"https:\/\/luchonoticias.com\/editor\/#\/schema\/person\/7a7fd911f58561fd056dbac7b55af9cd\"},\"articleSection\":[\"Actualidad\",\"Destacado\"],\"inLanguage\":\"es\",\"potentialAction\":[{\"@type\":\"CommentAction\",\"name\":\"Comment\",\"target\":[\"https:\/\/luchonoticias.com\/editor\/procuraduria-pidio-a-la-jep-poner-el-testimonio-de-mario-montoya-a-disposicion-de-las-victimas\/#respond\"]}]},{\"@type\":\"WebPage\",\"@id\":\"https:\/\/luchonoticias.com\/editor\/procuraduria-pidio-a-la-jep-poner-el-testimonio-de-mario-montoya-a-disposicion-de-las-victimas\/\",\"url\":\"https:\/\/luchonoticias.com\/editor\/procuraduria-pidio-a-la-jep-poner-el-testimonio-de-mario-montoya-a-disposicion-de-las-victimas\/\",\"name\":\"Procuradur\u00eda pidi\u00f3 a la JEP poner el testimonio de Mario Montoya a disposici\u00f3n de las v\u00edctimas -\",\"isPartOf\":{\"@id\":\"https:\/\/luchonoticias.com\/editor\/#website\"},\"datePublished\":\"2023-07-02T11:39:51+00:00\",\"dateModified\":\"2023-07-02T11:39:52+00:00\",\"breadcrumb\":{\"@id\":\"https:\/\/luchonoticias.com\/editor\/procuraduria-pidio-a-la-jep-poner-el-testimonio-de-mario-montoya-a-disposicion-de-las-victimas\/#breadcrumb\"},\"inLanguage\":\"es\",\"potentialAction\":[{\"@type\":\"ReadAction\",\"target\":[\"https:\/\/luchonoticias.com\/editor\/procuraduria-pidio-a-la-jep-poner-el-testimonio-de-mario-montoya-a-disposicion-de-las-victimas\/\"]}]},{\"@type\":\"BreadcrumbList\",\"@id\":\"https:\/\/luchonoticias.com\/editor\/procuraduria-pidio-a-la-jep-poner-el-testimonio-de-mario-montoya-a-disposicion-de-las-victimas\/#breadcrumb\",\"itemListElement\":[{\"@type\":\"ListItem\",\"position\":1,\"name\":\"Portada\",\"item\":\"https:\/\/luchonoticias.com\/editor\/\"},{\"@type\":\"ListItem\",\"position\":2,\"name\":\"Procuradur\u00eda pidi\u00f3 a la JEP poner el testimonio de Mario Montoya a disposici\u00f3n de las v\u00edctimas\"}]},{\"@type\":\"WebSite\",\"@id\":\"https:\/\/luchonoticias.com\/editor\/#website\",\"url\":\"https:\/\/luchonoticias.com\/editor\/\",\"name\":\"\",\"description\":\"\",\"publisher\":{\"@id\":\"https:\/\/luchonoticias.com\/editor\/#\/schema\/person\/7a7fd911f58561fd056dbac7b55af9cd\"},\"potentialAction\":[{\"@type\":\"SearchAction\",\"target\":{\"@type\":\"EntryPoint\",\"urlTemplate\":\"https:\/\/luchonoticias.com\/editor\/?s={search_term_string}\"},\"query-input\":{\"@type\":\"PropertyValueSpecification\",\"valueRequired\":true,\"valueName\":\"search_term_string\"}}],\"inLanguage\":\"es\"},{\"@type\":[\"Person\",\"Organization\"],\"@id\":\"https:\/\/luchonoticias.com\/editor\/#\/schema\/person\/7a7fd911f58561fd056dbac7b55af9cd\",\"name\":\"admin\",\"image\":{\"@type\":\"ImageObject\",\"inLanguage\":\"es\",\"@id\":\"https:\/\/luchonoticias.com\/editor\/#\/schema\/person\/image\/\",\"url\":\"https:\/\/luchonoticias.com\/editor\/wp-content\/uploads\/2024\/02\/cropped-cropped-logolu.webp\",\"contentUrl\":\"https:\/\/luchonoticias.com\/editor\/wp-content\/uploads\/2024\/02\/cropped-cropped-logolu.webp\",\"width\":382,\"height\":170,\"caption\":\"admin\"},\"logo\":{\"@id\":\"https:\/\/luchonoticias.com\/editor\/#\/schema\/person\/image\/\"},\"sameAs\":[\"https:\/\/www.facebook.com\/luchonoticiasneiva\"]},{\"@type\":\"Person\",\"@id\":\"https:\/\/luchonoticias.com\/editor\/#\/schema\/person\/29217990ddf6f14e35912b2866d591fb\",\"name\":\"Editor General\",\"image\":{\"@type\":\"ImageObject\",\"inLanguage\":\"es\",\"@id\":\"https:\/\/luchonoticias.com\/editor\/#\/schema\/person\/image\/\",\"url\":\"https:\/\/luchonoticias.com\/editor\/wp-content\/uploads\/2024\/02\/cropped-cropped-logolu-150x150.webp\",\"contentUrl\":\"https:\/\/luchonoticias.com\/editor\/wp-content\/uploads\/2024\/02\/cropped-cropped-logolu-150x150.webp\",\"caption\":\"Editor General\"},\"sameAs\":[\"https:\/\/luchonoticias.com\/\"],\"url\":\"https:\/\/luchonoticias.com\/editor\/author\/editor-general\/\"}]}<\/script>\n<!-- \/ Yoast SEO plugin. -->","yoast_head_json":{"title":"Procuradur\u00eda pidi\u00f3 a la JEP poner el testimonio de Mario Montoya a disposici\u00f3n de las v\u00edctimas -","robots":{"index":"index","follow":"follow","max-snippet":"max-snippet:-1","max-image-preview":"max-image-preview:large","max-video-preview":"max-video-preview:-1"},"canonical":"https:\/\/luchonoticias.com\/editor\/procuraduria-pidio-a-la-jep-poner-el-testimonio-de-mario-montoya-a-disposicion-de-las-victimas\/","og_locale":"es_ES","og_type":"article","og_title":"Procuradur\u00eda pidi\u00f3 a la JEP poner el testimonio de Mario Montoya a disposici\u00f3n de las v\u00edctimas -","og_url":"https:\/\/luchonoticias.com\/editor\/procuraduria-pidio-a-la-jep-poner-el-testimonio-de-mario-montoya-a-disposicion-de-las-victimas\/","article_publisher":"https:\/\/www.facebook.com\/luchonoticiasneiva","article_published_time":"2023-07-02T11:39:51+00:00","article_modified_time":"2023-07-02T11:39:52+00:00","author":"Editor General","twitter_card":"summary_large_image","twitter_misc":{"Escrito por":"Editor General","Tiempo de lectura":"2 minutos"},"schema":{"@context":"https:\/\/schema.org","@graph":[{"@type":"Article","@id":"https:\/\/luchonoticias.com\/editor\/procuraduria-pidio-a-la-jep-poner-el-testimonio-de-mario-montoya-a-disposicion-de-las-victimas\/#article","isPartOf":{"@id":"https:\/\/luchonoticias.com\/editor\/procuraduria-pidio-a-la-jep-poner-el-testimonio-de-mario-montoya-a-disposicion-de-las-victimas\/"},"author":{"name":"Editor General","@id":"https:\/\/luchonoticias.com\/editor\/#\/schema\/person\/29217990ddf6f14e35912b2866d591fb"},"headline":"Procuradur\u00eda pidi\u00f3 a la JEP poner el testimonio de Mario Montoya a disposici\u00f3n de las v\u00edctimas","datePublished":"2023-07-02T11:39:51+00:00","dateModified":"2023-07-02T11:39:52+00:00","mainEntityOfPage":{"@id":"https:\/\/luchonoticias.com\/editor\/procuraduria-pidio-a-la-jep-poner-el-testimonio-de-mario-montoya-a-disposicion-de-las-victimas\/"},"wordCount":483,"commentCount":0,"publisher":{"@id":"https:\/\/luchonoticias.com\/editor\/#\/schema\/person\/7a7fd911f58561fd056dbac7b55af9cd"},"articleSection":["Actualidad","Destacado"],"inLanguage":"es","potentialAction":[{"@type":"CommentAction","name":"Comment","target":["https:\/\/luchonoticias.com\/editor\/procuraduria-pidio-a-la-jep-poner-el-testimonio-de-mario-montoya-a-disposicion-de-las-victimas\/#respond"]}]},{"@type":"WebPage","@id":"https:\/\/luchonoticias.com\/editor\/procuraduria-pidio-a-la-jep-poner-el-testimonio-de-mario-montoya-a-disposicion-de-las-victimas\/","url":"https:\/\/luchonoticias.com\/editor\/procuraduria-pidio-a-la-jep-poner-el-testimonio-de-mario-montoya-a-disposicion-de-las-victimas\/","name":"Procuradur\u00eda pidi\u00f3 a la JEP poner el testimonio de Mario Montoya a disposici\u00f3n de las v\u00edctimas -","isPartOf":{"@id":"https:\/\/luchonoticias.com\/editor\/#website"},"datePublished":"2023-07-02T11:39:51+00:00","dateModified":"2023-07-02T11:39:52+00:00","breadcrumb":{"@id":"https:\/\/luchonoticias.com\/editor\/procuraduria-pidio-a-la-jep-poner-el-testimonio-de-mario-montoya-a-disposicion-de-las-victimas\/#breadcrumb"},"inLanguage":"es","potentialAction":[{"@type":"ReadAction","target":["https:\/\/luchonoticias.com\/editor\/procuraduria-pidio-a-la-jep-poner-el-testimonio-de-mario-montoya-a-disposicion-de-las-victimas\/"]}]},{"@type":"BreadcrumbList","@id":"https:\/\/luchonoticias.com\/editor\/procuraduria-pidio-a-la-jep-poner-el-testimonio-de-mario-montoya-a-disposicion-de-las-victimas\/#breadcrumb","itemListElement":[{"@type":"ListItem","position":1,"name":"Portada","item":"https:\/\/luchonoticias.com\/editor\/"},{"@type":"ListItem","position":2,"name":"Procuradur\u00eda pidi\u00f3 a la JEP poner el testimonio de Mario Montoya a disposici\u00f3n de las v\u00edctimas"}]},{"@type":"WebSite","@id":"https:\/\/luchonoticias.com\/editor\/#website","url":"https:\/\/luchonoticias.com\/editor\/","name":"","description":"","publisher":{"@id":"https:\/\/luchonoticias.com\/editor\/#\/schema\/person\/7a7fd911f58561fd056dbac7b55af9cd"},"potentialAction":[{"@type":"SearchAction","target":{"@type":"EntryPoint","urlTemplate":"https:\/\/luchonoticias.com\/editor\/?s={search_term_string}"},"query-input":{"@type":"PropertyValueSpecification","valueRequired":true,"valueName":"search_term_string"}}],"inLanguage":"es"},{"@type":["Person","Organization"],"@id":"https:\/\/luchonoticias.com\/editor\/#\/schema\/person\/7a7fd911f58561fd056dbac7b55af9cd","name":"admin","image":{"@type":"ImageObject","inLanguage":"es","@id":"https:\/\/luchonoticias.com\/editor\/#\/schema\/person\/image\/","url":"https:\/\/luchonoticias.com\/editor\/wp-content\/uploads\/2024\/02\/cropped-cropped-logolu.webp","contentUrl":"https:\/\/luchonoticias.com\/editor\/wp-content\/uploads\/2024\/02\/cropped-cropped-logolu.webp","width":382,"height":170,"caption":"admin"},"logo":{"@id":"https:\/\/luchonoticias.com\/editor\/#\/schema\/person\/image\/"},"sameAs":["https:\/\/www.facebook.com\/luchonoticiasneiva"]},{"@type":"Person","@id":"https:\/\/luchonoticias.com\/editor\/#\/schema\/person\/29217990ddf6f14e35912b2866d591fb","name":"Editor General","image":{"@type":"ImageObject","inLanguage":"es","@id":"https:\/\/luchonoticias.com\/editor\/#\/schema\/person\/image\/","url":"https:\/\/luchonoticias.com\/editor\/wp-content\/uploads\/2024\/02\/cropped-cropped-logolu-150x150.webp","contentUrl":"https:\/\/luchonoticias.com\/editor\/wp-content\/uploads\/2024\/02\/cropped-cropped-logolu-150x150.webp","caption":"Editor General"},"sameAs":["https:\/\/luchonoticias.com\/"],"url":"https:\/\/luchonoticias.com\/editor\/author\/editor-general\/"}]}},"_links":{"self":[{"href":"https:\/\/luchonoticias.com\/editor\/wp-json\/wp\/v2\/posts\/55810","targetHints":{"allow":["GET"]}}],"collection":[{"href":"https:\/\/luchonoticias.com\/editor\/wp-json\/wp\/v2\/posts"}],"about":[{"href":"https:\/\/luchonoticias.com\/editor\/wp-json\/wp\/v2\/types\/post"}],"author":[{"embeddable":true,"href":"https:\/\/luchonoticias.com\/editor\/wp-json\/wp\/v2\/users\/2"}],"replies":[{"embeddable":true,"href":"https:\/\/luchonoticias.com\/editor\/wp-json\/wp\/v2\/comments?post=55810"}],"version-history":[{"count":0,"href":"https:\/\/luchonoticias.com\/editor\/wp-json\/wp\/v2\/posts\/55810\/revisions"}],"wp:attachment":[{"href":"https:\/\/luchonoticias.com\/editor\/wp-json\/wp\/v2\/media?parent=55810"}],"wp:term":[{"taxonomy":"category","embeddable":true,"href":"https:\/\/luchonoticias.com\/editor\/wp-json\/wp\/v2\/categories?post=55810"},{"taxonomy":"post_tag","embeddable":true,"href":"https:\/\/luchonoticias.com\/editor\/wp-json\/wp\/v2\/tags?post=55810"}],"curies":[{"name":"wp","href":"https:\/\/api.w.org\/{rel}","templated":true}]}}