{"id":55871,"date":"2023-07-04T04:53:50","date_gmt":"2023-07-04T09:53:50","guid":{"rendered":"https:\/\/luchonoticias.com\/?p=55871"},"modified":"2023-07-04T04:53:51","modified_gmt":"2023-07-04T09:53:51","slug":"marchista-huilense-quedo-de-cuarto-en-los-juegos-centroamericanos","status":"publish","type":"post","link":"https:\/\/luchonoticias.com\/editor\/marchista-huilense-quedo-de-cuarto-en-los-juegos-centroamericanos\/","title":{"rendered":"Marchista huilense qued\u00f3 de cuarto en los Juegos Centroamericanos"},"content":{"rendered":"\n<p>Luego de lo que fue su\u00a0<strong>participaci\u00f3n en los Juegos Centroamericanos\u00a0<\/strong>en San Salvador, el marchista laboyano\u00a0<strong>Manuel Esteban Soto<\/strong>\u00a0se expres\u00f3 sobre lo que fue su cuarto lugar en la prueba de los 20 kil\u00f3metros marcha.<\/p>\n\n\n\n<p>Al respecto el nativo de Pitalito se manifest\u00f3 que \u00abhoy fue un cuarto lugar,\u00a0<strong>quer\u00eda un poco m\u00e1s pero a veces el cuerpo no responde\u00a0<\/strong>como queremos. Seguiremos trabajando. Gracias a todos por el apoyo!\u00bb.<\/p>\n\n\n\n<p>Soto hab\u00eda llegado a territorio salvadore\u00f1o como la carta fuerte de Colombia por su experiencia, no obstante\u00a0<strong>concluy\u00f3 de cuarto a casi tres minutos<\/strong>\u00a0del mexicano\u00a0<strong>Jos\u00e9 Doctor<\/strong>\u00a0quien fue medalla de oro, el colombiano C\u00e9sar Herrera qued\u00f3 de segundo.<\/p>\n","protected":false},"excerpt":{"rendered":"<p>Luego de lo que fue su\u00a0participaci\u00f3n en los Juegos Centroamericanos\u00a0en San Salvador, el marchista laboyano\u00a0Manuel Esteban Soto\u00a0se expres\u00f3 sobre lo que fue su cuarto lugar en la prueba de los 20 kil\u00f3metros marcha. Al respecto el nativo de Pitalito se manifest\u00f3 que \u00abhoy fue un cuarto lugar,\u00a0quer\u00eda un poco m\u00e1s pero a veces el cuerpo [&hellip;]<\/p>\n","protected":false},"author":2,"featured_media":0,"comment_status":"open","ping_status":"open","sticky":false,"template":"","format":"standard","meta":{"footnotes":""},"categories":[34],"tags":[],"class_list":["post-55871","post","type-post","status-publish","format-standard","hentry","category-deportes"],"yoast_head":"<!-- This site is optimized with the Yoast SEO plugin v26.6 - https:\/\/yoast.com\/wordpress\/plugins\/seo\/ -->\n<title>Marchista huilense qued\u00f3 de cuarto en los Juegos Centroamericanos -<\/title>\n<meta name=\"robots\" content=\"index, follow, max-snippet:-1, max-image-preview:large, max-video-preview:-1\" \/>\n<link rel=\"canonical\" href=\"https:\/\/luchonoticias.com\/editor\/marchista-huilense-quedo-de-cuarto-en-los-juegos-centroamericanos\/\" \/>\n<meta property=\"og:locale\" content=\"es_ES\" \/>\n<meta property=\"og:type\" content=\"article\" \/>\n<meta property=\"og:title\" content=\"Marchista huilense qued\u00f3 de cuarto en los Juegos Centroamericanos -\" \/>\n<meta property=\"og:url\" content=\"https:\/\/luchonoticias.com\/editor\/marchista-huilense-quedo-de-cuarto-en-los-juegos-centroamericanos\/\" \/>\n<meta property=\"article:publisher\" content=\"https:\/\/www.facebook.com\/luchonoticiasneiva\" \/>\n<meta property=\"article:published_time\" content=\"2023-07-04T09:53:50+00:00\" \/>\n<meta property=\"article:modified_time\" content=\"2023-07-04T09:53:51+00:00\" \/>\n<meta name=\"author\" content=\"Editor General\" \/>\n<meta name=\"twitter:card\" content=\"summary_large_image\" \/>\n<meta name=\"twitter:label1\" content=\"Escrito por\" \/>\n\t<meta name=\"twitter:data1\" content=\"Editor General\" \/>\n\t<meta name=\"twitter:label2\" content=\"Tiempo de lectura\" \/>\n\t<meta name=\"twitter:data2\" content=\"1 minuto\" \/>\n<script type=\"application\/ld+json\" class=\"yoast-schema-graph\">{\"@context\":\"https:\/\/schema.org\",\"@graph\":[{\"@type\":\"Article\",\"@id\":\"https:\/\/luchonoticias.com\/editor\/marchista-huilense-quedo-de-cuarto-en-los-juegos-centroamericanos\/#article\",\"isPartOf\":{\"@id\":\"https:\/\/luchonoticias.com\/editor\/marchista-huilense-quedo-de-cuarto-en-los-juegos-centroamericanos\/\"},\"author\":{\"name\":\"Editor General\",\"@id\":\"https:\/\/luchonoticias.com\/editor\/#\/schema\/person\/29217990ddf6f14e35912b2866d591fb\"},\"headline\":\"Marchista huilense qued\u00f3 de cuarto en los Juegos Centroamericanos\",\"datePublished\":\"2023-07-04T09:53:50+00:00\",\"dateModified\":\"2023-07-04T09:53:51+00:00\",\"mainEntityOfPage\":{\"@id\":\"https:\/\/luchonoticias.com\/editor\/marchista-huilense-quedo-de-cuarto-en-los-juegos-centroamericanos\/\"},\"wordCount\":127,\"commentCount\":0,\"publisher\":{\"@id\":\"https:\/\/luchonoticias.com\/editor\/#\/schema\/person\/7a7fd911f58561fd056dbac7b55af9cd\"},\"articleSection\":[\"Deportes\"],\"inLanguage\":\"es\",\"potentialAction\":[{\"@type\":\"CommentAction\",\"name\":\"Comment\",\"target\":[\"https:\/\/luchonoticias.com\/editor\/marchista-huilense-quedo-de-cuarto-en-los-juegos-centroamericanos\/#respond\"]}]},{\"@type\":\"WebPage\",\"@id\":\"https:\/\/luchonoticias.com\/editor\/marchista-huilense-quedo-de-cuarto-en-los-juegos-centroamericanos\/\",\"url\":\"https:\/\/luchonoticias.com\/editor\/marchista-huilense-quedo-de-cuarto-en-los-juegos-centroamericanos\/\",\"name\":\"Marchista huilense qued\u00f3 de cuarto en los Juegos Centroamericanos -\",\"isPartOf\":{\"@id\":\"https:\/\/luchonoticias.com\/editor\/#website\"},\"datePublished\":\"2023-07-04T09:53:50+00:00\",\"dateModified\":\"2023-07-04T09:53:51+00:00\",\"breadcrumb\":{\"@id\":\"https:\/\/luchonoticias.com\/editor\/marchista-huilense-quedo-de-cuarto-en-los-juegos-centroamericanos\/#breadcrumb\"},\"inLanguage\":\"es\",\"potentialAction\":[{\"@type\":\"ReadAction\",\"target\":[\"https:\/\/luchonoticias.com\/editor\/marchista-huilense-quedo-de-cuarto-en-los-juegos-centroamericanos\/\"]}]},{\"@type\":\"BreadcrumbList\",\"@id\":\"https:\/\/luchonoticias.com\/editor\/marchista-huilense-quedo-de-cuarto-en-los-juegos-centroamericanos\/#breadcrumb\",\"itemListElement\":[{\"@type\":\"ListItem\",\"position\":1,\"name\":\"Portada\",\"item\":\"https:\/\/luchonoticias.com\/editor\/\"},{\"@type\":\"ListItem\",\"position\":2,\"name\":\"Marchista huilense qued\u00f3 de cuarto en los Juegos Centroamericanos\"}]},{\"@type\":\"WebSite\",\"@id\":\"https:\/\/luchonoticias.com\/editor\/#website\",\"url\":\"https:\/\/luchonoticias.com\/editor\/\",\"name\":\"\",\"description\":\"\",\"publisher\":{\"@id\":\"https:\/\/luchonoticias.com\/editor\/#\/schema\/person\/7a7fd911f58561fd056dbac7b55af9cd\"},\"potentialAction\":[{\"@type\":\"SearchAction\",\"target\":{\"@type\":\"EntryPoint\",\"urlTemplate\":\"https:\/\/luchonoticias.com\/editor\/?s={search_term_string}\"},\"query-input\":{\"@type\":\"PropertyValueSpecification\",\"valueRequired\":true,\"valueName\":\"search_term_string\"}}],\"inLanguage\":\"es\"},{\"@type\":[\"Person\",\"Organization\"],\"@id\":\"https:\/\/luchonoticias.com\/editor\/#\/schema\/person\/7a7fd911f58561fd056dbac7b55af9cd\",\"name\":\"admin\",\"image\":{\"@type\":\"ImageObject\",\"inLanguage\":\"es\",\"@id\":\"https:\/\/luchonoticias.com\/editor\/#\/schema\/person\/image\/\",\"url\":\"https:\/\/luchonoticias.com\/editor\/wp-content\/uploads\/2024\/02\/cropped-cropped-logolu.webp\",\"contentUrl\":\"https:\/\/luchonoticias.com\/editor\/wp-content\/uploads\/2024\/02\/cropped-cropped-logolu.webp\",\"width\":382,\"height\":170,\"caption\":\"admin\"},\"logo\":{\"@id\":\"https:\/\/luchonoticias.com\/editor\/#\/schema\/person\/image\/\"},\"sameAs\":[\"https:\/\/www.facebook.com\/luchonoticiasneiva\"]},{\"@type\":\"Person\",\"@id\":\"https:\/\/luchonoticias.com\/editor\/#\/schema\/person\/29217990ddf6f14e35912b2866d591fb\",\"name\":\"Editor General\",\"image\":{\"@type\":\"ImageObject\",\"inLanguage\":\"es\",\"@id\":\"https:\/\/luchonoticias.com\/editor\/#\/schema\/person\/image\/\",\"url\":\"https:\/\/luchonoticias.com\/editor\/wp-content\/uploads\/2024\/02\/cropped-cropped-logolu-150x150.webp\",\"contentUrl\":\"https:\/\/luchonoticias.com\/editor\/wp-content\/uploads\/2024\/02\/cropped-cropped-logolu-150x150.webp\",\"caption\":\"Editor General\"},\"sameAs\":[\"https:\/\/luchonoticias.com\/\"],\"url\":\"https:\/\/luchonoticias.com\/editor\/author\/editor-general\/\"}]}<\/script>\n<!-- \/ Yoast SEO plugin. -->","yoast_head_json":{"title":"Marchista huilense qued\u00f3 de cuarto en los Juegos Centroamericanos -","robots":{"index":"index","follow":"follow","max-snippet":"max-snippet:-1","max-image-preview":"max-image-preview:large","max-video-preview":"max-video-preview:-1"},"canonical":"https:\/\/luchonoticias.com\/editor\/marchista-huilense-quedo-de-cuarto-en-los-juegos-centroamericanos\/","og_locale":"es_ES","og_type":"article","og_title":"Marchista huilense qued\u00f3 de cuarto en los Juegos Centroamericanos -","og_url":"https:\/\/luchonoticias.com\/editor\/marchista-huilense-quedo-de-cuarto-en-los-juegos-centroamericanos\/","article_publisher":"https:\/\/www.facebook.com\/luchonoticiasneiva","article_published_time":"2023-07-04T09:53:50+00:00","article_modified_time":"2023-07-04T09:53:51+00:00","author":"Editor General","twitter_card":"summary_large_image","twitter_misc":{"Escrito por":"Editor General","Tiempo de lectura":"1 minuto"},"schema":{"@context":"https:\/\/schema.org","@graph":[{"@type":"Article","@id":"https:\/\/luchonoticias.com\/editor\/marchista-huilense-quedo-de-cuarto-en-los-juegos-centroamericanos\/#article","isPartOf":{"@id":"https:\/\/luchonoticias.com\/editor\/marchista-huilense-quedo-de-cuarto-en-los-juegos-centroamericanos\/"},"author":{"name":"Editor General","@id":"https:\/\/luchonoticias.com\/editor\/#\/schema\/person\/29217990ddf6f14e35912b2866d591fb"},"headline":"Marchista huilense qued\u00f3 de cuarto en los Juegos Centroamericanos","datePublished":"2023-07-04T09:53:50+00:00","dateModified":"2023-07-04T09:53:51+00:00","mainEntityOfPage":{"@id":"https:\/\/luchonoticias.com\/editor\/marchista-huilense-quedo-de-cuarto-en-los-juegos-centroamericanos\/"},"wordCount":127,"commentCount":0,"publisher":{"@id":"https:\/\/luchonoticias.com\/editor\/#\/schema\/person\/7a7fd911f58561fd056dbac7b55af9cd"},"articleSection":["Deportes"],"inLanguage":"es","potentialAction":[{"@type":"CommentAction","name":"Comment","target":["https:\/\/luchonoticias.com\/editor\/marchista-huilense-quedo-de-cuarto-en-los-juegos-centroamericanos\/#respond"]}]},{"@type":"WebPage","@id":"https:\/\/luchonoticias.com\/editor\/marchista-huilense-quedo-de-cuarto-en-los-juegos-centroamericanos\/","url":"https:\/\/luchonoticias.com\/editor\/marchista-huilense-quedo-de-cuarto-en-los-juegos-centroamericanos\/","name":"Marchista huilense qued\u00f3 de cuarto en los Juegos Centroamericanos -","isPartOf":{"@id":"https:\/\/luchonoticias.com\/editor\/#website"},"datePublished":"2023-07-04T09:53:50+00:00","dateModified":"2023-07-04T09:53:51+00:00","breadcrumb":{"@id":"https:\/\/luchonoticias.com\/editor\/marchista-huilense-quedo-de-cuarto-en-los-juegos-centroamericanos\/#breadcrumb"},"inLanguage":"es","potentialAction":[{"@type":"ReadAction","target":["https:\/\/luchonoticias.com\/editor\/marchista-huilense-quedo-de-cuarto-en-los-juegos-centroamericanos\/"]}]},{"@type":"BreadcrumbList","@id":"https:\/\/luchonoticias.com\/editor\/marchista-huilense-quedo-de-cuarto-en-los-juegos-centroamericanos\/#breadcrumb","itemListElement":[{"@type":"ListItem","position":1,"name":"Portada","item":"https:\/\/luchonoticias.com\/editor\/"},{"@type":"ListItem","position":2,"name":"Marchista huilense qued\u00f3 de cuarto en los Juegos Centroamericanos"}]},{"@type":"WebSite","@id":"https:\/\/luchonoticias.com\/editor\/#website","url":"https:\/\/luchonoticias.com\/editor\/","name":"","description":"","publisher":{"@id":"https:\/\/luchonoticias.com\/editor\/#\/schema\/person\/7a7fd911f58561fd056dbac7b55af9cd"},"potentialAction":[{"@type":"SearchAction","target":{"@type":"EntryPoint","urlTemplate":"https:\/\/luchonoticias.com\/editor\/?s={search_term_string}"},"query-input":{"@type":"PropertyValueSpecification","valueRequired":true,"valueName":"search_term_string"}}],"inLanguage":"es"},{"@type":["Person","Organization"],"@id":"https:\/\/luchonoticias.com\/editor\/#\/schema\/person\/7a7fd911f58561fd056dbac7b55af9cd","name":"admin","image":{"@type":"ImageObject","inLanguage":"es","@id":"https:\/\/luchonoticias.com\/editor\/#\/schema\/person\/image\/","url":"https:\/\/luchonoticias.com\/editor\/wp-content\/uploads\/2024\/02\/cropped-cropped-logolu.webp","contentUrl":"https:\/\/luchonoticias.com\/editor\/wp-content\/uploads\/2024\/02\/cropped-cropped-logolu.webp","width":382,"height":170,"caption":"admin"},"logo":{"@id":"https:\/\/luchonoticias.com\/editor\/#\/schema\/person\/image\/"},"sameAs":["https:\/\/www.facebook.com\/luchonoticiasneiva"]},{"@type":"Person","@id":"https:\/\/luchonoticias.com\/editor\/#\/schema\/person\/29217990ddf6f14e35912b2866d591fb","name":"Editor General","image":{"@type":"ImageObject","inLanguage":"es","@id":"https:\/\/luchonoticias.com\/editor\/#\/schema\/person\/image\/","url":"https:\/\/luchonoticias.com\/editor\/wp-content\/uploads\/2024\/02\/cropped-cropped-logolu-150x150.webp","contentUrl":"https:\/\/luchonoticias.com\/editor\/wp-content\/uploads\/2024\/02\/cropped-cropped-logolu-150x150.webp","caption":"Editor General"},"sameAs":["https:\/\/luchonoticias.com\/"],"url":"https:\/\/luchonoticias.com\/editor\/author\/editor-general\/"}]}},"_links":{"self":[{"href":"https:\/\/luchonoticias.com\/editor\/wp-json\/wp\/v2\/posts\/55871","targetHints":{"allow":["GET"]}}],"collection":[{"href":"https:\/\/luchonoticias.com\/editor\/wp-json\/wp\/v2\/posts"}],"about":[{"href":"https:\/\/luchonoticias.com\/editor\/wp-json\/wp\/v2\/types\/post"}],"author":[{"embeddable":true,"href":"https:\/\/luchonoticias.com\/editor\/wp-json\/wp\/v2\/users\/2"}],"replies":[{"embeddable":true,"href":"https:\/\/luchonoticias.com\/editor\/wp-json\/wp\/v2\/comments?post=55871"}],"version-history":[{"count":0,"href":"https:\/\/luchonoticias.com\/editor\/wp-json\/wp\/v2\/posts\/55871\/revisions"}],"wp:attachment":[{"href":"https:\/\/luchonoticias.com\/editor\/wp-json\/wp\/v2\/media?parent=55871"}],"wp:term":[{"taxonomy":"category","embeddable":true,"href":"https:\/\/luchonoticias.com\/editor\/wp-json\/wp\/v2\/categories?post=55871"},{"taxonomy":"post_tag","embeddable":true,"href":"https:\/\/luchonoticias.com\/editor\/wp-json\/wp\/v2\/tags?post=55871"}],"curies":[{"name":"wp","href":"https:\/\/api.w.org\/{rel}","templated":true}]}}