{"id":55880,"date":"2023-07-04T06:20:11","date_gmt":"2023-07-04T11:20:11","guid":{"rendered":"https:\/\/luchonoticias.com\/?p=55880"},"modified":"2023-07-04T06:20:12","modified_gmt":"2023-07-04T11:20:12","slug":"conozca-los-principales-compromisos-del-gobierno-de-petro-para-la-guajira","status":"publish","type":"post","link":"https:\/\/luchonoticias.com\/editor\/conozca-los-principales-compromisos-del-gobierno-de-petro-para-la-guajira\/","title":{"rendered":"Conozca los principales compromisos del Gobierno de Petro para La Guajira"},"content":{"rendered":"\n<p>Como resultado de esta estrategia, se establecieron compromisos concretos y se hicieron anuncios importantes para enfrentar la crisis humanitaria que se registra en La Guajira desde hace varios a\u00f1os (Sentencia T-302), as\u00ed como para prevenir y mitigar los posibles efectos de la crisis clim\u00e1tica en este departamento.<\/p>\n\n\n\n<p><strong>Declaratoria de Emergencia<\/strong><\/p>\n\n\n\n<p>El Presidente Petro anunci\u00f3 la declaratoria de la Emergencia Econ\u00f3mica, Social y Ecol\u00f3gica para La Guajira, cuyo eje central ser\u00e1 el uso prioritario del agua para consumo humano.<\/p>\n\n\n\n<p>El decreto general de la Emergencia entra en vigencia en las pr\u00f3ximas horas y los restantes, que se expedir\u00e1n en los pr\u00f3ximos d\u00edas, contendr\u00e1n medidas en materia de agua potable, salud, nutrici\u00f3n, educaci\u00f3n, energ\u00eda, conectividad, transporte, turismo, comercio, agricultura y seguridad alimentaria, entre otros.<\/p>\n\n\n\n<p><strong>Ministerio de Igualdad<\/strong><\/p>\n\n\n\n<p>Se expidieron los decretos que estructuran y reglamentan el funcionamiento el nuevo Ministerio de Igualdad y Equidad, uno de cuyos territorios priorizados es La Guajira.<\/p>\n\n\n\n<p>El Presidente posesion\u00f3 a la Vicepresidenta Francia M\u00e1rquez como la primera titular de esta nueva cartera.<\/p>\n\n\n\n<p><strong>Agua potable<\/strong><\/p>\n\n\n\n<p>Mediante decreto de Emergencia, se crear\u00e1 el Instituto de Aguas de La Guajira, que tiene como misi\u00f3n garantizar el uso adecuado y en beneficio de la comunidad del recurso h\u00eddrico en este departamento.<\/p>\n\n\n\n<p>Adem\u00e1s, se recuperar\u00e1n cerca de mil pozos y se construir\u00e1 un tubo que conduzca el agua potable del embalse del R\u00edo Rancher\u00eda hasta el norte del departamento, el cual ser\u00e1 vigilado por el Ej\u00e9rcito.<\/p>\n\n\n\n<p>El consumo humano ser\u00e1 la prioridad del agua procedente del embalse del R\u00edo Rancher\u00eda, que pasar\u00e1 del Ministerio de Agricultura al Ministerio de Vivienda y Agua Potable.<\/p>\n\n\n\n<p>La Fuerza P\u00fablica dispondr\u00e1 de una flota de carro tanques para llevar agua potable hasta el \u00faltimo rinc\u00f3n de La Guajira.<\/p>\n\n\n\n<p>El nuevo Instituto de Aguas de La Guajira tendr\u00e1 el capital necesario para construir las dos plantas desalinizadoras m\u00e1s grandes de Colombia, y para las tareas de mantenimiento e infraestructura que coadyuven a que los pozos no se sequen e incluso beneficien la agricultura.<\/p>\n\n\n\n<p>La UNGRD debe coordinar el trabajo del Ej\u00e9rcito para construcci\u00f3n y acondicionamiento de jagueyes para el almacenamiento de agua.&nbsp;<\/p>\n\n\n\n<p><strong>Salud<\/strong><\/p>\n\n\n\n<p>Los lineamientos de prevenci\u00f3n y atenci\u00f3n temprana de la Reforma a la Salud se aplicar\u00e1n en La Guajira mediante la Emergencia Econ\u00f3mica, Social y Ecol\u00f3gica.<\/p>\n\n\n\n<p>A trav\u00e9s de unos de sus decretos, se constituir\u00e1n 300 equipos extramurales de salud, que se desplegar\u00e1n por el territorio para atender a las familias en sus hogares e impulsar la salud preventiva.<\/p>\n\n\n\n<p>Se convoc\u00f3 a las facultades de medicina de las universidades para que apoyen este programa con estudiantes de \u00faltimo grado.<\/p>\n\n\n\n<p>De otro lado, el Minsalud entreg\u00f3 recursos por cerca de 37 mil millones de pesos para la construcci\u00f3n del nuevo hospital del corregimiento de Nazareth, en el municipio de Uribia.<\/p>\n\n\n\n<p>En total esta cartera destin\u00f3 85 mil millones de pesos para construcci\u00f3n o acondicionamiento de hospitales en Nazareth ($37.000 millones), Manaure ($36.000 millones), El Molino ($7.200 millones) y Distracci\u00f3n ($5.300 millones).<\/p>\n\n\n\n<p>Tambi\u00e9n adelanta negociaciones con el Gobierno de Emiratos \u00c1rabes Unidos para que invierta 40 millones de d\u00f3lares (aproximadamente $160 mil millones) en la construcci\u00f3n de un nuevo hospital en el municipio de Riohacha y otras actividades relacionadas con pozos para potabilizar el agua en comunidades ind\u00edgenas y atenci\u00f3n a migrantes.<\/p>\n\n\n\n<p>Se har\u00e1n 16 construcciones m\u00e1s para conformar la infraestructura requerida para el programa de prevenci\u00f3n, promoci\u00f3n y atenci\u00f3n en salud.<\/p>\n\n\n\n<p>Se entreg\u00f3 la planta potabilizadora de agua al puesto de salud de Villa F\u00e1tima.<\/p>\n\n\n\n<p><strong>Educaci\u00f3n<\/strong><\/p>\n\n\n\n<p>El Presidente anunci\u00f3 la puesta en marcha del proceso de apertura de la Universidad Ind\u00edgena Wayuu, que brindar\u00e1 la posibilidad de abrir facultades de energ\u00edas limpias, salud y turismo.<\/p>\n\n\n\n<p>El Ministerio de Educaci\u00f3n destin\u00f3 19.348 millones de pesos para infraestructura educativa de la Universidad de La Guajira.<\/p>\n\n\n\n<p>Tambi\u00e9n entreg\u00f3 a esta instituci\u00f3n los registros calificados de los programas de nutrici\u00f3n, diet\u00e9tica y enfermer\u00eda.<\/p>\n\n\n\n<p>De la adici\u00f3n presupuestal se destinaron 27 mil millones de pesos para garantizar la operaci\u00f3n del Programa de Alimentaci\u00f3n Escolar (PAE) en La Guajira durante todo el calendario acad\u00e9mico.<\/p>\n\n\n\n<p>Con el PAE se beneficiar\u00e1n 600 mil estudiantes en el pa\u00eds, de los cuales 260 mil son de La Guajira.<\/p>\n\n\n\n<p>Se entregaron 160 mil canastas alimentarias adicionales en Maicao, Riohacha y Uribia.<\/p>\n\n\n\n<p>En Nazareth, se anunci\u00f3 la construcci\u00f3n de 12 salones para formaci\u00f3n preescolar, b\u00e1sica y media, entre otras acciones.<\/p>\n\n\n\n<p><strong>Energ\u00eda<\/strong><\/p>\n\n\n\n<p>Las comunidades wayuu, las empresas del sector energ\u00e9tico y el Gobierno del Cambio firmaron pacto por la Transici\u00f3n Energ\u00e9tica Justa en La Guajira, para impulsar proyectos de energ\u00edas limpias, buscando que mediante la asociatividad una parte de las utilidades beneficien a las comunidades.<\/p>\n\n\n\n<p>Mientras avanza la transici\u00f3n energ\u00e9tica, se buscar\u00e1 que las regal\u00edas de la producci\u00f3n del carb\u00f3n financien proyectos de infraestructura de la nueva econom\u00eda en La Guajira, basada en energ\u00edas limpias.<\/p>\n\n\n\n<p>Se logr\u00f3 el 100% de consultas previas del proyecto Colectora, que permitir\u00e1 llevar energ\u00eda limpia, confiable y renovable desde La Guajira a toda Colombia. Ahora este proyecto podr\u00e1 seguir el proceso de licencias ambientales.<\/p>\n\n\n\n<p>Esto fue posible trabajando de la mano entre el pueblo wayuu, el Grupo de Energ\u00eda de Bogot\u00e1 y los Ministerios de Minas y Energ\u00eda y del Interior.<\/p>\n\n\n\n<p>Termoguajira ser\u00e1 capitalizada para que deje de consumir carb\u00f3n y fomente el uso de energ\u00edas limpias, con miras a convertir La Guajira en territorio descarbonizado.<\/p>\n\n\n\n<p><strong>Ambiente<\/strong><\/p>\n\n\n\n<p>Se instal\u00f3 la mesa de trabajo para adelantar las acciones necesarias que lleven a la conclusi\u00f3n del proyecto de la represa del r\u00edo Rancher\u00eda.<\/p>\n\n\n\n<p>Minambiente destin\u00f3 15 mil millones de pesos para proteger los pastos marinos en La Guajira, que son grandes productores de ox\u00edgeno.<\/p>\n\n\n\n<p>Se anunci\u00f3 el plan de restauraci\u00f3n, uso sostenible y protecci\u00f3n de 24 mil hect\u00e1reas en los parques nacionales Macuira y Bah\u00eda Portete Kaurrele, proceso que demandar\u00e1 una inversi\u00f3n de 40 mil millones de pesos y se ejecutar\u00e1 con el apoyo de las autoridades \u00e9tnicas de la regi\u00f3n.<\/p>\n\n\n\n<p>Se decidi\u00f3 que el Arroyo Bruno, desviado por El Cerrej\u00f3n, no debe ser desplazado m\u00e1s all\u00e1 de su tajo, en desarrollo de la pol\u00edtica de transici\u00f3n energ\u00e9tica justa.<\/p>\n\n\n\n<p><strong>Agricultura y seguridad alimentaria<\/strong><\/p>\n\n\n\n<p>En el marco de la estrategia Hambre Cero, el Ministerio de Agricultura est\u00e1 invirtiendo 20 mil millones de pesos para acelerar los procesos de desarrollo agropecuario y pesca.<\/p>\n\n\n\n<p>Esta cartera y cinco entidades del sector firmaron un memorando de entendimiento para coordinar y concretar acciones en favor del derecho a la alimentaci\u00f3n de 150 comunidades de La Guajira.<\/p>\n\n\n\n<p>La Agencia Nacional de Tierras ampli\u00f3 el resguardo Kogui Malayo Arhuaco, el cual recibi\u00f3 tres predios que suman m\u00e1s de 490 hect\u00e1reas en el municipio de Dibulla, y adjudic\u00f3 188 hect\u00e1reas de tierra a un grupo de firmantes de paz en el municipio de Fonseca.<\/p>\n\n\n\n<p>330 mil hect\u00e1reas de 9 municipios del sur de La Guajira ser\u00e1n priorizados para la estrategia de tierras y agroindustrializaci\u00f3n.<\/p>\n\n\n\n<p>Durante la jornada, entidades del agro adelantaron acciones en materia de proyectos integrales de desarrollo rural, extensi\u00f3n agropecuaria, entrega de cr\u00e9ditos e ICR, apoyo contra enfermedades en ovinos, caprinos y bovinos y entrega de semillas, entre otras.<\/p>\n\n\n\n<p>Se invertir\u00e1n 700 millones de pesos para la rehabilitaci\u00f3n del distrito de riego de peque\u00f1a escala de El Molino.<\/p>\n\n\n\n<p>Se entregaron equipos, elementos e insumos a 14 asociaciones de pescadores artesanales.<\/p>\n\n\n\n<p><strong>Conectividad<\/strong><\/p>\n\n\n\n<p>Un total de 47 mil estudiantes de 117 colegios de La Guajira se beneficiar\u00e1n con los 3.300 computadores y 51 laboratorios de innovaci\u00f3n entregados, durante la jornada, por el MinTIC.<\/p>\n\n\n\n<p>Esta cartera present\u00f3 los avances del proyecto que busca brindar una soluci\u00f3n estructural en conectividad, que contar\u00eda con la participaci\u00f3n de la empresa Internexa, de Ecopetrol, y la creaci\u00f3n de comunidades de conectividad que lleven internet a las zonas m\u00e1s pobres, para lo cual se firm\u00f3 el decreto respectivo.<\/p>\n\n\n\n<p><strong>Transporte<\/strong><\/p>\n\n\n\n<p>El Presidente encarg\u00f3 al Ministerio de Transporte de construir una pista a\u00e9rea internacional en El Para\u00edso, al norte de La Guajira, para incentivar el turismo sostenible.<\/p>\n\n\n\n<p>Se firmaron los convenios solidarios con Juntas de Acci\u00f3n Comunal de La Guajira, para intervenir los corredores rurales priorizados en el marco del programa Caminos Comunitarios para La Paz.<\/p>\n\n\n\n<p><strong>Turismo<\/strong><\/p>\n\n\n\n<p>Fontur liderar\u00e1 la construcci\u00f3n del faro y del mausoleo \u2018Almirante Padilla\u2019. Se remodelar\u00e1 el Malec\u00f3n de Riohacha, que contar\u00e1 con ciclo rutas, canchas deportivas, parque infantil, gimnasio, restaurantes y puente peatonal sobre el r\u00edo Rancher\u00edas.<\/p>\n\n\n\n<p>Se viabilizar\u00e1 el proyecto de marina multiprop\u00f3sito, el cual contar\u00e1 con espolones para facilitar el acceso de embarcaciones, zonas administrativas, enfermer\u00eda, cafeter\u00eda, sal\u00f3n de reuniones y bater\u00edas de ba\u00f1os.<\/p>\n\n\n\n<p>Se construir\u00e1n 10 paradores tur\u00edsticos para mejorar la calidad de vida de las comunidades en el marco de la econom\u00eda popular.<\/p>\n\n\n\n<p><strong>Industria y comercio<\/strong><\/p>\n\n\n\n<p>En un periodo no mayor a 12 meses, se erigir\u00e1n dos Centros de Reindustrializaci\u00f3n Zasca en La Guajira.<\/p>\n\n\n\n<p>En Maicao se fomentar\u00e1 la fabricaci\u00f3n y comercializaci\u00f3n de productos como confecciones con huella de carbono cero.<\/p>\n\n\n\n<p><strong>Ciencias<\/strong><\/p>\n\n\n\n<p>Minciencias destinar\u00e1 $2.000 millones para para potenciar la gobernanza del agua en La Guajira. Tambi\u00e9n anunci\u00f3 inversiones para prevenci\u00f3n de la desnutrici\u00f3n y las enfermedades transmisibles, implementaci\u00f3n de soluciones en materia de seguridad alimentaria, promoci\u00f3n de vocaciones cient\u00edficas en ni\u00f1os, ni\u00f1as y adolescentes, y el programa \u2018J\u00f3venes en Ciencia para la Paz\u2019, para el desarrollo de emprendimientos productivos que involucren componentes cient\u00edfico \u2013 tecnol\u00f3gicos con j\u00f3venes que no cuenten con vinculaci\u00f3n laboral del departamento.<\/p>\n\n\n\n<p><strong>Prosperidad Social<\/strong><\/p>\n\n\n\n<p>Con una amplia participaci\u00f3n de la comunidad, Prosperidad Social lider\u00f3 dos ferias de servicios sociales en La Guajira, durante la cual m\u00e1s de 1.300 ind\u00edgenas wayuu, entre ni\u00f1as, ni\u00f1os, adultos y adultos mayores, fueron atendidos por parte de 25 aliados p\u00fablicos, privados y cooperantes internacionales en Riohacha y Uribia.<\/p>\n\n\n\n<p><strong>ICBF<\/strong><\/p>\n\n\n\n<p>El ICBF adelantar\u00e1 durante los pr\u00f3ximos dos meses 34 di\u00e1logos genuinos con las comunidades de los principales corregimientos de La Guajira, para escuchar sus propuestas con miras a la construcci\u00f3n de los modelos de atenci\u00f3n integral.<\/p>\n\n\n\n<p>Antes de finalizar 2023, se implementar\u00e1n estas iniciativas de la mano con las comunidades.<\/p>\n\n\n\n<p><strong>Cultura<\/strong><\/p>\n\n\n\n<p>Se lanz\u00f3 la iniciativa \u2018Sonidos para la Construcci\u00f3n de Paz\u2019, mediante el cual la Asociaci\u00f3n Nacional de M\u00fasica Sinf\u00f3nica abre la convocatoria para conformar el Coro Nacional de Colombia.<\/p>\n\n\n\n<p><strong>Equidad para la Mujer<\/strong><\/p>\n\n\n\n<p>Por primera vez lideresas y defensoras de Derechos Humanos de La Guajira, en reuni\u00f3n con la Consejer\u00eda Presidencial para la Equidad de la Mujer y la Oficina de Derechos Humanos, aportaron a la construcci\u00f3n del Plan de Acci\u00f3n Nacional 2023 \u2013 2026 del Programa Integral de Garant\u00edas. Adem\u00e1s, en el \u00ab\ud835\udc08\ud835\udc15 \ud835\udc04\ud835\udc27\ud835\udc1c\ud835\udc2e\ud835\udc1e\ud835\udc27\ud835\udc2d\ud835\udc2b\ud835\udc28 \ud835\udc13\ud835\udc1e\ud835\udc2b\ud835\udc2b\ud835\udc22\ud835\udc2d\ud835\udc28\ud835\udc2b\ud835\udc22\ud835\udc1a\ud835\udc25 \ud835\udc74\ud835\udc96\ud835\udc8b\ud835\udc86\ud835\udc93\ud835\udc86\ud835\udc94, \ud835\udc77\ud835\udc82\ud835\udc9b \ud835\udc9a \ud835\udc7a\ud835\udc86\ud835\udc88\ud835\udc96\ud835\udc93\ud835\udc8a\ud835\udc85\ud835\udc82\ud835\udc85\u00bb, \ud835\udfcf\ud835\udfcf\ud835\udfce \ud835\udc26\ud835\udc2e\ud835\udc23\ud835\udc1e\ud835\udc2b\ud835\udc1e\ud835\udc2c dialogaron alrededor de la seguridad, la protecci\u00f3n y la construcci\u00f3n de la paz territorial.<\/p>\n\n\n\n<p><strong>Salinas de Manaure<\/strong><\/p>\n\n\n\n<p>La Unidad Solidaria invertir\u00e1 1.800 millones de pesos para la reactivaci\u00f3n de las Salinas de Manaure. Esta inversi\u00f3n incluye reactivar la producci\u00f3n industrial, la planta de lavado, activar el molino salinero, fortalecer el transporte y la comercializaci\u00f3n de la sal.<\/p>\n\n\n\n<p>Mediante decreto, se capitalizar\u00e1 la empresa Salinas Mar\u00edtimas de Manaure (Sama), para que sea mayoritariamente p\u00fablica y se avance en la expansi\u00f3n de la industria qu\u00edmica de productos de la sal, con energ\u00edas limpias y huella de cero carbono.<\/p>\n","protected":false},"excerpt":{"rendered":"<p>Como resultado de esta estrategia, se establecieron compromisos concretos y se hicieron anuncios importantes para enfrentar la crisis humanitaria que se registra en La Guajira desde hace varios a\u00f1os (Sentencia T-302), as\u00ed como para prevenir y mitigar los posibles efectos de la crisis clim\u00e1tica en este departamento. Declaratoria de Emergencia El Presidente Petro anunci\u00f3 la [&hellip;]<\/p>\n","protected":false},"author":2,"featured_media":0,"comment_status":"open","ping_status":"open","sticky":false,"template":"","format":"standard","meta":{"footnotes":""},"categories":[36,32],"tags":[],"class_list":["post-55880","post","type-post","status-publish","format-standard","hentry","category-destacado","category-nacional"],"yoast_head":"<!-- This site is optimized with the Yoast SEO plugin v26.6 - https:\/\/yoast.com\/wordpress\/plugins\/seo\/ -->\n<title>Conozca los principales compromisos del Gobierno de Petro para La Guajira -<\/title>\n<meta name=\"robots\" content=\"index, follow, max-snippet:-1, max-image-preview:large, max-video-preview:-1\" \/>\n<link rel=\"canonical\" href=\"https:\/\/luchonoticias.com\/editor\/conozca-los-principales-compromisos-del-gobierno-de-petro-para-la-guajira\/\" \/>\n<meta property=\"og:locale\" content=\"es_ES\" \/>\n<meta property=\"og:type\" content=\"article\" \/>\n<meta property=\"og:title\" content=\"Conozca los principales compromisos del Gobierno de Petro para La Guajira -\" \/>\n<meta property=\"og:url\" content=\"https:\/\/luchonoticias.com\/editor\/conozca-los-principales-compromisos-del-gobierno-de-petro-para-la-guajira\/\" \/>\n<meta property=\"article:publisher\" content=\"https:\/\/www.facebook.com\/luchonoticiasneiva\" \/>\n<meta property=\"article:published_time\" content=\"2023-07-04T11:20:11+00:00\" \/>\n<meta property=\"article:modified_time\" content=\"2023-07-04T11:20:12+00:00\" \/>\n<meta name=\"author\" content=\"Editor General\" \/>\n<meta name=\"twitter:card\" content=\"summary_large_image\" \/>\n<meta name=\"twitter:label1\" content=\"Escrito por\" \/>\n\t<meta name=\"twitter:data1\" content=\"Editor General\" \/>\n\t<meta name=\"twitter:label2\" content=\"Tiempo de lectura\" \/>\n\t<meta name=\"twitter:data2\" content=\"10 minutos\" \/>\n<script type=\"application\/ld+json\" class=\"yoast-schema-graph\">{\"@context\":\"https:\/\/schema.org\",\"@graph\":[{\"@type\":\"Article\",\"@id\":\"https:\/\/luchonoticias.com\/editor\/conozca-los-principales-compromisos-del-gobierno-de-petro-para-la-guajira\/#article\",\"isPartOf\":{\"@id\":\"https:\/\/luchonoticias.com\/editor\/conozca-los-principales-compromisos-del-gobierno-de-petro-para-la-guajira\/\"},\"author\":{\"name\":\"Editor General\",\"@id\":\"https:\/\/luchonoticias.com\/editor\/#\/schema\/person\/29217990ddf6f14e35912b2866d591fb\"},\"headline\":\"Conozca los principales compromisos del Gobierno de Petro para La Guajira\",\"datePublished\":\"2023-07-04T11:20:11+00:00\",\"dateModified\":\"2023-07-04T11:20:12+00:00\",\"mainEntityOfPage\":{\"@id\":\"https:\/\/luchonoticias.com\/editor\/conozca-los-principales-compromisos-del-gobierno-de-petro-para-la-guajira\/\"},\"wordCount\":1957,\"commentCount\":0,\"publisher\":{\"@id\":\"https:\/\/luchonoticias.com\/editor\/#\/schema\/person\/7a7fd911f58561fd056dbac7b55af9cd\"},\"articleSection\":[\"Destacado\",\"Nacional\"],\"inLanguage\":\"es\",\"potentialAction\":[{\"@type\":\"CommentAction\",\"name\":\"Comment\",\"target\":[\"https:\/\/luchonoticias.com\/editor\/conozca-los-principales-compromisos-del-gobierno-de-petro-para-la-guajira\/#respond\"]}]},{\"@type\":\"WebPage\",\"@id\":\"https:\/\/luchonoticias.com\/editor\/conozca-los-principales-compromisos-del-gobierno-de-petro-para-la-guajira\/\",\"url\":\"https:\/\/luchonoticias.com\/editor\/conozca-los-principales-compromisos-del-gobierno-de-petro-para-la-guajira\/\",\"name\":\"Conozca los principales compromisos del Gobierno de Petro para La Guajira -\",\"isPartOf\":{\"@id\":\"https:\/\/luchonoticias.com\/editor\/#website\"},\"datePublished\":\"2023-07-04T11:20:11+00:00\",\"dateModified\":\"2023-07-04T11:20:12+00:00\",\"breadcrumb\":{\"@id\":\"https:\/\/luchonoticias.com\/editor\/conozca-los-principales-compromisos-del-gobierno-de-petro-para-la-guajira\/#breadcrumb\"},\"inLanguage\":\"es\",\"potentialAction\":[{\"@type\":\"ReadAction\",\"target\":[\"https:\/\/luchonoticias.com\/editor\/conozca-los-principales-compromisos-del-gobierno-de-petro-para-la-guajira\/\"]}]},{\"@type\":\"BreadcrumbList\",\"@id\":\"https:\/\/luchonoticias.com\/editor\/conozca-los-principales-compromisos-del-gobierno-de-petro-para-la-guajira\/#breadcrumb\",\"itemListElement\":[{\"@type\":\"ListItem\",\"position\":1,\"name\":\"Portada\",\"item\":\"https:\/\/luchonoticias.com\/editor\/\"},{\"@type\":\"ListItem\",\"position\":2,\"name\":\"Conozca los principales compromisos del Gobierno de Petro para La Guajira\"}]},{\"@type\":\"WebSite\",\"@id\":\"https:\/\/luchonoticias.com\/editor\/#website\",\"url\":\"https:\/\/luchonoticias.com\/editor\/\",\"name\":\"\",\"description\":\"\",\"publisher\":{\"@id\":\"https:\/\/luchonoticias.com\/editor\/#\/schema\/person\/7a7fd911f58561fd056dbac7b55af9cd\"},\"potentialAction\":[{\"@type\":\"SearchAction\",\"target\":{\"@type\":\"EntryPoint\",\"urlTemplate\":\"https:\/\/luchonoticias.com\/editor\/?s={search_term_string}\"},\"query-input\":{\"@type\":\"PropertyValueSpecification\",\"valueRequired\":true,\"valueName\":\"search_term_string\"}}],\"inLanguage\":\"es\"},{\"@type\":[\"Person\",\"Organization\"],\"@id\":\"https:\/\/luchonoticias.com\/editor\/#\/schema\/person\/7a7fd911f58561fd056dbac7b55af9cd\",\"name\":\"admin\",\"image\":{\"@type\":\"ImageObject\",\"inLanguage\":\"es\",\"@id\":\"https:\/\/luchonoticias.com\/editor\/#\/schema\/person\/image\/\",\"url\":\"https:\/\/luchonoticias.com\/editor\/wp-content\/uploads\/2024\/02\/cropped-cropped-logolu.webp\",\"contentUrl\":\"https:\/\/luchonoticias.com\/editor\/wp-content\/uploads\/2024\/02\/cropped-cropped-logolu.webp\",\"width\":382,\"height\":170,\"caption\":\"admin\"},\"logo\":{\"@id\":\"https:\/\/luchonoticias.com\/editor\/#\/schema\/person\/image\/\"},\"sameAs\":[\"https:\/\/www.facebook.com\/luchonoticiasneiva\"]},{\"@type\":\"Person\",\"@id\":\"https:\/\/luchonoticias.com\/editor\/#\/schema\/person\/29217990ddf6f14e35912b2866d591fb\",\"name\":\"Editor General\",\"image\":{\"@type\":\"ImageObject\",\"inLanguage\":\"es\",\"@id\":\"https:\/\/luchonoticias.com\/editor\/#\/schema\/person\/image\/\",\"url\":\"https:\/\/luchonoticias.com\/editor\/wp-content\/uploads\/2024\/02\/cropped-cropped-logolu-150x150.webp\",\"contentUrl\":\"https:\/\/luchonoticias.com\/editor\/wp-content\/uploads\/2024\/02\/cropped-cropped-logolu-150x150.webp\",\"caption\":\"Editor General\"},\"sameAs\":[\"https:\/\/luchonoticias.com\/\"],\"url\":\"https:\/\/luchonoticias.com\/editor\/author\/editor-general\/\"}]}<\/script>\n<!-- \/ Yoast SEO plugin. -->","yoast_head_json":{"title":"Conozca los principales compromisos del Gobierno de Petro para La Guajira -","robots":{"index":"index","follow":"follow","max-snippet":"max-snippet:-1","max-image-preview":"max-image-preview:large","max-video-preview":"max-video-preview:-1"},"canonical":"https:\/\/luchonoticias.com\/editor\/conozca-los-principales-compromisos-del-gobierno-de-petro-para-la-guajira\/","og_locale":"es_ES","og_type":"article","og_title":"Conozca los principales compromisos del Gobierno de Petro para La Guajira -","og_url":"https:\/\/luchonoticias.com\/editor\/conozca-los-principales-compromisos-del-gobierno-de-petro-para-la-guajira\/","article_publisher":"https:\/\/www.facebook.com\/luchonoticiasneiva","article_published_time":"2023-07-04T11:20:11+00:00","article_modified_time":"2023-07-04T11:20:12+00:00","author":"Editor General","twitter_card":"summary_large_image","twitter_misc":{"Escrito por":"Editor General","Tiempo de lectura":"10 minutos"},"schema":{"@context":"https:\/\/schema.org","@graph":[{"@type":"Article","@id":"https:\/\/luchonoticias.com\/editor\/conozca-los-principales-compromisos-del-gobierno-de-petro-para-la-guajira\/#article","isPartOf":{"@id":"https:\/\/luchonoticias.com\/editor\/conozca-los-principales-compromisos-del-gobierno-de-petro-para-la-guajira\/"},"author":{"name":"Editor General","@id":"https:\/\/luchonoticias.com\/editor\/#\/schema\/person\/29217990ddf6f14e35912b2866d591fb"},"headline":"Conozca los principales compromisos del Gobierno de Petro para La Guajira","datePublished":"2023-07-04T11:20:11+00:00","dateModified":"2023-07-04T11:20:12+00:00","mainEntityOfPage":{"@id":"https:\/\/luchonoticias.com\/editor\/conozca-los-principales-compromisos-del-gobierno-de-petro-para-la-guajira\/"},"wordCount":1957,"commentCount":0,"publisher":{"@id":"https:\/\/luchonoticias.com\/editor\/#\/schema\/person\/7a7fd911f58561fd056dbac7b55af9cd"},"articleSection":["Destacado","Nacional"],"inLanguage":"es","potentialAction":[{"@type":"CommentAction","name":"Comment","target":["https:\/\/luchonoticias.com\/editor\/conozca-los-principales-compromisos-del-gobierno-de-petro-para-la-guajira\/#respond"]}]},{"@type":"WebPage","@id":"https:\/\/luchonoticias.com\/editor\/conozca-los-principales-compromisos-del-gobierno-de-petro-para-la-guajira\/","url":"https:\/\/luchonoticias.com\/editor\/conozca-los-principales-compromisos-del-gobierno-de-petro-para-la-guajira\/","name":"Conozca los principales compromisos del Gobierno de Petro para La Guajira -","isPartOf":{"@id":"https:\/\/luchonoticias.com\/editor\/#website"},"datePublished":"2023-07-04T11:20:11+00:00","dateModified":"2023-07-04T11:20:12+00:00","breadcrumb":{"@id":"https:\/\/luchonoticias.com\/editor\/conozca-los-principales-compromisos-del-gobierno-de-petro-para-la-guajira\/#breadcrumb"},"inLanguage":"es","potentialAction":[{"@type":"ReadAction","target":["https:\/\/luchonoticias.com\/editor\/conozca-los-principales-compromisos-del-gobierno-de-petro-para-la-guajira\/"]}]},{"@type":"BreadcrumbList","@id":"https:\/\/luchonoticias.com\/editor\/conozca-los-principales-compromisos-del-gobierno-de-petro-para-la-guajira\/#breadcrumb","itemListElement":[{"@type":"ListItem","position":1,"name":"Portada","item":"https:\/\/luchonoticias.com\/editor\/"},{"@type":"ListItem","position":2,"name":"Conozca los principales compromisos del Gobierno de Petro para La Guajira"}]},{"@type":"WebSite","@id":"https:\/\/luchonoticias.com\/editor\/#website","url":"https:\/\/luchonoticias.com\/editor\/","name":"","description":"","publisher":{"@id":"https:\/\/luchonoticias.com\/editor\/#\/schema\/person\/7a7fd911f58561fd056dbac7b55af9cd"},"potentialAction":[{"@type":"SearchAction","target":{"@type":"EntryPoint","urlTemplate":"https:\/\/luchonoticias.com\/editor\/?s={search_term_string}"},"query-input":{"@type":"PropertyValueSpecification","valueRequired":true,"valueName":"search_term_string"}}],"inLanguage":"es"},{"@type":["Person","Organization"],"@id":"https:\/\/luchonoticias.com\/editor\/#\/schema\/person\/7a7fd911f58561fd056dbac7b55af9cd","name":"admin","image":{"@type":"ImageObject","inLanguage":"es","@id":"https:\/\/luchonoticias.com\/editor\/#\/schema\/person\/image\/","url":"https:\/\/luchonoticias.com\/editor\/wp-content\/uploads\/2024\/02\/cropped-cropped-logolu.webp","contentUrl":"https:\/\/luchonoticias.com\/editor\/wp-content\/uploads\/2024\/02\/cropped-cropped-logolu.webp","width":382,"height":170,"caption":"admin"},"logo":{"@id":"https:\/\/luchonoticias.com\/editor\/#\/schema\/person\/image\/"},"sameAs":["https:\/\/www.facebook.com\/luchonoticiasneiva"]},{"@type":"Person","@id":"https:\/\/luchonoticias.com\/editor\/#\/schema\/person\/29217990ddf6f14e35912b2866d591fb","name":"Editor General","image":{"@type":"ImageObject","inLanguage":"es","@id":"https:\/\/luchonoticias.com\/editor\/#\/schema\/person\/image\/","url":"https:\/\/luchonoticias.com\/editor\/wp-content\/uploads\/2024\/02\/cropped-cropped-logolu-150x150.webp","contentUrl":"https:\/\/luchonoticias.com\/editor\/wp-content\/uploads\/2024\/02\/cropped-cropped-logolu-150x150.webp","caption":"Editor General"},"sameAs":["https:\/\/luchonoticias.com\/"],"url":"https:\/\/luchonoticias.com\/editor\/author\/editor-general\/"}]}},"_links":{"self":[{"href":"https:\/\/luchonoticias.com\/editor\/wp-json\/wp\/v2\/posts\/55880","targetHints":{"allow":["GET"]}}],"collection":[{"href":"https:\/\/luchonoticias.com\/editor\/wp-json\/wp\/v2\/posts"}],"about":[{"href":"https:\/\/luchonoticias.com\/editor\/wp-json\/wp\/v2\/types\/post"}],"author":[{"embeddable":true,"href":"https:\/\/luchonoticias.com\/editor\/wp-json\/wp\/v2\/users\/2"}],"replies":[{"embeddable":true,"href":"https:\/\/luchonoticias.com\/editor\/wp-json\/wp\/v2\/comments?post=55880"}],"version-history":[{"count":0,"href":"https:\/\/luchonoticias.com\/editor\/wp-json\/wp\/v2\/posts\/55880\/revisions"}],"wp:attachment":[{"href":"https:\/\/luchonoticias.com\/editor\/wp-json\/wp\/v2\/media?parent=55880"}],"wp:term":[{"taxonomy":"category","embeddable":true,"href":"https:\/\/luchonoticias.com\/editor\/wp-json\/wp\/v2\/categories?post=55880"},{"taxonomy":"post_tag","embeddable":true,"href":"https:\/\/luchonoticias.com\/editor\/wp-json\/wp\/v2\/tags?post=55880"}],"curies":[{"name":"wp","href":"https:\/\/api.w.org\/{rel}","templated":true}]}}