{"id":55883,"date":"2023-07-04T06:30:55","date_gmt":"2023-07-04T11:30:55","guid":{"rendered":"https:\/\/luchonoticias.com\/?p=55883"},"modified":"2023-07-04T06:30:57","modified_gmt":"2023-07-04T11:30:57","slug":"policia-de-huila-entrego-un-balance-de-seguridad-de-las-fiestas-de-san-pedro","status":"publish","type":"post","link":"https:\/\/luchonoticias.com\/editor\/policia-de-huila-entrego-un-balance-de-seguridad-de-las-fiestas-de-san-pedro\/","title":{"rendered":"Polic\u00eda de Huila entreg\u00f3 un balance de seguridad de las Fiestas de San Pedro"},"content":{"rendered":"\n<p>Ante el reto de velar por la seguridad y la sana convivencia durante los distintos eventos que se desarrollaron en los municipios, donde fue necesario disponer de m\u00e1s de 2.100 hombres y mujeres de la Polic\u00eda Nacional para acompa\u00f1ar las cabalgatas, conciertos, desfiles, muestras folcl\u00f3ricas y las celebraciones tradicionales en cada uno de los municipios, el Departamento de Polic\u00eda Huila atendi\u00f3 m\u00e1s de 200 eventos sanpedrinos.<\/p>\n\n\n\n<p>En atenci\u00f3n a los\u00a0 planes de control adelantados, fueron capturadas 6 personas por lesiones personales, 1 por violencia intrafamiliar, 4 por porte ilegal de armas de fuego, 2 por hurto y 1 por receptaci\u00f3n. As\u00ed mismo, se capturaron 6 personas pretendiendo la comercializaci\u00f3n de alucin\u00f3genos en sitios perif\u00e9ricos a establecimientos nocturnos de comercio de licor y eventos p\u00fablicos.\u00a0\u00a0\u00a0\u00a0\u00a0\u00a0\u00a0\u00a0\u00a0<\/p>\n\n\n\n<figure class=\"wp-block-gallery has-nested-images columns-default is-cropped wp-block-gallery-1 is-layout-flex wp-block-gallery-is-layout-flex\">\n<figure class=\"wp-block-image size-large\"><img decoding=\"async\" data-id=\"55887\" src=\"https:\/\/luchonoticias.com\/wp-content\/uploads\/2023\/07\/WhatsApp-Image-2023-07-03-at-3.41.23-PM-1024x768.jpeg\" alt=\"\" class=\"wp-image-55887\"\/><\/figure>\n\n\n\n<figure class=\"wp-block-image size-large\"><img decoding=\"async\" data-id=\"55886\" src=\"https:\/\/luchonoticias.com\/wp-content\/uploads\/2023\/07\/WhatsApp-Image-2023-07-03-at-3.41.21-PM-1-1024x769.jpeg\" alt=\"\" class=\"wp-image-55886\"\/><\/figure>\n\n\n\n<figure class=\"wp-block-image size-large\"><img decoding=\"async\" data-id=\"55885\" src=\"https:\/\/luchonoticias.com\/wp-content\/uploads\/2023\/07\/WhatsApp-Image-2023-07-03-at-3.41.21-PM.jpeg\" alt=\"\" class=\"wp-image-55885\"\/><\/figure>\n<\/figure>\n\n\n\n<p>Es importante resaltar que, en los registros a personas y controles, fueron incautadas 4 armas de fuego, 5 armas traum\u00e1ticas y m\u00e1s de 120 armas blancas y elementos cortopunzantes, previniendo la ocurrencia de hechos de afectaci\u00f3n a la vida e integridad en las personas asistentes a los diferentes eventos. De igual forma, se recuperaron 5 motocicletas, y se sacaron de circulaci\u00f3n m\u00e1s de 220 dosis entre marihuana, clorhidrato de coca\u00edna y sus derivados.<\/p>\n\n\n\n<p>Por otro lado, se impusieron 162 ordenes de comparendo por comportamientos contrarios a la convivencia, teniendo como faltas m\u00e1s recurrentes la participaci\u00f3n en ri\u00f1as y las agresiones (21), el irrespeto a las autoridades en la atenci\u00f3n a los diferentes casos de polic\u00eda (9) y por supuesto el porte de armas blancas y traum\u00e1ticas (111).<\/p>\n\n\n\n<figure class=\"wp-block-gallery has-nested-images columns-default is-cropped wp-block-gallery-2 is-layout-flex wp-block-gallery-is-layout-flex\">\n<figure class=\"wp-block-image size-large\"><img decoding=\"async\" data-id=\"55888\" src=\"https:\/\/luchonoticias.com\/wp-content\/uploads\/2023\/07\/WhatsApp-Image-2023-07-03-at-4.17.15-PM.jpeg\" alt=\"\" class=\"wp-image-55888\"\/><\/figure>\n\n\n\n<figure class=\"wp-block-image size-large\"><img decoding=\"async\" data-id=\"55889\" src=\"https:\/\/luchonoticias.com\/wp-content\/uploads\/2023\/07\/WhatsApp-Image-2023-07-03-at-3.41.20-PM-1024x576.jpeg\" alt=\"\" class=\"wp-image-55889\"\/><\/figure>\n\n\n\n<figure class=\"wp-block-image size-large\"><img decoding=\"async\" data-id=\"55890\" src=\"https:\/\/luchonoticias.com\/wp-content\/uploads\/2023\/07\/WhatsApp-Image-2023-07-03-at-3.41.17-PM-2-1024x576.jpeg\" alt=\"\" class=\"wp-image-55890\"\/><\/figure>\n<\/figure>\n\n\n\n<p>De las muertes violentas registradas el fin de semana en el departamento, ninguna tuvo que ver con el desarrollo de las actividades de San Pedro, se registraron al parecer por ajuste de cuentas en temas relacionados al tr\u00e1fico de estupefacientes, intolerancia y otros.<\/p>\n","protected":false},"excerpt":{"rendered":"<p>Ante el reto de velar por la seguridad y la sana convivencia durante los distintos eventos que se desarrollaron en los municipios, donde fue necesario disponer de m\u00e1s de 2.100 hombres y mujeres de la Polic\u00eda Nacional para acompa\u00f1ar las cabalgatas, conciertos, desfiles, muestras folcl\u00f3ricas y las celebraciones tradicionales en cada uno de los municipios, [&hellip;]<\/p>\n","protected":false},"author":2,"featured_media":0,"comment_status":"open","ping_status":"open","sticky":false,"template":"","format":"standard","meta":{"footnotes":""},"categories":[36,29],"tags":[],"class_list":["post-55883","post","type-post","status-publish","format-standard","hentry","category-destacado","category-judicial"],"yoast_head":"<!-- This site is optimized with the Yoast SEO plugin v26.6 - https:\/\/yoast.com\/wordpress\/plugins\/seo\/ -->\n<title>Polic\u00eda de Huila entreg\u00f3 un balance de seguridad de las Fiestas de San Pedro -<\/title>\n<meta name=\"robots\" content=\"index, follow, max-snippet:-1, max-image-preview:large, max-video-preview:-1\" \/>\n<link rel=\"canonical\" href=\"https:\/\/luchonoticias.com\/editor\/policia-de-huila-entrego-un-balance-de-seguridad-de-las-fiestas-de-san-pedro\/\" \/>\n<meta property=\"og:locale\" content=\"es_ES\" \/>\n<meta property=\"og:type\" content=\"article\" \/>\n<meta property=\"og:title\" content=\"Polic\u00eda de Huila entreg\u00f3 un balance de seguridad de las Fiestas de San Pedro -\" \/>\n<meta property=\"og:url\" content=\"https:\/\/luchonoticias.com\/editor\/policia-de-huila-entrego-un-balance-de-seguridad-de-las-fiestas-de-san-pedro\/\" \/>\n<meta property=\"article:publisher\" content=\"https:\/\/www.facebook.com\/luchonoticiasneiva\" \/>\n<meta property=\"article:published_time\" content=\"2023-07-04T11:30:55+00:00\" \/>\n<meta property=\"article:modified_time\" content=\"2023-07-04T11:30:57+00:00\" \/>\n<meta property=\"og:image\" content=\"https:\/\/luchonoticias.com\/wp-content\/uploads\/2023\/07\/WhatsApp-Image-2023-07-03-at-3.41.23-PM-1024x768.jpeg\" \/>\n<meta name=\"author\" content=\"Editor General\" \/>\n<meta name=\"twitter:card\" content=\"summary_large_image\" \/>\n<meta name=\"twitter:label1\" content=\"Escrito por\" \/>\n\t<meta name=\"twitter:data1\" content=\"Editor General\" \/>\n\t<meta name=\"twitter:label2\" content=\"Tiempo de lectura\" \/>\n\t<meta name=\"twitter:data2\" content=\"2 minutos\" \/>\n<script type=\"application\/ld+json\" class=\"yoast-schema-graph\">{\"@context\":\"https:\/\/schema.org\",\"@graph\":[{\"@type\":\"Article\",\"@id\":\"https:\/\/luchonoticias.com\/editor\/policia-de-huila-entrego-un-balance-de-seguridad-de-las-fiestas-de-san-pedro\/#article\",\"isPartOf\":{\"@id\":\"https:\/\/luchonoticias.com\/editor\/policia-de-huila-entrego-un-balance-de-seguridad-de-las-fiestas-de-san-pedro\/\"},\"author\":{\"name\":\"Editor General\",\"@id\":\"https:\/\/luchonoticias.com\/editor\/#\/schema\/person\/29217990ddf6f14e35912b2866d591fb\"},\"headline\":\"Polic\u00eda de Huila entreg\u00f3 un balance de seguridad de las Fiestas de San Pedro\",\"datePublished\":\"2023-07-04T11:30:55+00:00\",\"dateModified\":\"2023-07-04T11:30:57+00:00\",\"mainEntityOfPage\":{\"@id\":\"https:\/\/luchonoticias.com\/editor\/policia-de-huila-entrego-un-balance-de-seguridad-de-las-fiestas-de-san-pedro\/\"},\"wordCount\":317,\"commentCount\":0,\"publisher\":{\"@id\":\"https:\/\/luchonoticias.com\/editor\/#\/schema\/person\/7a7fd911f58561fd056dbac7b55af9cd\"},\"image\":{\"@id\":\"https:\/\/luchonoticias.com\/editor\/policia-de-huila-entrego-un-balance-de-seguridad-de-las-fiestas-de-san-pedro\/#primaryimage\"},\"thumbnailUrl\":\"https:\/\/luchonoticias.com\/wp-content\/uploads\/2023\/07\/WhatsApp-Image-2023-07-03-at-3.41.23-PM-1024x768.jpeg\",\"articleSection\":[\"Destacado\",\"Judicial\"],\"inLanguage\":\"es\",\"potentialAction\":[{\"@type\":\"CommentAction\",\"name\":\"Comment\",\"target\":[\"https:\/\/luchonoticias.com\/editor\/policia-de-huila-entrego-un-balance-de-seguridad-de-las-fiestas-de-san-pedro\/#respond\"]}]},{\"@type\":\"WebPage\",\"@id\":\"https:\/\/luchonoticias.com\/editor\/policia-de-huila-entrego-un-balance-de-seguridad-de-las-fiestas-de-san-pedro\/\",\"url\":\"https:\/\/luchonoticias.com\/editor\/policia-de-huila-entrego-un-balance-de-seguridad-de-las-fiestas-de-san-pedro\/\",\"name\":\"Polic\u00eda de Huila entreg\u00f3 un balance de seguridad de las Fiestas de San Pedro -\",\"isPartOf\":{\"@id\":\"https:\/\/luchonoticias.com\/editor\/#website\"},\"primaryImageOfPage\":{\"@id\":\"https:\/\/luchonoticias.com\/editor\/policia-de-huila-entrego-un-balance-de-seguridad-de-las-fiestas-de-san-pedro\/#primaryimage\"},\"image\":{\"@id\":\"https:\/\/luchonoticias.com\/editor\/policia-de-huila-entrego-un-balance-de-seguridad-de-las-fiestas-de-san-pedro\/#primaryimage\"},\"thumbnailUrl\":\"https:\/\/luchonoticias.com\/wp-content\/uploads\/2023\/07\/WhatsApp-Image-2023-07-03-at-3.41.23-PM-1024x768.jpeg\",\"datePublished\":\"2023-07-04T11:30:55+00:00\",\"dateModified\":\"2023-07-04T11:30:57+00:00\",\"breadcrumb\":{\"@id\":\"https:\/\/luchonoticias.com\/editor\/policia-de-huila-entrego-un-balance-de-seguridad-de-las-fiestas-de-san-pedro\/#breadcrumb\"},\"inLanguage\":\"es\",\"potentialAction\":[{\"@type\":\"ReadAction\",\"target\":[\"https:\/\/luchonoticias.com\/editor\/policia-de-huila-entrego-un-balance-de-seguridad-de-las-fiestas-de-san-pedro\/\"]}]},{\"@type\":\"ImageObject\",\"inLanguage\":\"es\",\"@id\":\"https:\/\/luchonoticias.com\/editor\/policia-de-huila-entrego-un-balance-de-seguridad-de-las-fiestas-de-san-pedro\/#primaryimage\",\"url\":\"https:\/\/luchonoticias.com\/wp-content\/uploads\/2023\/07\/WhatsApp-Image-2023-07-03-at-3.41.23-PM-1024x768.jpeg\",\"contentUrl\":\"https:\/\/luchonoticias.com\/wp-content\/uploads\/2023\/07\/WhatsApp-Image-2023-07-03-at-3.41.23-PM-1024x768.jpeg\"},{\"@type\":\"BreadcrumbList\",\"@id\":\"https:\/\/luchonoticias.com\/editor\/policia-de-huila-entrego-un-balance-de-seguridad-de-las-fiestas-de-san-pedro\/#breadcrumb\",\"itemListElement\":[{\"@type\":\"ListItem\",\"position\":1,\"name\":\"Portada\",\"item\":\"https:\/\/luchonoticias.com\/editor\/\"},{\"@type\":\"ListItem\",\"position\":2,\"name\":\"Polic\u00eda de Huila entreg\u00f3 un balance de seguridad de las Fiestas de San Pedro\"}]},{\"@type\":\"WebSite\",\"@id\":\"https:\/\/luchonoticias.com\/editor\/#website\",\"url\":\"https:\/\/luchonoticias.com\/editor\/\",\"name\":\"\",\"description\":\"\",\"publisher\":{\"@id\":\"https:\/\/luchonoticias.com\/editor\/#\/schema\/person\/7a7fd911f58561fd056dbac7b55af9cd\"},\"potentialAction\":[{\"@type\":\"SearchAction\",\"target\":{\"@type\":\"EntryPoint\",\"urlTemplate\":\"https:\/\/luchonoticias.com\/editor\/?s={search_term_string}\"},\"query-input\":{\"@type\":\"PropertyValueSpecification\",\"valueRequired\":true,\"valueName\":\"search_term_string\"}}],\"inLanguage\":\"es\"},{\"@type\":[\"Person\",\"Organization\"],\"@id\":\"https:\/\/luchonoticias.com\/editor\/#\/schema\/person\/7a7fd911f58561fd056dbac7b55af9cd\",\"name\":\"admin\",\"image\":{\"@type\":\"ImageObject\",\"inLanguage\":\"es\",\"@id\":\"https:\/\/luchonoticias.com\/editor\/#\/schema\/person\/image\/\",\"url\":\"https:\/\/luchonoticias.com\/editor\/wp-content\/uploads\/2024\/02\/cropped-cropped-logolu.webp\",\"contentUrl\":\"https:\/\/luchonoticias.com\/editor\/wp-content\/uploads\/2024\/02\/cropped-cropped-logolu.webp\",\"width\":382,\"height\":170,\"caption\":\"admin\"},\"logo\":{\"@id\":\"https:\/\/luchonoticias.com\/editor\/#\/schema\/person\/image\/\"},\"sameAs\":[\"https:\/\/www.facebook.com\/luchonoticiasneiva\"]},{\"@type\":\"Person\",\"@id\":\"https:\/\/luchonoticias.com\/editor\/#\/schema\/person\/29217990ddf6f14e35912b2866d591fb\",\"name\":\"Editor General\",\"image\":{\"@type\":\"ImageObject\",\"inLanguage\":\"es\",\"@id\":\"https:\/\/luchonoticias.com\/editor\/#\/schema\/person\/image\/\",\"url\":\"https:\/\/luchonoticias.com\/editor\/wp-content\/uploads\/2024\/02\/cropped-cropped-logolu-150x150.webp\",\"contentUrl\":\"https:\/\/luchonoticias.com\/editor\/wp-content\/uploads\/2024\/02\/cropped-cropped-logolu-150x150.webp\",\"caption\":\"Editor General\"},\"sameAs\":[\"https:\/\/luchonoticias.com\/\"],\"url\":\"https:\/\/luchonoticias.com\/editor\/author\/editor-general\/\"}]}<\/script>\n<!-- \/ Yoast SEO plugin. -->","yoast_head_json":{"title":"Polic\u00eda de Huila entreg\u00f3 un balance de seguridad de las Fiestas de San Pedro -","robots":{"index":"index","follow":"follow","max-snippet":"max-snippet:-1","max-image-preview":"max-image-preview:large","max-video-preview":"max-video-preview:-1"},"canonical":"https:\/\/luchonoticias.com\/editor\/policia-de-huila-entrego-un-balance-de-seguridad-de-las-fiestas-de-san-pedro\/","og_locale":"es_ES","og_type":"article","og_title":"Polic\u00eda de Huila entreg\u00f3 un balance de seguridad de las Fiestas de San Pedro -","og_url":"https:\/\/luchonoticias.com\/editor\/policia-de-huila-entrego-un-balance-de-seguridad-de-las-fiestas-de-san-pedro\/","article_publisher":"https:\/\/www.facebook.com\/luchonoticiasneiva","article_published_time":"2023-07-04T11:30:55+00:00","article_modified_time":"2023-07-04T11:30:57+00:00","og_image":[{"url":"https:\/\/luchonoticias.com\/wp-content\/uploads\/2023\/07\/WhatsApp-Image-2023-07-03-at-3.41.23-PM-1024x768.jpeg","type":"","width":"","height":""}],"author":"Editor General","twitter_card":"summary_large_image","twitter_misc":{"Escrito por":"Editor General","Tiempo de lectura":"2 minutos"},"schema":{"@context":"https:\/\/schema.org","@graph":[{"@type":"Article","@id":"https:\/\/luchonoticias.com\/editor\/policia-de-huila-entrego-un-balance-de-seguridad-de-las-fiestas-de-san-pedro\/#article","isPartOf":{"@id":"https:\/\/luchonoticias.com\/editor\/policia-de-huila-entrego-un-balance-de-seguridad-de-las-fiestas-de-san-pedro\/"},"author":{"name":"Editor General","@id":"https:\/\/luchonoticias.com\/editor\/#\/schema\/person\/29217990ddf6f14e35912b2866d591fb"},"headline":"Polic\u00eda de Huila entreg\u00f3 un balance de seguridad de las Fiestas de San Pedro","datePublished":"2023-07-04T11:30:55+00:00","dateModified":"2023-07-04T11:30:57+00:00","mainEntityOfPage":{"@id":"https:\/\/luchonoticias.com\/editor\/policia-de-huila-entrego-un-balance-de-seguridad-de-las-fiestas-de-san-pedro\/"},"wordCount":317,"commentCount":0,"publisher":{"@id":"https:\/\/luchonoticias.com\/editor\/#\/schema\/person\/7a7fd911f58561fd056dbac7b55af9cd"},"image":{"@id":"https:\/\/luchonoticias.com\/editor\/policia-de-huila-entrego-un-balance-de-seguridad-de-las-fiestas-de-san-pedro\/#primaryimage"},"thumbnailUrl":"https:\/\/luchonoticias.com\/wp-content\/uploads\/2023\/07\/WhatsApp-Image-2023-07-03-at-3.41.23-PM-1024x768.jpeg","articleSection":["Destacado","Judicial"],"inLanguage":"es","potentialAction":[{"@type":"CommentAction","name":"Comment","target":["https:\/\/luchonoticias.com\/editor\/policia-de-huila-entrego-un-balance-de-seguridad-de-las-fiestas-de-san-pedro\/#respond"]}]},{"@type":"WebPage","@id":"https:\/\/luchonoticias.com\/editor\/policia-de-huila-entrego-un-balance-de-seguridad-de-las-fiestas-de-san-pedro\/","url":"https:\/\/luchonoticias.com\/editor\/policia-de-huila-entrego-un-balance-de-seguridad-de-las-fiestas-de-san-pedro\/","name":"Polic\u00eda de Huila entreg\u00f3 un balance de seguridad de las Fiestas de San Pedro -","isPartOf":{"@id":"https:\/\/luchonoticias.com\/editor\/#website"},"primaryImageOfPage":{"@id":"https:\/\/luchonoticias.com\/editor\/policia-de-huila-entrego-un-balance-de-seguridad-de-las-fiestas-de-san-pedro\/#primaryimage"},"image":{"@id":"https:\/\/luchonoticias.com\/editor\/policia-de-huila-entrego-un-balance-de-seguridad-de-las-fiestas-de-san-pedro\/#primaryimage"},"thumbnailUrl":"https:\/\/luchonoticias.com\/wp-content\/uploads\/2023\/07\/WhatsApp-Image-2023-07-03-at-3.41.23-PM-1024x768.jpeg","datePublished":"2023-07-04T11:30:55+00:00","dateModified":"2023-07-04T11:30:57+00:00","breadcrumb":{"@id":"https:\/\/luchonoticias.com\/editor\/policia-de-huila-entrego-un-balance-de-seguridad-de-las-fiestas-de-san-pedro\/#breadcrumb"},"inLanguage":"es","potentialAction":[{"@type":"ReadAction","target":["https:\/\/luchonoticias.com\/editor\/policia-de-huila-entrego-un-balance-de-seguridad-de-las-fiestas-de-san-pedro\/"]}]},{"@type":"ImageObject","inLanguage":"es","@id":"https:\/\/luchonoticias.com\/editor\/policia-de-huila-entrego-un-balance-de-seguridad-de-las-fiestas-de-san-pedro\/#primaryimage","url":"https:\/\/luchonoticias.com\/wp-content\/uploads\/2023\/07\/WhatsApp-Image-2023-07-03-at-3.41.23-PM-1024x768.jpeg","contentUrl":"https:\/\/luchonoticias.com\/wp-content\/uploads\/2023\/07\/WhatsApp-Image-2023-07-03-at-3.41.23-PM-1024x768.jpeg"},{"@type":"BreadcrumbList","@id":"https:\/\/luchonoticias.com\/editor\/policia-de-huila-entrego-un-balance-de-seguridad-de-las-fiestas-de-san-pedro\/#breadcrumb","itemListElement":[{"@type":"ListItem","position":1,"name":"Portada","item":"https:\/\/luchonoticias.com\/editor\/"},{"@type":"ListItem","position":2,"name":"Polic\u00eda de Huila entreg\u00f3 un balance de seguridad de las Fiestas de San Pedro"}]},{"@type":"WebSite","@id":"https:\/\/luchonoticias.com\/editor\/#website","url":"https:\/\/luchonoticias.com\/editor\/","name":"","description":"","publisher":{"@id":"https:\/\/luchonoticias.com\/editor\/#\/schema\/person\/7a7fd911f58561fd056dbac7b55af9cd"},"potentialAction":[{"@type":"SearchAction","target":{"@type":"EntryPoint","urlTemplate":"https:\/\/luchonoticias.com\/editor\/?s={search_term_string}"},"query-input":{"@type":"PropertyValueSpecification","valueRequired":true,"valueName":"search_term_string"}}],"inLanguage":"es"},{"@type":["Person","Organization"],"@id":"https:\/\/luchonoticias.com\/editor\/#\/schema\/person\/7a7fd911f58561fd056dbac7b55af9cd","name":"admin","image":{"@type":"ImageObject","inLanguage":"es","@id":"https:\/\/luchonoticias.com\/editor\/#\/schema\/person\/image\/","url":"https:\/\/luchonoticias.com\/editor\/wp-content\/uploads\/2024\/02\/cropped-cropped-logolu.webp","contentUrl":"https:\/\/luchonoticias.com\/editor\/wp-content\/uploads\/2024\/02\/cropped-cropped-logolu.webp","width":382,"height":170,"caption":"admin"},"logo":{"@id":"https:\/\/luchonoticias.com\/editor\/#\/schema\/person\/image\/"},"sameAs":["https:\/\/www.facebook.com\/luchonoticiasneiva"]},{"@type":"Person","@id":"https:\/\/luchonoticias.com\/editor\/#\/schema\/person\/29217990ddf6f14e35912b2866d591fb","name":"Editor General","image":{"@type":"ImageObject","inLanguage":"es","@id":"https:\/\/luchonoticias.com\/editor\/#\/schema\/person\/image\/","url":"https:\/\/luchonoticias.com\/editor\/wp-content\/uploads\/2024\/02\/cropped-cropped-logolu-150x150.webp","contentUrl":"https:\/\/luchonoticias.com\/editor\/wp-content\/uploads\/2024\/02\/cropped-cropped-logolu-150x150.webp","caption":"Editor General"},"sameAs":["https:\/\/luchonoticias.com\/"],"url":"https:\/\/luchonoticias.com\/editor\/author\/editor-general\/"}]}},"_links":{"self":[{"href":"https:\/\/luchonoticias.com\/editor\/wp-json\/wp\/v2\/posts\/55883","targetHints":{"allow":["GET"]}}],"collection":[{"href":"https:\/\/luchonoticias.com\/editor\/wp-json\/wp\/v2\/posts"}],"about":[{"href":"https:\/\/luchonoticias.com\/editor\/wp-json\/wp\/v2\/types\/post"}],"author":[{"embeddable":true,"href":"https:\/\/luchonoticias.com\/editor\/wp-json\/wp\/v2\/users\/2"}],"replies":[{"embeddable":true,"href":"https:\/\/luchonoticias.com\/editor\/wp-json\/wp\/v2\/comments?post=55883"}],"version-history":[{"count":0,"href":"https:\/\/luchonoticias.com\/editor\/wp-json\/wp\/v2\/posts\/55883\/revisions"}],"wp:attachment":[{"href":"https:\/\/luchonoticias.com\/editor\/wp-json\/wp\/v2\/media?parent=55883"}],"wp:term":[{"taxonomy":"category","embeddable":true,"href":"https:\/\/luchonoticias.com\/editor\/wp-json\/wp\/v2\/categories?post=55883"},{"taxonomy":"post_tag","embeddable":true,"href":"https:\/\/luchonoticias.com\/editor\/wp-json\/wp\/v2\/tags?post=55883"}],"curies":[{"name":"wp","href":"https:\/\/api.w.org\/{rel}","templated":true}]}}