{"id":55974,"date":"2023-07-05T11:20:07","date_gmt":"2023-07-05T16:20:07","guid":{"rendered":"https:\/\/luchonoticias.com\/?p=55974"},"modified":"2023-07-05T11:20:08","modified_gmt":"2023-07-05T16:20:08","slug":"colombia-tercer-pais-en-america-en-superar-cifras-prepandemia-en-turismo-segun-la-organizacion-mundial-del-turismo","status":"publish","type":"post","link":"https:\/\/luchonoticias.com\/editor\/colombia-tercer-pais-en-america-en-superar-cifras-prepandemia-en-turismo-segun-la-organizacion-mundial-del-turismo\/","title":{"rendered":"Colombia, tercer pa\u00eds en Am\u00e9rica en superar cifras prepandemia en turismo, seg\u00fan la Organizaci\u00f3n Mundial del Turismo"},"content":{"rendered":"\n<p>Colombia es el tercer pa\u00eds en Am\u00e9rica que ha presentado una recuperaci\u00f3n sobresaliente en t\u00e9rminos de llegada de turistas internacionales en el primer trimestre de 2023 y sobrepasa en un 18% la tasa que se registr\u00f3 en el mismo periodo 2019, un a\u00f1o antes de la pandemia.<\/p>\n\n\n\n<p>As\u00ed lo concluy\u00f3 el \u00faltimo Informe Regional para las Am\u00e9ricas de la Organizaci\u00f3n Mundial de Turismo (OMT) presentado en Quito, Ecuador, recientemente.<\/p>\n\n\n\n<p>El Viceministro de Turismo, Arturo Bravo, destac\u00f3 que, de acuerdo con este organismo, \u201cColombia no solo es tercero a nivel Am\u00e9ricas, sino el segundo en Latinoam\u00e9rica, solo superado por El Salvador\u201d.<\/p>\n\n\n\n<p>Agreg\u00f3 que en lo corrido de 2023 las cifras confirman que la recuperaci\u00f3n va por buen camino si se tienen en cuenta algunos indicadores como la llegada de visitantes no residentes o el comportamiento del PIB de alojamiento y servicio de comidas.<\/p>\n\n\n\n<p>Por su parte, la Presidenta de ProColombia, Carmen Caballero, expres\u00f3 que \u201cesta es una gran noticia para el pa\u00eds porque se respalda con cifras el gran esfuerzo que hacemos, bajo el liderazgo del Ministerio de Comercio, Industria y Turismo, de promocionar a Colombia como un destino ideal para los viajeros a nivel mundial, adem\u00e1s de posicionarlo como una verdadera potencia de la vida\u201d.<\/p>\n\n\n\n<p>El informe indica que \u201c\u00c1frica y las Am\u00e9ricas alcanzaron alrededor del 85% de los niveles de 2019 en los primeros tres meses de 2023, mientras que las llegadas a Asia y el Pac\u00edfico aumentaron al 54% de los niveles anteriores a la pandemia\u201d.<\/p>\n\n\n\n<p>Y se\u00f1ala que \u201cse espera que el turismo internacional contin\u00fae su recuperaci\u00f3n a lo largo del a\u00f1o respaldado por una fuerte demanda acumulada, la recuperaci\u00f3n sostenida de la conectividad a\u00e9rea, as\u00ed como por la reciente reapertura de China y otros mercados y destinos asi\u00e1ticos importantes\u201d.<\/p>\n\n\n\n<p><strong>Cifras al alza<\/strong><\/p>\n\n\n\n<p>Seg\u00fan Migraci\u00f3n Colombia, el pa\u00eds cerr\u00f3 2022 con 4,6 millones de viajeros internacionales, el mejor a\u00f1o del turismo para el pa\u00eds superando en 1,7 % las cifras alcanzadas en 2019. Y de enero a mayo de 2023 se registraron las 2.249.411 visitantes no residentes en Colombia, lo que representa un crecimiento del 36,7 % respecto al mismo periodo de 2022 y del 20% frente a 2019.<\/p>\n\n\n\n<p>El Departamento Administrativo Nacional de Estad\u00edstica (DANE) indic\u00f3 que en 2022 se registr\u00f3 un gasto tur\u00edstico al interior del pa\u00eds por US$ 12.912 millones, teniendo un crecimiento de 52,5 % respecto a 2021. En el mismo a\u00f1o, el gasto en turismo receptor gener\u00f3 US$ 9.441 millones, participando con el 73,1% del gasto total. El turismo interno particip\u00f3 con el 26,9 % (US$ 3.472 millones). Tambi\u00e9n, se registr\u00f3 el mayor gasto receptor en Colombia, teniendo un crecimiento anual compuesto del 19,1 % respecto a 2018.<\/p>\n\n\n\n<p>Por otro lado, el Banco de la Rep\u00fablica asegur\u00f3 que en 2022 se registraron US$ 7.368,1 millones por concepto de pasajeros y viajes, siendo el mayor monto obtenido en divisas en los \u00faltimos a\u00f1os.<\/p>\n\n\n\n<p>Hoy Colombia cuenta con 25 aerol\u00edneas internacionales, m\u00e1s de 1.150 frecuencias y 215.000 sillas semanales, superando la capacidad prepandemia y dentro del top 3 de pa\u00edses latinos con mayor capacidad a\u00e9rea junto con M\u00e9xico y Brasil.<\/p>\n\n\n\n<p>As\u00ed mismo, en lo que va de 2023 se han anunciado 18 nuevas rutas a\u00e9reas internacionales, incrementando as\u00ed la conectividad de Colombia con siete pa\u00edses en toda Am\u00e9rica y Europa: Brasil, Chile, Ecuador, Estados Unidos, M\u00e9xico, Aruba y Suiza. De estas, ya han entrado en operaci\u00f3n 11 rutas.<\/p>\n\n\n\n<p>En cuanto a las proyecciones de llegadas de viajeros internacionales a Colombia, en el \u00faltimo informe de la consultora de viajes ForwardKeys, el pa\u00eds aument\u00f3 en un 34,6% el n\u00famero de reservas internacionales si se compara con el mismo periodo de 2022, registrando un pron\u00f3stico de 430.549 para el periodo comprendido entre mayo a octubre del presente a\u00f1o.<\/p>\n\n\n\n<p>El informe destaca que Estados Unidos, Espa\u00f1a y Chile tienen m\u00e1s del 48% de las reservas hacia Colombia. Asimismo, Bogot\u00e1, Medell\u00edn y Cartagena participan con m\u00e1s del 90% de las reservas internacionales, siendo la capital de Colombia la que concentra casi el 60% de las reservas.<\/p>\n","protected":false},"excerpt":{"rendered":"<p>Colombia es el tercer pa\u00eds en Am\u00e9rica que ha presentado una recuperaci\u00f3n sobresaliente en t\u00e9rminos de llegada de turistas internacionales en el primer trimestre de 2023 y sobrepasa en un 18% la tasa que se registr\u00f3 en el mismo periodo 2019, un a\u00f1o antes de la pandemia. As\u00ed lo concluy\u00f3 el \u00faltimo Informe Regional para [&hellip;]<\/p>\n","protected":false},"author":2,"featured_media":0,"comment_status":"open","ping_status":"open","sticky":false,"template":"","format":"standard","meta":{"footnotes":""},"categories":[28,36],"tags":[],"class_list":["post-55974","post","type-post","status-publish","format-standard","hentry","category-actualidad","category-destacado"],"yoast_head":"<!-- This site is optimized with the Yoast SEO plugin v26.6 - https:\/\/yoast.com\/wordpress\/plugins\/seo\/ -->\n<title>Colombia, tercer pa\u00eds en Am\u00e9rica en superar cifras prepandemia en turismo, seg\u00fan la Organizaci\u00f3n Mundial del Turismo -<\/title>\n<meta name=\"robots\" content=\"index, follow, max-snippet:-1, max-image-preview:large, max-video-preview:-1\" \/>\n<link rel=\"canonical\" href=\"https:\/\/luchonoticias.com\/editor\/colombia-tercer-pais-en-america-en-superar-cifras-prepandemia-en-turismo-segun-la-organizacion-mundial-del-turismo\/\" \/>\n<meta property=\"og:locale\" content=\"es_ES\" \/>\n<meta property=\"og:type\" content=\"article\" \/>\n<meta property=\"og:title\" content=\"Colombia, tercer pa\u00eds en Am\u00e9rica en superar cifras prepandemia en turismo, seg\u00fan la Organizaci\u00f3n Mundial del Turismo -\" \/>\n<meta property=\"og:url\" content=\"https:\/\/luchonoticias.com\/editor\/colombia-tercer-pais-en-america-en-superar-cifras-prepandemia-en-turismo-segun-la-organizacion-mundial-del-turismo\/\" \/>\n<meta property=\"article:publisher\" content=\"https:\/\/www.facebook.com\/luchonoticiasneiva\" \/>\n<meta property=\"article:published_time\" content=\"2023-07-05T16:20:07+00:00\" \/>\n<meta property=\"article:modified_time\" content=\"2023-07-05T16:20:08+00:00\" \/>\n<meta name=\"author\" content=\"Editor General\" \/>\n<meta name=\"twitter:card\" content=\"summary_large_image\" \/>\n<meta name=\"twitter:label1\" content=\"Escrito por\" \/>\n\t<meta name=\"twitter:data1\" content=\"Editor General\" \/>\n\t<meta name=\"twitter:label2\" content=\"Tiempo de lectura\" \/>\n\t<meta name=\"twitter:data2\" content=\"3 minutos\" \/>\n<script type=\"application\/ld+json\" class=\"yoast-schema-graph\">{\"@context\":\"https:\/\/schema.org\",\"@graph\":[{\"@type\":\"Article\",\"@id\":\"https:\/\/luchonoticias.com\/editor\/colombia-tercer-pais-en-america-en-superar-cifras-prepandemia-en-turismo-segun-la-organizacion-mundial-del-turismo\/#article\",\"isPartOf\":{\"@id\":\"https:\/\/luchonoticias.com\/editor\/colombia-tercer-pais-en-america-en-superar-cifras-prepandemia-en-turismo-segun-la-organizacion-mundial-del-turismo\/\"},\"author\":{\"name\":\"Editor General\",\"@id\":\"https:\/\/luchonoticias.com\/editor\/#\/schema\/person\/29217990ddf6f14e35912b2866d591fb\"},\"headline\":\"Colombia, tercer pa\u00eds en Am\u00e9rica en superar cifras prepandemia en turismo, seg\u00fan la Organizaci\u00f3n Mundial del Turismo\",\"datePublished\":\"2023-07-05T16:20:07+00:00\",\"dateModified\":\"2023-07-05T16:20:08+00:00\",\"mainEntityOfPage\":{\"@id\":\"https:\/\/luchonoticias.com\/editor\/colombia-tercer-pais-en-america-en-superar-cifras-prepandemia-en-turismo-segun-la-organizacion-mundial-del-turismo\/\"},\"wordCount\":692,\"commentCount\":0,\"publisher\":{\"@id\":\"https:\/\/luchonoticias.com\/editor\/#\/schema\/person\/7a7fd911f58561fd056dbac7b55af9cd\"},\"articleSection\":[\"Actualidad\",\"Destacado\"],\"inLanguage\":\"es\",\"potentialAction\":[{\"@type\":\"CommentAction\",\"name\":\"Comment\",\"target\":[\"https:\/\/luchonoticias.com\/editor\/colombia-tercer-pais-en-america-en-superar-cifras-prepandemia-en-turismo-segun-la-organizacion-mundial-del-turismo\/#respond\"]}]},{\"@type\":\"WebPage\",\"@id\":\"https:\/\/luchonoticias.com\/editor\/colombia-tercer-pais-en-america-en-superar-cifras-prepandemia-en-turismo-segun-la-organizacion-mundial-del-turismo\/\",\"url\":\"https:\/\/luchonoticias.com\/editor\/colombia-tercer-pais-en-america-en-superar-cifras-prepandemia-en-turismo-segun-la-organizacion-mundial-del-turismo\/\",\"name\":\"Colombia, tercer pa\u00eds en Am\u00e9rica en superar cifras prepandemia en turismo, seg\u00fan la Organizaci\u00f3n Mundial del Turismo -\",\"isPartOf\":{\"@id\":\"https:\/\/luchonoticias.com\/editor\/#website\"},\"datePublished\":\"2023-07-05T16:20:07+00:00\",\"dateModified\":\"2023-07-05T16:20:08+00:00\",\"breadcrumb\":{\"@id\":\"https:\/\/luchonoticias.com\/editor\/colombia-tercer-pais-en-america-en-superar-cifras-prepandemia-en-turismo-segun-la-organizacion-mundial-del-turismo\/#breadcrumb\"},\"inLanguage\":\"es\",\"potentialAction\":[{\"@type\":\"ReadAction\",\"target\":[\"https:\/\/luchonoticias.com\/editor\/colombia-tercer-pais-en-america-en-superar-cifras-prepandemia-en-turismo-segun-la-organizacion-mundial-del-turismo\/\"]}]},{\"@type\":\"BreadcrumbList\",\"@id\":\"https:\/\/luchonoticias.com\/editor\/colombia-tercer-pais-en-america-en-superar-cifras-prepandemia-en-turismo-segun-la-organizacion-mundial-del-turismo\/#breadcrumb\",\"itemListElement\":[{\"@type\":\"ListItem\",\"position\":1,\"name\":\"Portada\",\"item\":\"https:\/\/luchonoticias.com\/editor\/\"},{\"@type\":\"ListItem\",\"position\":2,\"name\":\"Colombia, tercer pa\u00eds en Am\u00e9rica en superar cifras prepandemia en turismo, seg\u00fan la Organizaci\u00f3n Mundial del Turismo\"}]},{\"@type\":\"WebSite\",\"@id\":\"https:\/\/luchonoticias.com\/editor\/#website\",\"url\":\"https:\/\/luchonoticias.com\/editor\/\",\"name\":\"\",\"description\":\"\",\"publisher\":{\"@id\":\"https:\/\/luchonoticias.com\/editor\/#\/schema\/person\/7a7fd911f58561fd056dbac7b55af9cd\"},\"potentialAction\":[{\"@type\":\"SearchAction\",\"target\":{\"@type\":\"EntryPoint\",\"urlTemplate\":\"https:\/\/luchonoticias.com\/editor\/?s={search_term_string}\"},\"query-input\":{\"@type\":\"PropertyValueSpecification\",\"valueRequired\":true,\"valueName\":\"search_term_string\"}}],\"inLanguage\":\"es\"},{\"@type\":[\"Person\",\"Organization\"],\"@id\":\"https:\/\/luchonoticias.com\/editor\/#\/schema\/person\/7a7fd911f58561fd056dbac7b55af9cd\",\"name\":\"admin\",\"image\":{\"@type\":\"ImageObject\",\"inLanguage\":\"es\",\"@id\":\"https:\/\/luchonoticias.com\/editor\/#\/schema\/person\/image\/\",\"url\":\"https:\/\/luchonoticias.com\/editor\/wp-content\/uploads\/2024\/02\/cropped-cropped-logolu.webp\",\"contentUrl\":\"https:\/\/luchonoticias.com\/editor\/wp-content\/uploads\/2024\/02\/cropped-cropped-logolu.webp\",\"width\":382,\"height\":170,\"caption\":\"admin\"},\"logo\":{\"@id\":\"https:\/\/luchonoticias.com\/editor\/#\/schema\/person\/image\/\"},\"sameAs\":[\"https:\/\/www.facebook.com\/luchonoticiasneiva\"]},{\"@type\":\"Person\",\"@id\":\"https:\/\/luchonoticias.com\/editor\/#\/schema\/person\/29217990ddf6f14e35912b2866d591fb\",\"name\":\"Editor General\",\"image\":{\"@type\":\"ImageObject\",\"inLanguage\":\"es\",\"@id\":\"https:\/\/luchonoticias.com\/editor\/#\/schema\/person\/image\/\",\"url\":\"https:\/\/luchonoticias.com\/editor\/wp-content\/uploads\/2024\/02\/cropped-cropped-logolu-150x150.webp\",\"contentUrl\":\"https:\/\/luchonoticias.com\/editor\/wp-content\/uploads\/2024\/02\/cropped-cropped-logolu-150x150.webp\",\"caption\":\"Editor General\"},\"sameAs\":[\"https:\/\/luchonoticias.com\/\"],\"url\":\"https:\/\/luchonoticias.com\/editor\/author\/editor-general\/\"}]}<\/script>\n<!-- \/ Yoast SEO plugin. -->","yoast_head_json":{"title":"Colombia, tercer pa\u00eds en Am\u00e9rica en superar cifras prepandemia en turismo, seg\u00fan la Organizaci\u00f3n Mundial del Turismo -","robots":{"index":"index","follow":"follow","max-snippet":"max-snippet:-1","max-image-preview":"max-image-preview:large","max-video-preview":"max-video-preview:-1"},"canonical":"https:\/\/luchonoticias.com\/editor\/colombia-tercer-pais-en-america-en-superar-cifras-prepandemia-en-turismo-segun-la-organizacion-mundial-del-turismo\/","og_locale":"es_ES","og_type":"article","og_title":"Colombia, tercer pa\u00eds en Am\u00e9rica en superar cifras prepandemia en turismo, seg\u00fan la Organizaci\u00f3n Mundial del Turismo -","og_url":"https:\/\/luchonoticias.com\/editor\/colombia-tercer-pais-en-america-en-superar-cifras-prepandemia-en-turismo-segun-la-organizacion-mundial-del-turismo\/","article_publisher":"https:\/\/www.facebook.com\/luchonoticiasneiva","article_published_time":"2023-07-05T16:20:07+00:00","article_modified_time":"2023-07-05T16:20:08+00:00","author":"Editor General","twitter_card":"summary_large_image","twitter_misc":{"Escrito por":"Editor General","Tiempo de lectura":"3 minutos"},"schema":{"@context":"https:\/\/schema.org","@graph":[{"@type":"Article","@id":"https:\/\/luchonoticias.com\/editor\/colombia-tercer-pais-en-america-en-superar-cifras-prepandemia-en-turismo-segun-la-organizacion-mundial-del-turismo\/#article","isPartOf":{"@id":"https:\/\/luchonoticias.com\/editor\/colombia-tercer-pais-en-america-en-superar-cifras-prepandemia-en-turismo-segun-la-organizacion-mundial-del-turismo\/"},"author":{"name":"Editor General","@id":"https:\/\/luchonoticias.com\/editor\/#\/schema\/person\/29217990ddf6f14e35912b2866d591fb"},"headline":"Colombia, tercer pa\u00eds en Am\u00e9rica en superar cifras prepandemia en turismo, seg\u00fan la Organizaci\u00f3n Mundial del Turismo","datePublished":"2023-07-05T16:20:07+00:00","dateModified":"2023-07-05T16:20:08+00:00","mainEntityOfPage":{"@id":"https:\/\/luchonoticias.com\/editor\/colombia-tercer-pais-en-america-en-superar-cifras-prepandemia-en-turismo-segun-la-organizacion-mundial-del-turismo\/"},"wordCount":692,"commentCount":0,"publisher":{"@id":"https:\/\/luchonoticias.com\/editor\/#\/schema\/person\/7a7fd911f58561fd056dbac7b55af9cd"},"articleSection":["Actualidad","Destacado"],"inLanguage":"es","potentialAction":[{"@type":"CommentAction","name":"Comment","target":["https:\/\/luchonoticias.com\/editor\/colombia-tercer-pais-en-america-en-superar-cifras-prepandemia-en-turismo-segun-la-organizacion-mundial-del-turismo\/#respond"]}]},{"@type":"WebPage","@id":"https:\/\/luchonoticias.com\/editor\/colombia-tercer-pais-en-america-en-superar-cifras-prepandemia-en-turismo-segun-la-organizacion-mundial-del-turismo\/","url":"https:\/\/luchonoticias.com\/editor\/colombia-tercer-pais-en-america-en-superar-cifras-prepandemia-en-turismo-segun-la-organizacion-mundial-del-turismo\/","name":"Colombia, tercer pa\u00eds en Am\u00e9rica en superar cifras prepandemia en turismo, seg\u00fan la Organizaci\u00f3n Mundial del Turismo -","isPartOf":{"@id":"https:\/\/luchonoticias.com\/editor\/#website"},"datePublished":"2023-07-05T16:20:07+00:00","dateModified":"2023-07-05T16:20:08+00:00","breadcrumb":{"@id":"https:\/\/luchonoticias.com\/editor\/colombia-tercer-pais-en-america-en-superar-cifras-prepandemia-en-turismo-segun-la-organizacion-mundial-del-turismo\/#breadcrumb"},"inLanguage":"es","potentialAction":[{"@type":"ReadAction","target":["https:\/\/luchonoticias.com\/editor\/colombia-tercer-pais-en-america-en-superar-cifras-prepandemia-en-turismo-segun-la-organizacion-mundial-del-turismo\/"]}]},{"@type":"BreadcrumbList","@id":"https:\/\/luchonoticias.com\/editor\/colombia-tercer-pais-en-america-en-superar-cifras-prepandemia-en-turismo-segun-la-organizacion-mundial-del-turismo\/#breadcrumb","itemListElement":[{"@type":"ListItem","position":1,"name":"Portada","item":"https:\/\/luchonoticias.com\/editor\/"},{"@type":"ListItem","position":2,"name":"Colombia, tercer pa\u00eds en Am\u00e9rica en superar cifras prepandemia en turismo, seg\u00fan la Organizaci\u00f3n Mundial del Turismo"}]},{"@type":"WebSite","@id":"https:\/\/luchonoticias.com\/editor\/#website","url":"https:\/\/luchonoticias.com\/editor\/","name":"","description":"","publisher":{"@id":"https:\/\/luchonoticias.com\/editor\/#\/schema\/person\/7a7fd911f58561fd056dbac7b55af9cd"},"potentialAction":[{"@type":"SearchAction","target":{"@type":"EntryPoint","urlTemplate":"https:\/\/luchonoticias.com\/editor\/?s={search_term_string}"},"query-input":{"@type":"PropertyValueSpecification","valueRequired":true,"valueName":"search_term_string"}}],"inLanguage":"es"},{"@type":["Person","Organization"],"@id":"https:\/\/luchonoticias.com\/editor\/#\/schema\/person\/7a7fd911f58561fd056dbac7b55af9cd","name":"admin","image":{"@type":"ImageObject","inLanguage":"es","@id":"https:\/\/luchonoticias.com\/editor\/#\/schema\/person\/image\/","url":"https:\/\/luchonoticias.com\/editor\/wp-content\/uploads\/2024\/02\/cropped-cropped-logolu.webp","contentUrl":"https:\/\/luchonoticias.com\/editor\/wp-content\/uploads\/2024\/02\/cropped-cropped-logolu.webp","width":382,"height":170,"caption":"admin"},"logo":{"@id":"https:\/\/luchonoticias.com\/editor\/#\/schema\/person\/image\/"},"sameAs":["https:\/\/www.facebook.com\/luchonoticiasneiva"]},{"@type":"Person","@id":"https:\/\/luchonoticias.com\/editor\/#\/schema\/person\/29217990ddf6f14e35912b2866d591fb","name":"Editor General","image":{"@type":"ImageObject","inLanguage":"es","@id":"https:\/\/luchonoticias.com\/editor\/#\/schema\/person\/image\/","url":"https:\/\/luchonoticias.com\/editor\/wp-content\/uploads\/2024\/02\/cropped-cropped-logolu-150x150.webp","contentUrl":"https:\/\/luchonoticias.com\/editor\/wp-content\/uploads\/2024\/02\/cropped-cropped-logolu-150x150.webp","caption":"Editor General"},"sameAs":["https:\/\/luchonoticias.com\/"],"url":"https:\/\/luchonoticias.com\/editor\/author\/editor-general\/"}]}},"_links":{"self":[{"href":"https:\/\/luchonoticias.com\/editor\/wp-json\/wp\/v2\/posts\/55974","targetHints":{"allow":["GET"]}}],"collection":[{"href":"https:\/\/luchonoticias.com\/editor\/wp-json\/wp\/v2\/posts"}],"about":[{"href":"https:\/\/luchonoticias.com\/editor\/wp-json\/wp\/v2\/types\/post"}],"author":[{"embeddable":true,"href":"https:\/\/luchonoticias.com\/editor\/wp-json\/wp\/v2\/users\/2"}],"replies":[{"embeddable":true,"href":"https:\/\/luchonoticias.com\/editor\/wp-json\/wp\/v2\/comments?post=55974"}],"version-history":[{"count":0,"href":"https:\/\/luchonoticias.com\/editor\/wp-json\/wp\/v2\/posts\/55974\/revisions"}],"wp:attachment":[{"href":"https:\/\/luchonoticias.com\/editor\/wp-json\/wp\/v2\/media?parent=55974"}],"wp:term":[{"taxonomy":"category","embeddable":true,"href":"https:\/\/luchonoticias.com\/editor\/wp-json\/wp\/v2\/categories?post=55974"},{"taxonomy":"post_tag","embeddable":true,"href":"https:\/\/luchonoticias.com\/editor\/wp-json\/wp\/v2\/tags?post=55974"}],"curies":[{"name":"wp","href":"https:\/\/api.w.org\/{rel}","templated":true}]}}