{"id":55977,"date":"2023-07-05T11:23:36","date_gmt":"2023-07-05T16:23:36","guid":{"rendered":"https:\/\/luchonoticias.com\/?p=55977"},"modified":"2023-07-05T11:23:38","modified_gmt":"2023-07-05T16:23:38","slug":"policia-metropolitana-de-neiva-incauta-gran-cantidad-de-material-de-guerra","status":"publish","type":"post","link":"https:\/\/luchonoticias.com\/editor\/policia-metropolitana-de-neiva-incauta-gran-cantidad-de-material-de-guerra\/","title":{"rendered":"Polic\u00eda Metropolitana de Neiva incauta gran cantidad de material de guerra"},"content":{"rendered":"\n<p>Es as\u00ed, como en las \u00faltimas horas, gracias a informaci\u00f3n de la ciudadan\u00eda y a un trabajo articulado de nuestra Seccional de Inteligencia, Seccional de Investigaci\u00f3n Criminal y grupo de reacci\u00f3n\u00a0 FENIX, se logra en la vereda Mesa Redonda del municipio de Tello, el hallazgo de un deposito ilegal, tipo caleta, con material de guerra y elementos propagand\u00edsticos pertenecientes al Bloque Comandante Jorge Suarez Brice\u00f1o, del frente Dario Guti\u00e9rrez de las disidencias de las FARC EP.<\/p>\n\n\n\n<p><strong>De esta forma en el operativo, se logra incautar:<\/strong><\/p>\n\n\n\n<p>\u2022 1 escopeta automatica calibre 22 marca remington.<\/p>\n\n\n\n<p>\u2022 3.192 cartuchos calibre 5.56 mm.<\/p>\n\n\n\n<p>\u2022 540 cartuchos calibre 22 mm.<\/p>\n\n\n\n<p>\u2022 Cinta eslabonada para ametralladora calibre 5.56 con 60 cartuchos.<\/p>\n\n\n\n<p>\u2022 06 proveedores met\u00e1licos, para Fusil calibre 5.56 mm.<\/p>\n\n\n\n<p>\u2022 01 proveedor para pistola calibre 7.65.<\/p>\n\n\n\n<p>\u2022 2 proveedores para pistola calibre 9 mm.<\/p>\n\n\n\n<p>\u2022 3 pasacalles, 21 panfletos tipo afiche y 60 boletas de notificaci\u00f3n personal,\u00a0 alusivos al frente Dario Gutierrez de las disidencias de las FARC.<\/p>\n\n\n\n<figure class=\"wp-block-gallery has-nested-images columns-default is-cropped wp-block-gallery-1 is-layout-flex wp-block-gallery-is-layout-flex\">\n<figure class=\"wp-block-image size-large\"><img decoding=\"async\" data-id=\"55979\" src=\"https:\/\/luchonoticias.com\/wp-content\/uploads\/2023\/07\/WhatsApp-Image-2023-07-05-at-9.50.04-AM.jpeg\" alt=\"\" class=\"wp-image-55979\"\/><\/figure>\n\n\n\n<figure class=\"wp-block-image size-large\"><img decoding=\"async\" data-id=\"55980\" src=\"https:\/\/luchonoticias.com\/wp-content\/uploads\/2023\/07\/WhatsApp-Image-2023-07-05-at-9.50.03-AM-1.jpeg\" alt=\"\" class=\"wp-image-55980\"\/><\/figure>\n\n\n\n<figure class=\"wp-block-image size-large\"><img decoding=\"async\" data-id=\"55981\" src=\"https:\/\/luchonoticias.com\/wp-content\/uploads\/2023\/07\/WhatsApp-Image-2023-07-05-at-9.50.03-AM.jpeg\" alt=\"\" class=\"wp-image-55981\"\/><\/figure>\n<\/figure>\n\n\n\n<p>Estos elementos estaban siendo utilizados por este grupo armado ilegal, con el prop\u00f3sito de constre\u00f1ir y&nbsp; amenazar a los habitantes de la zona rural de los municipios de Tello, Baraya&nbsp; Villa Vieja y Neiva.<\/p>\n\n\n\n<p>Igualmente, con este resultado, se logra afectar de manera contundente la capacidad armada y accionar delictivo de esta estructura, la cual tendr\u00eda como objetivo la expansi\u00f3n territorial en el departamento del Huila;&nbsp; devolviendo as\u00ed, la tranquilidad a los residentes de esta regi\u00f3n del pa\u00eds.<\/p>\n\n\n\n<p>Estos elementos, fueron dejados a disposici\u00f3n de la Fiscal\u00eda General de la Naci\u00f3n, con el fin de robustecer los procesos investigativos que se adelantan en contra de este Grupo Armado Organizado ilegal, que pretende generar terror y zozobra en la comunidad huilense.<\/p>\n","protected":false},"excerpt":{"rendered":"<p>Es as\u00ed, como en las \u00faltimas horas, gracias a informaci\u00f3n de la ciudadan\u00eda y a un trabajo articulado de nuestra Seccional de Inteligencia, Seccional de Investigaci\u00f3n Criminal y grupo de reacci\u00f3n\u00a0 FENIX, se logra en la vereda Mesa Redonda del municipio de Tello, el hallazgo de un deposito ilegal, tipo caleta, con material de guerra [&hellip;]<\/p>\n","protected":false},"author":2,"featured_media":0,"comment_status":"open","ping_status":"open","sticky":false,"template":"","format":"standard","meta":{"footnotes":""},"categories":[36,29],"tags":[],"class_list":["post-55977","post","type-post","status-publish","format-standard","hentry","category-destacado","category-judicial"],"yoast_head":"<!-- This site is optimized with the Yoast SEO plugin v26.6 - https:\/\/yoast.com\/wordpress\/plugins\/seo\/ -->\n<title>Polic\u00eda Metropolitana de Neiva incauta gran cantidad de material de guerra -<\/title>\n<meta name=\"robots\" content=\"index, follow, max-snippet:-1, max-image-preview:large, max-video-preview:-1\" \/>\n<link rel=\"canonical\" href=\"https:\/\/luchonoticias.com\/editor\/policia-metropolitana-de-neiva-incauta-gran-cantidad-de-material-de-guerra\/\" \/>\n<meta property=\"og:locale\" content=\"es_ES\" \/>\n<meta property=\"og:type\" content=\"article\" \/>\n<meta property=\"og:title\" content=\"Polic\u00eda Metropolitana de Neiva incauta gran cantidad de material de guerra -\" \/>\n<meta property=\"og:url\" content=\"https:\/\/luchonoticias.com\/editor\/policia-metropolitana-de-neiva-incauta-gran-cantidad-de-material-de-guerra\/\" \/>\n<meta property=\"article:publisher\" content=\"https:\/\/www.facebook.com\/luchonoticiasneiva\" \/>\n<meta property=\"article:published_time\" content=\"2023-07-05T16:23:36+00:00\" \/>\n<meta property=\"article:modified_time\" content=\"2023-07-05T16:23:38+00:00\" \/>\n<meta property=\"og:image\" content=\"https:\/\/luchonoticias.com\/wp-content\/uploads\/2023\/07\/WhatsApp-Image-2023-07-05-at-9.50.04-AM.jpeg\" \/>\n<meta name=\"author\" content=\"Editor General\" \/>\n<meta name=\"twitter:card\" content=\"summary_large_image\" \/>\n<meta name=\"twitter:label1\" content=\"Escrito por\" \/>\n\t<meta name=\"twitter:data1\" content=\"Editor General\" \/>\n\t<meta name=\"twitter:label2\" content=\"Tiempo de lectura\" \/>\n\t<meta name=\"twitter:data2\" content=\"1 minuto\" \/>\n<script type=\"application\/ld+json\" class=\"yoast-schema-graph\">{\"@context\":\"https:\/\/schema.org\",\"@graph\":[{\"@type\":\"Article\",\"@id\":\"https:\/\/luchonoticias.com\/editor\/policia-metropolitana-de-neiva-incauta-gran-cantidad-de-material-de-guerra\/#article\",\"isPartOf\":{\"@id\":\"https:\/\/luchonoticias.com\/editor\/policia-metropolitana-de-neiva-incauta-gran-cantidad-de-material-de-guerra\/\"},\"author\":{\"name\":\"Editor General\",\"@id\":\"https:\/\/luchonoticias.com\/editor\/#\/schema\/person\/29217990ddf6f14e35912b2866d591fb\"},\"headline\":\"Polic\u00eda Metropolitana de Neiva incauta gran cantidad de material de guerra\",\"datePublished\":\"2023-07-05T16:23:36+00:00\",\"dateModified\":\"2023-07-05T16:23:38+00:00\",\"mainEntityOfPage\":{\"@id\":\"https:\/\/luchonoticias.com\/editor\/policia-metropolitana-de-neiva-incauta-gran-cantidad-de-material-de-guerra\/\"},\"wordCount\":291,\"commentCount\":0,\"publisher\":{\"@id\":\"https:\/\/luchonoticias.com\/editor\/#\/schema\/person\/7a7fd911f58561fd056dbac7b55af9cd\"},\"image\":{\"@id\":\"https:\/\/luchonoticias.com\/editor\/policia-metropolitana-de-neiva-incauta-gran-cantidad-de-material-de-guerra\/#primaryimage\"},\"thumbnailUrl\":\"https:\/\/luchonoticias.com\/wp-content\/uploads\/2023\/07\/WhatsApp-Image-2023-07-05-at-9.50.04-AM.jpeg\",\"articleSection\":[\"Destacado\",\"Judicial\"],\"inLanguage\":\"es\",\"potentialAction\":[{\"@type\":\"CommentAction\",\"name\":\"Comment\",\"target\":[\"https:\/\/luchonoticias.com\/editor\/policia-metropolitana-de-neiva-incauta-gran-cantidad-de-material-de-guerra\/#respond\"]}]},{\"@type\":\"WebPage\",\"@id\":\"https:\/\/luchonoticias.com\/editor\/policia-metropolitana-de-neiva-incauta-gran-cantidad-de-material-de-guerra\/\",\"url\":\"https:\/\/luchonoticias.com\/editor\/policia-metropolitana-de-neiva-incauta-gran-cantidad-de-material-de-guerra\/\",\"name\":\"Polic\u00eda Metropolitana de Neiva incauta gran cantidad de material de guerra -\",\"isPartOf\":{\"@id\":\"https:\/\/luchonoticias.com\/editor\/#website\"},\"primaryImageOfPage\":{\"@id\":\"https:\/\/luchonoticias.com\/editor\/policia-metropolitana-de-neiva-incauta-gran-cantidad-de-material-de-guerra\/#primaryimage\"},\"image\":{\"@id\":\"https:\/\/luchonoticias.com\/editor\/policia-metropolitana-de-neiva-incauta-gran-cantidad-de-material-de-guerra\/#primaryimage\"},\"thumbnailUrl\":\"https:\/\/luchonoticias.com\/wp-content\/uploads\/2023\/07\/WhatsApp-Image-2023-07-05-at-9.50.04-AM.jpeg\",\"datePublished\":\"2023-07-05T16:23:36+00:00\",\"dateModified\":\"2023-07-05T16:23:38+00:00\",\"breadcrumb\":{\"@id\":\"https:\/\/luchonoticias.com\/editor\/policia-metropolitana-de-neiva-incauta-gran-cantidad-de-material-de-guerra\/#breadcrumb\"},\"inLanguage\":\"es\",\"potentialAction\":[{\"@type\":\"ReadAction\",\"target\":[\"https:\/\/luchonoticias.com\/editor\/policia-metropolitana-de-neiva-incauta-gran-cantidad-de-material-de-guerra\/\"]}]},{\"@type\":\"ImageObject\",\"inLanguage\":\"es\",\"@id\":\"https:\/\/luchonoticias.com\/editor\/policia-metropolitana-de-neiva-incauta-gran-cantidad-de-material-de-guerra\/#primaryimage\",\"url\":\"https:\/\/luchonoticias.com\/wp-content\/uploads\/2023\/07\/WhatsApp-Image-2023-07-05-at-9.50.04-AM.jpeg\",\"contentUrl\":\"https:\/\/luchonoticias.com\/wp-content\/uploads\/2023\/07\/WhatsApp-Image-2023-07-05-at-9.50.04-AM.jpeg\"},{\"@type\":\"BreadcrumbList\",\"@id\":\"https:\/\/luchonoticias.com\/editor\/policia-metropolitana-de-neiva-incauta-gran-cantidad-de-material-de-guerra\/#breadcrumb\",\"itemListElement\":[{\"@type\":\"ListItem\",\"position\":1,\"name\":\"Portada\",\"item\":\"https:\/\/luchonoticias.com\/editor\/\"},{\"@type\":\"ListItem\",\"position\":2,\"name\":\"Polic\u00eda Metropolitana de Neiva incauta gran cantidad de material de guerra\"}]},{\"@type\":\"WebSite\",\"@id\":\"https:\/\/luchonoticias.com\/editor\/#website\",\"url\":\"https:\/\/luchonoticias.com\/editor\/\",\"name\":\"\",\"description\":\"\",\"publisher\":{\"@id\":\"https:\/\/luchonoticias.com\/editor\/#\/schema\/person\/7a7fd911f58561fd056dbac7b55af9cd\"},\"potentialAction\":[{\"@type\":\"SearchAction\",\"target\":{\"@type\":\"EntryPoint\",\"urlTemplate\":\"https:\/\/luchonoticias.com\/editor\/?s={search_term_string}\"},\"query-input\":{\"@type\":\"PropertyValueSpecification\",\"valueRequired\":true,\"valueName\":\"search_term_string\"}}],\"inLanguage\":\"es\"},{\"@type\":[\"Person\",\"Organization\"],\"@id\":\"https:\/\/luchonoticias.com\/editor\/#\/schema\/person\/7a7fd911f58561fd056dbac7b55af9cd\",\"name\":\"admin\",\"image\":{\"@type\":\"ImageObject\",\"inLanguage\":\"es\",\"@id\":\"https:\/\/luchonoticias.com\/editor\/#\/schema\/person\/image\/\",\"url\":\"https:\/\/luchonoticias.com\/editor\/wp-content\/uploads\/2024\/02\/cropped-cropped-logolu.webp\",\"contentUrl\":\"https:\/\/luchonoticias.com\/editor\/wp-content\/uploads\/2024\/02\/cropped-cropped-logolu.webp\",\"width\":382,\"height\":170,\"caption\":\"admin\"},\"logo\":{\"@id\":\"https:\/\/luchonoticias.com\/editor\/#\/schema\/person\/image\/\"},\"sameAs\":[\"https:\/\/www.facebook.com\/luchonoticiasneiva\"]},{\"@type\":\"Person\",\"@id\":\"https:\/\/luchonoticias.com\/editor\/#\/schema\/person\/29217990ddf6f14e35912b2866d591fb\",\"name\":\"Editor General\",\"image\":{\"@type\":\"ImageObject\",\"inLanguage\":\"es\",\"@id\":\"https:\/\/luchonoticias.com\/editor\/#\/schema\/person\/image\/\",\"url\":\"https:\/\/luchonoticias.com\/editor\/wp-content\/uploads\/2024\/02\/cropped-cropped-logolu-150x150.webp\",\"contentUrl\":\"https:\/\/luchonoticias.com\/editor\/wp-content\/uploads\/2024\/02\/cropped-cropped-logolu-150x150.webp\",\"caption\":\"Editor General\"},\"sameAs\":[\"https:\/\/luchonoticias.com\/\"],\"url\":\"https:\/\/luchonoticias.com\/editor\/author\/editor-general\/\"}]}<\/script>\n<!-- \/ Yoast SEO plugin. -->","yoast_head_json":{"title":"Polic\u00eda Metropolitana de Neiva incauta gran cantidad de material de guerra -","robots":{"index":"index","follow":"follow","max-snippet":"max-snippet:-1","max-image-preview":"max-image-preview:large","max-video-preview":"max-video-preview:-1"},"canonical":"https:\/\/luchonoticias.com\/editor\/policia-metropolitana-de-neiva-incauta-gran-cantidad-de-material-de-guerra\/","og_locale":"es_ES","og_type":"article","og_title":"Polic\u00eda Metropolitana de Neiva incauta gran cantidad de material de guerra -","og_url":"https:\/\/luchonoticias.com\/editor\/policia-metropolitana-de-neiva-incauta-gran-cantidad-de-material-de-guerra\/","article_publisher":"https:\/\/www.facebook.com\/luchonoticiasneiva","article_published_time":"2023-07-05T16:23:36+00:00","article_modified_time":"2023-07-05T16:23:38+00:00","og_image":[{"url":"https:\/\/luchonoticias.com\/wp-content\/uploads\/2023\/07\/WhatsApp-Image-2023-07-05-at-9.50.04-AM.jpeg","type":"","width":"","height":""}],"author":"Editor General","twitter_card":"summary_large_image","twitter_misc":{"Escrito por":"Editor General","Tiempo de lectura":"1 minuto"},"schema":{"@context":"https:\/\/schema.org","@graph":[{"@type":"Article","@id":"https:\/\/luchonoticias.com\/editor\/policia-metropolitana-de-neiva-incauta-gran-cantidad-de-material-de-guerra\/#article","isPartOf":{"@id":"https:\/\/luchonoticias.com\/editor\/policia-metropolitana-de-neiva-incauta-gran-cantidad-de-material-de-guerra\/"},"author":{"name":"Editor General","@id":"https:\/\/luchonoticias.com\/editor\/#\/schema\/person\/29217990ddf6f14e35912b2866d591fb"},"headline":"Polic\u00eda Metropolitana de Neiva incauta gran cantidad de material de guerra","datePublished":"2023-07-05T16:23:36+00:00","dateModified":"2023-07-05T16:23:38+00:00","mainEntityOfPage":{"@id":"https:\/\/luchonoticias.com\/editor\/policia-metropolitana-de-neiva-incauta-gran-cantidad-de-material-de-guerra\/"},"wordCount":291,"commentCount":0,"publisher":{"@id":"https:\/\/luchonoticias.com\/editor\/#\/schema\/person\/7a7fd911f58561fd056dbac7b55af9cd"},"image":{"@id":"https:\/\/luchonoticias.com\/editor\/policia-metropolitana-de-neiva-incauta-gran-cantidad-de-material-de-guerra\/#primaryimage"},"thumbnailUrl":"https:\/\/luchonoticias.com\/wp-content\/uploads\/2023\/07\/WhatsApp-Image-2023-07-05-at-9.50.04-AM.jpeg","articleSection":["Destacado","Judicial"],"inLanguage":"es","potentialAction":[{"@type":"CommentAction","name":"Comment","target":["https:\/\/luchonoticias.com\/editor\/policia-metropolitana-de-neiva-incauta-gran-cantidad-de-material-de-guerra\/#respond"]}]},{"@type":"WebPage","@id":"https:\/\/luchonoticias.com\/editor\/policia-metropolitana-de-neiva-incauta-gran-cantidad-de-material-de-guerra\/","url":"https:\/\/luchonoticias.com\/editor\/policia-metropolitana-de-neiva-incauta-gran-cantidad-de-material-de-guerra\/","name":"Polic\u00eda Metropolitana de Neiva incauta gran cantidad de material de guerra -","isPartOf":{"@id":"https:\/\/luchonoticias.com\/editor\/#website"},"primaryImageOfPage":{"@id":"https:\/\/luchonoticias.com\/editor\/policia-metropolitana-de-neiva-incauta-gran-cantidad-de-material-de-guerra\/#primaryimage"},"image":{"@id":"https:\/\/luchonoticias.com\/editor\/policia-metropolitana-de-neiva-incauta-gran-cantidad-de-material-de-guerra\/#primaryimage"},"thumbnailUrl":"https:\/\/luchonoticias.com\/wp-content\/uploads\/2023\/07\/WhatsApp-Image-2023-07-05-at-9.50.04-AM.jpeg","datePublished":"2023-07-05T16:23:36+00:00","dateModified":"2023-07-05T16:23:38+00:00","breadcrumb":{"@id":"https:\/\/luchonoticias.com\/editor\/policia-metropolitana-de-neiva-incauta-gran-cantidad-de-material-de-guerra\/#breadcrumb"},"inLanguage":"es","potentialAction":[{"@type":"ReadAction","target":["https:\/\/luchonoticias.com\/editor\/policia-metropolitana-de-neiva-incauta-gran-cantidad-de-material-de-guerra\/"]}]},{"@type":"ImageObject","inLanguage":"es","@id":"https:\/\/luchonoticias.com\/editor\/policia-metropolitana-de-neiva-incauta-gran-cantidad-de-material-de-guerra\/#primaryimage","url":"https:\/\/luchonoticias.com\/wp-content\/uploads\/2023\/07\/WhatsApp-Image-2023-07-05-at-9.50.04-AM.jpeg","contentUrl":"https:\/\/luchonoticias.com\/wp-content\/uploads\/2023\/07\/WhatsApp-Image-2023-07-05-at-9.50.04-AM.jpeg"},{"@type":"BreadcrumbList","@id":"https:\/\/luchonoticias.com\/editor\/policia-metropolitana-de-neiva-incauta-gran-cantidad-de-material-de-guerra\/#breadcrumb","itemListElement":[{"@type":"ListItem","position":1,"name":"Portada","item":"https:\/\/luchonoticias.com\/editor\/"},{"@type":"ListItem","position":2,"name":"Polic\u00eda Metropolitana de Neiva incauta gran cantidad de material de guerra"}]},{"@type":"WebSite","@id":"https:\/\/luchonoticias.com\/editor\/#website","url":"https:\/\/luchonoticias.com\/editor\/","name":"","description":"","publisher":{"@id":"https:\/\/luchonoticias.com\/editor\/#\/schema\/person\/7a7fd911f58561fd056dbac7b55af9cd"},"potentialAction":[{"@type":"SearchAction","target":{"@type":"EntryPoint","urlTemplate":"https:\/\/luchonoticias.com\/editor\/?s={search_term_string}"},"query-input":{"@type":"PropertyValueSpecification","valueRequired":true,"valueName":"search_term_string"}}],"inLanguage":"es"},{"@type":["Person","Organization"],"@id":"https:\/\/luchonoticias.com\/editor\/#\/schema\/person\/7a7fd911f58561fd056dbac7b55af9cd","name":"admin","image":{"@type":"ImageObject","inLanguage":"es","@id":"https:\/\/luchonoticias.com\/editor\/#\/schema\/person\/image\/","url":"https:\/\/luchonoticias.com\/editor\/wp-content\/uploads\/2024\/02\/cropped-cropped-logolu.webp","contentUrl":"https:\/\/luchonoticias.com\/editor\/wp-content\/uploads\/2024\/02\/cropped-cropped-logolu.webp","width":382,"height":170,"caption":"admin"},"logo":{"@id":"https:\/\/luchonoticias.com\/editor\/#\/schema\/person\/image\/"},"sameAs":["https:\/\/www.facebook.com\/luchonoticiasneiva"]},{"@type":"Person","@id":"https:\/\/luchonoticias.com\/editor\/#\/schema\/person\/29217990ddf6f14e35912b2866d591fb","name":"Editor General","image":{"@type":"ImageObject","inLanguage":"es","@id":"https:\/\/luchonoticias.com\/editor\/#\/schema\/person\/image\/","url":"https:\/\/luchonoticias.com\/editor\/wp-content\/uploads\/2024\/02\/cropped-cropped-logolu-150x150.webp","contentUrl":"https:\/\/luchonoticias.com\/editor\/wp-content\/uploads\/2024\/02\/cropped-cropped-logolu-150x150.webp","caption":"Editor General"},"sameAs":["https:\/\/luchonoticias.com\/"],"url":"https:\/\/luchonoticias.com\/editor\/author\/editor-general\/"}]}},"_links":{"self":[{"href":"https:\/\/luchonoticias.com\/editor\/wp-json\/wp\/v2\/posts\/55977","targetHints":{"allow":["GET"]}}],"collection":[{"href":"https:\/\/luchonoticias.com\/editor\/wp-json\/wp\/v2\/posts"}],"about":[{"href":"https:\/\/luchonoticias.com\/editor\/wp-json\/wp\/v2\/types\/post"}],"author":[{"embeddable":true,"href":"https:\/\/luchonoticias.com\/editor\/wp-json\/wp\/v2\/users\/2"}],"replies":[{"embeddable":true,"href":"https:\/\/luchonoticias.com\/editor\/wp-json\/wp\/v2\/comments?post=55977"}],"version-history":[{"count":0,"href":"https:\/\/luchonoticias.com\/editor\/wp-json\/wp\/v2\/posts\/55977\/revisions"}],"wp:attachment":[{"href":"https:\/\/luchonoticias.com\/editor\/wp-json\/wp\/v2\/media?parent=55977"}],"wp:term":[{"taxonomy":"category","embeddable":true,"href":"https:\/\/luchonoticias.com\/editor\/wp-json\/wp\/v2\/categories?post=55977"},{"taxonomy":"post_tag","embeddable":true,"href":"https:\/\/luchonoticias.com\/editor\/wp-json\/wp\/v2\/tags?post=55977"}],"curies":[{"name":"wp","href":"https:\/\/api.w.org\/{rel}","templated":true}]}}