{"id":56151,"date":"2023-07-08T05:42:50","date_gmt":"2023-07-08T10:42:50","guid":{"rendered":"https:\/\/luchonoticias.com\/?p=56151"},"modified":"2023-07-08T05:42:51","modified_gmt":"2023-07-08T10:42:51","slug":"petro-y-lula-da-silva-suman-esfuerzos-para-revertir-el-deterioro-acelerado-de-la-amazonia-y-trabajar-por-su-restauracion","status":"publish","type":"post","link":"https:\/\/luchonoticias.com\/editor\/petro-y-lula-da-silva-suman-esfuerzos-para-revertir-el-deterioro-acelerado-de-la-amazonia-y-trabajar-por-su-restauracion\/","title":{"rendered":"Petro y Lula da Silva suman esfuerzos para revertir el deterioro acelerado de la Amazon\u00eda y trabajar por su restauraci\u00f3n"},"content":{"rendered":"\n<p>El Presidente Gustavo Petro participar\u00e1 este s\u00e1bado 8 de julio en la plenaria de cierre de la reuni\u00f3n t\u00e9cnico cient\u00edfica de la Amazon\u00eda, en el municipio de Leticia, y tambi\u00e9n sostendr\u00e1 un encuentro con su hom\u00f3logo de Brasil, Luiz In\u00e1cio Lula da Silva, con el fin de revertir el deterioro acelerado del Bioma Amaz\u00f3nico y trabajar por su restauraci\u00f3n.<\/p>\n\n\n\n<p>Esta cumbre pretende acordar una estrategia que garantice la integridad del ecosistema, detener la acci\u00f3n y el uso destructivo de la tierra y evitar que se alcance el punto de no retorno, como respuesta frente a la crisis clim\u00e1tica y de biodiversidad.<\/p>\n\n\n\n<p>El encuentro entre los dos Jefes de Estado, quienes estar\u00e1n acompa\u00f1ados por sus respectivas delegaciones, tendr\u00e1 lugar en la sede de la Universidad Nacional de Colombia en Leticia, momentos antes de la plenaria de cierre de la reuni\u00f3n t\u00e9cnico cient\u00edfica de la Amazon\u00eda.<\/p>\n\n\n\n<p>En tal sentido, al Presidente Petro lo acompa\u00f1ar\u00e1n el Canciller \u00c1lvaro Leyva; el Director del Dapre, Carlos Ram\u00f3n Gonz\u00e1lez; la Ministra de Ambiente, Susana Mohammad; la Ministra de Agricultura, Jennifer Mojica, y el Embajador de Colombia en Brasil, Guillermo Rivera.<\/p>\n\n\n\n<p>Entre tanto, el Presidente Lula da Silva estar\u00e1 acompa\u00f1ado de la Primera Dama del pa\u00eds, Ros\u00e2ngela Lula da Silva; el Canciller Mauro Viera; la Ministra de Medio Ambiente, Marina Silva; la Ministra de Pueblos Ind\u00edgenas, S\u00f4nia Guajajara; el Ministro Jefe de la Secretar\u00eda de las Comunicaciones, Paulo Pimienta, y Celso Amorim, Asesor Especial de Presidencia de la Rep\u00fablica.<\/p>\n\n\n\n<p>Posteriormente, los dos Mandatarios y sus delegaciones participar\u00e1n en la plenaria de cierre de la reuni\u00f3n t\u00e9cnico cient\u00edfica de la Amazon\u00eda, que contar\u00e1 con la presencia de pueblos ind\u00edgenas, organizaciones no gubernamentales y sociedad civil; miembros de pa\u00edses cooperantes, acad\u00e9micos y cient\u00edficos; empresas y sectores productivos, as\u00ed como las autoridades regionales y locales.<\/p>\n\n\n\n<p>Esta plenaria representa el punto de partida para la creaci\u00f3n de una nueva agenda para el Bioma Amaz\u00f3nico basada en la ciencia, el conocimiento ancestral, la inclusi\u00f3n social y la participaci\u00f3n de todos los actores que aportar\u00e1n al dise\u00f1o e implementaci\u00f3n de pol\u00edticas p\u00fablicas innovadoras de protecci\u00f3n para este importante ecosistema.<\/p>\n\n\n\n<p>Asimismo, el Presidente Petro sostendr\u00e1 un encuentro con el Comisario Europeo de Medioambiente, Oc\u00e9anos y Pesca, Virginijus Sinkevi\u010dius, con el fin de acordar canales de acci\u00f3n y de cooperaci\u00f3n para la protecci\u00f3n y conservaci\u00f3n del Bioma Amaz\u00f3nico.<\/p>\n\n\n\n<p><strong>Un fondo multilateral<\/strong><\/p>\n\n\n\n<p>Cabe recordar que en diferentes escenarios internacionales el Presidente Petro ha venido expresando su preocupaci\u00f3n por el acelerado proceso de deterioro de la selva amaz\u00f3nica, por acci\u00f3n del hombre y tambi\u00e9n por el mismo calentamiento global.<\/p>\n\n\n\n<p>En la \u00faltima cumbre ambiental que organiz\u00f3 Naciones Unidas, desarrollada en Egipto, el Mandatario indic\u00f3 que salvar la selva amaz\u00f3nica es una tarea sustancial.<\/p>\n\n\n\n<p>\u201cLa selva amaz\u00f3nica, junto a polos y oc\u00e9anos y bosques del norte Canad\u00e1 y Siberia son los pilares clim\u00e1ticos, cuya destrucci\u00f3n provoca un punto de no retorno, un camino hacia la extinci\u00f3n de la vida en el planeta. Salvar la selva amaz\u00f3nica no es la principal pol\u00edtica, pero s\u00ed es sustancial como parte de una agenda a la soluci\u00f3n de la crisis clim\u00e1tica. Es una de las grandes esponjas de absorci\u00f3n de CO2, que se puede convertir en uno de los m\u00e1s grandes emisores del CO2 a la atm\u00f3sfera, si se quema\u201d, manifest\u00f3.<\/p>\n\n\n\n<p>En ese evento tambi\u00e9n afirm\u00f3 que la propuesta de Colombia es establecer un fondo multilateral, \u201cque sea capaz durante 20 a\u00f1os, de financiar a las fuerzas sociales, campesinas, agricultoras, en general personas humildes, que son hoy el agente de destrucci\u00f3n de la selva. Transformarlos en una fuerza positiva que significa pagarles mensualmente servicios ambientales por cuidar y dejar crecer la selva amaz\u00f3nica\u201d.<\/p>\n","protected":false},"excerpt":{"rendered":"<p>El Presidente Gustavo Petro participar\u00e1 este s\u00e1bado 8 de julio en la plenaria de cierre de la reuni\u00f3n t\u00e9cnico cient\u00edfica de la Amazon\u00eda, en el municipio de Leticia, y tambi\u00e9n sostendr\u00e1 un encuentro con su hom\u00f3logo de Brasil, Luiz In\u00e1cio Lula da Silva, con el fin de revertir el deterioro acelerado del Bioma Amaz\u00f3nico y [&hellip;]<\/p>\n","protected":false},"author":2,"featured_media":0,"comment_status":"open","ping_status":"open","sticky":false,"template":"","format":"standard","meta":{"footnotes":""},"categories":[28,36],"tags":[],"class_list":["post-56151","post","type-post","status-publish","format-standard","hentry","category-actualidad","category-destacado"],"yoast_head":"<!-- This site is optimized with the Yoast SEO plugin v26.6 - https:\/\/yoast.com\/wordpress\/plugins\/seo\/ -->\n<title>Petro y Lula da Silva suman esfuerzos para revertir el deterioro acelerado de la Amazon\u00eda y trabajar por su restauraci\u00f3n -<\/title>\n<meta name=\"robots\" content=\"index, follow, max-snippet:-1, max-image-preview:large, max-video-preview:-1\" \/>\n<link rel=\"canonical\" href=\"https:\/\/luchonoticias.com\/editor\/petro-y-lula-da-silva-suman-esfuerzos-para-revertir-el-deterioro-acelerado-de-la-amazonia-y-trabajar-por-su-restauracion\/\" \/>\n<meta property=\"og:locale\" content=\"es_ES\" \/>\n<meta property=\"og:type\" content=\"article\" \/>\n<meta property=\"og:title\" content=\"Petro y Lula da Silva suman esfuerzos para revertir el deterioro acelerado de la Amazon\u00eda y trabajar por su restauraci\u00f3n -\" \/>\n<meta property=\"og:url\" content=\"https:\/\/luchonoticias.com\/editor\/petro-y-lula-da-silva-suman-esfuerzos-para-revertir-el-deterioro-acelerado-de-la-amazonia-y-trabajar-por-su-restauracion\/\" \/>\n<meta property=\"article:publisher\" content=\"https:\/\/www.facebook.com\/luchonoticiasneiva\" \/>\n<meta property=\"article:published_time\" content=\"2023-07-08T10:42:50+00:00\" \/>\n<meta property=\"article:modified_time\" content=\"2023-07-08T10:42:51+00:00\" \/>\n<meta name=\"author\" content=\"Editor General\" \/>\n<meta name=\"twitter:card\" content=\"summary_large_image\" \/>\n<meta name=\"twitter:label1\" content=\"Escrito por\" \/>\n\t<meta name=\"twitter:data1\" content=\"Editor General\" \/>\n\t<meta name=\"twitter:label2\" content=\"Tiempo de lectura\" \/>\n\t<meta name=\"twitter:data2\" content=\"3 minutos\" \/>\n<script type=\"application\/ld+json\" class=\"yoast-schema-graph\">{\"@context\":\"https:\/\/schema.org\",\"@graph\":[{\"@type\":\"Article\",\"@id\":\"https:\/\/luchonoticias.com\/editor\/petro-y-lula-da-silva-suman-esfuerzos-para-revertir-el-deterioro-acelerado-de-la-amazonia-y-trabajar-por-su-restauracion\/#article\",\"isPartOf\":{\"@id\":\"https:\/\/luchonoticias.com\/editor\/petro-y-lula-da-silva-suman-esfuerzos-para-revertir-el-deterioro-acelerado-de-la-amazonia-y-trabajar-por-su-restauracion\/\"},\"author\":{\"name\":\"Editor General\",\"@id\":\"https:\/\/luchonoticias.com\/editor\/#\/schema\/person\/29217990ddf6f14e35912b2866d591fb\"},\"headline\":\"Petro y Lula da Silva suman esfuerzos para revertir el deterioro acelerado de la Amazon\u00eda y trabajar por su restauraci\u00f3n\",\"datePublished\":\"2023-07-08T10:42:50+00:00\",\"dateModified\":\"2023-07-08T10:42:51+00:00\",\"mainEntityOfPage\":{\"@id\":\"https:\/\/luchonoticias.com\/editor\/petro-y-lula-da-silva-suman-esfuerzos-para-revertir-el-deterioro-acelerado-de-la-amazonia-y-trabajar-por-su-restauracion\/\"},\"wordCount\":697,\"commentCount\":0,\"publisher\":{\"@id\":\"https:\/\/luchonoticias.com\/editor\/#\/schema\/person\/7a7fd911f58561fd056dbac7b55af9cd\"},\"articleSection\":[\"Actualidad\",\"Destacado\"],\"inLanguage\":\"es\",\"potentialAction\":[{\"@type\":\"CommentAction\",\"name\":\"Comment\",\"target\":[\"https:\/\/luchonoticias.com\/editor\/petro-y-lula-da-silva-suman-esfuerzos-para-revertir-el-deterioro-acelerado-de-la-amazonia-y-trabajar-por-su-restauracion\/#respond\"]}]},{\"@type\":\"WebPage\",\"@id\":\"https:\/\/luchonoticias.com\/editor\/petro-y-lula-da-silva-suman-esfuerzos-para-revertir-el-deterioro-acelerado-de-la-amazonia-y-trabajar-por-su-restauracion\/\",\"url\":\"https:\/\/luchonoticias.com\/editor\/petro-y-lula-da-silva-suman-esfuerzos-para-revertir-el-deterioro-acelerado-de-la-amazonia-y-trabajar-por-su-restauracion\/\",\"name\":\"Petro y Lula da Silva suman esfuerzos para revertir el deterioro acelerado de la Amazon\u00eda y trabajar por su restauraci\u00f3n -\",\"isPartOf\":{\"@id\":\"https:\/\/luchonoticias.com\/editor\/#website\"},\"datePublished\":\"2023-07-08T10:42:50+00:00\",\"dateModified\":\"2023-07-08T10:42:51+00:00\",\"breadcrumb\":{\"@id\":\"https:\/\/luchonoticias.com\/editor\/petro-y-lula-da-silva-suman-esfuerzos-para-revertir-el-deterioro-acelerado-de-la-amazonia-y-trabajar-por-su-restauracion\/#breadcrumb\"},\"inLanguage\":\"es\",\"potentialAction\":[{\"@type\":\"ReadAction\",\"target\":[\"https:\/\/luchonoticias.com\/editor\/petro-y-lula-da-silva-suman-esfuerzos-para-revertir-el-deterioro-acelerado-de-la-amazonia-y-trabajar-por-su-restauracion\/\"]}]},{\"@type\":\"BreadcrumbList\",\"@id\":\"https:\/\/luchonoticias.com\/editor\/petro-y-lula-da-silva-suman-esfuerzos-para-revertir-el-deterioro-acelerado-de-la-amazonia-y-trabajar-por-su-restauracion\/#breadcrumb\",\"itemListElement\":[{\"@type\":\"ListItem\",\"position\":1,\"name\":\"Portada\",\"item\":\"https:\/\/luchonoticias.com\/editor\/\"},{\"@type\":\"ListItem\",\"position\":2,\"name\":\"Petro y Lula da Silva suman esfuerzos para revertir el deterioro acelerado de la Amazon\u00eda y trabajar por su restauraci\u00f3n\"}]},{\"@type\":\"WebSite\",\"@id\":\"https:\/\/luchonoticias.com\/editor\/#website\",\"url\":\"https:\/\/luchonoticias.com\/editor\/\",\"name\":\"\",\"description\":\"\",\"publisher\":{\"@id\":\"https:\/\/luchonoticias.com\/editor\/#\/schema\/person\/7a7fd911f58561fd056dbac7b55af9cd\"},\"potentialAction\":[{\"@type\":\"SearchAction\",\"target\":{\"@type\":\"EntryPoint\",\"urlTemplate\":\"https:\/\/luchonoticias.com\/editor\/?s={search_term_string}\"},\"query-input\":{\"@type\":\"PropertyValueSpecification\",\"valueRequired\":true,\"valueName\":\"search_term_string\"}}],\"inLanguage\":\"es\"},{\"@type\":[\"Person\",\"Organization\"],\"@id\":\"https:\/\/luchonoticias.com\/editor\/#\/schema\/person\/7a7fd911f58561fd056dbac7b55af9cd\",\"name\":\"admin\",\"image\":{\"@type\":\"ImageObject\",\"inLanguage\":\"es\",\"@id\":\"https:\/\/luchonoticias.com\/editor\/#\/schema\/person\/image\/\",\"url\":\"https:\/\/luchonoticias.com\/editor\/wp-content\/uploads\/2024\/02\/cropped-cropped-logolu.webp\",\"contentUrl\":\"https:\/\/luchonoticias.com\/editor\/wp-content\/uploads\/2024\/02\/cropped-cropped-logolu.webp\",\"width\":382,\"height\":170,\"caption\":\"admin\"},\"logo\":{\"@id\":\"https:\/\/luchonoticias.com\/editor\/#\/schema\/person\/image\/\"},\"sameAs\":[\"https:\/\/www.facebook.com\/luchonoticiasneiva\"]},{\"@type\":\"Person\",\"@id\":\"https:\/\/luchonoticias.com\/editor\/#\/schema\/person\/29217990ddf6f14e35912b2866d591fb\",\"name\":\"Editor General\",\"image\":{\"@type\":\"ImageObject\",\"inLanguage\":\"es\",\"@id\":\"https:\/\/luchonoticias.com\/editor\/#\/schema\/person\/image\/\",\"url\":\"https:\/\/luchonoticias.com\/editor\/wp-content\/uploads\/2024\/02\/cropped-cropped-logolu-150x150.webp\",\"contentUrl\":\"https:\/\/luchonoticias.com\/editor\/wp-content\/uploads\/2024\/02\/cropped-cropped-logolu-150x150.webp\",\"caption\":\"Editor General\"},\"sameAs\":[\"https:\/\/luchonoticias.com\/\"],\"url\":\"https:\/\/luchonoticias.com\/editor\/author\/editor-general\/\"}]}<\/script>\n<!-- \/ Yoast SEO plugin. -->","yoast_head_json":{"title":"Petro y Lula da Silva suman esfuerzos para revertir el deterioro acelerado de la Amazon\u00eda y trabajar por su restauraci\u00f3n -","robots":{"index":"index","follow":"follow","max-snippet":"max-snippet:-1","max-image-preview":"max-image-preview:large","max-video-preview":"max-video-preview:-1"},"canonical":"https:\/\/luchonoticias.com\/editor\/petro-y-lula-da-silva-suman-esfuerzos-para-revertir-el-deterioro-acelerado-de-la-amazonia-y-trabajar-por-su-restauracion\/","og_locale":"es_ES","og_type":"article","og_title":"Petro y Lula da Silva suman esfuerzos para revertir el deterioro acelerado de la Amazon\u00eda y trabajar por su restauraci\u00f3n -","og_url":"https:\/\/luchonoticias.com\/editor\/petro-y-lula-da-silva-suman-esfuerzos-para-revertir-el-deterioro-acelerado-de-la-amazonia-y-trabajar-por-su-restauracion\/","article_publisher":"https:\/\/www.facebook.com\/luchonoticiasneiva","article_published_time":"2023-07-08T10:42:50+00:00","article_modified_time":"2023-07-08T10:42:51+00:00","author":"Editor General","twitter_card":"summary_large_image","twitter_misc":{"Escrito por":"Editor General","Tiempo de lectura":"3 minutos"},"schema":{"@context":"https:\/\/schema.org","@graph":[{"@type":"Article","@id":"https:\/\/luchonoticias.com\/editor\/petro-y-lula-da-silva-suman-esfuerzos-para-revertir-el-deterioro-acelerado-de-la-amazonia-y-trabajar-por-su-restauracion\/#article","isPartOf":{"@id":"https:\/\/luchonoticias.com\/editor\/petro-y-lula-da-silva-suman-esfuerzos-para-revertir-el-deterioro-acelerado-de-la-amazonia-y-trabajar-por-su-restauracion\/"},"author":{"name":"Editor General","@id":"https:\/\/luchonoticias.com\/editor\/#\/schema\/person\/29217990ddf6f14e35912b2866d591fb"},"headline":"Petro y Lula da Silva suman esfuerzos para revertir el deterioro acelerado de la Amazon\u00eda y trabajar por su restauraci\u00f3n","datePublished":"2023-07-08T10:42:50+00:00","dateModified":"2023-07-08T10:42:51+00:00","mainEntityOfPage":{"@id":"https:\/\/luchonoticias.com\/editor\/petro-y-lula-da-silva-suman-esfuerzos-para-revertir-el-deterioro-acelerado-de-la-amazonia-y-trabajar-por-su-restauracion\/"},"wordCount":697,"commentCount":0,"publisher":{"@id":"https:\/\/luchonoticias.com\/editor\/#\/schema\/person\/7a7fd911f58561fd056dbac7b55af9cd"},"articleSection":["Actualidad","Destacado"],"inLanguage":"es","potentialAction":[{"@type":"CommentAction","name":"Comment","target":["https:\/\/luchonoticias.com\/editor\/petro-y-lula-da-silva-suman-esfuerzos-para-revertir-el-deterioro-acelerado-de-la-amazonia-y-trabajar-por-su-restauracion\/#respond"]}]},{"@type":"WebPage","@id":"https:\/\/luchonoticias.com\/editor\/petro-y-lula-da-silva-suman-esfuerzos-para-revertir-el-deterioro-acelerado-de-la-amazonia-y-trabajar-por-su-restauracion\/","url":"https:\/\/luchonoticias.com\/editor\/petro-y-lula-da-silva-suman-esfuerzos-para-revertir-el-deterioro-acelerado-de-la-amazonia-y-trabajar-por-su-restauracion\/","name":"Petro y Lula da Silva suman esfuerzos para revertir el deterioro acelerado de la Amazon\u00eda y trabajar por su restauraci\u00f3n -","isPartOf":{"@id":"https:\/\/luchonoticias.com\/editor\/#website"},"datePublished":"2023-07-08T10:42:50+00:00","dateModified":"2023-07-08T10:42:51+00:00","breadcrumb":{"@id":"https:\/\/luchonoticias.com\/editor\/petro-y-lula-da-silva-suman-esfuerzos-para-revertir-el-deterioro-acelerado-de-la-amazonia-y-trabajar-por-su-restauracion\/#breadcrumb"},"inLanguage":"es","potentialAction":[{"@type":"ReadAction","target":["https:\/\/luchonoticias.com\/editor\/petro-y-lula-da-silva-suman-esfuerzos-para-revertir-el-deterioro-acelerado-de-la-amazonia-y-trabajar-por-su-restauracion\/"]}]},{"@type":"BreadcrumbList","@id":"https:\/\/luchonoticias.com\/editor\/petro-y-lula-da-silva-suman-esfuerzos-para-revertir-el-deterioro-acelerado-de-la-amazonia-y-trabajar-por-su-restauracion\/#breadcrumb","itemListElement":[{"@type":"ListItem","position":1,"name":"Portada","item":"https:\/\/luchonoticias.com\/editor\/"},{"@type":"ListItem","position":2,"name":"Petro y Lula da Silva suman esfuerzos para revertir el deterioro acelerado de la Amazon\u00eda y trabajar por su restauraci\u00f3n"}]},{"@type":"WebSite","@id":"https:\/\/luchonoticias.com\/editor\/#website","url":"https:\/\/luchonoticias.com\/editor\/","name":"","description":"","publisher":{"@id":"https:\/\/luchonoticias.com\/editor\/#\/schema\/person\/7a7fd911f58561fd056dbac7b55af9cd"},"potentialAction":[{"@type":"SearchAction","target":{"@type":"EntryPoint","urlTemplate":"https:\/\/luchonoticias.com\/editor\/?s={search_term_string}"},"query-input":{"@type":"PropertyValueSpecification","valueRequired":true,"valueName":"search_term_string"}}],"inLanguage":"es"},{"@type":["Person","Organization"],"@id":"https:\/\/luchonoticias.com\/editor\/#\/schema\/person\/7a7fd911f58561fd056dbac7b55af9cd","name":"admin","image":{"@type":"ImageObject","inLanguage":"es","@id":"https:\/\/luchonoticias.com\/editor\/#\/schema\/person\/image\/","url":"https:\/\/luchonoticias.com\/editor\/wp-content\/uploads\/2024\/02\/cropped-cropped-logolu.webp","contentUrl":"https:\/\/luchonoticias.com\/editor\/wp-content\/uploads\/2024\/02\/cropped-cropped-logolu.webp","width":382,"height":170,"caption":"admin"},"logo":{"@id":"https:\/\/luchonoticias.com\/editor\/#\/schema\/person\/image\/"},"sameAs":["https:\/\/www.facebook.com\/luchonoticiasneiva"]},{"@type":"Person","@id":"https:\/\/luchonoticias.com\/editor\/#\/schema\/person\/29217990ddf6f14e35912b2866d591fb","name":"Editor General","image":{"@type":"ImageObject","inLanguage":"es","@id":"https:\/\/luchonoticias.com\/editor\/#\/schema\/person\/image\/","url":"https:\/\/luchonoticias.com\/editor\/wp-content\/uploads\/2024\/02\/cropped-cropped-logolu-150x150.webp","contentUrl":"https:\/\/luchonoticias.com\/editor\/wp-content\/uploads\/2024\/02\/cropped-cropped-logolu-150x150.webp","caption":"Editor General"},"sameAs":["https:\/\/luchonoticias.com\/"],"url":"https:\/\/luchonoticias.com\/editor\/author\/editor-general\/"}]}},"_links":{"self":[{"href":"https:\/\/luchonoticias.com\/editor\/wp-json\/wp\/v2\/posts\/56151","targetHints":{"allow":["GET"]}}],"collection":[{"href":"https:\/\/luchonoticias.com\/editor\/wp-json\/wp\/v2\/posts"}],"about":[{"href":"https:\/\/luchonoticias.com\/editor\/wp-json\/wp\/v2\/types\/post"}],"author":[{"embeddable":true,"href":"https:\/\/luchonoticias.com\/editor\/wp-json\/wp\/v2\/users\/2"}],"replies":[{"embeddable":true,"href":"https:\/\/luchonoticias.com\/editor\/wp-json\/wp\/v2\/comments?post=56151"}],"version-history":[{"count":0,"href":"https:\/\/luchonoticias.com\/editor\/wp-json\/wp\/v2\/posts\/56151\/revisions"}],"wp:attachment":[{"href":"https:\/\/luchonoticias.com\/editor\/wp-json\/wp\/v2\/media?parent=56151"}],"wp:term":[{"taxonomy":"category","embeddable":true,"href":"https:\/\/luchonoticias.com\/editor\/wp-json\/wp\/v2\/categories?post=56151"},{"taxonomy":"post_tag","embeddable":true,"href":"https:\/\/luchonoticias.com\/editor\/wp-json\/wp\/v2\/tags?post=56151"}],"curies":[{"name":"wp","href":"https:\/\/api.w.org\/{rel}","templated":true}]}}