{"id":56154,"date":"2023-07-08T05:45:49","date_gmt":"2023-07-08T10:45:49","guid":{"rendered":"https:\/\/luchonoticias.com\/?p=56154"},"modified":"2023-07-08T05:46:22","modified_gmt":"2023-07-08T10:46:22","slug":"es-mejor-cargar-un-libro-que-un-fusil-presidente-petro","status":"publish","type":"post","link":"https:\/\/luchonoticias.com\/editor\/es-mejor-cargar-un-libro-que-un-fusil-presidente-petro\/","title":{"rendered":"\u2018Es mejor cargar un libro que un fusil\u2019, Presidente Petro"},"content":{"rendered":"\n<p>Al anunciar la apertura de mil cupos adicionales de educaci\u00f3n superior en Buenaventura, el Presidente Gustavo Petro invit\u00f3 este viernes a todos los j\u00f3venes, incluidos los que est\u00e1n en los grupos armados, a entrar a estudiar, porque \u2013dijo\u2013 \u201ces mejor cargar un libro que un fusil\u201d.<\/p>\n\n\n\n<p>Durante el Di\u00e1logo Social por la Vida y la Paz, realizado este viernes en la ciudad portuaria, el Mandatario precis\u00f3 que este aumento de cupos hace parte del programa \u2018Universidad en el Territorio\u2019, del Ministerio de Educaci\u00f3n, que es una promesa cumplida de la campa\u00f1a electoral y que se propone incrementar en 500 mil los cupos de la educaci\u00f3n superior en el pa\u00eds.<\/p>\n\n\n\n<p>Al respecto precis\u00f3: \u201cEn este momento se le ha entregado por convenio, creo, a la Universidad del Pac\u00edfico una cantidad suficiente de recursos para aumentar en mil los cupos de educaci\u00f3n superior en Buenaventura. Eso tiene un objetivo, y es que mil j\u00f3venes de Buenaventura entren a la universidad de manera adicional. El n\u00famero a\u00fan es peque\u00f1o, pero es importante, porque eso significa que le quitamos mil j\u00f3venes a la violencia\u201d.<\/p>\n\n\n\n<p>En su discurso, el Jefe de Estado envi\u00f3 un mensaje a los j\u00f3venes del puerto, a quienes les dijo que \u201ceste Gobierno los desea en la universidad, los quiere estudiando\u201d y consider\u00f3 que \u201cesos mil nuevos cupos deben ser la primera piedra de la construcci\u00f3n de la paz en Buenaventura\u201d.<\/p>\n\n\n\n<p>\u201cA los j\u00f3venes que andan por all\u00ed en los Shottas, en los Espartanos, en los no s\u00e9 qu\u00e9 de Jalisco los invitamos a que vengan a estudiar\u201d, dijo y reiter\u00f3 que \u201ces mejor cargar un libro que un fusil\u201d, porque \u201cen el libro encontrar\u00e1n m\u00e1s riqueza que en el fusil, que solo sirve para matar\u201d.<\/p>\n\n\n\n<p>\u201cEn el libro est\u00e1 la ciencia, la poes\u00eda o lo que haya all\u00ed de contenidos. Una exploraci\u00f3n cerebral que es mucho m\u00e1s profunda que la simple exploraci\u00f3n de un dedo apretando un gatillo\u201d, sostuvo.<\/p>\n\n\n\n<p>De acuerdo con el Presidente Petro, con el programa \u2018Universidad en el Territorio\u2019 el Gobierno del Cambio busca saldar una deuda hist\u00f3rica, lo cual requiere de la ayuda de rectores y rectoras de las universidades p\u00fablicas para que los recursos sean bien invertidos y tengan el impacto social requerido.<\/p>\n\n\n\n<p><a href=\"https:\/\/youtube.com\/watch?v=SEkHcj-tDSM%3Frel%3D0\">https:\/\/youtube.com\/watch?v=SEkHcj-tDSM%3Frel%3D0<\/a><\/p>\n\n\n\n<p>En este sentido, explic\u00f3: \u201cNo queremos que al hacer voluminosas transferencias, que van a alcanzar m\u00e1s de los 5 billones de pesos con este destino, terminen pagando pensiones, emolumentos, construyendo al final una burocracia que se chupa el recurso p\u00fablico y no permite el aumento en cobertura y calidad\u201d.<\/p>\n\n\n\n<p>En su intervenci\u00f3n, el Mandatario se refiri\u00f3 tambi\u00e9n al programa J\u00f3venes en Paz, que se adelanta en alianza con la curia cat\u00f3lica de Buenaventura.<\/p>\n\n\n\n<p>\u201cNo es solamente que vamos a abrir el cupo en la educaci\u00f3n superior, sino que vamos a entregar un dinero para que no haya un obst\u00e1culo si tienen hijos y hay que llevar comida al hogar y hay que sostener desde muy joven la ni\u00f1ez\u201d, dijo.<\/p>\n\n\n\n<p>De manera que \u2013agreg\u00f3\u2013 \u201cel Gobierno va a aportar un dinero para que tambi\u00e9n, al mismo tiempo que se sostiene el hogar y se evita caer en la trampa del traqueto, entonces se pueda estudiar en la universidad\u201d.<\/p>\n\n\n\n<p>\u201cEntonces ese programa se va a complementar con lo que nosotros llamamos J\u00f3venes en Paz: ser\u00e1n miles de j\u00f3venes a los cuales les vamos a pagar por no matar, por no participar de la violencia, por estudiar. Les vamos a dar una ayuda para que entren al Sena, que aqu\u00ed tiene un compromiso que tiene que cumplirse, y para entrar a la universidad\u201d, manifest\u00f3.<\/p>\n\n\n\n<p>El Presidente Petro puntualiz\u00f3 que el prop\u00f3sito del Gobierno es construir una red de j\u00f3venes en los barrios y las veredas del puerto, para entregarle a Buenaventura una generaci\u00f3n juvenil que construya el verdadero desarrollo del Litoral Pac\u00edfico y que tenga una vida en dignidad y sea potencia mundial de la vida.<\/p>\n","protected":false},"excerpt":{"rendered":"<p>Al anunciar la apertura de mil cupos adicionales de educaci\u00f3n superior en Buenaventura, el Presidente Gustavo Petro invit\u00f3 este viernes a todos los j\u00f3venes, incluidos los que est\u00e1n en los grupos armados, a entrar a estudiar, porque \u2013dijo\u2013 \u201ces mejor cargar un libro que un fusil\u201d. Durante el Di\u00e1logo Social por la Vida y la [&hellip;]<\/p>\n","protected":false},"author":2,"featured_media":0,"comment_status":"open","ping_status":"open","sticky":false,"template":"","format":"standard","meta":{"footnotes":""},"categories":[36,32],"tags":[],"class_list":["post-56154","post","type-post","status-publish","format-standard","hentry","category-destacado","category-nacional"],"yoast_head":"<!-- This site is optimized with the Yoast SEO plugin v26.6 - https:\/\/yoast.com\/wordpress\/plugins\/seo\/ -->\n<title>\u2018Es mejor cargar un libro que un fusil\u2019, Presidente Petro -<\/title>\n<meta name=\"robots\" content=\"index, follow, max-snippet:-1, max-image-preview:large, max-video-preview:-1\" \/>\n<link rel=\"canonical\" href=\"https:\/\/luchonoticias.com\/editor\/es-mejor-cargar-un-libro-que-un-fusil-presidente-petro\/\" \/>\n<meta property=\"og:locale\" content=\"es_ES\" \/>\n<meta property=\"og:type\" content=\"article\" \/>\n<meta property=\"og:title\" content=\"\u2018Es mejor cargar un libro que un fusil\u2019, Presidente Petro -\" \/>\n<meta property=\"og:url\" content=\"https:\/\/luchonoticias.com\/editor\/es-mejor-cargar-un-libro-que-un-fusil-presidente-petro\/\" \/>\n<meta property=\"article:publisher\" content=\"https:\/\/www.facebook.com\/luchonoticiasneiva\" \/>\n<meta property=\"article:published_time\" content=\"2023-07-08T10:45:49+00:00\" \/>\n<meta property=\"article:modified_time\" content=\"2023-07-08T10:46:22+00:00\" \/>\n<meta name=\"author\" content=\"Editor General\" \/>\n<meta name=\"twitter:card\" content=\"summary_large_image\" \/>\n<meta name=\"twitter:label1\" content=\"Escrito por\" \/>\n\t<meta name=\"twitter:data1\" content=\"Editor General\" \/>\n\t<meta name=\"twitter:label2\" content=\"Tiempo de lectura\" \/>\n\t<meta name=\"twitter:data2\" content=\"3 minutos\" \/>\n<script type=\"application\/ld+json\" class=\"yoast-schema-graph\">{\"@context\":\"https:\/\/schema.org\",\"@graph\":[{\"@type\":\"Article\",\"@id\":\"https:\/\/luchonoticias.com\/editor\/es-mejor-cargar-un-libro-que-un-fusil-presidente-petro\/#article\",\"isPartOf\":{\"@id\":\"https:\/\/luchonoticias.com\/editor\/es-mejor-cargar-un-libro-que-un-fusil-presidente-petro\/\"},\"author\":{\"name\":\"Editor General\",\"@id\":\"https:\/\/luchonoticias.com\/editor\/#\/schema\/person\/29217990ddf6f14e35912b2866d591fb\"},\"headline\":\"\u2018Es mejor cargar un libro que un fusil\u2019, Presidente Petro\",\"datePublished\":\"2023-07-08T10:45:49+00:00\",\"dateModified\":\"2023-07-08T10:46:22+00:00\",\"mainEntityOfPage\":{\"@id\":\"https:\/\/luchonoticias.com\/editor\/es-mejor-cargar-un-libro-que-un-fusil-presidente-petro\/\"},\"wordCount\":700,\"commentCount\":0,\"publisher\":{\"@id\":\"https:\/\/luchonoticias.com\/editor\/#\/schema\/person\/7a7fd911f58561fd056dbac7b55af9cd\"},\"articleSection\":[\"Destacado\",\"Nacional\"],\"inLanguage\":\"es\",\"potentialAction\":[{\"@type\":\"CommentAction\",\"name\":\"Comment\",\"target\":[\"https:\/\/luchonoticias.com\/editor\/es-mejor-cargar-un-libro-que-un-fusil-presidente-petro\/#respond\"]}]},{\"@type\":\"WebPage\",\"@id\":\"https:\/\/luchonoticias.com\/editor\/es-mejor-cargar-un-libro-que-un-fusil-presidente-petro\/\",\"url\":\"https:\/\/luchonoticias.com\/editor\/es-mejor-cargar-un-libro-que-un-fusil-presidente-petro\/\",\"name\":\"\u2018Es mejor cargar un libro que un fusil\u2019, Presidente Petro -\",\"isPartOf\":{\"@id\":\"https:\/\/luchonoticias.com\/editor\/#website\"},\"datePublished\":\"2023-07-08T10:45:49+00:00\",\"dateModified\":\"2023-07-08T10:46:22+00:00\",\"breadcrumb\":{\"@id\":\"https:\/\/luchonoticias.com\/editor\/es-mejor-cargar-un-libro-que-un-fusil-presidente-petro\/#breadcrumb\"},\"inLanguage\":\"es\",\"potentialAction\":[{\"@type\":\"ReadAction\",\"target\":[\"https:\/\/luchonoticias.com\/editor\/es-mejor-cargar-un-libro-que-un-fusil-presidente-petro\/\"]}]},{\"@type\":\"BreadcrumbList\",\"@id\":\"https:\/\/luchonoticias.com\/editor\/es-mejor-cargar-un-libro-que-un-fusil-presidente-petro\/#breadcrumb\",\"itemListElement\":[{\"@type\":\"ListItem\",\"position\":1,\"name\":\"Portada\",\"item\":\"https:\/\/luchonoticias.com\/editor\/\"},{\"@type\":\"ListItem\",\"position\":2,\"name\":\"\u2018Es mejor cargar un libro que un fusil\u2019, Presidente Petro\"}]},{\"@type\":\"WebSite\",\"@id\":\"https:\/\/luchonoticias.com\/editor\/#website\",\"url\":\"https:\/\/luchonoticias.com\/editor\/\",\"name\":\"\",\"description\":\"\",\"publisher\":{\"@id\":\"https:\/\/luchonoticias.com\/editor\/#\/schema\/person\/7a7fd911f58561fd056dbac7b55af9cd\"},\"potentialAction\":[{\"@type\":\"SearchAction\",\"target\":{\"@type\":\"EntryPoint\",\"urlTemplate\":\"https:\/\/luchonoticias.com\/editor\/?s={search_term_string}\"},\"query-input\":{\"@type\":\"PropertyValueSpecification\",\"valueRequired\":true,\"valueName\":\"search_term_string\"}}],\"inLanguage\":\"es\"},{\"@type\":[\"Person\",\"Organization\"],\"@id\":\"https:\/\/luchonoticias.com\/editor\/#\/schema\/person\/7a7fd911f58561fd056dbac7b55af9cd\",\"name\":\"admin\",\"image\":{\"@type\":\"ImageObject\",\"inLanguage\":\"es\",\"@id\":\"https:\/\/luchonoticias.com\/editor\/#\/schema\/person\/image\/\",\"url\":\"https:\/\/luchonoticias.com\/editor\/wp-content\/uploads\/2024\/02\/cropped-cropped-logolu.webp\",\"contentUrl\":\"https:\/\/luchonoticias.com\/editor\/wp-content\/uploads\/2024\/02\/cropped-cropped-logolu.webp\",\"width\":382,\"height\":170,\"caption\":\"admin\"},\"logo\":{\"@id\":\"https:\/\/luchonoticias.com\/editor\/#\/schema\/person\/image\/\"},\"sameAs\":[\"https:\/\/www.facebook.com\/luchonoticiasneiva\"]},{\"@type\":\"Person\",\"@id\":\"https:\/\/luchonoticias.com\/editor\/#\/schema\/person\/29217990ddf6f14e35912b2866d591fb\",\"name\":\"Editor General\",\"image\":{\"@type\":\"ImageObject\",\"inLanguage\":\"es\",\"@id\":\"https:\/\/luchonoticias.com\/editor\/#\/schema\/person\/image\/\",\"url\":\"https:\/\/luchonoticias.com\/editor\/wp-content\/uploads\/2024\/02\/cropped-cropped-logolu-150x150.webp\",\"contentUrl\":\"https:\/\/luchonoticias.com\/editor\/wp-content\/uploads\/2024\/02\/cropped-cropped-logolu-150x150.webp\",\"caption\":\"Editor General\"},\"sameAs\":[\"https:\/\/luchonoticias.com\/\"],\"url\":\"https:\/\/luchonoticias.com\/editor\/author\/editor-general\/\"}]}<\/script>\n<!-- \/ Yoast SEO plugin. -->","yoast_head_json":{"title":"\u2018Es mejor cargar un libro que un fusil\u2019, Presidente Petro -","robots":{"index":"index","follow":"follow","max-snippet":"max-snippet:-1","max-image-preview":"max-image-preview:large","max-video-preview":"max-video-preview:-1"},"canonical":"https:\/\/luchonoticias.com\/editor\/es-mejor-cargar-un-libro-que-un-fusil-presidente-petro\/","og_locale":"es_ES","og_type":"article","og_title":"\u2018Es mejor cargar un libro que un fusil\u2019, Presidente Petro -","og_url":"https:\/\/luchonoticias.com\/editor\/es-mejor-cargar-un-libro-que-un-fusil-presidente-petro\/","article_publisher":"https:\/\/www.facebook.com\/luchonoticiasneiva","article_published_time":"2023-07-08T10:45:49+00:00","article_modified_time":"2023-07-08T10:46:22+00:00","author":"Editor General","twitter_card":"summary_large_image","twitter_misc":{"Escrito por":"Editor General","Tiempo de lectura":"3 minutos"},"schema":{"@context":"https:\/\/schema.org","@graph":[{"@type":"Article","@id":"https:\/\/luchonoticias.com\/editor\/es-mejor-cargar-un-libro-que-un-fusil-presidente-petro\/#article","isPartOf":{"@id":"https:\/\/luchonoticias.com\/editor\/es-mejor-cargar-un-libro-que-un-fusil-presidente-petro\/"},"author":{"name":"Editor General","@id":"https:\/\/luchonoticias.com\/editor\/#\/schema\/person\/29217990ddf6f14e35912b2866d591fb"},"headline":"\u2018Es mejor cargar un libro que un fusil\u2019, Presidente Petro","datePublished":"2023-07-08T10:45:49+00:00","dateModified":"2023-07-08T10:46:22+00:00","mainEntityOfPage":{"@id":"https:\/\/luchonoticias.com\/editor\/es-mejor-cargar-un-libro-que-un-fusil-presidente-petro\/"},"wordCount":700,"commentCount":0,"publisher":{"@id":"https:\/\/luchonoticias.com\/editor\/#\/schema\/person\/7a7fd911f58561fd056dbac7b55af9cd"},"articleSection":["Destacado","Nacional"],"inLanguage":"es","potentialAction":[{"@type":"CommentAction","name":"Comment","target":["https:\/\/luchonoticias.com\/editor\/es-mejor-cargar-un-libro-que-un-fusil-presidente-petro\/#respond"]}]},{"@type":"WebPage","@id":"https:\/\/luchonoticias.com\/editor\/es-mejor-cargar-un-libro-que-un-fusil-presidente-petro\/","url":"https:\/\/luchonoticias.com\/editor\/es-mejor-cargar-un-libro-que-un-fusil-presidente-petro\/","name":"\u2018Es mejor cargar un libro que un fusil\u2019, Presidente Petro -","isPartOf":{"@id":"https:\/\/luchonoticias.com\/editor\/#website"},"datePublished":"2023-07-08T10:45:49+00:00","dateModified":"2023-07-08T10:46:22+00:00","breadcrumb":{"@id":"https:\/\/luchonoticias.com\/editor\/es-mejor-cargar-un-libro-que-un-fusil-presidente-petro\/#breadcrumb"},"inLanguage":"es","potentialAction":[{"@type":"ReadAction","target":["https:\/\/luchonoticias.com\/editor\/es-mejor-cargar-un-libro-que-un-fusil-presidente-petro\/"]}]},{"@type":"BreadcrumbList","@id":"https:\/\/luchonoticias.com\/editor\/es-mejor-cargar-un-libro-que-un-fusil-presidente-petro\/#breadcrumb","itemListElement":[{"@type":"ListItem","position":1,"name":"Portada","item":"https:\/\/luchonoticias.com\/editor\/"},{"@type":"ListItem","position":2,"name":"\u2018Es mejor cargar un libro que un fusil\u2019, Presidente Petro"}]},{"@type":"WebSite","@id":"https:\/\/luchonoticias.com\/editor\/#website","url":"https:\/\/luchonoticias.com\/editor\/","name":"","description":"","publisher":{"@id":"https:\/\/luchonoticias.com\/editor\/#\/schema\/person\/7a7fd911f58561fd056dbac7b55af9cd"},"potentialAction":[{"@type":"SearchAction","target":{"@type":"EntryPoint","urlTemplate":"https:\/\/luchonoticias.com\/editor\/?s={search_term_string}"},"query-input":{"@type":"PropertyValueSpecification","valueRequired":true,"valueName":"search_term_string"}}],"inLanguage":"es"},{"@type":["Person","Organization"],"@id":"https:\/\/luchonoticias.com\/editor\/#\/schema\/person\/7a7fd911f58561fd056dbac7b55af9cd","name":"admin","image":{"@type":"ImageObject","inLanguage":"es","@id":"https:\/\/luchonoticias.com\/editor\/#\/schema\/person\/image\/","url":"https:\/\/luchonoticias.com\/editor\/wp-content\/uploads\/2024\/02\/cropped-cropped-logolu.webp","contentUrl":"https:\/\/luchonoticias.com\/editor\/wp-content\/uploads\/2024\/02\/cropped-cropped-logolu.webp","width":382,"height":170,"caption":"admin"},"logo":{"@id":"https:\/\/luchonoticias.com\/editor\/#\/schema\/person\/image\/"},"sameAs":["https:\/\/www.facebook.com\/luchonoticiasneiva"]},{"@type":"Person","@id":"https:\/\/luchonoticias.com\/editor\/#\/schema\/person\/29217990ddf6f14e35912b2866d591fb","name":"Editor General","image":{"@type":"ImageObject","inLanguage":"es","@id":"https:\/\/luchonoticias.com\/editor\/#\/schema\/person\/image\/","url":"https:\/\/luchonoticias.com\/editor\/wp-content\/uploads\/2024\/02\/cropped-cropped-logolu-150x150.webp","contentUrl":"https:\/\/luchonoticias.com\/editor\/wp-content\/uploads\/2024\/02\/cropped-cropped-logolu-150x150.webp","caption":"Editor General"},"sameAs":["https:\/\/luchonoticias.com\/"],"url":"https:\/\/luchonoticias.com\/editor\/author\/editor-general\/"}]}},"_links":{"self":[{"href":"https:\/\/luchonoticias.com\/editor\/wp-json\/wp\/v2\/posts\/56154","targetHints":{"allow":["GET"]}}],"collection":[{"href":"https:\/\/luchonoticias.com\/editor\/wp-json\/wp\/v2\/posts"}],"about":[{"href":"https:\/\/luchonoticias.com\/editor\/wp-json\/wp\/v2\/types\/post"}],"author":[{"embeddable":true,"href":"https:\/\/luchonoticias.com\/editor\/wp-json\/wp\/v2\/users\/2"}],"replies":[{"embeddable":true,"href":"https:\/\/luchonoticias.com\/editor\/wp-json\/wp\/v2\/comments?post=56154"}],"version-history":[{"count":0,"href":"https:\/\/luchonoticias.com\/editor\/wp-json\/wp\/v2\/posts\/56154\/revisions"}],"wp:attachment":[{"href":"https:\/\/luchonoticias.com\/editor\/wp-json\/wp\/v2\/media?parent=56154"}],"wp:term":[{"taxonomy":"category","embeddable":true,"href":"https:\/\/luchonoticias.com\/editor\/wp-json\/wp\/v2\/categories?post=56154"},{"taxonomy":"post_tag","embeddable":true,"href":"https:\/\/luchonoticias.com\/editor\/wp-json\/wp\/v2\/tags?post=56154"}],"curies":[{"name":"wp","href":"https:\/\/api.w.org\/{rel}","templated":true}]}}