{"id":56159,"date":"2023-07-08T05:53:02","date_gmt":"2023-07-08T10:53:02","guid":{"rendered":"https:\/\/luchonoticias.com\/?p=56159"},"modified":"2023-07-08T05:53:04","modified_gmt":"2023-07-08T10:53:04","slug":"avanza-intervencion-del-cementerio-central-de-neiva-en-busqueda-de-personas-desaparecidas","status":"publish","type":"post","link":"https:\/\/luchonoticias.com\/editor\/avanza-intervencion-del-cementerio-central-de-neiva-en-busqueda-de-personas-desaparecidas\/","title":{"rendered":"Avanza intervenci\u00f3n del Cementerio Central de Neiva en b\u00fasqueda de personas desaparecidas"},"content":{"rendered":"\n<p>Con el fin de cumplir con las medidas cautelares establecidas por la Jurisdicci\u00f3n Especial de Paz, JEP, para el Cementerio Central de Neiva, la Administraci\u00f3n Municipal y la Unidad de B\u00fasqueda de Personas Dadas por Desaparecidas, UBPD, se han reunido con el objetivo de unir esfuerzos y comenzar la intervenci\u00f3n del camposanto. Este proceso se llevar\u00e1 a cabo en etapas y buscar\u00e1 brindar alivio a las familias que todav\u00eda esperan noticias de sus seres queridos.<\/p>\n\n\n\n<p>\u201cEstamos coordinando acciones para iniciar la intervenci\u00f3n del cementerio, la cual posiblemente comenzar\u00e1 en el mes de septiembre. El municipio est\u00e1 comprometido en garantizar la dignidad y el derecho a la verdad de las v\u00edctimas del conflicto por el hecho victimizante de desaparici\u00f3n forzada\u201d, afirm\u00f3\u00a0 Esmith Duarte Cano, secretar\u00eda de Paz y Derechos Humanos.<\/p>\n\n\n\n<figure class=\"wp-block-gallery has-nested-images columns-default is-cropped wp-block-gallery-1 is-layout-flex wp-block-gallery-is-layout-flex\">\n<figure class=\"wp-block-image size-large\"><img decoding=\"async\" data-id=\"56161\" src=\"https:\/\/luchonoticias.com\/wp-content\/uploads\/2023\/07\/WhatsApp-Image-2023-07-07-at-9.26.47-PM-2.jpeg\" alt=\"\" class=\"wp-image-56161\"\/><\/figure>\n\n\n\n<figure class=\"wp-block-image size-large\"><img decoding=\"async\" data-id=\"56162\" src=\"https:\/\/luchonoticias.com\/wp-content\/uploads\/2023\/07\/WhatsApp-Image-2023-07-07-at-9.26.47-PM-1.jpeg\" alt=\"\" class=\"wp-image-56162\"\/><\/figure>\n\n\n\n<figure class=\"wp-block-image size-large\"><img decoding=\"async\" data-id=\"56163\" src=\"https:\/\/luchonoticias.com\/wp-content\/uploads\/2023\/07\/WhatsApp-Image-2023-07-07-at-9.26.46-PM.jpeg\" alt=\"\" class=\"wp-image-56163\"\/><\/figure>\n<\/figure>\n\n\n\n<p>Durante el proceso de mapeo y caracterizaci\u00f3n, realizado por la UBPD en febrero, se identificaron 15 puntos de inter\u00e9s forense en el cementerio, donde se pueden encontrar cuerpos no identificados. Entre estos puntos destaca el Monumento 14, que cuenta con 154 b\u00f3vedas llenas.<\/p>\n\n\n\n<p>\u201cDesde la Alcald\u00eda de Neiva hay una voluntad permanente de construir y apoyar con la ubicaci\u00f3n de puntos, donde probablemente estas personas puedan ser dispuestas despu\u00e9s de la intervenci\u00f3n\u201d, expres\u00f3 Luz Janeth Forero, directora de la Unidad de B\u00fasqueda de Personas Desaparecidas.<\/p>\n\n\n\n<p>La intervenci\u00f3n se llevar\u00e1 a cabo en diversas fases, dando inicio con el Monumento 14 para el cual municipio brindar\u00e1 los osarios y apoyo log\u00edstico requeridos por la UBPD, con el fin de contribuir a la identificaci\u00f3n de los cuerpos y promover la reparaci\u00f3n y el restablecimiento de derechos.<\/p>\n\n\n\n<figure class=\"wp-block-gallery has-nested-images columns-default is-cropped wp-block-gallery-2 is-layout-flex wp-block-gallery-is-layout-flex\">\n<figure class=\"wp-block-image size-large\"><img decoding=\"async\" data-id=\"56164\" src=\"https:\/\/luchonoticias.com\/wp-content\/uploads\/2023\/07\/WhatsApp-Image-2023-07-07-at-9.21.44-PM-1024x683.jpeg\" alt=\"\" class=\"wp-image-56164\"\/><\/figure>\n\n\n\n<figure class=\"wp-block-image size-large\"><img decoding=\"async\" data-id=\"56165\" src=\"https:\/\/luchonoticias.com\/wp-content\/uploads\/2023\/07\/WhatsApp-Image-2023-07-07-at-9.21.45-PM-1024x683.jpeg\" alt=\"\" class=\"wp-image-56165\"\/><\/figure>\n<\/figure>\n\n\n\n<p><strong>UBPD establecer\u00e1 sede en Neiva<\/strong><\/p>\n\n\n\n<p>Durante la visita de Luz Janeth Forero, directora nacional de esta entidad, se anunci\u00f3 la apertura de una sede en la ciudad de Neiva, la cual inicialmente funcionar\u00e1 en las instalaciones de Medicina Legal.<\/p>\n\n\n\n<p>Es importante destacar que esta decisi\u00f3n fue tomada como resultado de las solicitudes realizadas a lo largo de los a\u00f1os, por las organizaciones sociales y la Administraci\u00f3n Municipal a trav\u00e9s de la Mesa Interinstitucional de B\u00fasqueda de Personas Desaparecidas.<\/p>\n","protected":false},"excerpt":{"rendered":"<p>Con el fin de cumplir con las medidas cautelares establecidas por la Jurisdicci\u00f3n Especial de Paz, JEP, para el Cementerio Central de Neiva, la Administraci\u00f3n Municipal y la Unidad de B\u00fasqueda de Personas Dadas por Desaparecidas, UBPD, se han reunido con el objetivo de unir esfuerzos y comenzar la intervenci\u00f3n del camposanto. Este proceso se [&hellip;]<\/p>\n","protected":false},"author":2,"featured_media":0,"comment_status":"open","ping_status":"open","sticky":false,"template":"","format":"standard","meta":{"footnotes":""},"categories":[36,31],"tags":[],"class_list":["post-56159","post","type-post","status-publish","format-standard","hentry","category-destacado","category-local"],"yoast_head":"<!-- This site is optimized with the Yoast SEO plugin v26.6 - https:\/\/yoast.com\/wordpress\/plugins\/seo\/ -->\n<title>Avanza intervenci\u00f3n del Cementerio Central de Neiva en b\u00fasqueda de personas desaparecidas -<\/title>\n<meta name=\"robots\" content=\"index, follow, max-snippet:-1, max-image-preview:large, max-video-preview:-1\" \/>\n<link rel=\"canonical\" href=\"https:\/\/luchonoticias.com\/editor\/avanza-intervencion-del-cementerio-central-de-neiva-en-busqueda-de-personas-desaparecidas\/\" \/>\n<meta property=\"og:locale\" content=\"es_ES\" \/>\n<meta property=\"og:type\" content=\"article\" \/>\n<meta property=\"og:title\" content=\"Avanza intervenci\u00f3n del Cementerio Central de Neiva en b\u00fasqueda de personas desaparecidas -\" \/>\n<meta property=\"og:url\" content=\"https:\/\/luchonoticias.com\/editor\/avanza-intervencion-del-cementerio-central-de-neiva-en-busqueda-de-personas-desaparecidas\/\" \/>\n<meta property=\"article:publisher\" content=\"https:\/\/www.facebook.com\/luchonoticiasneiva\" \/>\n<meta property=\"article:published_time\" content=\"2023-07-08T10:53:02+00:00\" \/>\n<meta property=\"article:modified_time\" content=\"2023-07-08T10:53:04+00:00\" \/>\n<meta property=\"og:image\" content=\"https:\/\/luchonoticias.com\/wp-content\/uploads\/2023\/07\/WhatsApp-Image-2023-07-07-at-9.26.47-PM-2.jpeg\" \/>\n<meta name=\"author\" content=\"Editor General\" \/>\n<meta name=\"twitter:card\" content=\"summary_large_image\" \/>\n<meta name=\"twitter:label1\" content=\"Escrito por\" \/>\n\t<meta name=\"twitter:data1\" content=\"Editor General\" \/>\n\t<meta name=\"twitter:label2\" content=\"Tiempo de lectura\" \/>\n\t<meta name=\"twitter:data2\" content=\"2 minutos\" \/>\n<script type=\"application\/ld+json\" class=\"yoast-schema-graph\">{\"@context\":\"https:\/\/schema.org\",\"@graph\":[{\"@type\":\"Article\",\"@id\":\"https:\/\/luchonoticias.com\/editor\/avanza-intervencion-del-cementerio-central-de-neiva-en-busqueda-de-personas-desaparecidas\/#article\",\"isPartOf\":{\"@id\":\"https:\/\/luchonoticias.com\/editor\/avanza-intervencion-del-cementerio-central-de-neiva-en-busqueda-de-personas-desaparecidas\/\"},\"author\":{\"name\":\"Editor General\",\"@id\":\"https:\/\/luchonoticias.com\/editor\/#\/schema\/person\/29217990ddf6f14e35912b2866d591fb\"},\"headline\":\"Avanza intervenci\u00f3n del Cementerio Central de Neiva en b\u00fasqueda de personas desaparecidas\",\"datePublished\":\"2023-07-08T10:53:02+00:00\",\"dateModified\":\"2023-07-08T10:53:04+00:00\",\"mainEntityOfPage\":{\"@id\":\"https:\/\/luchonoticias.com\/editor\/avanza-intervencion-del-cementerio-central-de-neiva-en-busqueda-de-personas-desaparecidas\/\"},\"wordCount\":377,\"commentCount\":0,\"publisher\":{\"@id\":\"https:\/\/luchonoticias.com\/editor\/#\/schema\/person\/7a7fd911f58561fd056dbac7b55af9cd\"},\"image\":{\"@id\":\"https:\/\/luchonoticias.com\/editor\/avanza-intervencion-del-cementerio-central-de-neiva-en-busqueda-de-personas-desaparecidas\/#primaryimage\"},\"thumbnailUrl\":\"https:\/\/luchonoticias.com\/wp-content\/uploads\/2023\/07\/WhatsApp-Image-2023-07-07-at-9.26.47-PM-2.jpeg\",\"articleSection\":[\"Destacado\",\"Local\"],\"inLanguage\":\"es\",\"potentialAction\":[{\"@type\":\"CommentAction\",\"name\":\"Comment\",\"target\":[\"https:\/\/luchonoticias.com\/editor\/avanza-intervencion-del-cementerio-central-de-neiva-en-busqueda-de-personas-desaparecidas\/#respond\"]}]},{\"@type\":\"WebPage\",\"@id\":\"https:\/\/luchonoticias.com\/editor\/avanza-intervencion-del-cementerio-central-de-neiva-en-busqueda-de-personas-desaparecidas\/\",\"url\":\"https:\/\/luchonoticias.com\/editor\/avanza-intervencion-del-cementerio-central-de-neiva-en-busqueda-de-personas-desaparecidas\/\",\"name\":\"Avanza intervenci\u00f3n del Cementerio Central de Neiva en b\u00fasqueda de personas desaparecidas -\",\"isPartOf\":{\"@id\":\"https:\/\/luchonoticias.com\/editor\/#website\"},\"primaryImageOfPage\":{\"@id\":\"https:\/\/luchonoticias.com\/editor\/avanza-intervencion-del-cementerio-central-de-neiva-en-busqueda-de-personas-desaparecidas\/#primaryimage\"},\"image\":{\"@id\":\"https:\/\/luchonoticias.com\/editor\/avanza-intervencion-del-cementerio-central-de-neiva-en-busqueda-de-personas-desaparecidas\/#primaryimage\"},\"thumbnailUrl\":\"https:\/\/luchonoticias.com\/wp-content\/uploads\/2023\/07\/WhatsApp-Image-2023-07-07-at-9.26.47-PM-2.jpeg\",\"datePublished\":\"2023-07-08T10:53:02+00:00\",\"dateModified\":\"2023-07-08T10:53:04+00:00\",\"breadcrumb\":{\"@id\":\"https:\/\/luchonoticias.com\/editor\/avanza-intervencion-del-cementerio-central-de-neiva-en-busqueda-de-personas-desaparecidas\/#breadcrumb\"},\"inLanguage\":\"es\",\"potentialAction\":[{\"@type\":\"ReadAction\",\"target\":[\"https:\/\/luchonoticias.com\/editor\/avanza-intervencion-del-cementerio-central-de-neiva-en-busqueda-de-personas-desaparecidas\/\"]}]},{\"@type\":\"ImageObject\",\"inLanguage\":\"es\",\"@id\":\"https:\/\/luchonoticias.com\/editor\/avanza-intervencion-del-cementerio-central-de-neiva-en-busqueda-de-personas-desaparecidas\/#primaryimage\",\"url\":\"https:\/\/luchonoticias.com\/wp-content\/uploads\/2023\/07\/WhatsApp-Image-2023-07-07-at-9.26.47-PM-2.jpeg\",\"contentUrl\":\"https:\/\/luchonoticias.com\/wp-content\/uploads\/2023\/07\/WhatsApp-Image-2023-07-07-at-9.26.47-PM-2.jpeg\"},{\"@type\":\"BreadcrumbList\",\"@id\":\"https:\/\/luchonoticias.com\/editor\/avanza-intervencion-del-cementerio-central-de-neiva-en-busqueda-de-personas-desaparecidas\/#breadcrumb\",\"itemListElement\":[{\"@type\":\"ListItem\",\"position\":1,\"name\":\"Portada\",\"item\":\"https:\/\/luchonoticias.com\/editor\/\"},{\"@type\":\"ListItem\",\"position\":2,\"name\":\"Avanza intervenci\u00f3n del Cementerio Central de Neiva en b\u00fasqueda de personas desaparecidas\"}]},{\"@type\":\"WebSite\",\"@id\":\"https:\/\/luchonoticias.com\/editor\/#website\",\"url\":\"https:\/\/luchonoticias.com\/editor\/\",\"name\":\"\",\"description\":\"\",\"publisher\":{\"@id\":\"https:\/\/luchonoticias.com\/editor\/#\/schema\/person\/7a7fd911f58561fd056dbac7b55af9cd\"},\"potentialAction\":[{\"@type\":\"SearchAction\",\"target\":{\"@type\":\"EntryPoint\",\"urlTemplate\":\"https:\/\/luchonoticias.com\/editor\/?s={search_term_string}\"},\"query-input\":{\"@type\":\"PropertyValueSpecification\",\"valueRequired\":true,\"valueName\":\"search_term_string\"}}],\"inLanguage\":\"es\"},{\"@type\":[\"Person\",\"Organization\"],\"@id\":\"https:\/\/luchonoticias.com\/editor\/#\/schema\/person\/7a7fd911f58561fd056dbac7b55af9cd\",\"name\":\"admin\",\"image\":{\"@type\":\"ImageObject\",\"inLanguage\":\"es\",\"@id\":\"https:\/\/luchonoticias.com\/editor\/#\/schema\/person\/image\/\",\"url\":\"https:\/\/luchonoticias.com\/editor\/wp-content\/uploads\/2024\/02\/cropped-cropped-logolu.webp\",\"contentUrl\":\"https:\/\/luchonoticias.com\/editor\/wp-content\/uploads\/2024\/02\/cropped-cropped-logolu.webp\",\"width\":382,\"height\":170,\"caption\":\"admin\"},\"logo\":{\"@id\":\"https:\/\/luchonoticias.com\/editor\/#\/schema\/person\/image\/\"},\"sameAs\":[\"https:\/\/www.facebook.com\/luchonoticiasneiva\"]},{\"@type\":\"Person\",\"@id\":\"https:\/\/luchonoticias.com\/editor\/#\/schema\/person\/29217990ddf6f14e35912b2866d591fb\",\"name\":\"Editor General\",\"image\":{\"@type\":\"ImageObject\",\"inLanguage\":\"es\",\"@id\":\"https:\/\/luchonoticias.com\/editor\/#\/schema\/person\/image\/\",\"url\":\"https:\/\/luchonoticias.com\/editor\/wp-content\/uploads\/2024\/02\/cropped-cropped-logolu-150x150.webp\",\"contentUrl\":\"https:\/\/luchonoticias.com\/editor\/wp-content\/uploads\/2024\/02\/cropped-cropped-logolu-150x150.webp\",\"caption\":\"Editor General\"},\"sameAs\":[\"https:\/\/luchonoticias.com\/\"],\"url\":\"https:\/\/luchonoticias.com\/editor\/author\/editor-general\/\"}]}<\/script>\n<!-- \/ Yoast SEO plugin. -->","yoast_head_json":{"title":"Avanza intervenci\u00f3n del Cementerio Central de Neiva en b\u00fasqueda de personas desaparecidas -","robots":{"index":"index","follow":"follow","max-snippet":"max-snippet:-1","max-image-preview":"max-image-preview:large","max-video-preview":"max-video-preview:-1"},"canonical":"https:\/\/luchonoticias.com\/editor\/avanza-intervencion-del-cementerio-central-de-neiva-en-busqueda-de-personas-desaparecidas\/","og_locale":"es_ES","og_type":"article","og_title":"Avanza intervenci\u00f3n del Cementerio Central de Neiva en b\u00fasqueda de personas desaparecidas -","og_url":"https:\/\/luchonoticias.com\/editor\/avanza-intervencion-del-cementerio-central-de-neiva-en-busqueda-de-personas-desaparecidas\/","article_publisher":"https:\/\/www.facebook.com\/luchonoticiasneiva","article_published_time":"2023-07-08T10:53:02+00:00","article_modified_time":"2023-07-08T10:53:04+00:00","og_image":[{"url":"https:\/\/luchonoticias.com\/wp-content\/uploads\/2023\/07\/WhatsApp-Image-2023-07-07-at-9.26.47-PM-2.jpeg","type":"","width":"","height":""}],"author":"Editor General","twitter_card":"summary_large_image","twitter_misc":{"Escrito por":"Editor General","Tiempo de lectura":"2 minutos"},"schema":{"@context":"https:\/\/schema.org","@graph":[{"@type":"Article","@id":"https:\/\/luchonoticias.com\/editor\/avanza-intervencion-del-cementerio-central-de-neiva-en-busqueda-de-personas-desaparecidas\/#article","isPartOf":{"@id":"https:\/\/luchonoticias.com\/editor\/avanza-intervencion-del-cementerio-central-de-neiva-en-busqueda-de-personas-desaparecidas\/"},"author":{"name":"Editor General","@id":"https:\/\/luchonoticias.com\/editor\/#\/schema\/person\/29217990ddf6f14e35912b2866d591fb"},"headline":"Avanza intervenci\u00f3n del Cementerio Central de Neiva en b\u00fasqueda de personas desaparecidas","datePublished":"2023-07-08T10:53:02+00:00","dateModified":"2023-07-08T10:53:04+00:00","mainEntityOfPage":{"@id":"https:\/\/luchonoticias.com\/editor\/avanza-intervencion-del-cementerio-central-de-neiva-en-busqueda-de-personas-desaparecidas\/"},"wordCount":377,"commentCount":0,"publisher":{"@id":"https:\/\/luchonoticias.com\/editor\/#\/schema\/person\/7a7fd911f58561fd056dbac7b55af9cd"},"image":{"@id":"https:\/\/luchonoticias.com\/editor\/avanza-intervencion-del-cementerio-central-de-neiva-en-busqueda-de-personas-desaparecidas\/#primaryimage"},"thumbnailUrl":"https:\/\/luchonoticias.com\/wp-content\/uploads\/2023\/07\/WhatsApp-Image-2023-07-07-at-9.26.47-PM-2.jpeg","articleSection":["Destacado","Local"],"inLanguage":"es","potentialAction":[{"@type":"CommentAction","name":"Comment","target":["https:\/\/luchonoticias.com\/editor\/avanza-intervencion-del-cementerio-central-de-neiva-en-busqueda-de-personas-desaparecidas\/#respond"]}]},{"@type":"WebPage","@id":"https:\/\/luchonoticias.com\/editor\/avanza-intervencion-del-cementerio-central-de-neiva-en-busqueda-de-personas-desaparecidas\/","url":"https:\/\/luchonoticias.com\/editor\/avanza-intervencion-del-cementerio-central-de-neiva-en-busqueda-de-personas-desaparecidas\/","name":"Avanza intervenci\u00f3n del Cementerio Central de Neiva en b\u00fasqueda de personas desaparecidas -","isPartOf":{"@id":"https:\/\/luchonoticias.com\/editor\/#website"},"primaryImageOfPage":{"@id":"https:\/\/luchonoticias.com\/editor\/avanza-intervencion-del-cementerio-central-de-neiva-en-busqueda-de-personas-desaparecidas\/#primaryimage"},"image":{"@id":"https:\/\/luchonoticias.com\/editor\/avanza-intervencion-del-cementerio-central-de-neiva-en-busqueda-de-personas-desaparecidas\/#primaryimage"},"thumbnailUrl":"https:\/\/luchonoticias.com\/wp-content\/uploads\/2023\/07\/WhatsApp-Image-2023-07-07-at-9.26.47-PM-2.jpeg","datePublished":"2023-07-08T10:53:02+00:00","dateModified":"2023-07-08T10:53:04+00:00","breadcrumb":{"@id":"https:\/\/luchonoticias.com\/editor\/avanza-intervencion-del-cementerio-central-de-neiva-en-busqueda-de-personas-desaparecidas\/#breadcrumb"},"inLanguage":"es","potentialAction":[{"@type":"ReadAction","target":["https:\/\/luchonoticias.com\/editor\/avanza-intervencion-del-cementerio-central-de-neiva-en-busqueda-de-personas-desaparecidas\/"]}]},{"@type":"ImageObject","inLanguage":"es","@id":"https:\/\/luchonoticias.com\/editor\/avanza-intervencion-del-cementerio-central-de-neiva-en-busqueda-de-personas-desaparecidas\/#primaryimage","url":"https:\/\/luchonoticias.com\/wp-content\/uploads\/2023\/07\/WhatsApp-Image-2023-07-07-at-9.26.47-PM-2.jpeg","contentUrl":"https:\/\/luchonoticias.com\/wp-content\/uploads\/2023\/07\/WhatsApp-Image-2023-07-07-at-9.26.47-PM-2.jpeg"},{"@type":"BreadcrumbList","@id":"https:\/\/luchonoticias.com\/editor\/avanza-intervencion-del-cementerio-central-de-neiva-en-busqueda-de-personas-desaparecidas\/#breadcrumb","itemListElement":[{"@type":"ListItem","position":1,"name":"Portada","item":"https:\/\/luchonoticias.com\/editor\/"},{"@type":"ListItem","position":2,"name":"Avanza intervenci\u00f3n del Cementerio Central de Neiva en b\u00fasqueda de personas desaparecidas"}]},{"@type":"WebSite","@id":"https:\/\/luchonoticias.com\/editor\/#website","url":"https:\/\/luchonoticias.com\/editor\/","name":"","description":"","publisher":{"@id":"https:\/\/luchonoticias.com\/editor\/#\/schema\/person\/7a7fd911f58561fd056dbac7b55af9cd"},"potentialAction":[{"@type":"SearchAction","target":{"@type":"EntryPoint","urlTemplate":"https:\/\/luchonoticias.com\/editor\/?s={search_term_string}"},"query-input":{"@type":"PropertyValueSpecification","valueRequired":true,"valueName":"search_term_string"}}],"inLanguage":"es"},{"@type":["Person","Organization"],"@id":"https:\/\/luchonoticias.com\/editor\/#\/schema\/person\/7a7fd911f58561fd056dbac7b55af9cd","name":"admin","image":{"@type":"ImageObject","inLanguage":"es","@id":"https:\/\/luchonoticias.com\/editor\/#\/schema\/person\/image\/","url":"https:\/\/luchonoticias.com\/editor\/wp-content\/uploads\/2024\/02\/cropped-cropped-logolu.webp","contentUrl":"https:\/\/luchonoticias.com\/editor\/wp-content\/uploads\/2024\/02\/cropped-cropped-logolu.webp","width":382,"height":170,"caption":"admin"},"logo":{"@id":"https:\/\/luchonoticias.com\/editor\/#\/schema\/person\/image\/"},"sameAs":["https:\/\/www.facebook.com\/luchonoticiasneiva"]},{"@type":"Person","@id":"https:\/\/luchonoticias.com\/editor\/#\/schema\/person\/29217990ddf6f14e35912b2866d591fb","name":"Editor General","image":{"@type":"ImageObject","inLanguage":"es","@id":"https:\/\/luchonoticias.com\/editor\/#\/schema\/person\/image\/","url":"https:\/\/luchonoticias.com\/editor\/wp-content\/uploads\/2024\/02\/cropped-cropped-logolu-150x150.webp","contentUrl":"https:\/\/luchonoticias.com\/editor\/wp-content\/uploads\/2024\/02\/cropped-cropped-logolu-150x150.webp","caption":"Editor General"},"sameAs":["https:\/\/luchonoticias.com\/"],"url":"https:\/\/luchonoticias.com\/editor\/author\/editor-general\/"}]}},"_links":{"self":[{"href":"https:\/\/luchonoticias.com\/editor\/wp-json\/wp\/v2\/posts\/56159","targetHints":{"allow":["GET"]}}],"collection":[{"href":"https:\/\/luchonoticias.com\/editor\/wp-json\/wp\/v2\/posts"}],"about":[{"href":"https:\/\/luchonoticias.com\/editor\/wp-json\/wp\/v2\/types\/post"}],"author":[{"embeddable":true,"href":"https:\/\/luchonoticias.com\/editor\/wp-json\/wp\/v2\/users\/2"}],"replies":[{"embeddable":true,"href":"https:\/\/luchonoticias.com\/editor\/wp-json\/wp\/v2\/comments?post=56159"}],"version-history":[{"count":0,"href":"https:\/\/luchonoticias.com\/editor\/wp-json\/wp\/v2\/posts\/56159\/revisions"}],"wp:attachment":[{"href":"https:\/\/luchonoticias.com\/editor\/wp-json\/wp\/v2\/media?parent=56159"}],"wp:term":[{"taxonomy":"category","embeddable":true,"href":"https:\/\/luchonoticias.com\/editor\/wp-json\/wp\/v2\/categories?post=56159"},{"taxonomy":"post_tag","embeddable":true,"href":"https:\/\/luchonoticias.com\/editor\/wp-json\/wp\/v2\/tags?post=56159"}],"curies":[{"name":"wp","href":"https:\/\/api.w.org\/{rel}","templated":true}]}}