{"id":56173,"date":"2023-07-08T09:04:18","date_gmt":"2023-07-08T14:04:18","guid":{"rendered":"https:\/\/luchonoticias.com\/?p=56173"},"modified":"2023-07-08T09:04:19","modified_gmt":"2023-07-08T14:04:19","slug":"tecnico-del-huila-y-su-impresion-sobre-los-fichajes","status":"publish","type":"post","link":"https:\/\/luchonoticias.com\/editor\/tecnico-del-huila-y-su-impresion-sobre-los-fichajes\/","title":{"rendered":"T\u00e9cnico del Huila y su impresi\u00f3n sobre los fichajes"},"content":{"rendered":"\n<p><strong>Atl\u00e9tico Huila<\/strong>&nbsp;tiene hoy una serie de juegos amistosos ante el Tolima, como parte de su preparaci\u00f3n de pretemporada.<\/p>\n\n\n\n<p>Aprovechando el entrenamiento de ayer, el entrenador del equipo,&nbsp;<strong>N\u00e9stor Craviotto&nbsp;<\/strong>se refiri\u00f3 a las&nbsp;<strong>nuevas incorporaciones<\/strong>, expres\u00e1ndose satisfecho por sus llegadas y el aporte que pueden brindar a la escuadra el segundo semestre.<\/p>\n\n\n\n<p>\u00abEn l\u00edneas generales<strong>&nbsp;los jugadores se han acoplado bien, con muy buena disposici\u00f3n&nbsp;<\/strong>y en ese sentido&nbsp;<strong>estoy muy contento porque uno los ve comprometidos en la causa<\/strong>, cuando llegaron sab\u00edan c\u00f3mo estaba la situaci\u00f3n, que ten\u00edan que venir a dar una mano y seguramente nos la van a dar\u00bb, dijo el estratega argentino.<\/p>\n\n\n\n<h5 class=\"wp-block-heading\">Pensando en m\u00e1s incorporaciones<\/h5>\n\n\n\n<p>De otro lado el estratega gaucho se\u00f1al\u00f3 que espera la llegada de tres nuevos jugadores para dos posiciones dentro de la escuadra. \u00ab<strong>la idea es que vengan dos extremos,<\/strong>&nbsp;estamos tratando de que puedan&nbsp;<strong>venir lo m\u00e1s r\u00e1pido posible<\/strong>, seguramente&nbsp;<strong>un marcador central<\/strong>, despu\u00e9s de ah\u00ed es m\u00e1s y ya estar\u00edamos completos\u00bb.<\/p>\n\n\n\n<p>Finalmente, y ante los&nbsp;<strong>rumores&nbsp;<\/strong>procedentes de Bogot\u00e1 que&nbsp;<strong>vinculan a Wilfrido De la Rosa con el onceno regional,<\/strong>&nbsp;el argentino mencion\u00f3 que conoce al futbolista durante su estancia en el Pereira y que puede aportarle al equipo pero no desconoce si llegar\u00e1 o no a las toldas regionales.<\/p>\n\n\n\n<p>\u00ab<strong>A Wilfrido lo tuve en el Pereira<\/strong>, es un jugador que fue creciendo en su momento y que seguramente nos puede aportar bastante, pero por lo otro no es parte que me corresponda a m\u00ed\u00bb, explic\u00f3.<\/p>\n","protected":false},"excerpt":{"rendered":"<p>Atl\u00e9tico Huila&nbsp;tiene hoy una serie de juegos amistosos ante el Tolima, como parte de su preparaci\u00f3n de pretemporada. Aprovechando el entrenamiento de ayer, el entrenador del equipo,&nbsp;N\u00e9stor Craviotto&nbsp;se refiri\u00f3 a las&nbsp;nuevas incorporaciones, expres\u00e1ndose satisfecho por sus llegadas y el aporte que pueden brindar a la escuadra el segundo semestre. \u00abEn l\u00edneas generales&nbsp;los jugadores se han [&hellip;]<\/p>\n","protected":false},"author":2,"featured_media":0,"comment_status":"open","ping_status":"open","sticky":false,"template":"","format":"standard","meta":{"footnotes":""},"categories":[34],"tags":[],"class_list":["post-56173","post","type-post","status-publish","format-standard","hentry","category-deportes"],"yoast_head":"<!-- This site is optimized with the Yoast SEO plugin v26.6 - https:\/\/yoast.com\/wordpress\/plugins\/seo\/ -->\n<title>T\u00e9cnico del Huila y su impresi\u00f3n sobre los fichajes -<\/title>\n<meta name=\"robots\" content=\"index, follow, max-snippet:-1, max-image-preview:large, max-video-preview:-1\" \/>\n<link rel=\"canonical\" href=\"https:\/\/luchonoticias.com\/editor\/tecnico-del-huila-y-su-impresion-sobre-los-fichajes\/\" \/>\n<meta property=\"og:locale\" content=\"es_ES\" \/>\n<meta property=\"og:type\" content=\"article\" \/>\n<meta property=\"og:title\" content=\"T\u00e9cnico del Huila y su impresi\u00f3n sobre los fichajes -\" \/>\n<meta property=\"og:url\" content=\"https:\/\/luchonoticias.com\/editor\/tecnico-del-huila-y-su-impresion-sobre-los-fichajes\/\" \/>\n<meta property=\"article:publisher\" content=\"https:\/\/www.facebook.com\/luchonoticiasneiva\" \/>\n<meta property=\"article:published_time\" content=\"2023-07-08T14:04:18+00:00\" \/>\n<meta property=\"article:modified_time\" content=\"2023-07-08T14:04:19+00:00\" \/>\n<meta name=\"author\" content=\"Editor General\" \/>\n<meta name=\"twitter:card\" content=\"summary_large_image\" \/>\n<meta name=\"twitter:label1\" content=\"Escrito por\" \/>\n\t<meta name=\"twitter:data1\" content=\"Editor General\" \/>\n\t<meta name=\"twitter:label2\" content=\"Tiempo de lectura\" \/>\n\t<meta name=\"twitter:data2\" content=\"1 minuto\" \/>\n<script type=\"application\/ld+json\" class=\"yoast-schema-graph\">{\"@context\":\"https:\/\/schema.org\",\"@graph\":[{\"@type\":\"Article\",\"@id\":\"https:\/\/luchonoticias.com\/editor\/tecnico-del-huila-y-su-impresion-sobre-los-fichajes\/#article\",\"isPartOf\":{\"@id\":\"https:\/\/luchonoticias.com\/editor\/tecnico-del-huila-y-su-impresion-sobre-los-fichajes\/\"},\"author\":{\"name\":\"Editor General\",\"@id\":\"https:\/\/luchonoticias.com\/editor\/#\/schema\/person\/29217990ddf6f14e35912b2866d591fb\"},\"headline\":\"T\u00e9cnico del Huila y su impresi\u00f3n sobre los fichajes\",\"datePublished\":\"2023-07-08T14:04:18+00:00\",\"dateModified\":\"2023-07-08T14:04:19+00:00\",\"mainEntityOfPage\":{\"@id\":\"https:\/\/luchonoticias.com\/editor\/tecnico-del-huila-y-su-impresion-sobre-los-fichajes\/\"},\"wordCount\":290,\"commentCount\":0,\"publisher\":{\"@id\":\"https:\/\/luchonoticias.com\/editor\/#\/schema\/person\/7a7fd911f58561fd056dbac7b55af9cd\"},\"articleSection\":[\"Deportes\"],\"inLanguage\":\"es\",\"potentialAction\":[{\"@type\":\"CommentAction\",\"name\":\"Comment\",\"target\":[\"https:\/\/luchonoticias.com\/editor\/tecnico-del-huila-y-su-impresion-sobre-los-fichajes\/#respond\"]}]},{\"@type\":\"WebPage\",\"@id\":\"https:\/\/luchonoticias.com\/editor\/tecnico-del-huila-y-su-impresion-sobre-los-fichajes\/\",\"url\":\"https:\/\/luchonoticias.com\/editor\/tecnico-del-huila-y-su-impresion-sobre-los-fichajes\/\",\"name\":\"T\u00e9cnico del Huila y su impresi\u00f3n sobre los fichajes -\",\"isPartOf\":{\"@id\":\"https:\/\/luchonoticias.com\/editor\/#website\"},\"datePublished\":\"2023-07-08T14:04:18+00:00\",\"dateModified\":\"2023-07-08T14:04:19+00:00\",\"breadcrumb\":{\"@id\":\"https:\/\/luchonoticias.com\/editor\/tecnico-del-huila-y-su-impresion-sobre-los-fichajes\/#breadcrumb\"},\"inLanguage\":\"es\",\"potentialAction\":[{\"@type\":\"ReadAction\",\"target\":[\"https:\/\/luchonoticias.com\/editor\/tecnico-del-huila-y-su-impresion-sobre-los-fichajes\/\"]}]},{\"@type\":\"BreadcrumbList\",\"@id\":\"https:\/\/luchonoticias.com\/editor\/tecnico-del-huila-y-su-impresion-sobre-los-fichajes\/#breadcrumb\",\"itemListElement\":[{\"@type\":\"ListItem\",\"position\":1,\"name\":\"Portada\",\"item\":\"https:\/\/luchonoticias.com\/editor\/\"},{\"@type\":\"ListItem\",\"position\":2,\"name\":\"T\u00e9cnico del Huila y su impresi\u00f3n sobre los fichajes\"}]},{\"@type\":\"WebSite\",\"@id\":\"https:\/\/luchonoticias.com\/editor\/#website\",\"url\":\"https:\/\/luchonoticias.com\/editor\/\",\"name\":\"\",\"description\":\"\",\"publisher\":{\"@id\":\"https:\/\/luchonoticias.com\/editor\/#\/schema\/person\/7a7fd911f58561fd056dbac7b55af9cd\"},\"potentialAction\":[{\"@type\":\"SearchAction\",\"target\":{\"@type\":\"EntryPoint\",\"urlTemplate\":\"https:\/\/luchonoticias.com\/editor\/?s={search_term_string}\"},\"query-input\":{\"@type\":\"PropertyValueSpecification\",\"valueRequired\":true,\"valueName\":\"search_term_string\"}}],\"inLanguage\":\"es\"},{\"@type\":[\"Person\",\"Organization\"],\"@id\":\"https:\/\/luchonoticias.com\/editor\/#\/schema\/person\/7a7fd911f58561fd056dbac7b55af9cd\",\"name\":\"admin\",\"image\":{\"@type\":\"ImageObject\",\"inLanguage\":\"es\",\"@id\":\"https:\/\/luchonoticias.com\/editor\/#\/schema\/person\/image\/\",\"url\":\"https:\/\/luchonoticias.com\/editor\/wp-content\/uploads\/2024\/02\/cropped-cropped-logolu.webp\",\"contentUrl\":\"https:\/\/luchonoticias.com\/editor\/wp-content\/uploads\/2024\/02\/cropped-cropped-logolu.webp\",\"width\":382,\"height\":170,\"caption\":\"admin\"},\"logo\":{\"@id\":\"https:\/\/luchonoticias.com\/editor\/#\/schema\/person\/image\/\"},\"sameAs\":[\"https:\/\/www.facebook.com\/luchonoticiasneiva\"]},{\"@type\":\"Person\",\"@id\":\"https:\/\/luchonoticias.com\/editor\/#\/schema\/person\/29217990ddf6f14e35912b2866d591fb\",\"name\":\"Editor General\",\"image\":{\"@type\":\"ImageObject\",\"inLanguage\":\"es\",\"@id\":\"https:\/\/luchonoticias.com\/editor\/#\/schema\/person\/image\/\",\"url\":\"https:\/\/luchonoticias.com\/editor\/wp-content\/uploads\/2024\/02\/cropped-cropped-logolu-150x150.webp\",\"contentUrl\":\"https:\/\/luchonoticias.com\/editor\/wp-content\/uploads\/2024\/02\/cropped-cropped-logolu-150x150.webp\",\"caption\":\"Editor General\"},\"sameAs\":[\"https:\/\/luchonoticias.com\/\"],\"url\":\"https:\/\/luchonoticias.com\/editor\/author\/editor-general\/\"}]}<\/script>\n<!-- \/ Yoast SEO plugin. -->","yoast_head_json":{"title":"T\u00e9cnico del Huila y su impresi\u00f3n sobre los fichajes -","robots":{"index":"index","follow":"follow","max-snippet":"max-snippet:-1","max-image-preview":"max-image-preview:large","max-video-preview":"max-video-preview:-1"},"canonical":"https:\/\/luchonoticias.com\/editor\/tecnico-del-huila-y-su-impresion-sobre-los-fichajes\/","og_locale":"es_ES","og_type":"article","og_title":"T\u00e9cnico del Huila y su impresi\u00f3n sobre los fichajes -","og_url":"https:\/\/luchonoticias.com\/editor\/tecnico-del-huila-y-su-impresion-sobre-los-fichajes\/","article_publisher":"https:\/\/www.facebook.com\/luchonoticiasneiva","article_published_time":"2023-07-08T14:04:18+00:00","article_modified_time":"2023-07-08T14:04:19+00:00","author":"Editor General","twitter_card":"summary_large_image","twitter_misc":{"Escrito por":"Editor General","Tiempo de lectura":"1 minuto"},"schema":{"@context":"https:\/\/schema.org","@graph":[{"@type":"Article","@id":"https:\/\/luchonoticias.com\/editor\/tecnico-del-huila-y-su-impresion-sobre-los-fichajes\/#article","isPartOf":{"@id":"https:\/\/luchonoticias.com\/editor\/tecnico-del-huila-y-su-impresion-sobre-los-fichajes\/"},"author":{"name":"Editor General","@id":"https:\/\/luchonoticias.com\/editor\/#\/schema\/person\/29217990ddf6f14e35912b2866d591fb"},"headline":"T\u00e9cnico del Huila y su impresi\u00f3n sobre los fichajes","datePublished":"2023-07-08T14:04:18+00:00","dateModified":"2023-07-08T14:04:19+00:00","mainEntityOfPage":{"@id":"https:\/\/luchonoticias.com\/editor\/tecnico-del-huila-y-su-impresion-sobre-los-fichajes\/"},"wordCount":290,"commentCount":0,"publisher":{"@id":"https:\/\/luchonoticias.com\/editor\/#\/schema\/person\/7a7fd911f58561fd056dbac7b55af9cd"},"articleSection":["Deportes"],"inLanguage":"es","potentialAction":[{"@type":"CommentAction","name":"Comment","target":["https:\/\/luchonoticias.com\/editor\/tecnico-del-huila-y-su-impresion-sobre-los-fichajes\/#respond"]}]},{"@type":"WebPage","@id":"https:\/\/luchonoticias.com\/editor\/tecnico-del-huila-y-su-impresion-sobre-los-fichajes\/","url":"https:\/\/luchonoticias.com\/editor\/tecnico-del-huila-y-su-impresion-sobre-los-fichajes\/","name":"T\u00e9cnico del Huila y su impresi\u00f3n sobre los fichajes -","isPartOf":{"@id":"https:\/\/luchonoticias.com\/editor\/#website"},"datePublished":"2023-07-08T14:04:18+00:00","dateModified":"2023-07-08T14:04:19+00:00","breadcrumb":{"@id":"https:\/\/luchonoticias.com\/editor\/tecnico-del-huila-y-su-impresion-sobre-los-fichajes\/#breadcrumb"},"inLanguage":"es","potentialAction":[{"@type":"ReadAction","target":["https:\/\/luchonoticias.com\/editor\/tecnico-del-huila-y-su-impresion-sobre-los-fichajes\/"]}]},{"@type":"BreadcrumbList","@id":"https:\/\/luchonoticias.com\/editor\/tecnico-del-huila-y-su-impresion-sobre-los-fichajes\/#breadcrumb","itemListElement":[{"@type":"ListItem","position":1,"name":"Portada","item":"https:\/\/luchonoticias.com\/editor\/"},{"@type":"ListItem","position":2,"name":"T\u00e9cnico del Huila y su impresi\u00f3n sobre los fichajes"}]},{"@type":"WebSite","@id":"https:\/\/luchonoticias.com\/editor\/#website","url":"https:\/\/luchonoticias.com\/editor\/","name":"","description":"","publisher":{"@id":"https:\/\/luchonoticias.com\/editor\/#\/schema\/person\/7a7fd911f58561fd056dbac7b55af9cd"},"potentialAction":[{"@type":"SearchAction","target":{"@type":"EntryPoint","urlTemplate":"https:\/\/luchonoticias.com\/editor\/?s={search_term_string}"},"query-input":{"@type":"PropertyValueSpecification","valueRequired":true,"valueName":"search_term_string"}}],"inLanguage":"es"},{"@type":["Person","Organization"],"@id":"https:\/\/luchonoticias.com\/editor\/#\/schema\/person\/7a7fd911f58561fd056dbac7b55af9cd","name":"admin","image":{"@type":"ImageObject","inLanguage":"es","@id":"https:\/\/luchonoticias.com\/editor\/#\/schema\/person\/image\/","url":"https:\/\/luchonoticias.com\/editor\/wp-content\/uploads\/2024\/02\/cropped-cropped-logolu.webp","contentUrl":"https:\/\/luchonoticias.com\/editor\/wp-content\/uploads\/2024\/02\/cropped-cropped-logolu.webp","width":382,"height":170,"caption":"admin"},"logo":{"@id":"https:\/\/luchonoticias.com\/editor\/#\/schema\/person\/image\/"},"sameAs":["https:\/\/www.facebook.com\/luchonoticiasneiva"]},{"@type":"Person","@id":"https:\/\/luchonoticias.com\/editor\/#\/schema\/person\/29217990ddf6f14e35912b2866d591fb","name":"Editor General","image":{"@type":"ImageObject","inLanguage":"es","@id":"https:\/\/luchonoticias.com\/editor\/#\/schema\/person\/image\/","url":"https:\/\/luchonoticias.com\/editor\/wp-content\/uploads\/2024\/02\/cropped-cropped-logolu-150x150.webp","contentUrl":"https:\/\/luchonoticias.com\/editor\/wp-content\/uploads\/2024\/02\/cropped-cropped-logolu-150x150.webp","caption":"Editor General"},"sameAs":["https:\/\/luchonoticias.com\/"],"url":"https:\/\/luchonoticias.com\/editor\/author\/editor-general\/"}]}},"_links":{"self":[{"href":"https:\/\/luchonoticias.com\/editor\/wp-json\/wp\/v2\/posts\/56173","targetHints":{"allow":["GET"]}}],"collection":[{"href":"https:\/\/luchonoticias.com\/editor\/wp-json\/wp\/v2\/posts"}],"about":[{"href":"https:\/\/luchonoticias.com\/editor\/wp-json\/wp\/v2\/types\/post"}],"author":[{"embeddable":true,"href":"https:\/\/luchonoticias.com\/editor\/wp-json\/wp\/v2\/users\/2"}],"replies":[{"embeddable":true,"href":"https:\/\/luchonoticias.com\/editor\/wp-json\/wp\/v2\/comments?post=56173"}],"version-history":[{"count":0,"href":"https:\/\/luchonoticias.com\/editor\/wp-json\/wp\/v2\/posts\/56173\/revisions"}],"wp:attachment":[{"href":"https:\/\/luchonoticias.com\/editor\/wp-json\/wp\/v2\/media?parent=56173"}],"wp:term":[{"taxonomy":"category","embeddable":true,"href":"https:\/\/luchonoticias.com\/editor\/wp-json\/wp\/v2\/categories?post=56173"},{"taxonomy":"post_tag","embeddable":true,"href":"https:\/\/luchonoticias.com\/editor\/wp-json\/wp\/v2\/tags?post=56173"}],"curies":[{"name":"wp","href":"https:\/\/api.w.org\/{rel}","templated":true}]}}