{"id":56180,"date":"2023-07-09T07:45:10","date_gmt":"2023-07-09T12:45:10","guid":{"rendered":"https:\/\/luchonoticias.com\/?p=56180"},"modified":"2023-07-09T07:45:13","modified_gmt":"2023-07-09T12:45:13","slug":"gracias-a-informacion-de-fuente-humana-policia-recupera-dos-computadores","status":"publish","type":"post","link":"https:\/\/luchonoticias.com\/editor\/gracias-a-informacion-de-fuente-humana-policia-recupera-dos-computadores\/","title":{"rendered":"Gracias a informaci\u00f3n de fuente humana, Polic\u00eda recupera dos computadores"},"content":{"rendered":"\n<p>La Polic\u00eda Metropolitana de Neiva, gracias a unidades adscritas a la Seccional de Investigaci\u00f3n Criminal y a la oportuna informaci\u00f3n de la ciudadan\u00eda, se logra la recuperaci\u00f3n de dos computadores en la comuna 06 de la capital Opita.<\/p>\n\n\n\n<p>Seg\u00fan el afectado, estos elementos se encontraban en una de las oficinas de la&nbsp; Electrificadora de huila, ubicada en un sector conocido como el bote, sobre la v\u00eda que de Neiva conduce al municipio de Palermo, y se realiz\u00f3 la entrega por parte del se\u00f1or Coronel Domingo Alfredo L\u00f3pez Dales comandante de la Polic\u00eda metropolitana de Neiva, en el comando de Polic\u00eda.<\/p>\n\n\n\n<p>La Polic\u00eda Nacional hace un llamado a la comunidad para que denuncie estos delitos y agradece a la ciudadan\u00eda por las informaciones dadas a la Polic\u00eda Nacional sobre actos en contra de la Ley.<\/p>\n","protected":false},"excerpt":{"rendered":"<p>La Polic\u00eda Metropolitana de Neiva, gracias a unidades adscritas a la Seccional de Investigaci\u00f3n Criminal y a la oportuna informaci\u00f3n de la ciudadan\u00eda, se logra la recuperaci\u00f3n de dos computadores en la comuna 06 de la capital Opita. Seg\u00fan el afectado, estos elementos se encontraban en una de las oficinas de la&nbsp; Electrificadora de huila, [&hellip;]<\/p>\n","protected":false},"author":2,"featured_media":0,"comment_status":"open","ping_status":"open","sticky":false,"template":"","format":"standard","meta":{"footnotes":""},"categories":[36,29],"tags":[],"class_list":["post-56180","post","type-post","status-publish","format-standard","hentry","category-destacado","category-judicial"],"yoast_head":"<!-- This site is optimized with the Yoast SEO plugin v26.6 - https:\/\/yoast.com\/wordpress\/plugins\/seo\/ -->\n<title>Gracias a informaci\u00f3n de fuente humana, Polic\u00eda recupera dos computadores -<\/title>\n<meta name=\"robots\" content=\"index, follow, max-snippet:-1, max-image-preview:large, max-video-preview:-1\" \/>\n<link rel=\"canonical\" href=\"https:\/\/luchonoticias.com\/editor\/gracias-a-informacion-de-fuente-humana-policia-recupera-dos-computadores\/\" \/>\n<meta property=\"og:locale\" content=\"es_ES\" \/>\n<meta property=\"og:type\" content=\"article\" \/>\n<meta property=\"og:title\" content=\"Gracias a informaci\u00f3n de fuente humana, Polic\u00eda recupera dos computadores -\" \/>\n<meta property=\"og:url\" content=\"https:\/\/luchonoticias.com\/editor\/gracias-a-informacion-de-fuente-humana-policia-recupera-dos-computadores\/\" \/>\n<meta property=\"article:publisher\" content=\"https:\/\/www.facebook.com\/luchonoticiasneiva\" \/>\n<meta property=\"article:published_time\" content=\"2023-07-09T12:45:10+00:00\" \/>\n<meta property=\"article:modified_time\" content=\"2023-07-09T12:45:13+00:00\" \/>\n<meta name=\"author\" content=\"Editor General\" \/>\n<meta name=\"twitter:card\" content=\"summary_large_image\" \/>\n<meta name=\"twitter:label1\" content=\"Escrito por\" \/>\n\t<meta name=\"twitter:data1\" content=\"Editor General\" \/>\n\t<meta name=\"twitter:label2\" content=\"Tiempo de lectura\" \/>\n\t<meta name=\"twitter:data2\" content=\"1 minuto\" \/>\n<script type=\"application\/ld+json\" class=\"yoast-schema-graph\">{\"@context\":\"https:\/\/schema.org\",\"@graph\":[{\"@type\":\"Article\",\"@id\":\"https:\/\/luchonoticias.com\/editor\/gracias-a-informacion-de-fuente-humana-policia-recupera-dos-computadores\/#article\",\"isPartOf\":{\"@id\":\"https:\/\/luchonoticias.com\/editor\/gracias-a-informacion-de-fuente-humana-policia-recupera-dos-computadores\/\"},\"author\":{\"name\":\"Editor General\",\"@id\":\"https:\/\/luchonoticias.com\/editor\/#\/schema\/person\/29217990ddf6f14e35912b2866d591fb\"},\"headline\":\"Gracias a informaci\u00f3n de fuente humana, Polic\u00eda recupera dos computadores\",\"datePublished\":\"2023-07-09T12:45:10+00:00\",\"dateModified\":\"2023-07-09T12:45:13+00:00\",\"mainEntityOfPage\":{\"@id\":\"https:\/\/luchonoticias.com\/editor\/gracias-a-informacion-de-fuente-humana-policia-recupera-dos-computadores\/\"},\"wordCount\":160,\"commentCount\":0,\"publisher\":{\"@id\":\"https:\/\/luchonoticias.com\/editor\/#\/schema\/person\/7a7fd911f58561fd056dbac7b55af9cd\"},\"articleSection\":[\"Destacado\",\"Judicial\"],\"inLanguage\":\"es\",\"potentialAction\":[{\"@type\":\"CommentAction\",\"name\":\"Comment\",\"target\":[\"https:\/\/luchonoticias.com\/editor\/gracias-a-informacion-de-fuente-humana-policia-recupera-dos-computadores\/#respond\"]}]},{\"@type\":\"WebPage\",\"@id\":\"https:\/\/luchonoticias.com\/editor\/gracias-a-informacion-de-fuente-humana-policia-recupera-dos-computadores\/\",\"url\":\"https:\/\/luchonoticias.com\/editor\/gracias-a-informacion-de-fuente-humana-policia-recupera-dos-computadores\/\",\"name\":\"Gracias a informaci\u00f3n de fuente humana, Polic\u00eda recupera dos computadores -\",\"isPartOf\":{\"@id\":\"https:\/\/luchonoticias.com\/editor\/#website\"},\"datePublished\":\"2023-07-09T12:45:10+00:00\",\"dateModified\":\"2023-07-09T12:45:13+00:00\",\"breadcrumb\":{\"@id\":\"https:\/\/luchonoticias.com\/editor\/gracias-a-informacion-de-fuente-humana-policia-recupera-dos-computadores\/#breadcrumb\"},\"inLanguage\":\"es\",\"potentialAction\":[{\"@type\":\"ReadAction\",\"target\":[\"https:\/\/luchonoticias.com\/editor\/gracias-a-informacion-de-fuente-humana-policia-recupera-dos-computadores\/\"]}]},{\"@type\":\"BreadcrumbList\",\"@id\":\"https:\/\/luchonoticias.com\/editor\/gracias-a-informacion-de-fuente-humana-policia-recupera-dos-computadores\/#breadcrumb\",\"itemListElement\":[{\"@type\":\"ListItem\",\"position\":1,\"name\":\"Portada\",\"item\":\"https:\/\/luchonoticias.com\/editor\/\"},{\"@type\":\"ListItem\",\"position\":2,\"name\":\"Gracias a informaci\u00f3n de fuente humana, Polic\u00eda recupera dos computadores\"}]},{\"@type\":\"WebSite\",\"@id\":\"https:\/\/luchonoticias.com\/editor\/#website\",\"url\":\"https:\/\/luchonoticias.com\/editor\/\",\"name\":\"\",\"description\":\"\",\"publisher\":{\"@id\":\"https:\/\/luchonoticias.com\/editor\/#\/schema\/person\/7a7fd911f58561fd056dbac7b55af9cd\"},\"potentialAction\":[{\"@type\":\"SearchAction\",\"target\":{\"@type\":\"EntryPoint\",\"urlTemplate\":\"https:\/\/luchonoticias.com\/editor\/?s={search_term_string}\"},\"query-input\":{\"@type\":\"PropertyValueSpecification\",\"valueRequired\":true,\"valueName\":\"search_term_string\"}}],\"inLanguage\":\"es\"},{\"@type\":[\"Person\",\"Organization\"],\"@id\":\"https:\/\/luchonoticias.com\/editor\/#\/schema\/person\/7a7fd911f58561fd056dbac7b55af9cd\",\"name\":\"admin\",\"image\":{\"@type\":\"ImageObject\",\"inLanguage\":\"es\",\"@id\":\"https:\/\/luchonoticias.com\/editor\/#\/schema\/person\/image\/\",\"url\":\"https:\/\/luchonoticias.com\/editor\/wp-content\/uploads\/2024\/02\/cropped-cropped-logolu.webp\",\"contentUrl\":\"https:\/\/luchonoticias.com\/editor\/wp-content\/uploads\/2024\/02\/cropped-cropped-logolu.webp\",\"width\":382,\"height\":170,\"caption\":\"admin\"},\"logo\":{\"@id\":\"https:\/\/luchonoticias.com\/editor\/#\/schema\/person\/image\/\"},\"sameAs\":[\"https:\/\/www.facebook.com\/luchonoticiasneiva\"]},{\"@type\":\"Person\",\"@id\":\"https:\/\/luchonoticias.com\/editor\/#\/schema\/person\/29217990ddf6f14e35912b2866d591fb\",\"name\":\"Editor General\",\"image\":{\"@type\":\"ImageObject\",\"inLanguage\":\"es\",\"@id\":\"https:\/\/luchonoticias.com\/editor\/#\/schema\/person\/image\/\",\"url\":\"https:\/\/luchonoticias.com\/editor\/wp-content\/uploads\/2024\/02\/cropped-cropped-logolu-150x150.webp\",\"contentUrl\":\"https:\/\/luchonoticias.com\/editor\/wp-content\/uploads\/2024\/02\/cropped-cropped-logolu-150x150.webp\",\"caption\":\"Editor General\"},\"sameAs\":[\"https:\/\/luchonoticias.com\/\"],\"url\":\"https:\/\/luchonoticias.com\/editor\/author\/editor-general\/\"}]}<\/script>\n<!-- \/ Yoast SEO plugin. -->","yoast_head_json":{"title":"Gracias a informaci\u00f3n de fuente humana, Polic\u00eda recupera dos computadores -","robots":{"index":"index","follow":"follow","max-snippet":"max-snippet:-1","max-image-preview":"max-image-preview:large","max-video-preview":"max-video-preview:-1"},"canonical":"https:\/\/luchonoticias.com\/editor\/gracias-a-informacion-de-fuente-humana-policia-recupera-dos-computadores\/","og_locale":"es_ES","og_type":"article","og_title":"Gracias a informaci\u00f3n de fuente humana, Polic\u00eda recupera dos computadores -","og_url":"https:\/\/luchonoticias.com\/editor\/gracias-a-informacion-de-fuente-humana-policia-recupera-dos-computadores\/","article_publisher":"https:\/\/www.facebook.com\/luchonoticiasneiva","article_published_time":"2023-07-09T12:45:10+00:00","article_modified_time":"2023-07-09T12:45:13+00:00","author":"Editor General","twitter_card":"summary_large_image","twitter_misc":{"Escrito por":"Editor General","Tiempo de lectura":"1 minuto"},"schema":{"@context":"https:\/\/schema.org","@graph":[{"@type":"Article","@id":"https:\/\/luchonoticias.com\/editor\/gracias-a-informacion-de-fuente-humana-policia-recupera-dos-computadores\/#article","isPartOf":{"@id":"https:\/\/luchonoticias.com\/editor\/gracias-a-informacion-de-fuente-humana-policia-recupera-dos-computadores\/"},"author":{"name":"Editor General","@id":"https:\/\/luchonoticias.com\/editor\/#\/schema\/person\/29217990ddf6f14e35912b2866d591fb"},"headline":"Gracias a informaci\u00f3n de fuente humana, Polic\u00eda recupera dos computadores","datePublished":"2023-07-09T12:45:10+00:00","dateModified":"2023-07-09T12:45:13+00:00","mainEntityOfPage":{"@id":"https:\/\/luchonoticias.com\/editor\/gracias-a-informacion-de-fuente-humana-policia-recupera-dos-computadores\/"},"wordCount":160,"commentCount":0,"publisher":{"@id":"https:\/\/luchonoticias.com\/editor\/#\/schema\/person\/7a7fd911f58561fd056dbac7b55af9cd"},"articleSection":["Destacado","Judicial"],"inLanguage":"es","potentialAction":[{"@type":"CommentAction","name":"Comment","target":["https:\/\/luchonoticias.com\/editor\/gracias-a-informacion-de-fuente-humana-policia-recupera-dos-computadores\/#respond"]}]},{"@type":"WebPage","@id":"https:\/\/luchonoticias.com\/editor\/gracias-a-informacion-de-fuente-humana-policia-recupera-dos-computadores\/","url":"https:\/\/luchonoticias.com\/editor\/gracias-a-informacion-de-fuente-humana-policia-recupera-dos-computadores\/","name":"Gracias a informaci\u00f3n de fuente humana, Polic\u00eda recupera dos computadores -","isPartOf":{"@id":"https:\/\/luchonoticias.com\/editor\/#website"},"datePublished":"2023-07-09T12:45:10+00:00","dateModified":"2023-07-09T12:45:13+00:00","breadcrumb":{"@id":"https:\/\/luchonoticias.com\/editor\/gracias-a-informacion-de-fuente-humana-policia-recupera-dos-computadores\/#breadcrumb"},"inLanguage":"es","potentialAction":[{"@type":"ReadAction","target":["https:\/\/luchonoticias.com\/editor\/gracias-a-informacion-de-fuente-humana-policia-recupera-dos-computadores\/"]}]},{"@type":"BreadcrumbList","@id":"https:\/\/luchonoticias.com\/editor\/gracias-a-informacion-de-fuente-humana-policia-recupera-dos-computadores\/#breadcrumb","itemListElement":[{"@type":"ListItem","position":1,"name":"Portada","item":"https:\/\/luchonoticias.com\/editor\/"},{"@type":"ListItem","position":2,"name":"Gracias a informaci\u00f3n de fuente humana, Polic\u00eda recupera dos computadores"}]},{"@type":"WebSite","@id":"https:\/\/luchonoticias.com\/editor\/#website","url":"https:\/\/luchonoticias.com\/editor\/","name":"","description":"","publisher":{"@id":"https:\/\/luchonoticias.com\/editor\/#\/schema\/person\/7a7fd911f58561fd056dbac7b55af9cd"},"potentialAction":[{"@type":"SearchAction","target":{"@type":"EntryPoint","urlTemplate":"https:\/\/luchonoticias.com\/editor\/?s={search_term_string}"},"query-input":{"@type":"PropertyValueSpecification","valueRequired":true,"valueName":"search_term_string"}}],"inLanguage":"es"},{"@type":["Person","Organization"],"@id":"https:\/\/luchonoticias.com\/editor\/#\/schema\/person\/7a7fd911f58561fd056dbac7b55af9cd","name":"admin","image":{"@type":"ImageObject","inLanguage":"es","@id":"https:\/\/luchonoticias.com\/editor\/#\/schema\/person\/image\/","url":"https:\/\/luchonoticias.com\/editor\/wp-content\/uploads\/2024\/02\/cropped-cropped-logolu.webp","contentUrl":"https:\/\/luchonoticias.com\/editor\/wp-content\/uploads\/2024\/02\/cropped-cropped-logolu.webp","width":382,"height":170,"caption":"admin"},"logo":{"@id":"https:\/\/luchonoticias.com\/editor\/#\/schema\/person\/image\/"},"sameAs":["https:\/\/www.facebook.com\/luchonoticiasneiva"]},{"@type":"Person","@id":"https:\/\/luchonoticias.com\/editor\/#\/schema\/person\/29217990ddf6f14e35912b2866d591fb","name":"Editor General","image":{"@type":"ImageObject","inLanguage":"es","@id":"https:\/\/luchonoticias.com\/editor\/#\/schema\/person\/image\/","url":"https:\/\/luchonoticias.com\/editor\/wp-content\/uploads\/2024\/02\/cropped-cropped-logolu-150x150.webp","contentUrl":"https:\/\/luchonoticias.com\/editor\/wp-content\/uploads\/2024\/02\/cropped-cropped-logolu-150x150.webp","caption":"Editor General"},"sameAs":["https:\/\/luchonoticias.com\/"],"url":"https:\/\/luchonoticias.com\/editor\/author\/editor-general\/"}]}},"_links":{"self":[{"href":"https:\/\/luchonoticias.com\/editor\/wp-json\/wp\/v2\/posts\/56180","targetHints":{"allow":["GET"]}}],"collection":[{"href":"https:\/\/luchonoticias.com\/editor\/wp-json\/wp\/v2\/posts"}],"about":[{"href":"https:\/\/luchonoticias.com\/editor\/wp-json\/wp\/v2\/types\/post"}],"author":[{"embeddable":true,"href":"https:\/\/luchonoticias.com\/editor\/wp-json\/wp\/v2\/users\/2"}],"replies":[{"embeddable":true,"href":"https:\/\/luchonoticias.com\/editor\/wp-json\/wp\/v2\/comments?post=56180"}],"version-history":[{"count":0,"href":"https:\/\/luchonoticias.com\/editor\/wp-json\/wp\/v2\/posts\/56180\/revisions"}],"wp:attachment":[{"href":"https:\/\/luchonoticias.com\/editor\/wp-json\/wp\/v2\/media?parent=56180"}],"wp:term":[{"taxonomy":"category","embeddable":true,"href":"https:\/\/luchonoticias.com\/editor\/wp-json\/wp\/v2\/categories?post=56180"},{"taxonomy":"post_tag","embeddable":true,"href":"https:\/\/luchonoticias.com\/editor\/wp-json\/wp\/v2\/tags?post=56180"}],"curies":[{"name":"wp","href":"https:\/\/api.w.org\/{rel}","templated":true}]}}