{"id":56183,"date":"2023-07-09T07:48:02","date_gmt":"2023-07-09T12:48:02","guid":{"rendered":"https:\/\/luchonoticias.com\/?p=56183"},"modified":"2023-07-09T07:48:38","modified_gmt":"2023-07-09T12:48:38","slug":"aprehendido-un-adolescente-presuntamente-por-amenazar-a-sus-victimas-con-un-destornillador-para-robarlos","status":"publish","type":"post","link":"https:\/\/luchonoticias.com\/editor\/aprehendido-un-adolescente-presuntamente-por-amenazar-a-sus-victimas-con-un-destornillador-para-robarlos\/","title":{"rendered":"Aprehendido adolescente presuntamente por amenazar a sus v\u00edctimas con un destornillador para robarlos"},"content":{"rendered":"\n<p>El menor de 14 a\u00f1os conocido con el alias de &#8216;Ronaldo&#8217; fue aprehendido por la Polic\u00eda luego de haberle hurtado varios elementos a dos personas a los que los amenaz\u00f3 con herirlos con un destornillador.<\/p>\n\n\n\n<p>Los hechos se presentaron en el sector de Tiendas Metro del barrio Sucre de Pitalito, las dos personas caminaban por el sector cuando fueron sorprendidas por este menor que los intimid\u00f3 con el destornillador y les hurt\u00f3: 01 bolso Velez avaluado en $500.000, 02 celulares avaluados en $1&#8217;100.000, otros elementos avaluados en $80.000.<\/p>\n\n\n\n<p>Gracias al oportuno aviso a la polic\u00eda, el cuadrante intercept\u00f3 al joven en inmediaciones al barrio Guaduales, hall\u00e1ndoles en su poder los elementos que minutos antes hab\u00edan sido hurtados y el destornillador con el que amenazaba a sus v\u00edctimas. El joven adolescente fue dejado disposici\u00f3n de la autoridad competente.<\/p>\n","protected":false},"excerpt":{"rendered":"<p>El menor de 14 a\u00f1os conocido con el alias de &#8216;Ronaldo&#8217; fue aprehendido por la Polic\u00eda luego de haberle hurtado varios elementos a dos personas a los que los amenaz\u00f3 con herirlos con un destornillador. Los hechos se presentaron en el sector de Tiendas Metro del barrio Sucre de Pitalito, las dos personas caminaban por [&hellip;]<\/p>\n","protected":false},"author":2,"featured_media":0,"comment_status":"open","ping_status":"open","sticky":false,"template":"","format":"standard","meta":{"footnotes":""},"categories":[36,29],"tags":[],"class_list":["post-56183","post","type-post","status-publish","format-standard","hentry","category-destacado","category-judicial"],"yoast_head":"<!-- This site is optimized with the Yoast SEO plugin v26.6 - https:\/\/yoast.com\/wordpress\/plugins\/seo\/ -->\n<title>Aprehendido adolescente presuntamente por amenazar a sus v\u00edctimas con un destornillador para robarlos -<\/title>\n<meta name=\"robots\" content=\"index, follow, max-snippet:-1, max-image-preview:large, max-video-preview:-1\" \/>\n<link rel=\"canonical\" href=\"https:\/\/luchonoticias.com\/editor\/aprehendido-un-adolescente-presuntamente-por-amenazar-a-sus-victimas-con-un-destornillador-para-robarlos\/\" \/>\n<meta property=\"og:locale\" content=\"es_ES\" \/>\n<meta property=\"og:type\" content=\"article\" \/>\n<meta property=\"og:title\" content=\"Aprehendido adolescente presuntamente por amenazar a sus v\u00edctimas con un destornillador para robarlos -\" \/>\n<meta property=\"og:url\" content=\"https:\/\/luchonoticias.com\/editor\/aprehendido-un-adolescente-presuntamente-por-amenazar-a-sus-victimas-con-un-destornillador-para-robarlos\/\" \/>\n<meta property=\"article:publisher\" content=\"https:\/\/www.facebook.com\/luchonoticiasneiva\" \/>\n<meta property=\"article:published_time\" content=\"2023-07-09T12:48:02+00:00\" \/>\n<meta property=\"article:modified_time\" content=\"2023-07-09T12:48:38+00:00\" \/>\n<meta name=\"author\" content=\"Editor General\" \/>\n<meta name=\"twitter:card\" content=\"summary_large_image\" \/>\n<meta name=\"twitter:label1\" content=\"Escrito por\" \/>\n\t<meta name=\"twitter:data1\" content=\"Editor General\" \/>\n\t<meta name=\"twitter:label2\" content=\"Tiempo de lectura\" \/>\n\t<meta name=\"twitter:data2\" content=\"1 minuto\" \/>\n<script type=\"application\/ld+json\" class=\"yoast-schema-graph\">{\"@context\":\"https:\/\/schema.org\",\"@graph\":[{\"@type\":\"Article\",\"@id\":\"https:\/\/luchonoticias.com\/editor\/aprehendido-un-adolescente-presuntamente-por-amenazar-a-sus-victimas-con-un-destornillador-para-robarlos\/#article\",\"isPartOf\":{\"@id\":\"https:\/\/luchonoticias.com\/editor\/aprehendido-un-adolescente-presuntamente-por-amenazar-a-sus-victimas-con-un-destornillador-para-robarlos\/\"},\"author\":{\"name\":\"Editor General\",\"@id\":\"https:\/\/luchonoticias.com\/editor\/#\/schema\/person\/29217990ddf6f14e35912b2866d591fb\"},\"headline\":\"Aprehendido adolescente presuntamente por amenazar a sus v\u00edctimas con un destornillador para robarlos\",\"datePublished\":\"2023-07-09T12:48:02+00:00\",\"dateModified\":\"2023-07-09T12:48:38+00:00\",\"mainEntityOfPage\":{\"@id\":\"https:\/\/luchonoticias.com\/editor\/aprehendido-un-adolescente-presuntamente-por-amenazar-a-sus-victimas-con-un-destornillador-para-robarlos\/\"},\"wordCount\":152,\"commentCount\":0,\"publisher\":{\"@id\":\"https:\/\/luchonoticias.com\/editor\/#\/schema\/person\/7a7fd911f58561fd056dbac7b55af9cd\"},\"articleSection\":[\"Destacado\",\"Judicial\"],\"inLanguage\":\"es\",\"potentialAction\":[{\"@type\":\"CommentAction\",\"name\":\"Comment\",\"target\":[\"https:\/\/luchonoticias.com\/editor\/aprehendido-un-adolescente-presuntamente-por-amenazar-a-sus-victimas-con-un-destornillador-para-robarlos\/#respond\"]}]},{\"@type\":\"WebPage\",\"@id\":\"https:\/\/luchonoticias.com\/editor\/aprehendido-un-adolescente-presuntamente-por-amenazar-a-sus-victimas-con-un-destornillador-para-robarlos\/\",\"url\":\"https:\/\/luchonoticias.com\/editor\/aprehendido-un-adolescente-presuntamente-por-amenazar-a-sus-victimas-con-un-destornillador-para-robarlos\/\",\"name\":\"Aprehendido adolescente presuntamente por amenazar a sus v\u00edctimas con un destornillador para robarlos -\",\"isPartOf\":{\"@id\":\"https:\/\/luchonoticias.com\/editor\/#website\"},\"datePublished\":\"2023-07-09T12:48:02+00:00\",\"dateModified\":\"2023-07-09T12:48:38+00:00\",\"breadcrumb\":{\"@id\":\"https:\/\/luchonoticias.com\/editor\/aprehendido-un-adolescente-presuntamente-por-amenazar-a-sus-victimas-con-un-destornillador-para-robarlos\/#breadcrumb\"},\"inLanguage\":\"es\",\"potentialAction\":[{\"@type\":\"ReadAction\",\"target\":[\"https:\/\/luchonoticias.com\/editor\/aprehendido-un-adolescente-presuntamente-por-amenazar-a-sus-victimas-con-un-destornillador-para-robarlos\/\"]}]},{\"@type\":\"BreadcrumbList\",\"@id\":\"https:\/\/luchonoticias.com\/editor\/aprehendido-un-adolescente-presuntamente-por-amenazar-a-sus-victimas-con-un-destornillador-para-robarlos\/#breadcrumb\",\"itemListElement\":[{\"@type\":\"ListItem\",\"position\":1,\"name\":\"Portada\",\"item\":\"https:\/\/luchonoticias.com\/editor\/\"},{\"@type\":\"ListItem\",\"position\":2,\"name\":\"Aprehendido adolescente presuntamente por amenazar a sus v\u00edctimas con un destornillador para robarlos\"}]},{\"@type\":\"WebSite\",\"@id\":\"https:\/\/luchonoticias.com\/editor\/#website\",\"url\":\"https:\/\/luchonoticias.com\/editor\/\",\"name\":\"\",\"description\":\"\",\"publisher\":{\"@id\":\"https:\/\/luchonoticias.com\/editor\/#\/schema\/person\/7a7fd911f58561fd056dbac7b55af9cd\"},\"potentialAction\":[{\"@type\":\"SearchAction\",\"target\":{\"@type\":\"EntryPoint\",\"urlTemplate\":\"https:\/\/luchonoticias.com\/editor\/?s={search_term_string}\"},\"query-input\":{\"@type\":\"PropertyValueSpecification\",\"valueRequired\":true,\"valueName\":\"search_term_string\"}}],\"inLanguage\":\"es\"},{\"@type\":[\"Person\",\"Organization\"],\"@id\":\"https:\/\/luchonoticias.com\/editor\/#\/schema\/person\/7a7fd911f58561fd056dbac7b55af9cd\",\"name\":\"admin\",\"image\":{\"@type\":\"ImageObject\",\"inLanguage\":\"es\",\"@id\":\"https:\/\/luchonoticias.com\/editor\/#\/schema\/person\/image\/\",\"url\":\"https:\/\/luchonoticias.com\/editor\/wp-content\/uploads\/2024\/02\/cropped-cropped-logolu.webp\",\"contentUrl\":\"https:\/\/luchonoticias.com\/editor\/wp-content\/uploads\/2024\/02\/cropped-cropped-logolu.webp\",\"width\":382,\"height\":170,\"caption\":\"admin\"},\"logo\":{\"@id\":\"https:\/\/luchonoticias.com\/editor\/#\/schema\/person\/image\/\"},\"sameAs\":[\"https:\/\/www.facebook.com\/luchonoticiasneiva\"]},{\"@type\":\"Person\",\"@id\":\"https:\/\/luchonoticias.com\/editor\/#\/schema\/person\/29217990ddf6f14e35912b2866d591fb\",\"name\":\"Editor General\",\"image\":{\"@type\":\"ImageObject\",\"inLanguage\":\"es\",\"@id\":\"https:\/\/luchonoticias.com\/editor\/#\/schema\/person\/image\/\",\"url\":\"https:\/\/luchonoticias.com\/editor\/wp-content\/uploads\/2024\/02\/cropped-cropped-logolu-150x150.webp\",\"contentUrl\":\"https:\/\/luchonoticias.com\/editor\/wp-content\/uploads\/2024\/02\/cropped-cropped-logolu-150x150.webp\",\"caption\":\"Editor General\"},\"sameAs\":[\"https:\/\/luchonoticias.com\/\"],\"url\":\"https:\/\/luchonoticias.com\/editor\/author\/editor-general\/\"}]}<\/script>\n<!-- \/ Yoast SEO plugin. -->","yoast_head_json":{"title":"Aprehendido adolescente presuntamente por amenazar a sus v\u00edctimas con un destornillador para robarlos -","robots":{"index":"index","follow":"follow","max-snippet":"max-snippet:-1","max-image-preview":"max-image-preview:large","max-video-preview":"max-video-preview:-1"},"canonical":"https:\/\/luchonoticias.com\/editor\/aprehendido-un-adolescente-presuntamente-por-amenazar-a-sus-victimas-con-un-destornillador-para-robarlos\/","og_locale":"es_ES","og_type":"article","og_title":"Aprehendido adolescente presuntamente por amenazar a sus v\u00edctimas con un destornillador para robarlos -","og_url":"https:\/\/luchonoticias.com\/editor\/aprehendido-un-adolescente-presuntamente-por-amenazar-a-sus-victimas-con-un-destornillador-para-robarlos\/","article_publisher":"https:\/\/www.facebook.com\/luchonoticiasneiva","article_published_time":"2023-07-09T12:48:02+00:00","article_modified_time":"2023-07-09T12:48:38+00:00","author":"Editor General","twitter_card":"summary_large_image","twitter_misc":{"Escrito por":"Editor General","Tiempo de lectura":"1 minuto"},"schema":{"@context":"https:\/\/schema.org","@graph":[{"@type":"Article","@id":"https:\/\/luchonoticias.com\/editor\/aprehendido-un-adolescente-presuntamente-por-amenazar-a-sus-victimas-con-un-destornillador-para-robarlos\/#article","isPartOf":{"@id":"https:\/\/luchonoticias.com\/editor\/aprehendido-un-adolescente-presuntamente-por-amenazar-a-sus-victimas-con-un-destornillador-para-robarlos\/"},"author":{"name":"Editor General","@id":"https:\/\/luchonoticias.com\/editor\/#\/schema\/person\/29217990ddf6f14e35912b2866d591fb"},"headline":"Aprehendido adolescente presuntamente por amenazar a sus v\u00edctimas con un destornillador para robarlos","datePublished":"2023-07-09T12:48:02+00:00","dateModified":"2023-07-09T12:48:38+00:00","mainEntityOfPage":{"@id":"https:\/\/luchonoticias.com\/editor\/aprehendido-un-adolescente-presuntamente-por-amenazar-a-sus-victimas-con-un-destornillador-para-robarlos\/"},"wordCount":152,"commentCount":0,"publisher":{"@id":"https:\/\/luchonoticias.com\/editor\/#\/schema\/person\/7a7fd911f58561fd056dbac7b55af9cd"},"articleSection":["Destacado","Judicial"],"inLanguage":"es","potentialAction":[{"@type":"CommentAction","name":"Comment","target":["https:\/\/luchonoticias.com\/editor\/aprehendido-un-adolescente-presuntamente-por-amenazar-a-sus-victimas-con-un-destornillador-para-robarlos\/#respond"]}]},{"@type":"WebPage","@id":"https:\/\/luchonoticias.com\/editor\/aprehendido-un-adolescente-presuntamente-por-amenazar-a-sus-victimas-con-un-destornillador-para-robarlos\/","url":"https:\/\/luchonoticias.com\/editor\/aprehendido-un-adolescente-presuntamente-por-amenazar-a-sus-victimas-con-un-destornillador-para-robarlos\/","name":"Aprehendido adolescente presuntamente por amenazar a sus v\u00edctimas con un destornillador para robarlos -","isPartOf":{"@id":"https:\/\/luchonoticias.com\/editor\/#website"},"datePublished":"2023-07-09T12:48:02+00:00","dateModified":"2023-07-09T12:48:38+00:00","breadcrumb":{"@id":"https:\/\/luchonoticias.com\/editor\/aprehendido-un-adolescente-presuntamente-por-amenazar-a-sus-victimas-con-un-destornillador-para-robarlos\/#breadcrumb"},"inLanguage":"es","potentialAction":[{"@type":"ReadAction","target":["https:\/\/luchonoticias.com\/editor\/aprehendido-un-adolescente-presuntamente-por-amenazar-a-sus-victimas-con-un-destornillador-para-robarlos\/"]}]},{"@type":"BreadcrumbList","@id":"https:\/\/luchonoticias.com\/editor\/aprehendido-un-adolescente-presuntamente-por-amenazar-a-sus-victimas-con-un-destornillador-para-robarlos\/#breadcrumb","itemListElement":[{"@type":"ListItem","position":1,"name":"Portada","item":"https:\/\/luchonoticias.com\/editor\/"},{"@type":"ListItem","position":2,"name":"Aprehendido adolescente presuntamente por amenazar a sus v\u00edctimas con un destornillador para robarlos"}]},{"@type":"WebSite","@id":"https:\/\/luchonoticias.com\/editor\/#website","url":"https:\/\/luchonoticias.com\/editor\/","name":"","description":"","publisher":{"@id":"https:\/\/luchonoticias.com\/editor\/#\/schema\/person\/7a7fd911f58561fd056dbac7b55af9cd"},"potentialAction":[{"@type":"SearchAction","target":{"@type":"EntryPoint","urlTemplate":"https:\/\/luchonoticias.com\/editor\/?s={search_term_string}"},"query-input":{"@type":"PropertyValueSpecification","valueRequired":true,"valueName":"search_term_string"}}],"inLanguage":"es"},{"@type":["Person","Organization"],"@id":"https:\/\/luchonoticias.com\/editor\/#\/schema\/person\/7a7fd911f58561fd056dbac7b55af9cd","name":"admin","image":{"@type":"ImageObject","inLanguage":"es","@id":"https:\/\/luchonoticias.com\/editor\/#\/schema\/person\/image\/","url":"https:\/\/luchonoticias.com\/editor\/wp-content\/uploads\/2024\/02\/cropped-cropped-logolu.webp","contentUrl":"https:\/\/luchonoticias.com\/editor\/wp-content\/uploads\/2024\/02\/cropped-cropped-logolu.webp","width":382,"height":170,"caption":"admin"},"logo":{"@id":"https:\/\/luchonoticias.com\/editor\/#\/schema\/person\/image\/"},"sameAs":["https:\/\/www.facebook.com\/luchonoticiasneiva"]},{"@type":"Person","@id":"https:\/\/luchonoticias.com\/editor\/#\/schema\/person\/29217990ddf6f14e35912b2866d591fb","name":"Editor General","image":{"@type":"ImageObject","inLanguage":"es","@id":"https:\/\/luchonoticias.com\/editor\/#\/schema\/person\/image\/","url":"https:\/\/luchonoticias.com\/editor\/wp-content\/uploads\/2024\/02\/cropped-cropped-logolu-150x150.webp","contentUrl":"https:\/\/luchonoticias.com\/editor\/wp-content\/uploads\/2024\/02\/cropped-cropped-logolu-150x150.webp","caption":"Editor General"},"sameAs":["https:\/\/luchonoticias.com\/"],"url":"https:\/\/luchonoticias.com\/editor\/author\/editor-general\/"}]}},"_links":{"self":[{"href":"https:\/\/luchonoticias.com\/editor\/wp-json\/wp\/v2\/posts\/56183","targetHints":{"allow":["GET"]}}],"collection":[{"href":"https:\/\/luchonoticias.com\/editor\/wp-json\/wp\/v2\/posts"}],"about":[{"href":"https:\/\/luchonoticias.com\/editor\/wp-json\/wp\/v2\/types\/post"}],"author":[{"embeddable":true,"href":"https:\/\/luchonoticias.com\/editor\/wp-json\/wp\/v2\/users\/2"}],"replies":[{"embeddable":true,"href":"https:\/\/luchonoticias.com\/editor\/wp-json\/wp\/v2\/comments?post=56183"}],"version-history":[{"count":0,"href":"https:\/\/luchonoticias.com\/editor\/wp-json\/wp\/v2\/posts\/56183\/revisions"}],"wp:attachment":[{"href":"https:\/\/luchonoticias.com\/editor\/wp-json\/wp\/v2\/media?parent=56183"}],"wp:term":[{"taxonomy":"category","embeddable":true,"href":"https:\/\/luchonoticias.com\/editor\/wp-json\/wp\/v2\/categories?post=56183"},{"taxonomy":"post_tag","embeddable":true,"href":"https:\/\/luchonoticias.com\/editor\/wp-json\/wp\/v2\/tags?post=56183"}],"curies":[{"name":"wp","href":"https:\/\/api.w.org\/{rel}","templated":true}]}}