{"id":56188,"date":"2023-07-09T07:50:57","date_gmt":"2023-07-09T12:50:57","guid":{"rendered":"https:\/\/luchonoticias.com\/?p=56188"},"modified":"2023-07-09T07:51:00","modified_gmt":"2023-07-09T12:51:00","slug":"petro-insta-a-lula-da-silva-a-reflexionar-sobre-conveniencia-de-permitir-exploracion-de-hidrocarburos-en-la-amazonia","status":"publish","type":"post","link":"https:\/\/luchonoticias.com\/editor\/petro-insta-a-lula-da-silva-a-reflexionar-sobre-conveniencia-de-permitir-exploracion-de-hidrocarburos-en-la-amazonia\/","title":{"rendered":"Petro insta a Lula da Silva a reflexionar sobre conveniencia de permitir exploraci\u00f3n de hidrocarburos en la Amazon\u00eda"},"content":{"rendered":"\n<p>El Presidente Gustavo Petro invit\u00f3 este s\u00e1bado a su hom\u00f3logo brasile\u00f1o, Luiz In\u00e1cio Lula da Silva, a reflexionar sobre la conveniencia de la exploraci\u00f3n y explotaci\u00f3n de hidrocarburos en la Selva Amaz\u00f3nica, al cierre del encuentro preparatorio denominado \u00abCamino a la Cumbre Amaz\u00f3nica\u00bb, realizado en Leticia, con el objetivo de definir algunos de los par\u00e1metros que se llevar\u00e1n a la cita que se celebrar\u00e1 en agosto pr\u00f3ximo en Bel\u00e9m de Par\u00e1, en el pa\u00eds vecino.<\/p>\n\n\n\n<p>\u201cHoy somos conscientes de que las selvas del mundo son pilares clim\u00e1ticos fundamentales. La Cuenca Amaz\u00f3nica es la tercera. Si se quita este pilar, como las columnas de H\u00e9rcules, la humanidad se derrumba. Se nos impone, entonces, un cambio de pensamiento\u201d, asegur\u00f3 el Presidente.<\/p>\n\n\n\n<p>Y, dirigi\u00e9ndose a su hom\u00f3logo brasile\u00f1o, presente en la reuni\u00f3n, a\u00f1adi\u00f3: \u201cEl reto de proteger la vida pasa por discusiones dificil\u00edsimas, por ejemplo \u00bfvamos a dejar explorar hidrocarburos en la Selva Amaz\u00f3nica? \u00bfa entregarlos como bloques de exploraci\u00f3n? \u00bfest\u00e1 ah\u00ed la riqueza o est\u00e1 ah\u00ed la muerte de la humanidad? Una decisi\u00f3n que tendr\u00edamos que tomar en com\u00fan\u201d.<\/p>\n\n\n\n<p>El mandatario colombiano aclar\u00f3 que si bien cada naci\u00f3n es soberana para hacer uso de sus recursos naturales, la crisis clim\u00e1tica y el deterioro de la Cuenca Amaz\u00f3nica demanda el asumir acciones radicales y una transformaci\u00f3n del actual sistema econ\u00f3mico mundial.<\/p>\n\n\n\n<p>\u201cCada pa\u00eds ha vivido de estos recursos, la mayor\u00eda. Nosotros hemos vivido del petr\u00f3leo y del carb\u00f3n durante los \u00faltimos 40 a\u00f1os. Si cambiamos, entonces \u00bfde qu\u00e9 vamos a vivir? Podemos vivir del cerebro, de la ciencia, de otro tipo de desarrollo, abriendo caminos de unidad, del turismo, de la bio-econom\u00eda\u201d, enfatiz\u00f3.<\/p>\n\n\n\n<p>Ambos presidentes participaron, en la sede de la Universidad Nacional de Leticia, en la plenaria de cierre de la reuni\u00f3n t\u00e9cnico cient\u00edfica de la Amazon\u00eda, un espacio con representantes de ocho naciones y miembros de comunidades ind\u00edgenas e investigadores sobre el deterioro ambiental de la Selva.<\/p>\n\n\n\n<p>Dicha instancia pretend\u00eda acordar una estrategia que garantice la integridad del ecosistema amaz\u00f3nico, detener la acci\u00f3n y el uso destructivo de la tierra y evitar que se alcance el punto de no retorno, como respuesta frente a la crisis clim\u00e1tica.<\/p>\n\n\n\n<p>\u201cLa raz\u00f3n hoy nos dice -a trav\u00e9s de la ciencia- que hay que transformar todo el sistema econ\u00f3mico mundial; que ese es el reto. Ah\u00ed est\u00e1 la revoluci\u00f3n (\u2026) Cre\u00edmos que el progreso era la destrucci\u00f3n del \u00e1rbol, cre\u00edamos que eso era subdesarrollo, hoy el planteamiento es salvar esos bosques para salvar la vida\u201d, a\u00f1adi\u00f3.<\/p>\n\n\n\n<p>\u201cHay otro tipo de desarrollo que es proteger la vida. Transformar ese sistema econ\u00f3mico en funci\u00f3n de la vida es la revoluci\u00f3n de los tiempos de hoy. De la Amazon\u00eda debe partir la revoluci\u00f3n de la vida\u201d, concluy\u00f3 Petro que destac\u00f3 la reducci\u00f3n del 76 % en deforestaci\u00f3n de la Amazon\u00eda colombiana durante su Gobierno.<\/p>\n\n\n\n<p>Cabe recordar que en diferentes escenarios internacionales el Presidente Petro ha venido expresando su preocupaci\u00f3n por el acelerado proceso de deterioro de la Selva Amaz\u00f3nica, por acci\u00f3n del hombre y tambi\u00e9n por el mismo calentamiento global.<\/p>\n\n\n\n<p>El Jefe de Estado colombiano plantea establecer un fondo multilateral, \u201cque sea capaz durante 20 a\u00f1os, de financiar a las fuerzas sociales, campesinas, agricultoras, en general personas humildes, que son hoy el agente de destrucci\u00f3n de la selva. Transformarlos en una fuerza positiva que significa pagarles mensualmente servicios ambientales por cuidar y dejar crecer la selva amaz\u00f3nica\u201d.<\/p>\n\n\n\n<p>Al Presidente Petro lo acompa\u00f1aron el canciller \u00c1lvaro Leyva; el director del Dapre, Carlos Ram\u00f3n Gonz\u00e1lez; la ministra de Ambiente, Susana Mohammad; la ministra de Agricultura, Jennifer Mojica, y el embajador de Colombia en Brasil, Guillermo Rivera.<\/p>\n\n\n\n<p>Entre tanto, el Presidente Lula da Silva estuvo acompa\u00f1ado de la primera Dama del pa\u00eds, Ros\u00e2ngela Lula da Silva; el canciller Mauro Viera; la ministra de Medio Ambiente, Marina Silva; la ministra de Pueblos Ind\u00edgenas, S\u00f4nia Guajajara; el ministro Jefe de la Secretar\u00eda de las Comunicaciones, Paulo Pimienta, y Celso Amorim, asesor Especial de Presidencia de la Rep\u00fablica.<\/p>\n","protected":false},"excerpt":{"rendered":"<p>El Presidente Gustavo Petro invit\u00f3 este s\u00e1bado a su hom\u00f3logo brasile\u00f1o, Luiz In\u00e1cio Lula da Silva, a reflexionar sobre la conveniencia de la exploraci\u00f3n y explotaci\u00f3n de hidrocarburos en la Selva Amaz\u00f3nica, al cierre del encuentro preparatorio denominado \u00abCamino a la Cumbre Amaz\u00f3nica\u00bb, realizado en Leticia, con el objetivo de definir algunos de los par\u00e1metros [&hellip;]<\/p>\n","protected":false},"author":2,"featured_media":0,"comment_status":"open","ping_status":"open","sticky":false,"template":"","format":"standard","meta":{"footnotes":""},"categories":[36,32],"tags":[],"class_list":["post-56188","post","type-post","status-publish","format-standard","hentry","category-destacado","category-nacional"],"yoast_head":"<!-- This site is optimized with the Yoast SEO plugin v26.6 - https:\/\/yoast.com\/wordpress\/plugins\/seo\/ -->\n<title>Petro insta a Lula da Silva a reflexionar sobre conveniencia de permitir exploraci\u00f3n de hidrocarburos en la Amazon\u00eda -<\/title>\n<meta name=\"robots\" content=\"index, follow, max-snippet:-1, max-image-preview:large, max-video-preview:-1\" \/>\n<link rel=\"canonical\" href=\"https:\/\/luchonoticias.com\/editor\/petro-insta-a-lula-da-silva-a-reflexionar-sobre-conveniencia-de-permitir-exploracion-de-hidrocarburos-en-la-amazonia\/\" \/>\n<meta property=\"og:locale\" content=\"es_ES\" \/>\n<meta property=\"og:type\" content=\"article\" \/>\n<meta property=\"og:title\" content=\"Petro insta a Lula da Silva a reflexionar sobre conveniencia de permitir exploraci\u00f3n de hidrocarburos en la Amazon\u00eda -\" \/>\n<meta property=\"og:url\" content=\"https:\/\/luchonoticias.com\/editor\/petro-insta-a-lula-da-silva-a-reflexionar-sobre-conveniencia-de-permitir-exploracion-de-hidrocarburos-en-la-amazonia\/\" \/>\n<meta property=\"article:publisher\" content=\"https:\/\/www.facebook.com\/luchonoticiasneiva\" \/>\n<meta property=\"article:published_time\" content=\"2023-07-09T12:50:57+00:00\" \/>\n<meta property=\"article:modified_time\" content=\"2023-07-09T12:51:00+00:00\" \/>\n<meta name=\"author\" content=\"Editor General\" \/>\n<meta name=\"twitter:card\" content=\"summary_large_image\" \/>\n<meta name=\"twitter:label1\" content=\"Escrito por\" \/>\n\t<meta name=\"twitter:data1\" content=\"Editor General\" \/>\n\t<meta name=\"twitter:label2\" content=\"Tiempo de lectura\" \/>\n\t<meta name=\"twitter:data2\" content=\"4 minutos\" \/>\n<script type=\"application\/ld+json\" class=\"yoast-schema-graph\">{\"@context\":\"https:\/\/schema.org\",\"@graph\":[{\"@type\":\"Article\",\"@id\":\"https:\/\/luchonoticias.com\/editor\/petro-insta-a-lula-da-silva-a-reflexionar-sobre-conveniencia-de-permitir-exploracion-de-hidrocarburos-en-la-amazonia\/#article\",\"isPartOf\":{\"@id\":\"https:\/\/luchonoticias.com\/editor\/petro-insta-a-lula-da-silva-a-reflexionar-sobre-conveniencia-de-permitir-exploracion-de-hidrocarburos-en-la-amazonia\/\"},\"author\":{\"name\":\"Editor General\",\"@id\":\"https:\/\/luchonoticias.com\/editor\/#\/schema\/person\/29217990ddf6f14e35912b2866d591fb\"},\"headline\":\"Petro insta a Lula da Silva a reflexionar sobre conveniencia de permitir exploraci\u00f3n de hidrocarburos en la Amazon\u00eda\",\"datePublished\":\"2023-07-09T12:50:57+00:00\",\"dateModified\":\"2023-07-09T12:51:00+00:00\",\"mainEntityOfPage\":{\"@id\":\"https:\/\/luchonoticias.com\/editor\/petro-insta-a-lula-da-silva-a-reflexionar-sobre-conveniencia-de-permitir-exploracion-de-hidrocarburos-en-la-amazonia\/\"},\"wordCount\":749,\"commentCount\":0,\"publisher\":{\"@id\":\"https:\/\/luchonoticias.com\/editor\/#\/schema\/person\/7a7fd911f58561fd056dbac7b55af9cd\"},\"articleSection\":[\"Destacado\",\"Nacional\"],\"inLanguage\":\"es\",\"potentialAction\":[{\"@type\":\"CommentAction\",\"name\":\"Comment\",\"target\":[\"https:\/\/luchonoticias.com\/editor\/petro-insta-a-lula-da-silva-a-reflexionar-sobre-conveniencia-de-permitir-exploracion-de-hidrocarburos-en-la-amazonia\/#respond\"]}]},{\"@type\":\"WebPage\",\"@id\":\"https:\/\/luchonoticias.com\/editor\/petro-insta-a-lula-da-silva-a-reflexionar-sobre-conveniencia-de-permitir-exploracion-de-hidrocarburos-en-la-amazonia\/\",\"url\":\"https:\/\/luchonoticias.com\/editor\/petro-insta-a-lula-da-silva-a-reflexionar-sobre-conveniencia-de-permitir-exploracion-de-hidrocarburos-en-la-amazonia\/\",\"name\":\"Petro insta a Lula da Silva a reflexionar sobre conveniencia de permitir exploraci\u00f3n de hidrocarburos en la Amazon\u00eda -\",\"isPartOf\":{\"@id\":\"https:\/\/luchonoticias.com\/editor\/#website\"},\"datePublished\":\"2023-07-09T12:50:57+00:00\",\"dateModified\":\"2023-07-09T12:51:00+00:00\",\"breadcrumb\":{\"@id\":\"https:\/\/luchonoticias.com\/editor\/petro-insta-a-lula-da-silva-a-reflexionar-sobre-conveniencia-de-permitir-exploracion-de-hidrocarburos-en-la-amazonia\/#breadcrumb\"},\"inLanguage\":\"es\",\"potentialAction\":[{\"@type\":\"ReadAction\",\"target\":[\"https:\/\/luchonoticias.com\/editor\/petro-insta-a-lula-da-silva-a-reflexionar-sobre-conveniencia-de-permitir-exploracion-de-hidrocarburos-en-la-amazonia\/\"]}]},{\"@type\":\"BreadcrumbList\",\"@id\":\"https:\/\/luchonoticias.com\/editor\/petro-insta-a-lula-da-silva-a-reflexionar-sobre-conveniencia-de-permitir-exploracion-de-hidrocarburos-en-la-amazonia\/#breadcrumb\",\"itemListElement\":[{\"@type\":\"ListItem\",\"position\":1,\"name\":\"Portada\",\"item\":\"https:\/\/luchonoticias.com\/editor\/\"},{\"@type\":\"ListItem\",\"position\":2,\"name\":\"Petro insta a Lula da Silva a reflexionar sobre conveniencia de permitir exploraci\u00f3n de hidrocarburos en la Amazon\u00eda\"}]},{\"@type\":\"WebSite\",\"@id\":\"https:\/\/luchonoticias.com\/editor\/#website\",\"url\":\"https:\/\/luchonoticias.com\/editor\/\",\"name\":\"\",\"description\":\"\",\"publisher\":{\"@id\":\"https:\/\/luchonoticias.com\/editor\/#\/schema\/person\/7a7fd911f58561fd056dbac7b55af9cd\"},\"potentialAction\":[{\"@type\":\"SearchAction\",\"target\":{\"@type\":\"EntryPoint\",\"urlTemplate\":\"https:\/\/luchonoticias.com\/editor\/?s={search_term_string}\"},\"query-input\":{\"@type\":\"PropertyValueSpecification\",\"valueRequired\":true,\"valueName\":\"search_term_string\"}}],\"inLanguage\":\"es\"},{\"@type\":[\"Person\",\"Organization\"],\"@id\":\"https:\/\/luchonoticias.com\/editor\/#\/schema\/person\/7a7fd911f58561fd056dbac7b55af9cd\",\"name\":\"admin\",\"image\":{\"@type\":\"ImageObject\",\"inLanguage\":\"es\",\"@id\":\"https:\/\/luchonoticias.com\/editor\/#\/schema\/person\/image\/\",\"url\":\"https:\/\/luchonoticias.com\/editor\/wp-content\/uploads\/2024\/02\/cropped-cropped-logolu.webp\",\"contentUrl\":\"https:\/\/luchonoticias.com\/editor\/wp-content\/uploads\/2024\/02\/cropped-cropped-logolu.webp\",\"width\":382,\"height\":170,\"caption\":\"admin\"},\"logo\":{\"@id\":\"https:\/\/luchonoticias.com\/editor\/#\/schema\/person\/image\/\"},\"sameAs\":[\"https:\/\/www.facebook.com\/luchonoticiasneiva\"]},{\"@type\":\"Person\",\"@id\":\"https:\/\/luchonoticias.com\/editor\/#\/schema\/person\/29217990ddf6f14e35912b2866d591fb\",\"name\":\"Editor General\",\"image\":{\"@type\":\"ImageObject\",\"inLanguage\":\"es\",\"@id\":\"https:\/\/luchonoticias.com\/editor\/#\/schema\/person\/image\/\",\"url\":\"https:\/\/luchonoticias.com\/editor\/wp-content\/uploads\/2024\/02\/cropped-cropped-logolu-150x150.webp\",\"contentUrl\":\"https:\/\/luchonoticias.com\/editor\/wp-content\/uploads\/2024\/02\/cropped-cropped-logolu-150x150.webp\",\"caption\":\"Editor General\"},\"sameAs\":[\"https:\/\/luchonoticias.com\/\"],\"url\":\"https:\/\/luchonoticias.com\/editor\/author\/editor-general\/\"}]}<\/script>\n<!-- \/ Yoast SEO plugin. -->","yoast_head_json":{"title":"Petro insta a Lula da Silva a reflexionar sobre conveniencia de permitir exploraci\u00f3n de hidrocarburos en la Amazon\u00eda -","robots":{"index":"index","follow":"follow","max-snippet":"max-snippet:-1","max-image-preview":"max-image-preview:large","max-video-preview":"max-video-preview:-1"},"canonical":"https:\/\/luchonoticias.com\/editor\/petro-insta-a-lula-da-silva-a-reflexionar-sobre-conveniencia-de-permitir-exploracion-de-hidrocarburos-en-la-amazonia\/","og_locale":"es_ES","og_type":"article","og_title":"Petro insta a Lula da Silva a reflexionar sobre conveniencia de permitir exploraci\u00f3n de hidrocarburos en la Amazon\u00eda -","og_url":"https:\/\/luchonoticias.com\/editor\/petro-insta-a-lula-da-silva-a-reflexionar-sobre-conveniencia-de-permitir-exploracion-de-hidrocarburos-en-la-amazonia\/","article_publisher":"https:\/\/www.facebook.com\/luchonoticiasneiva","article_published_time":"2023-07-09T12:50:57+00:00","article_modified_time":"2023-07-09T12:51:00+00:00","author":"Editor General","twitter_card":"summary_large_image","twitter_misc":{"Escrito por":"Editor General","Tiempo de lectura":"4 minutos"},"schema":{"@context":"https:\/\/schema.org","@graph":[{"@type":"Article","@id":"https:\/\/luchonoticias.com\/editor\/petro-insta-a-lula-da-silva-a-reflexionar-sobre-conveniencia-de-permitir-exploracion-de-hidrocarburos-en-la-amazonia\/#article","isPartOf":{"@id":"https:\/\/luchonoticias.com\/editor\/petro-insta-a-lula-da-silva-a-reflexionar-sobre-conveniencia-de-permitir-exploracion-de-hidrocarburos-en-la-amazonia\/"},"author":{"name":"Editor General","@id":"https:\/\/luchonoticias.com\/editor\/#\/schema\/person\/29217990ddf6f14e35912b2866d591fb"},"headline":"Petro insta a Lula da Silva a reflexionar sobre conveniencia de permitir exploraci\u00f3n de hidrocarburos en la Amazon\u00eda","datePublished":"2023-07-09T12:50:57+00:00","dateModified":"2023-07-09T12:51:00+00:00","mainEntityOfPage":{"@id":"https:\/\/luchonoticias.com\/editor\/petro-insta-a-lula-da-silva-a-reflexionar-sobre-conveniencia-de-permitir-exploracion-de-hidrocarburos-en-la-amazonia\/"},"wordCount":749,"commentCount":0,"publisher":{"@id":"https:\/\/luchonoticias.com\/editor\/#\/schema\/person\/7a7fd911f58561fd056dbac7b55af9cd"},"articleSection":["Destacado","Nacional"],"inLanguage":"es","potentialAction":[{"@type":"CommentAction","name":"Comment","target":["https:\/\/luchonoticias.com\/editor\/petro-insta-a-lula-da-silva-a-reflexionar-sobre-conveniencia-de-permitir-exploracion-de-hidrocarburos-en-la-amazonia\/#respond"]}]},{"@type":"WebPage","@id":"https:\/\/luchonoticias.com\/editor\/petro-insta-a-lula-da-silva-a-reflexionar-sobre-conveniencia-de-permitir-exploracion-de-hidrocarburos-en-la-amazonia\/","url":"https:\/\/luchonoticias.com\/editor\/petro-insta-a-lula-da-silva-a-reflexionar-sobre-conveniencia-de-permitir-exploracion-de-hidrocarburos-en-la-amazonia\/","name":"Petro insta a Lula da Silva a reflexionar sobre conveniencia de permitir exploraci\u00f3n de hidrocarburos en la Amazon\u00eda -","isPartOf":{"@id":"https:\/\/luchonoticias.com\/editor\/#website"},"datePublished":"2023-07-09T12:50:57+00:00","dateModified":"2023-07-09T12:51:00+00:00","breadcrumb":{"@id":"https:\/\/luchonoticias.com\/editor\/petro-insta-a-lula-da-silva-a-reflexionar-sobre-conveniencia-de-permitir-exploracion-de-hidrocarburos-en-la-amazonia\/#breadcrumb"},"inLanguage":"es","potentialAction":[{"@type":"ReadAction","target":["https:\/\/luchonoticias.com\/editor\/petro-insta-a-lula-da-silva-a-reflexionar-sobre-conveniencia-de-permitir-exploracion-de-hidrocarburos-en-la-amazonia\/"]}]},{"@type":"BreadcrumbList","@id":"https:\/\/luchonoticias.com\/editor\/petro-insta-a-lula-da-silva-a-reflexionar-sobre-conveniencia-de-permitir-exploracion-de-hidrocarburos-en-la-amazonia\/#breadcrumb","itemListElement":[{"@type":"ListItem","position":1,"name":"Portada","item":"https:\/\/luchonoticias.com\/editor\/"},{"@type":"ListItem","position":2,"name":"Petro insta a Lula da Silva a reflexionar sobre conveniencia de permitir exploraci\u00f3n de hidrocarburos en la Amazon\u00eda"}]},{"@type":"WebSite","@id":"https:\/\/luchonoticias.com\/editor\/#website","url":"https:\/\/luchonoticias.com\/editor\/","name":"","description":"","publisher":{"@id":"https:\/\/luchonoticias.com\/editor\/#\/schema\/person\/7a7fd911f58561fd056dbac7b55af9cd"},"potentialAction":[{"@type":"SearchAction","target":{"@type":"EntryPoint","urlTemplate":"https:\/\/luchonoticias.com\/editor\/?s={search_term_string}"},"query-input":{"@type":"PropertyValueSpecification","valueRequired":true,"valueName":"search_term_string"}}],"inLanguage":"es"},{"@type":["Person","Organization"],"@id":"https:\/\/luchonoticias.com\/editor\/#\/schema\/person\/7a7fd911f58561fd056dbac7b55af9cd","name":"admin","image":{"@type":"ImageObject","inLanguage":"es","@id":"https:\/\/luchonoticias.com\/editor\/#\/schema\/person\/image\/","url":"https:\/\/luchonoticias.com\/editor\/wp-content\/uploads\/2024\/02\/cropped-cropped-logolu.webp","contentUrl":"https:\/\/luchonoticias.com\/editor\/wp-content\/uploads\/2024\/02\/cropped-cropped-logolu.webp","width":382,"height":170,"caption":"admin"},"logo":{"@id":"https:\/\/luchonoticias.com\/editor\/#\/schema\/person\/image\/"},"sameAs":["https:\/\/www.facebook.com\/luchonoticiasneiva"]},{"@type":"Person","@id":"https:\/\/luchonoticias.com\/editor\/#\/schema\/person\/29217990ddf6f14e35912b2866d591fb","name":"Editor General","image":{"@type":"ImageObject","inLanguage":"es","@id":"https:\/\/luchonoticias.com\/editor\/#\/schema\/person\/image\/","url":"https:\/\/luchonoticias.com\/editor\/wp-content\/uploads\/2024\/02\/cropped-cropped-logolu-150x150.webp","contentUrl":"https:\/\/luchonoticias.com\/editor\/wp-content\/uploads\/2024\/02\/cropped-cropped-logolu-150x150.webp","caption":"Editor General"},"sameAs":["https:\/\/luchonoticias.com\/"],"url":"https:\/\/luchonoticias.com\/editor\/author\/editor-general\/"}]}},"_links":{"self":[{"href":"https:\/\/luchonoticias.com\/editor\/wp-json\/wp\/v2\/posts\/56188","targetHints":{"allow":["GET"]}}],"collection":[{"href":"https:\/\/luchonoticias.com\/editor\/wp-json\/wp\/v2\/posts"}],"about":[{"href":"https:\/\/luchonoticias.com\/editor\/wp-json\/wp\/v2\/types\/post"}],"author":[{"embeddable":true,"href":"https:\/\/luchonoticias.com\/editor\/wp-json\/wp\/v2\/users\/2"}],"replies":[{"embeddable":true,"href":"https:\/\/luchonoticias.com\/editor\/wp-json\/wp\/v2\/comments?post=56188"}],"version-history":[{"count":0,"href":"https:\/\/luchonoticias.com\/editor\/wp-json\/wp\/v2\/posts\/56188\/revisions"}],"wp:attachment":[{"href":"https:\/\/luchonoticias.com\/editor\/wp-json\/wp\/v2\/media?parent=56188"}],"wp:term":[{"taxonomy":"category","embeddable":true,"href":"https:\/\/luchonoticias.com\/editor\/wp-json\/wp\/v2\/categories?post=56188"},{"taxonomy":"post_tag","embeddable":true,"href":"https:\/\/luchonoticias.com\/editor\/wp-json\/wp\/v2\/tags?post=56188"}],"curies":[{"name":"wp","href":"https:\/\/api.w.org\/{rel}","templated":true}]}}