{"id":56196,"date":"2023-07-09T07:54:25","date_gmt":"2023-07-09T12:54:25","guid":{"rendered":"https:\/\/luchonoticias.com\/?p=56196"},"modified":"2023-07-09T07:54:28","modified_gmt":"2023-07-09T12:54:28","slug":"el-papa-francisco-anuncio-21-nuevos-cardenales","status":"publish","type":"post","link":"https:\/\/luchonoticias.com\/editor\/el-papa-francisco-anuncio-21-nuevos-cardenales\/","title":{"rendered":"El papa Francisco anunci\u00f3 21 nuevos cardenales,"},"content":{"rendered":"\n<p>Tras el rezo del \u00c1ngelus, el Papa Francisco anunci\u00f3 para septiembre la celebraci\u00f3n de un Consistorio para la creaci\u00f3n de nuevos cardenales, el noveno de su Pontificado. El primero fue el 22 de febrero de 2014, al que siguieron los del 14 de febrero de 2015; 19 de noviembre de 2016; 28 de junio de 2017; 28 de junio de 2018; 05 de octubre de 2019; 28 de noviembre de 2020; 27 de agosto de 2022. He aqu\u00ed el anuncio:<\/p>\n\n\n\n<p>\u00abAhora deseo anunciar que el 30 de septiembre celebrar\u00e9 un Consistorio para el nombramiento de nuevos Cardenales. Su procedencia expresa la universalidad de la Iglesia, que sigue proclamando el amor misericordioso de Dios a todos los hombres de la tierra. La inclusi\u00f3n de los nuevos Cardenales en la di\u00f3cesis de Roma manifiesta tambi\u00e9n el v\u00ednculo inseparable entre la Sede de Pedro y las Iglesias particulares extendidas por todo el mundo. Estos son los nombres de los nuevos Cardenales\u00bb.<\/p>\n\n\n\n<p>S. E. Mons. Robert Francis PREVOST, O.S.A., Prefecto del Dicasterio para los Obispos<\/p>\n\n\n\n<p>S.E. Mons. Claudio GUGEROTTI, Prefecto del Dicasterio para las Iglesias Orientales<\/p>\n\n\n\n<p>S. E. Mons. V\u00edctor Manuel FERN\u00c1NDEZ, Prefecto del Dicasterio para la Doctrina de la Fe<\/p>\n\n\n\n<p>S. E. Mons. Emil Paul TSCHERRIG, Nuncio Apost\u00f3lico<\/p>\n\n\n\n<p>S. E. Mons. Christophe Louis Yves Georges PIERRE, Nuncio Apost\u00f3lico<\/p>\n\n\n\n<p>S. E. Mons. Pierbattista PIZZABALLA, Patriarca Latino de Jerusal\u00e9n<\/p>\n\n\n\n<p>S. E. Mons. Stephen BRISLIN, Arzobispo de Ciudad del Cabo (Kaapstad)<\/p>\n\n\n\n<p>S. E. Mons. \u00c1ngel Sixto ROSSI, S.J., Arzobispo de C\u00f3rdoba<\/p>\n\n\n\n<p>S. E. Mons. Luis Jos\u00e9 RUEDA APARICIO, Arzobispo de Bogot\u00e1<\/p>\n\n\n\n<p>&nbsp;S. E. Mons. Grzegorz RY\u015a, Arzobispo de \u0141\u00f3d\u017a,<\/p>\n\n\n\n<p>&nbsp;S. E. Mons. Stephen Ameyu Martin MULLA, Arzobispo de Yuba<\/p>\n\n\n\n<p>S. E. Mons. Jos\u00e9 COBO CANO, Arzobispo de Madrid<\/p>\n\n\n\n<p>S. E. Mons. Protase RUGAMBWA, Arzobispo coadjutor de Tabora<\/p>\n\n\n\n<p>S. E. Mons. Sebastian FRANCIS, Obispo de Penang<\/p>\n\n\n\n<p>&nbsp;S. E. Mons. Stephen CHOW SAU-YAN, S.J., Obispo di Hong Kong<\/p>\n\n\n\n<p>S. E. Mons. Fran\u00e7ois-Xavier BUSTILLO, O.F.M. Conv., Obispo de Ajaccio<\/p>\n\n\n\n<p>S. E. Mons. Am\u00e9rico Manuel ALVES AGUIAR, Obispo auxiliar de Lisboa<\/p>\n\n\n\n<p>Rvdo. \u00c1ngel FERN\u00c1NDEZ ARTIME, s.d.b., Rector mayor de los salesianos<\/p>\n\n\n\n<p>Adem\u00e1s, Junto a ellos, el Papa ha informado que \u00abunir\u00e1 a los miembros del Colegio Cardenalicio dos arzobispos y un religioso que se han distinguido por su servicio a la Iglesia\u00bb:<\/p>\n\n\n\n<p>S.E. Monse\u00f1or Agostino MARCHETTO, Nuncio Apost\u00f3lico.<\/p>\n\n\n\n<p>S.E. Mons. Diego Rafael PADR\u00d3N S\u00c1NCHEZ, Arzobispo Em\u00e9rito de Cuman\u00e1.<\/p>\n\n\n\n<p>R. P. Luis Pascual DRI, OFM Cap., confesor en el Santuario de Nuestra Se\u00f1ora de Pompeya, Buenos Aires<\/p>\n\n\n\n<p>Por \u00faltimo, ha pedido oraci\u00f3n por los nuevos Cardenales \u00abpara que, confirmando su adhesi\u00f3n a Cristo, misericordioso y fiel Sumo Sacerdote (cf. Hb 2,17), me ayuden en mi ministerio de Obispo de Roma por el bien de todo el pueblo fiel de Dios\u00bb.<\/p>\n","protected":false},"excerpt":{"rendered":"<p>Tras el rezo del \u00c1ngelus, el Papa Francisco anunci\u00f3 para septiembre la celebraci\u00f3n de un Consistorio para la creaci\u00f3n de nuevos cardenales, el noveno de su Pontificado. El primero fue el 22 de febrero de 2014, al que siguieron los del 14 de febrero de 2015; 19 de noviembre de 2016; 28 de junio de [&hellip;]<\/p>\n","protected":false},"author":2,"featured_media":0,"comment_status":"open","ping_status":"open","sticky":false,"template":"","format":"standard","meta":{"footnotes":""},"categories":[28,36],"tags":[],"class_list":["post-56196","post","type-post","status-publish","format-standard","hentry","category-actualidad","category-destacado"],"yoast_head":"<!-- This site is optimized with the Yoast SEO plugin v26.6 - https:\/\/yoast.com\/wordpress\/plugins\/seo\/ -->\n<title>El papa Francisco anunci\u00f3 21 nuevos cardenales, -<\/title>\n<meta name=\"robots\" content=\"index, follow, max-snippet:-1, max-image-preview:large, max-video-preview:-1\" \/>\n<link rel=\"canonical\" href=\"https:\/\/luchonoticias.com\/editor\/el-papa-francisco-anuncio-21-nuevos-cardenales\/\" \/>\n<meta property=\"og:locale\" content=\"es_ES\" \/>\n<meta property=\"og:type\" content=\"article\" \/>\n<meta property=\"og:title\" content=\"El papa Francisco anunci\u00f3 21 nuevos cardenales, -\" \/>\n<meta property=\"og:url\" content=\"https:\/\/luchonoticias.com\/editor\/el-papa-francisco-anuncio-21-nuevos-cardenales\/\" \/>\n<meta property=\"article:publisher\" content=\"https:\/\/www.facebook.com\/luchonoticiasneiva\" \/>\n<meta property=\"article:published_time\" content=\"2023-07-09T12:54:25+00:00\" \/>\n<meta property=\"article:modified_time\" content=\"2023-07-09T12:54:28+00:00\" \/>\n<meta name=\"author\" content=\"Editor General\" \/>\n<meta name=\"twitter:card\" content=\"summary_large_image\" \/>\n<meta name=\"twitter:label1\" content=\"Escrito por\" \/>\n\t<meta name=\"twitter:data1\" content=\"Editor General\" \/>\n\t<meta name=\"twitter:label2\" content=\"Tiempo de lectura\" \/>\n\t<meta name=\"twitter:data2\" content=\"2 minutos\" \/>\n<script type=\"application\/ld+json\" class=\"yoast-schema-graph\">{\"@context\":\"https:\/\/schema.org\",\"@graph\":[{\"@type\":\"Article\",\"@id\":\"https:\/\/luchonoticias.com\/editor\/el-papa-francisco-anuncio-21-nuevos-cardenales\/#article\",\"isPartOf\":{\"@id\":\"https:\/\/luchonoticias.com\/editor\/el-papa-francisco-anuncio-21-nuevos-cardenales\/\"},\"author\":{\"name\":\"Editor General\",\"@id\":\"https:\/\/luchonoticias.com\/editor\/#\/schema\/person\/29217990ddf6f14e35912b2866d591fb\"},\"headline\":\"El papa Francisco anunci\u00f3 21 nuevos cardenales,\",\"datePublished\":\"2023-07-09T12:54:25+00:00\",\"dateModified\":\"2023-07-09T12:54:28+00:00\",\"mainEntityOfPage\":{\"@id\":\"https:\/\/luchonoticias.com\/editor\/el-papa-francisco-anuncio-21-nuevos-cardenales\/\"},\"wordCount\":475,\"commentCount\":0,\"publisher\":{\"@id\":\"https:\/\/luchonoticias.com\/editor\/#\/schema\/person\/7a7fd911f58561fd056dbac7b55af9cd\"},\"articleSection\":[\"Actualidad\",\"Destacado\"],\"inLanguage\":\"es\",\"potentialAction\":[{\"@type\":\"CommentAction\",\"name\":\"Comment\",\"target\":[\"https:\/\/luchonoticias.com\/editor\/el-papa-francisco-anuncio-21-nuevos-cardenales\/#respond\"]}]},{\"@type\":\"WebPage\",\"@id\":\"https:\/\/luchonoticias.com\/editor\/el-papa-francisco-anuncio-21-nuevos-cardenales\/\",\"url\":\"https:\/\/luchonoticias.com\/editor\/el-papa-francisco-anuncio-21-nuevos-cardenales\/\",\"name\":\"El papa Francisco anunci\u00f3 21 nuevos cardenales, -\",\"isPartOf\":{\"@id\":\"https:\/\/luchonoticias.com\/editor\/#website\"},\"datePublished\":\"2023-07-09T12:54:25+00:00\",\"dateModified\":\"2023-07-09T12:54:28+00:00\",\"breadcrumb\":{\"@id\":\"https:\/\/luchonoticias.com\/editor\/el-papa-francisco-anuncio-21-nuevos-cardenales\/#breadcrumb\"},\"inLanguage\":\"es\",\"potentialAction\":[{\"@type\":\"ReadAction\",\"target\":[\"https:\/\/luchonoticias.com\/editor\/el-papa-francisco-anuncio-21-nuevos-cardenales\/\"]}]},{\"@type\":\"BreadcrumbList\",\"@id\":\"https:\/\/luchonoticias.com\/editor\/el-papa-francisco-anuncio-21-nuevos-cardenales\/#breadcrumb\",\"itemListElement\":[{\"@type\":\"ListItem\",\"position\":1,\"name\":\"Portada\",\"item\":\"https:\/\/luchonoticias.com\/editor\/\"},{\"@type\":\"ListItem\",\"position\":2,\"name\":\"El papa Francisco anunci\u00f3 21 nuevos cardenales,\"}]},{\"@type\":\"WebSite\",\"@id\":\"https:\/\/luchonoticias.com\/editor\/#website\",\"url\":\"https:\/\/luchonoticias.com\/editor\/\",\"name\":\"\",\"description\":\"\",\"publisher\":{\"@id\":\"https:\/\/luchonoticias.com\/editor\/#\/schema\/person\/7a7fd911f58561fd056dbac7b55af9cd\"},\"potentialAction\":[{\"@type\":\"SearchAction\",\"target\":{\"@type\":\"EntryPoint\",\"urlTemplate\":\"https:\/\/luchonoticias.com\/editor\/?s={search_term_string}\"},\"query-input\":{\"@type\":\"PropertyValueSpecification\",\"valueRequired\":true,\"valueName\":\"search_term_string\"}}],\"inLanguage\":\"es\"},{\"@type\":[\"Person\",\"Organization\"],\"@id\":\"https:\/\/luchonoticias.com\/editor\/#\/schema\/person\/7a7fd911f58561fd056dbac7b55af9cd\",\"name\":\"admin\",\"image\":{\"@type\":\"ImageObject\",\"inLanguage\":\"es\",\"@id\":\"https:\/\/luchonoticias.com\/editor\/#\/schema\/person\/image\/\",\"url\":\"https:\/\/luchonoticias.com\/editor\/wp-content\/uploads\/2024\/02\/cropped-cropped-logolu.webp\",\"contentUrl\":\"https:\/\/luchonoticias.com\/editor\/wp-content\/uploads\/2024\/02\/cropped-cropped-logolu.webp\",\"width\":382,\"height\":170,\"caption\":\"admin\"},\"logo\":{\"@id\":\"https:\/\/luchonoticias.com\/editor\/#\/schema\/person\/image\/\"},\"sameAs\":[\"https:\/\/www.facebook.com\/luchonoticiasneiva\"]},{\"@type\":\"Person\",\"@id\":\"https:\/\/luchonoticias.com\/editor\/#\/schema\/person\/29217990ddf6f14e35912b2866d591fb\",\"name\":\"Editor General\",\"image\":{\"@type\":\"ImageObject\",\"inLanguage\":\"es\",\"@id\":\"https:\/\/luchonoticias.com\/editor\/#\/schema\/person\/image\/\",\"url\":\"https:\/\/luchonoticias.com\/editor\/wp-content\/uploads\/2024\/02\/cropped-cropped-logolu-150x150.webp\",\"contentUrl\":\"https:\/\/luchonoticias.com\/editor\/wp-content\/uploads\/2024\/02\/cropped-cropped-logolu-150x150.webp\",\"caption\":\"Editor General\"},\"sameAs\":[\"https:\/\/luchonoticias.com\/\"],\"url\":\"https:\/\/luchonoticias.com\/editor\/author\/editor-general\/\"}]}<\/script>\n<!-- \/ Yoast SEO plugin. -->","yoast_head_json":{"title":"El papa Francisco anunci\u00f3 21 nuevos cardenales, -","robots":{"index":"index","follow":"follow","max-snippet":"max-snippet:-1","max-image-preview":"max-image-preview:large","max-video-preview":"max-video-preview:-1"},"canonical":"https:\/\/luchonoticias.com\/editor\/el-papa-francisco-anuncio-21-nuevos-cardenales\/","og_locale":"es_ES","og_type":"article","og_title":"El papa Francisco anunci\u00f3 21 nuevos cardenales, -","og_url":"https:\/\/luchonoticias.com\/editor\/el-papa-francisco-anuncio-21-nuevos-cardenales\/","article_publisher":"https:\/\/www.facebook.com\/luchonoticiasneiva","article_published_time":"2023-07-09T12:54:25+00:00","article_modified_time":"2023-07-09T12:54:28+00:00","author":"Editor General","twitter_card":"summary_large_image","twitter_misc":{"Escrito por":"Editor General","Tiempo de lectura":"2 minutos"},"schema":{"@context":"https:\/\/schema.org","@graph":[{"@type":"Article","@id":"https:\/\/luchonoticias.com\/editor\/el-papa-francisco-anuncio-21-nuevos-cardenales\/#article","isPartOf":{"@id":"https:\/\/luchonoticias.com\/editor\/el-papa-francisco-anuncio-21-nuevos-cardenales\/"},"author":{"name":"Editor General","@id":"https:\/\/luchonoticias.com\/editor\/#\/schema\/person\/29217990ddf6f14e35912b2866d591fb"},"headline":"El papa Francisco anunci\u00f3 21 nuevos cardenales,","datePublished":"2023-07-09T12:54:25+00:00","dateModified":"2023-07-09T12:54:28+00:00","mainEntityOfPage":{"@id":"https:\/\/luchonoticias.com\/editor\/el-papa-francisco-anuncio-21-nuevos-cardenales\/"},"wordCount":475,"commentCount":0,"publisher":{"@id":"https:\/\/luchonoticias.com\/editor\/#\/schema\/person\/7a7fd911f58561fd056dbac7b55af9cd"},"articleSection":["Actualidad","Destacado"],"inLanguage":"es","potentialAction":[{"@type":"CommentAction","name":"Comment","target":["https:\/\/luchonoticias.com\/editor\/el-papa-francisco-anuncio-21-nuevos-cardenales\/#respond"]}]},{"@type":"WebPage","@id":"https:\/\/luchonoticias.com\/editor\/el-papa-francisco-anuncio-21-nuevos-cardenales\/","url":"https:\/\/luchonoticias.com\/editor\/el-papa-francisco-anuncio-21-nuevos-cardenales\/","name":"El papa Francisco anunci\u00f3 21 nuevos cardenales, -","isPartOf":{"@id":"https:\/\/luchonoticias.com\/editor\/#website"},"datePublished":"2023-07-09T12:54:25+00:00","dateModified":"2023-07-09T12:54:28+00:00","breadcrumb":{"@id":"https:\/\/luchonoticias.com\/editor\/el-papa-francisco-anuncio-21-nuevos-cardenales\/#breadcrumb"},"inLanguage":"es","potentialAction":[{"@type":"ReadAction","target":["https:\/\/luchonoticias.com\/editor\/el-papa-francisco-anuncio-21-nuevos-cardenales\/"]}]},{"@type":"BreadcrumbList","@id":"https:\/\/luchonoticias.com\/editor\/el-papa-francisco-anuncio-21-nuevos-cardenales\/#breadcrumb","itemListElement":[{"@type":"ListItem","position":1,"name":"Portada","item":"https:\/\/luchonoticias.com\/editor\/"},{"@type":"ListItem","position":2,"name":"El papa Francisco anunci\u00f3 21 nuevos cardenales,"}]},{"@type":"WebSite","@id":"https:\/\/luchonoticias.com\/editor\/#website","url":"https:\/\/luchonoticias.com\/editor\/","name":"","description":"","publisher":{"@id":"https:\/\/luchonoticias.com\/editor\/#\/schema\/person\/7a7fd911f58561fd056dbac7b55af9cd"},"potentialAction":[{"@type":"SearchAction","target":{"@type":"EntryPoint","urlTemplate":"https:\/\/luchonoticias.com\/editor\/?s={search_term_string}"},"query-input":{"@type":"PropertyValueSpecification","valueRequired":true,"valueName":"search_term_string"}}],"inLanguage":"es"},{"@type":["Person","Organization"],"@id":"https:\/\/luchonoticias.com\/editor\/#\/schema\/person\/7a7fd911f58561fd056dbac7b55af9cd","name":"admin","image":{"@type":"ImageObject","inLanguage":"es","@id":"https:\/\/luchonoticias.com\/editor\/#\/schema\/person\/image\/","url":"https:\/\/luchonoticias.com\/editor\/wp-content\/uploads\/2024\/02\/cropped-cropped-logolu.webp","contentUrl":"https:\/\/luchonoticias.com\/editor\/wp-content\/uploads\/2024\/02\/cropped-cropped-logolu.webp","width":382,"height":170,"caption":"admin"},"logo":{"@id":"https:\/\/luchonoticias.com\/editor\/#\/schema\/person\/image\/"},"sameAs":["https:\/\/www.facebook.com\/luchonoticiasneiva"]},{"@type":"Person","@id":"https:\/\/luchonoticias.com\/editor\/#\/schema\/person\/29217990ddf6f14e35912b2866d591fb","name":"Editor General","image":{"@type":"ImageObject","inLanguage":"es","@id":"https:\/\/luchonoticias.com\/editor\/#\/schema\/person\/image\/","url":"https:\/\/luchonoticias.com\/editor\/wp-content\/uploads\/2024\/02\/cropped-cropped-logolu-150x150.webp","contentUrl":"https:\/\/luchonoticias.com\/editor\/wp-content\/uploads\/2024\/02\/cropped-cropped-logolu-150x150.webp","caption":"Editor General"},"sameAs":["https:\/\/luchonoticias.com\/"],"url":"https:\/\/luchonoticias.com\/editor\/author\/editor-general\/"}]}},"_links":{"self":[{"href":"https:\/\/luchonoticias.com\/editor\/wp-json\/wp\/v2\/posts\/56196","targetHints":{"allow":["GET"]}}],"collection":[{"href":"https:\/\/luchonoticias.com\/editor\/wp-json\/wp\/v2\/posts"}],"about":[{"href":"https:\/\/luchonoticias.com\/editor\/wp-json\/wp\/v2\/types\/post"}],"author":[{"embeddable":true,"href":"https:\/\/luchonoticias.com\/editor\/wp-json\/wp\/v2\/users\/2"}],"replies":[{"embeddable":true,"href":"https:\/\/luchonoticias.com\/editor\/wp-json\/wp\/v2\/comments?post=56196"}],"version-history":[{"count":0,"href":"https:\/\/luchonoticias.com\/editor\/wp-json\/wp\/v2\/posts\/56196\/revisions"}],"wp:attachment":[{"href":"https:\/\/luchonoticias.com\/editor\/wp-json\/wp\/v2\/media?parent=56196"}],"wp:term":[{"taxonomy":"category","embeddable":true,"href":"https:\/\/luchonoticias.com\/editor\/wp-json\/wp\/v2\/categories?post=56196"},{"taxonomy":"post_tag","embeddable":true,"href":"https:\/\/luchonoticias.com\/editor\/wp-json\/wp\/v2\/tags?post=56196"}],"curies":[{"name":"wp","href":"https:\/\/api.w.org\/{rel}","templated":true}]}}