{"id":56201,"date":"2023-07-09T07:56:47","date_gmt":"2023-07-09T12:56:47","guid":{"rendered":"https:\/\/luchonoticias.com\/?p=56201"},"modified":"2023-07-09T07:56:51","modified_gmt":"2023-07-09T12:56:51","slug":"comision-septima-de-senado-presento-completo-balance-de-gestion-2022-2023","status":"publish","type":"post","link":"https:\/\/luchonoticias.com\/editor\/comision-septima-de-senado-presento-completo-balance-de-gestion-2022-2023\/","title":{"rendered":"Comisi\u00f3n s\u00e9ptima de senado present\u00f3 completo balance de gesti\u00f3n 2022-2023"},"content":{"rendered":"\n<p>La mesa directiva de la comisi\u00f3n s\u00e9ptima de senado, conformada por la senadora&nbsp;<strong>Norma Hurtado S\u00e1nchez, Partido de la U,&nbsp;<\/strong>presidenta; el senador<strong>&nbsp;Fabi\u00e1n D\u00edaz Plata, partido Alianza Verde,<\/strong>&nbsp;vicepresidente; y Pr\u00e1xere Jos\u00e9 Ospino Rey, secretario general, notificaron en su informe de gesti\u00f3n, correspondiente al per\u00edodo comprendido entre junio 20 de 2022 y junio 20 de 2023, que se presentaron 46 ponencias para primer debate, y 64 proyectos en curso, repartidos a la comisi\u00f3n.<\/p>\n\n\n\n<p><strong>Estados de los proyectos<\/strong><\/p>\n\n\n\n<p><strong><em>&nbsp;<\/em><\/strong>Los senadores de la comisi\u00f3n aprobaron en primer debate 29 proyectos; 25 proyectos, con ponencias para segundo debate; 13 proyectos, pendientes de rendir ponencia para segundo debate. Se archivaron 24 por tr\u00e1nsito de legislatura, y 3 proyectos fueron retirados por el autor.<\/p>\n\n\n\n<p><strong>Reforma Pensional de Colombia pas\u00f3 a segundo debate<\/strong><\/p>\n\n\n\n<p><strong><em>&nbsp;<\/em><\/strong>Dentro de los proyectos de Ley aprobados en primer debate en el senado de la Rep\u00fablica est\u00e1 el No. 293 &#8211; 2023 senado, por medio del cual se establece el Sistema de Protecci\u00f3n Social Integral para la vejez, invalidez y muerte de origen com\u00fan, estructurado en cuatro pilares: Solidario, semicontributivo, contributivo, y ahorro voluntario.<\/p>\n\n\n\n<p>El solidario, busca otorgar una renta de 223.000 pesos a los mayores de 65 a\u00f1os, que no pueden pensionarse. Igualmente, el semicontributivo, pretende que las personas que tengan un m\u00ednimo de 150, y un m\u00e1ximo de 999 semanas cotizadas en Colpensiones, o ahorros en su cuenta individual, en una AFP, pero que no les alcanza para pensionarse, recibir\u00e1n una renta vitalicia. Entre tanto, en el pilar contributivo se encuentran todas las personas afiliadas a Colpensiones, que recibir\u00e1n aportes de hasta tres salarios m\u00ednimos. Respecto al ahorro voluntario, se le permitir\u00e1 a la poblaci\u00f3n de mayores ingresos, hacer aportes adicionales para obtener una mejor pensi\u00f3n.<\/p>\n\n\n\n<p>Sobre este proyecto de reforma pensional, el senador<strong>&nbsp;Fabi\u00e1n D\u00edaz Plata<\/strong>,<strong>&nbsp;Alianza Verde<\/strong>, vicepresidente de la comisi\u00f3n, presidi\u00f3 las sesiones en la discusi\u00f3n y votaci\u00f3n de la iniciativa; al respecto manifest\u00f3: \u201cEn este espacio otorgamos las garant\u00edas constitucionales y legales a todos los partidos pol\u00edticos; ahora viene la elaboraci\u00f3n de la ponencia para segundo debate en la plenaria, y tendremos en cuenta las proposiciones que quedaron como constancia y los insumos que nos comparta la ciudadan\u00eda. Buscaremos una reforma pensional en beneficio de todos los colombianos\u201d.<\/p>\n\n\n\n<p>Cabe anotar que eta reforma busca beneficiar a 2.5 millones de adultos, sin posibilidad de pensionarse. El proyecto continuar\u00e1 su discusi\u00f3n en la plenaria del senado.<\/p>\n\n\n\n<p><strong>Proyectos que se convirtieron en Ley de la Rep\u00fablica<\/strong><\/p>\n\n\n\n<p><strong>Ley 2287 del 12 de enero de 2023<\/strong><\/p>\n\n\n\n<p>\u201cPor medio de la cual se crea el Sistema Nacional de Biobancos y se regula el funcionamiento de los biobancos con fines de investigaci\u00f3n biom\u00e9dica biotecnol\u00f3gica y epidemiol\u00f3gica, y se dictan otras disposiciones\u00bb.<\/p>\n\n\n\n<p><strong>Ley 2291 DE 2023<\/strong><\/p>\n\n\n\n<p>Diario Oficial No. 52.311 de 17 de febrero de 2023. \u00abPor medio de la cual se transforma la naturaleza jur\u00eddica del Instituto Nacional de Cancerolog\u00eda Empresa Social del Estado, se define su objeto, funciones, estructura y r\u00e9gimen legal\u00bb.<\/p>\n\n\n\n<p>Se llevaron a cabo 18 audiencias p\u00fablicas, donde se escuch\u00f3 a los actores del sistema de seguridad social en salud, sobre el proyecto de ley No. 293 de 2023, \u00abreforma a las pensiones, cambio por la vejez\u00bb. Y sobre el estado de la v\u00eda Curos &#8211; M\u00e1laga en Santander, e incumplimiento de compromisos. Entre otras audiencias.<\/p>\n\n\n\n<p>De igual manera la comisi\u00f3n llev\u00f3 a cabo 9 debates de control pol\u00edtico; se destaca el Proyecto de ley 088 de 2022 c\u00e1mara y 088 de 2022 senado \u201cPor la cual se decreta el Presupuesto de Rentas y Recursos de Capital y ley de apropiaciones para la vigencia fiscal del 1\u00ba de enero al 31 de diciembre de 2023\u201d. Cabe destacar, entre otros, el debate de control pol\u00edtico, \u201cCrisis de sostenibilidad de la red p\u00fablica hospitalaria en Colombia\u201d.<\/p>\n\n\n\n<p>Finalmente, para la pr\u00f3xima legislatura, la comisi\u00f3n tiene pendiente realizar nueve debates de control pol\u00edtico, y dos foros programados. &nbsp;<\/p>\n","protected":false},"excerpt":{"rendered":"<p>La mesa directiva de la comisi\u00f3n s\u00e9ptima de senado, conformada por la senadora&nbsp;Norma Hurtado S\u00e1nchez, Partido de la U,&nbsp;presidenta; el senador&nbsp;Fabi\u00e1n D\u00edaz Plata, partido Alianza Verde,&nbsp;vicepresidente; y Pr\u00e1xere Jos\u00e9 Ospino Rey, secretario general, notificaron en su informe de gesti\u00f3n, correspondiente al per\u00edodo comprendido entre junio 20 de 2022 y junio 20 de 2023, que se [&hellip;]<\/p>\n","protected":false},"author":2,"featured_media":0,"comment_status":"open","ping_status":"open","sticky":false,"template":"","format":"standard","meta":{"footnotes":""},"categories":[36,617],"tags":[],"class_list":["post-56201","post","type-post","status-publish","format-standard","hentry","category-destacado","category-politica"],"yoast_head":"<!-- This site is optimized with the Yoast SEO plugin v26.6 - https:\/\/yoast.com\/wordpress\/plugins\/seo\/ -->\n<title>Comisi\u00f3n s\u00e9ptima de senado present\u00f3 completo balance de gesti\u00f3n 2022-2023 -<\/title>\n<meta name=\"robots\" content=\"index, follow, max-snippet:-1, max-image-preview:large, max-video-preview:-1\" \/>\n<link rel=\"canonical\" href=\"https:\/\/luchonoticias.com\/editor\/comision-septima-de-senado-presento-completo-balance-de-gestion-2022-2023\/\" \/>\n<meta property=\"og:locale\" content=\"es_ES\" \/>\n<meta property=\"og:type\" content=\"article\" \/>\n<meta property=\"og:title\" content=\"Comisi\u00f3n s\u00e9ptima de senado present\u00f3 completo balance de gesti\u00f3n 2022-2023 -\" \/>\n<meta property=\"og:url\" content=\"https:\/\/luchonoticias.com\/editor\/comision-septima-de-senado-presento-completo-balance-de-gestion-2022-2023\/\" \/>\n<meta property=\"article:publisher\" content=\"https:\/\/www.facebook.com\/luchonoticiasneiva\" \/>\n<meta property=\"article:published_time\" content=\"2023-07-09T12:56:47+00:00\" \/>\n<meta property=\"article:modified_time\" content=\"2023-07-09T12:56:51+00:00\" \/>\n<meta name=\"author\" content=\"Editor General\" \/>\n<meta name=\"twitter:card\" content=\"summary_large_image\" \/>\n<meta name=\"twitter:label1\" content=\"Escrito por\" \/>\n\t<meta name=\"twitter:data1\" content=\"Editor General\" \/>\n\t<meta name=\"twitter:label2\" content=\"Tiempo de lectura\" \/>\n\t<meta name=\"twitter:data2\" content=\"3 minutos\" \/>\n<script type=\"application\/ld+json\" class=\"yoast-schema-graph\">{\"@context\":\"https:\/\/schema.org\",\"@graph\":[{\"@type\":\"Article\",\"@id\":\"https:\/\/luchonoticias.com\/editor\/comision-septima-de-senado-presento-completo-balance-de-gestion-2022-2023\/#article\",\"isPartOf\":{\"@id\":\"https:\/\/luchonoticias.com\/editor\/comision-septima-de-senado-presento-completo-balance-de-gestion-2022-2023\/\"},\"author\":{\"name\":\"Editor General\",\"@id\":\"https:\/\/luchonoticias.com\/editor\/#\/schema\/person\/29217990ddf6f14e35912b2866d591fb\"},\"headline\":\"Comisi\u00f3n s\u00e9ptima de senado present\u00f3 completo balance de gesti\u00f3n 2022-2023\",\"datePublished\":\"2023-07-09T12:56:47+00:00\",\"dateModified\":\"2023-07-09T12:56:51+00:00\",\"mainEntityOfPage\":{\"@id\":\"https:\/\/luchonoticias.com\/editor\/comision-septima-de-senado-presento-completo-balance-de-gestion-2022-2023\/\"},\"wordCount\":679,\"commentCount\":0,\"publisher\":{\"@id\":\"https:\/\/luchonoticias.com\/editor\/#\/schema\/person\/7a7fd911f58561fd056dbac7b55af9cd\"},\"articleSection\":[\"Destacado\",\"Pol\u00edtica\"],\"inLanguage\":\"es\",\"potentialAction\":[{\"@type\":\"CommentAction\",\"name\":\"Comment\",\"target\":[\"https:\/\/luchonoticias.com\/editor\/comision-septima-de-senado-presento-completo-balance-de-gestion-2022-2023\/#respond\"]}]},{\"@type\":\"WebPage\",\"@id\":\"https:\/\/luchonoticias.com\/editor\/comision-septima-de-senado-presento-completo-balance-de-gestion-2022-2023\/\",\"url\":\"https:\/\/luchonoticias.com\/editor\/comision-septima-de-senado-presento-completo-balance-de-gestion-2022-2023\/\",\"name\":\"Comisi\u00f3n s\u00e9ptima de senado present\u00f3 completo balance de gesti\u00f3n 2022-2023 -\",\"isPartOf\":{\"@id\":\"https:\/\/luchonoticias.com\/editor\/#website\"},\"datePublished\":\"2023-07-09T12:56:47+00:00\",\"dateModified\":\"2023-07-09T12:56:51+00:00\",\"breadcrumb\":{\"@id\":\"https:\/\/luchonoticias.com\/editor\/comision-septima-de-senado-presento-completo-balance-de-gestion-2022-2023\/#breadcrumb\"},\"inLanguage\":\"es\",\"potentialAction\":[{\"@type\":\"ReadAction\",\"target\":[\"https:\/\/luchonoticias.com\/editor\/comision-septima-de-senado-presento-completo-balance-de-gestion-2022-2023\/\"]}]},{\"@type\":\"BreadcrumbList\",\"@id\":\"https:\/\/luchonoticias.com\/editor\/comision-septima-de-senado-presento-completo-balance-de-gestion-2022-2023\/#breadcrumb\",\"itemListElement\":[{\"@type\":\"ListItem\",\"position\":1,\"name\":\"Portada\",\"item\":\"https:\/\/luchonoticias.com\/editor\/\"},{\"@type\":\"ListItem\",\"position\":2,\"name\":\"Comisi\u00f3n s\u00e9ptima de senado present\u00f3 completo balance de gesti\u00f3n 2022-2023\"}]},{\"@type\":\"WebSite\",\"@id\":\"https:\/\/luchonoticias.com\/editor\/#website\",\"url\":\"https:\/\/luchonoticias.com\/editor\/\",\"name\":\"\",\"description\":\"\",\"publisher\":{\"@id\":\"https:\/\/luchonoticias.com\/editor\/#\/schema\/person\/7a7fd911f58561fd056dbac7b55af9cd\"},\"potentialAction\":[{\"@type\":\"SearchAction\",\"target\":{\"@type\":\"EntryPoint\",\"urlTemplate\":\"https:\/\/luchonoticias.com\/editor\/?s={search_term_string}\"},\"query-input\":{\"@type\":\"PropertyValueSpecification\",\"valueRequired\":true,\"valueName\":\"search_term_string\"}}],\"inLanguage\":\"es\"},{\"@type\":[\"Person\",\"Organization\"],\"@id\":\"https:\/\/luchonoticias.com\/editor\/#\/schema\/person\/7a7fd911f58561fd056dbac7b55af9cd\",\"name\":\"admin\",\"image\":{\"@type\":\"ImageObject\",\"inLanguage\":\"es\",\"@id\":\"https:\/\/luchonoticias.com\/editor\/#\/schema\/person\/image\/\",\"url\":\"https:\/\/luchonoticias.com\/editor\/wp-content\/uploads\/2024\/02\/cropped-cropped-logolu.webp\",\"contentUrl\":\"https:\/\/luchonoticias.com\/editor\/wp-content\/uploads\/2024\/02\/cropped-cropped-logolu.webp\",\"width\":382,\"height\":170,\"caption\":\"admin\"},\"logo\":{\"@id\":\"https:\/\/luchonoticias.com\/editor\/#\/schema\/person\/image\/\"},\"sameAs\":[\"https:\/\/www.facebook.com\/luchonoticiasneiva\"]},{\"@type\":\"Person\",\"@id\":\"https:\/\/luchonoticias.com\/editor\/#\/schema\/person\/29217990ddf6f14e35912b2866d591fb\",\"name\":\"Editor General\",\"image\":{\"@type\":\"ImageObject\",\"inLanguage\":\"es\",\"@id\":\"https:\/\/luchonoticias.com\/editor\/#\/schema\/person\/image\/\",\"url\":\"https:\/\/luchonoticias.com\/editor\/wp-content\/uploads\/2024\/02\/cropped-cropped-logolu-150x150.webp\",\"contentUrl\":\"https:\/\/luchonoticias.com\/editor\/wp-content\/uploads\/2024\/02\/cropped-cropped-logolu-150x150.webp\",\"caption\":\"Editor General\"},\"sameAs\":[\"https:\/\/luchonoticias.com\/\"],\"url\":\"https:\/\/luchonoticias.com\/editor\/author\/editor-general\/\"}]}<\/script>\n<!-- \/ Yoast SEO plugin. -->","yoast_head_json":{"title":"Comisi\u00f3n s\u00e9ptima de senado present\u00f3 completo balance de gesti\u00f3n 2022-2023 -","robots":{"index":"index","follow":"follow","max-snippet":"max-snippet:-1","max-image-preview":"max-image-preview:large","max-video-preview":"max-video-preview:-1"},"canonical":"https:\/\/luchonoticias.com\/editor\/comision-septima-de-senado-presento-completo-balance-de-gestion-2022-2023\/","og_locale":"es_ES","og_type":"article","og_title":"Comisi\u00f3n s\u00e9ptima de senado present\u00f3 completo balance de gesti\u00f3n 2022-2023 -","og_url":"https:\/\/luchonoticias.com\/editor\/comision-septima-de-senado-presento-completo-balance-de-gestion-2022-2023\/","article_publisher":"https:\/\/www.facebook.com\/luchonoticiasneiva","article_published_time":"2023-07-09T12:56:47+00:00","article_modified_time":"2023-07-09T12:56:51+00:00","author":"Editor General","twitter_card":"summary_large_image","twitter_misc":{"Escrito por":"Editor General","Tiempo de lectura":"3 minutos"},"schema":{"@context":"https:\/\/schema.org","@graph":[{"@type":"Article","@id":"https:\/\/luchonoticias.com\/editor\/comision-septima-de-senado-presento-completo-balance-de-gestion-2022-2023\/#article","isPartOf":{"@id":"https:\/\/luchonoticias.com\/editor\/comision-septima-de-senado-presento-completo-balance-de-gestion-2022-2023\/"},"author":{"name":"Editor General","@id":"https:\/\/luchonoticias.com\/editor\/#\/schema\/person\/29217990ddf6f14e35912b2866d591fb"},"headline":"Comisi\u00f3n s\u00e9ptima de senado present\u00f3 completo balance de gesti\u00f3n 2022-2023","datePublished":"2023-07-09T12:56:47+00:00","dateModified":"2023-07-09T12:56:51+00:00","mainEntityOfPage":{"@id":"https:\/\/luchonoticias.com\/editor\/comision-septima-de-senado-presento-completo-balance-de-gestion-2022-2023\/"},"wordCount":679,"commentCount":0,"publisher":{"@id":"https:\/\/luchonoticias.com\/editor\/#\/schema\/person\/7a7fd911f58561fd056dbac7b55af9cd"},"articleSection":["Destacado","Pol\u00edtica"],"inLanguage":"es","potentialAction":[{"@type":"CommentAction","name":"Comment","target":["https:\/\/luchonoticias.com\/editor\/comision-septima-de-senado-presento-completo-balance-de-gestion-2022-2023\/#respond"]}]},{"@type":"WebPage","@id":"https:\/\/luchonoticias.com\/editor\/comision-septima-de-senado-presento-completo-balance-de-gestion-2022-2023\/","url":"https:\/\/luchonoticias.com\/editor\/comision-septima-de-senado-presento-completo-balance-de-gestion-2022-2023\/","name":"Comisi\u00f3n s\u00e9ptima de senado present\u00f3 completo balance de gesti\u00f3n 2022-2023 -","isPartOf":{"@id":"https:\/\/luchonoticias.com\/editor\/#website"},"datePublished":"2023-07-09T12:56:47+00:00","dateModified":"2023-07-09T12:56:51+00:00","breadcrumb":{"@id":"https:\/\/luchonoticias.com\/editor\/comision-septima-de-senado-presento-completo-balance-de-gestion-2022-2023\/#breadcrumb"},"inLanguage":"es","potentialAction":[{"@type":"ReadAction","target":["https:\/\/luchonoticias.com\/editor\/comision-septima-de-senado-presento-completo-balance-de-gestion-2022-2023\/"]}]},{"@type":"BreadcrumbList","@id":"https:\/\/luchonoticias.com\/editor\/comision-septima-de-senado-presento-completo-balance-de-gestion-2022-2023\/#breadcrumb","itemListElement":[{"@type":"ListItem","position":1,"name":"Portada","item":"https:\/\/luchonoticias.com\/editor\/"},{"@type":"ListItem","position":2,"name":"Comisi\u00f3n s\u00e9ptima de senado present\u00f3 completo balance de gesti\u00f3n 2022-2023"}]},{"@type":"WebSite","@id":"https:\/\/luchonoticias.com\/editor\/#website","url":"https:\/\/luchonoticias.com\/editor\/","name":"","description":"","publisher":{"@id":"https:\/\/luchonoticias.com\/editor\/#\/schema\/person\/7a7fd911f58561fd056dbac7b55af9cd"},"potentialAction":[{"@type":"SearchAction","target":{"@type":"EntryPoint","urlTemplate":"https:\/\/luchonoticias.com\/editor\/?s={search_term_string}"},"query-input":{"@type":"PropertyValueSpecification","valueRequired":true,"valueName":"search_term_string"}}],"inLanguage":"es"},{"@type":["Person","Organization"],"@id":"https:\/\/luchonoticias.com\/editor\/#\/schema\/person\/7a7fd911f58561fd056dbac7b55af9cd","name":"admin","image":{"@type":"ImageObject","inLanguage":"es","@id":"https:\/\/luchonoticias.com\/editor\/#\/schema\/person\/image\/","url":"https:\/\/luchonoticias.com\/editor\/wp-content\/uploads\/2024\/02\/cropped-cropped-logolu.webp","contentUrl":"https:\/\/luchonoticias.com\/editor\/wp-content\/uploads\/2024\/02\/cropped-cropped-logolu.webp","width":382,"height":170,"caption":"admin"},"logo":{"@id":"https:\/\/luchonoticias.com\/editor\/#\/schema\/person\/image\/"},"sameAs":["https:\/\/www.facebook.com\/luchonoticiasneiva"]},{"@type":"Person","@id":"https:\/\/luchonoticias.com\/editor\/#\/schema\/person\/29217990ddf6f14e35912b2866d591fb","name":"Editor General","image":{"@type":"ImageObject","inLanguage":"es","@id":"https:\/\/luchonoticias.com\/editor\/#\/schema\/person\/image\/","url":"https:\/\/luchonoticias.com\/editor\/wp-content\/uploads\/2024\/02\/cropped-cropped-logolu-150x150.webp","contentUrl":"https:\/\/luchonoticias.com\/editor\/wp-content\/uploads\/2024\/02\/cropped-cropped-logolu-150x150.webp","caption":"Editor General"},"sameAs":["https:\/\/luchonoticias.com\/"],"url":"https:\/\/luchonoticias.com\/editor\/author\/editor-general\/"}]}},"_links":{"self":[{"href":"https:\/\/luchonoticias.com\/editor\/wp-json\/wp\/v2\/posts\/56201","targetHints":{"allow":["GET"]}}],"collection":[{"href":"https:\/\/luchonoticias.com\/editor\/wp-json\/wp\/v2\/posts"}],"about":[{"href":"https:\/\/luchonoticias.com\/editor\/wp-json\/wp\/v2\/types\/post"}],"author":[{"embeddable":true,"href":"https:\/\/luchonoticias.com\/editor\/wp-json\/wp\/v2\/users\/2"}],"replies":[{"embeddable":true,"href":"https:\/\/luchonoticias.com\/editor\/wp-json\/wp\/v2\/comments?post=56201"}],"version-history":[{"count":0,"href":"https:\/\/luchonoticias.com\/editor\/wp-json\/wp\/v2\/posts\/56201\/revisions"}],"wp:attachment":[{"href":"https:\/\/luchonoticias.com\/editor\/wp-json\/wp\/v2\/media?parent=56201"}],"wp:term":[{"taxonomy":"category","embeddable":true,"href":"https:\/\/luchonoticias.com\/editor\/wp-json\/wp\/v2\/categories?post=56201"},{"taxonomy":"post_tag","embeddable":true,"href":"https:\/\/luchonoticias.com\/editor\/wp-json\/wp\/v2\/tags?post=56201"}],"curies":[{"name":"wp","href":"https:\/\/api.w.org\/{rel}","templated":true}]}}