{"id":56208,"date":"2023-07-09T10:15:33","date_gmt":"2023-07-09T15:15:33","guid":{"rendered":"https:\/\/luchonoticias.com\/?p=56208"},"modified":"2023-07-09T14:55:07","modified_gmt":"2023-07-09T19:55:07","slug":"hector-javier-osorio-empezo-pisando-fuerte-con-su-candidatura-a-la-alcaldia-de-neiva","status":"publish","type":"post","link":"https:\/\/luchonoticias.com\/editor\/hector-javier-osorio-empezo-pisando-fuerte-con-su-candidatura-a-la-alcaldia-de-neiva\/","title":{"rendered":"H\u00e9ctor Javier Osorio, empez\u00f3 pisando fuerte con su candidatura a la Alcald\u00eda de Neiva"},"content":{"rendered":"\n<p>Por: Julio D\u00edaz S\u00e1nchez<\/p>\n\n\n\n<p>A menos de cuatro meses de cumplirse las elecciones territoriales para el periodo 2024 \u2013 2027, la baraja de candidatos a la Alcald\u00eda de Neiva, se sigue ampliando y cada vez se ponen m\u00e1s re\u00f1idas las campa\u00f1as de cada uno de los aspirantes para la contienda electoral del pr\u00f3ximo 29 de octubre.<\/p>\n\n\n\n<p>El viejo refr\u00e1n dice que \u2018perro viejo ladra echao\u2019, y esta frase parece que le est\u00e1 funcionando a H\u00e9ctor Javier Osorio, quien desde ya empez\u00f3 a sumar apoyos de reconocidos dirigentes pol\u00edticos del Nuevo Liberalismo, de los Verdes, sectores alternativos, empresarios, gremios, l\u00edderes comunitarios y hasta el Pacto Hist\u00f3rico.<\/p>\n\n\n\n<figure class=\"wp-block-image size-full is-style-rounded\"><img decoding=\"async\" src=\"https:\/\/luchonoticias.com\/wp-content\/uploads\/2023\/07\/WhatsApp-Image-2023-07-09-at-9.00.39-AM.jpeg\" alt=\"\" class=\"wp-image-56210\"\/><\/figure>\n\n\n\n<p>Para la muestra de un bot\u00f3n, el candidato H\u00e9ctor Javier Osorio, la noche del s\u00e1bado anterior hizo una reuni\u00f3n en el parque del Ferrocarril y la asistencia fue masiva, seg\u00fan se conoci\u00f3, muchos neivanos llegaron por su propia cuenta a escuchar las propuestas de gobierno del aspirante avalado por el Frente Amplio.<\/p>\n\n\n\n<p>Durante su discurso, H\u00e9ctor Javier Osorio, expres\u00f3 que Neiva necesita urgente un buen gerente para que los recursos p\u00fablicos sean administrados con transparencia y austeridad y devolverle a los neivanos la confianza para que la ciudad salga del estancamiento en la que ha permanecido en estos \u00faltimos cuatro a\u00f1os.<\/p>\n\n\n\n<figure class=\"wp-block-image size-full is-style-rounded\"><img decoding=\"async\" src=\"https:\/\/luchonoticias.com\/wp-content\/uploads\/2023\/07\/WhatsApp-Image-2023-07-09-at-9.00.02-AM.jpeg\" alt=\"\" class=\"wp-image-56211\"\/><\/figure>\n\n\n\n<p>El candidato del Frente Amplio H\u00e9ctor Javier Osorio, tiene en su proyecto pol\u00edtico disminuir el empleo a trav\u00e9s de la llegada de empresas que contribuyan con el desarrollo del municipio y de la regi\u00f3n y convertir a Neiva en un centro empresarial y de turismo tal como lo han logrado en los \u00faltimos a\u00f1os otras ciudades intermedias del pa\u00eds como Armenia, Pereira, Villavicencio y Monter\u00eda.<\/p>\n\n\n\n<p>Lo cierto, es que el candidato H\u00e9ctor Javier Osorio, ya tiene sus equipos de trabajo listos y organizados para iniciar su campa\u00f1a por barrios, comunas, corregimientos y veredas de Neiva. Por \u00faltimo, expres\u00f3 que, desde el primero de enero del 2024, trabajar\u00e1 de manera articulada con la administraci\u00f3n departamental y el gobierno nacional, para que los recursos no se queden solo en las grandes capitales, sino que tambi\u00e9n lleguen a las ciudades intermedias como Neiva.<\/p>\n","protected":false},"excerpt":{"rendered":"<p>Por: Julio D\u00edaz S\u00e1nchez A menos de cuatro meses de cumplirse las elecciones territoriales para el periodo 2024 \u2013 2027, la baraja de candidatos a la Alcald\u00eda de Neiva, se sigue ampliando y cada vez se ponen m\u00e1s re\u00f1idas las campa\u00f1as de cada uno de los aspirantes para la contienda electoral del pr\u00f3ximo 29 de [&hellip;]<\/p>\n","protected":false},"author":2,"featured_media":0,"comment_status":"open","ping_status":"open","sticky":false,"template":"","format":"standard","meta":{"footnotes":""},"categories":[36,617],"tags":[],"class_list":["post-56208","post","type-post","status-publish","format-standard","hentry","category-destacado","category-politica"],"yoast_head":"<!-- This site is optimized with the Yoast SEO plugin v26.6 - https:\/\/yoast.com\/wordpress\/plugins\/seo\/ -->\n<title>H\u00e9ctor Javier Osorio, empez\u00f3 pisando fuerte con su candidatura a la Alcald\u00eda de Neiva -<\/title>\n<meta name=\"robots\" content=\"index, follow, max-snippet:-1, max-image-preview:large, max-video-preview:-1\" \/>\n<link rel=\"canonical\" href=\"https:\/\/luchonoticias.com\/editor\/hector-javier-osorio-empezo-pisando-fuerte-con-su-candidatura-a-la-alcaldia-de-neiva\/\" \/>\n<meta property=\"og:locale\" content=\"es_ES\" \/>\n<meta property=\"og:type\" content=\"article\" \/>\n<meta property=\"og:title\" content=\"H\u00e9ctor Javier Osorio, empez\u00f3 pisando fuerte con su candidatura a la Alcald\u00eda de Neiva -\" \/>\n<meta property=\"og:url\" content=\"https:\/\/luchonoticias.com\/editor\/hector-javier-osorio-empezo-pisando-fuerte-con-su-candidatura-a-la-alcaldia-de-neiva\/\" \/>\n<meta property=\"article:publisher\" content=\"https:\/\/www.facebook.com\/luchonoticiasneiva\" \/>\n<meta property=\"article:published_time\" content=\"2023-07-09T15:15:33+00:00\" \/>\n<meta property=\"article:modified_time\" content=\"2023-07-09T19:55:07+00:00\" \/>\n<meta property=\"og:image\" content=\"https:\/\/luchonoticias.com\/wp-content\/uploads\/2023\/07\/WhatsApp-Image-2023-07-09-at-9.00.39-AM.jpeg\" \/>\n<meta name=\"author\" content=\"Editor General\" \/>\n<meta name=\"twitter:card\" content=\"summary_large_image\" \/>\n<meta name=\"twitter:label1\" content=\"Escrito por\" \/>\n\t<meta name=\"twitter:data1\" content=\"Editor General\" \/>\n\t<meta name=\"twitter:label2\" content=\"Tiempo de lectura\" \/>\n\t<meta name=\"twitter:data2\" content=\"2 minutos\" \/>\n<script type=\"application\/ld+json\" class=\"yoast-schema-graph\">{\"@context\":\"https:\/\/schema.org\",\"@graph\":[{\"@type\":\"Article\",\"@id\":\"https:\/\/luchonoticias.com\/editor\/hector-javier-osorio-empezo-pisando-fuerte-con-su-candidatura-a-la-alcaldia-de-neiva\/#article\",\"isPartOf\":{\"@id\":\"https:\/\/luchonoticias.com\/editor\/hector-javier-osorio-empezo-pisando-fuerte-con-su-candidatura-a-la-alcaldia-de-neiva\/\"},\"author\":{\"name\":\"Editor General\",\"@id\":\"https:\/\/luchonoticias.com\/editor\/#\/schema\/person\/29217990ddf6f14e35912b2866d591fb\"},\"headline\":\"H\u00e9ctor Javier Osorio, empez\u00f3 pisando fuerte con su candidatura a la Alcald\u00eda de Neiva\",\"datePublished\":\"2023-07-09T15:15:33+00:00\",\"dateModified\":\"2023-07-09T19:55:07+00:00\",\"mainEntityOfPage\":{\"@id\":\"https:\/\/luchonoticias.com\/editor\/hector-javier-osorio-empezo-pisando-fuerte-con-su-candidatura-a-la-alcaldia-de-neiva\/\"},\"wordCount\":388,\"commentCount\":0,\"publisher\":{\"@id\":\"https:\/\/luchonoticias.com\/editor\/#\/schema\/person\/7a7fd911f58561fd056dbac7b55af9cd\"},\"image\":{\"@id\":\"https:\/\/luchonoticias.com\/editor\/hector-javier-osorio-empezo-pisando-fuerte-con-su-candidatura-a-la-alcaldia-de-neiva\/#primaryimage\"},\"thumbnailUrl\":\"https:\/\/luchonoticias.com\/wp-content\/uploads\/2023\/07\/WhatsApp-Image-2023-07-09-at-9.00.39-AM.jpeg\",\"articleSection\":[\"Destacado\",\"Pol\u00edtica\"],\"inLanguage\":\"es\",\"potentialAction\":[{\"@type\":\"CommentAction\",\"name\":\"Comment\",\"target\":[\"https:\/\/luchonoticias.com\/editor\/hector-javier-osorio-empezo-pisando-fuerte-con-su-candidatura-a-la-alcaldia-de-neiva\/#respond\"]}]},{\"@type\":\"WebPage\",\"@id\":\"https:\/\/luchonoticias.com\/editor\/hector-javier-osorio-empezo-pisando-fuerte-con-su-candidatura-a-la-alcaldia-de-neiva\/\",\"url\":\"https:\/\/luchonoticias.com\/editor\/hector-javier-osorio-empezo-pisando-fuerte-con-su-candidatura-a-la-alcaldia-de-neiva\/\",\"name\":\"H\u00e9ctor Javier Osorio, empez\u00f3 pisando fuerte con su candidatura a la Alcald\u00eda de Neiva -\",\"isPartOf\":{\"@id\":\"https:\/\/luchonoticias.com\/editor\/#website\"},\"primaryImageOfPage\":{\"@id\":\"https:\/\/luchonoticias.com\/editor\/hector-javier-osorio-empezo-pisando-fuerte-con-su-candidatura-a-la-alcaldia-de-neiva\/#primaryimage\"},\"image\":{\"@id\":\"https:\/\/luchonoticias.com\/editor\/hector-javier-osorio-empezo-pisando-fuerte-con-su-candidatura-a-la-alcaldia-de-neiva\/#primaryimage\"},\"thumbnailUrl\":\"https:\/\/luchonoticias.com\/wp-content\/uploads\/2023\/07\/WhatsApp-Image-2023-07-09-at-9.00.39-AM.jpeg\",\"datePublished\":\"2023-07-09T15:15:33+00:00\",\"dateModified\":\"2023-07-09T19:55:07+00:00\",\"breadcrumb\":{\"@id\":\"https:\/\/luchonoticias.com\/editor\/hector-javier-osorio-empezo-pisando-fuerte-con-su-candidatura-a-la-alcaldia-de-neiva\/#breadcrumb\"},\"inLanguage\":\"es\",\"potentialAction\":[{\"@type\":\"ReadAction\",\"target\":[\"https:\/\/luchonoticias.com\/editor\/hector-javier-osorio-empezo-pisando-fuerte-con-su-candidatura-a-la-alcaldia-de-neiva\/\"]}]},{\"@type\":\"ImageObject\",\"inLanguage\":\"es\",\"@id\":\"https:\/\/luchonoticias.com\/editor\/hector-javier-osorio-empezo-pisando-fuerte-con-su-candidatura-a-la-alcaldia-de-neiva\/#primaryimage\",\"url\":\"https:\/\/luchonoticias.com\/wp-content\/uploads\/2023\/07\/WhatsApp-Image-2023-07-09-at-9.00.39-AM.jpeg\",\"contentUrl\":\"https:\/\/luchonoticias.com\/wp-content\/uploads\/2023\/07\/WhatsApp-Image-2023-07-09-at-9.00.39-AM.jpeg\"},{\"@type\":\"BreadcrumbList\",\"@id\":\"https:\/\/luchonoticias.com\/editor\/hector-javier-osorio-empezo-pisando-fuerte-con-su-candidatura-a-la-alcaldia-de-neiva\/#breadcrumb\",\"itemListElement\":[{\"@type\":\"ListItem\",\"position\":1,\"name\":\"Portada\",\"item\":\"https:\/\/luchonoticias.com\/editor\/\"},{\"@type\":\"ListItem\",\"position\":2,\"name\":\"H\u00e9ctor Javier Osorio, empez\u00f3 pisando fuerte con su candidatura a la Alcald\u00eda de Neiva\"}]},{\"@type\":\"WebSite\",\"@id\":\"https:\/\/luchonoticias.com\/editor\/#website\",\"url\":\"https:\/\/luchonoticias.com\/editor\/\",\"name\":\"\",\"description\":\"\",\"publisher\":{\"@id\":\"https:\/\/luchonoticias.com\/editor\/#\/schema\/person\/7a7fd911f58561fd056dbac7b55af9cd\"},\"potentialAction\":[{\"@type\":\"SearchAction\",\"target\":{\"@type\":\"EntryPoint\",\"urlTemplate\":\"https:\/\/luchonoticias.com\/editor\/?s={search_term_string}\"},\"query-input\":{\"@type\":\"PropertyValueSpecification\",\"valueRequired\":true,\"valueName\":\"search_term_string\"}}],\"inLanguage\":\"es\"},{\"@type\":[\"Person\",\"Organization\"],\"@id\":\"https:\/\/luchonoticias.com\/editor\/#\/schema\/person\/7a7fd911f58561fd056dbac7b55af9cd\",\"name\":\"admin\",\"image\":{\"@type\":\"ImageObject\",\"inLanguage\":\"es\",\"@id\":\"https:\/\/luchonoticias.com\/editor\/#\/schema\/person\/image\/\",\"url\":\"https:\/\/luchonoticias.com\/editor\/wp-content\/uploads\/2024\/02\/cropped-cropped-logolu.webp\",\"contentUrl\":\"https:\/\/luchonoticias.com\/editor\/wp-content\/uploads\/2024\/02\/cropped-cropped-logolu.webp\",\"width\":382,\"height\":170,\"caption\":\"admin\"},\"logo\":{\"@id\":\"https:\/\/luchonoticias.com\/editor\/#\/schema\/person\/image\/\"},\"sameAs\":[\"https:\/\/www.facebook.com\/luchonoticiasneiva\"]},{\"@type\":\"Person\",\"@id\":\"https:\/\/luchonoticias.com\/editor\/#\/schema\/person\/29217990ddf6f14e35912b2866d591fb\",\"name\":\"Editor General\",\"image\":{\"@type\":\"ImageObject\",\"inLanguage\":\"es\",\"@id\":\"https:\/\/luchonoticias.com\/editor\/#\/schema\/person\/image\/\",\"url\":\"https:\/\/luchonoticias.com\/editor\/wp-content\/uploads\/2024\/02\/cropped-cropped-logolu-150x150.webp\",\"contentUrl\":\"https:\/\/luchonoticias.com\/editor\/wp-content\/uploads\/2024\/02\/cropped-cropped-logolu-150x150.webp\",\"caption\":\"Editor General\"},\"sameAs\":[\"https:\/\/luchonoticias.com\/\"],\"url\":\"https:\/\/luchonoticias.com\/editor\/author\/editor-general\/\"}]}<\/script>\n<!-- \/ Yoast SEO plugin. -->","yoast_head_json":{"title":"H\u00e9ctor Javier Osorio, empez\u00f3 pisando fuerte con su candidatura a la Alcald\u00eda de Neiva -","robots":{"index":"index","follow":"follow","max-snippet":"max-snippet:-1","max-image-preview":"max-image-preview:large","max-video-preview":"max-video-preview:-1"},"canonical":"https:\/\/luchonoticias.com\/editor\/hector-javier-osorio-empezo-pisando-fuerte-con-su-candidatura-a-la-alcaldia-de-neiva\/","og_locale":"es_ES","og_type":"article","og_title":"H\u00e9ctor Javier Osorio, empez\u00f3 pisando fuerte con su candidatura a la Alcald\u00eda de Neiva -","og_url":"https:\/\/luchonoticias.com\/editor\/hector-javier-osorio-empezo-pisando-fuerte-con-su-candidatura-a-la-alcaldia-de-neiva\/","article_publisher":"https:\/\/www.facebook.com\/luchonoticiasneiva","article_published_time":"2023-07-09T15:15:33+00:00","article_modified_time":"2023-07-09T19:55:07+00:00","og_image":[{"url":"https:\/\/luchonoticias.com\/wp-content\/uploads\/2023\/07\/WhatsApp-Image-2023-07-09-at-9.00.39-AM.jpeg","type":"","width":"","height":""}],"author":"Editor General","twitter_card":"summary_large_image","twitter_misc":{"Escrito por":"Editor General","Tiempo de lectura":"2 minutos"},"schema":{"@context":"https:\/\/schema.org","@graph":[{"@type":"Article","@id":"https:\/\/luchonoticias.com\/editor\/hector-javier-osorio-empezo-pisando-fuerte-con-su-candidatura-a-la-alcaldia-de-neiva\/#article","isPartOf":{"@id":"https:\/\/luchonoticias.com\/editor\/hector-javier-osorio-empezo-pisando-fuerte-con-su-candidatura-a-la-alcaldia-de-neiva\/"},"author":{"name":"Editor General","@id":"https:\/\/luchonoticias.com\/editor\/#\/schema\/person\/29217990ddf6f14e35912b2866d591fb"},"headline":"H\u00e9ctor Javier Osorio, empez\u00f3 pisando fuerte con su candidatura a la Alcald\u00eda de Neiva","datePublished":"2023-07-09T15:15:33+00:00","dateModified":"2023-07-09T19:55:07+00:00","mainEntityOfPage":{"@id":"https:\/\/luchonoticias.com\/editor\/hector-javier-osorio-empezo-pisando-fuerte-con-su-candidatura-a-la-alcaldia-de-neiva\/"},"wordCount":388,"commentCount":0,"publisher":{"@id":"https:\/\/luchonoticias.com\/editor\/#\/schema\/person\/7a7fd911f58561fd056dbac7b55af9cd"},"image":{"@id":"https:\/\/luchonoticias.com\/editor\/hector-javier-osorio-empezo-pisando-fuerte-con-su-candidatura-a-la-alcaldia-de-neiva\/#primaryimage"},"thumbnailUrl":"https:\/\/luchonoticias.com\/wp-content\/uploads\/2023\/07\/WhatsApp-Image-2023-07-09-at-9.00.39-AM.jpeg","articleSection":["Destacado","Pol\u00edtica"],"inLanguage":"es","potentialAction":[{"@type":"CommentAction","name":"Comment","target":["https:\/\/luchonoticias.com\/editor\/hector-javier-osorio-empezo-pisando-fuerte-con-su-candidatura-a-la-alcaldia-de-neiva\/#respond"]}]},{"@type":"WebPage","@id":"https:\/\/luchonoticias.com\/editor\/hector-javier-osorio-empezo-pisando-fuerte-con-su-candidatura-a-la-alcaldia-de-neiva\/","url":"https:\/\/luchonoticias.com\/editor\/hector-javier-osorio-empezo-pisando-fuerte-con-su-candidatura-a-la-alcaldia-de-neiva\/","name":"H\u00e9ctor Javier Osorio, empez\u00f3 pisando fuerte con su candidatura a la Alcald\u00eda de Neiva -","isPartOf":{"@id":"https:\/\/luchonoticias.com\/editor\/#website"},"primaryImageOfPage":{"@id":"https:\/\/luchonoticias.com\/editor\/hector-javier-osorio-empezo-pisando-fuerte-con-su-candidatura-a-la-alcaldia-de-neiva\/#primaryimage"},"image":{"@id":"https:\/\/luchonoticias.com\/editor\/hector-javier-osorio-empezo-pisando-fuerte-con-su-candidatura-a-la-alcaldia-de-neiva\/#primaryimage"},"thumbnailUrl":"https:\/\/luchonoticias.com\/wp-content\/uploads\/2023\/07\/WhatsApp-Image-2023-07-09-at-9.00.39-AM.jpeg","datePublished":"2023-07-09T15:15:33+00:00","dateModified":"2023-07-09T19:55:07+00:00","breadcrumb":{"@id":"https:\/\/luchonoticias.com\/editor\/hector-javier-osorio-empezo-pisando-fuerte-con-su-candidatura-a-la-alcaldia-de-neiva\/#breadcrumb"},"inLanguage":"es","potentialAction":[{"@type":"ReadAction","target":["https:\/\/luchonoticias.com\/editor\/hector-javier-osorio-empezo-pisando-fuerte-con-su-candidatura-a-la-alcaldia-de-neiva\/"]}]},{"@type":"ImageObject","inLanguage":"es","@id":"https:\/\/luchonoticias.com\/editor\/hector-javier-osorio-empezo-pisando-fuerte-con-su-candidatura-a-la-alcaldia-de-neiva\/#primaryimage","url":"https:\/\/luchonoticias.com\/wp-content\/uploads\/2023\/07\/WhatsApp-Image-2023-07-09-at-9.00.39-AM.jpeg","contentUrl":"https:\/\/luchonoticias.com\/wp-content\/uploads\/2023\/07\/WhatsApp-Image-2023-07-09-at-9.00.39-AM.jpeg"},{"@type":"BreadcrumbList","@id":"https:\/\/luchonoticias.com\/editor\/hector-javier-osorio-empezo-pisando-fuerte-con-su-candidatura-a-la-alcaldia-de-neiva\/#breadcrumb","itemListElement":[{"@type":"ListItem","position":1,"name":"Portada","item":"https:\/\/luchonoticias.com\/editor\/"},{"@type":"ListItem","position":2,"name":"H\u00e9ctor Javier Osorio, empez\u00f3 pisando fuerte con su candidatura a la Alcald\u00eda de Neiva"}]},{"@type":"WebSite","@id":"https:\/\/luchonoticias.com\/editor\/#website","url":"https:\/\/luchonoticias.com\/editor\/","name":"","description":"","publisher":{"@id":"https:\/\/luchonoticias.com\/editor\/#\/schema\/person\/7a7fd911f58561fd056dbac7b55af9cd"},"potentialAction":[{"@type":"SearchAction","target":{"@type":"EntryPoint","urlTemplate":"https:\/\/luchonoticias.com\/editor\/?s={search_term_string}"},"query-input":{"@type":"PropertyValueSpecification","valueRequired":true,"valueName":"search_term_string"}}],"inLanguage":"es"},{"@type":["Person","Organization"],"@id":"https:\/\/luchonoticias.com\/editor\/#\/schema\/person\/7a7fd911f58561fd056dbac7b55af9cd","name":"admin","image":{"@type":"ImageObject","inLanguage":"es","@id":"https:\/\/luchonoticias.com\/editor\/#\/schema\/person\/image\/","url":"https:\/\/luchonoticias.com\/editor\/wp-content\/uploads\/2024\/02\/cropped-cropped-logolu.webp","contentUrl":"https:\/\/luchonoticias.com\/editor\/wp-content\/uploads\/2024\/02\/cropped-cropped-logolu.webp","width":382,"height":170,"caption":"admin"},"logo":{"@id":"https:\/\/luchonoticias.com\/editor\/#\/schema\/person\/image\/"},"sameAs":["https:\/\/www.facebook.com\/luchonoticiasneiva"]},{"@type":"Person","@id":"https:\/\/luchonoticias.com\/editor\/#\/schema\/person\/29217990ddf6f14e35912b2866d591fb","name":"Editor General","image":{"@type":"ImageObject","inLanguage":"es","@id":"https:\/\/luchonoticias.com\/editor\/#\/schema\/person\/image\/","url":"https:\/\/luchonoticias.com\/editor\/wp-content\/uploads\/2024\/02\/cropped-cropped-logolu-150x150.webp","contentUrl":"https:\/\/luchonoticias.com\/editor\/wp-content\/uploads\/2024\/02\/cropped-cropped-logolu-150x150.webp","caption":"Editor General"},"sameAs":["https:\/\/luchonoticias.com\/"],"url":"https:\/\/luchonoticias.com\/editor\/author\/editor-general\/"}]}},"_links":{"self":[{"href":"https:\/\/luchonoticias.com\/editor\/wp-json\/wp\/v2\/posts\/56208","targetHints":{"allow":["GET"]}}],"collection":[{"href":"https:\/\/luchonoticias.com\/editor\/wp-json\/wp\/v2\/posts"}],"about":[{"href":"https:\/\/luchonoticias.com\/editor\/wp-json\/wp\/v2\/types\/post"}],"author":[{"embeddable":true,"href":"https:\/\/luchonoticias.com\/editor\/wp-json\/wp\/v2\/users\/2"}],"replies":[{"embeddable":true,"href":"https:\/\/luchonoticias.com\/editor\/wp-json\/wp\/v2\/comments?post=56208"}],"version-history":[{"count":0,"href":"https:\/\/luchonoticias.com\/editor\/wp-json\/wp\/v2\/posts\/56208\/revisions"}],"wp:attachment":[{"href":"https:\/\/luchonoticias.com\/editor\/wp-json\/wp\/v2\/media?parent=56208"}],"wp:term":[{"taxonomy":"category","embeddable":true,"href":"https:\/\/luchonoticias.com\/editor\/wp-json\/wp\/v2\/categories?post=56208"},{"taxonomy":"post_tag","embeddable":true,"href":"https:\/\/luchonoticias.com\/editor\/wp-json\/wp\/v2\/tags?post=56208"}],"curies":[{"name":"wp","href":"https:\/\/api.w.org\/{rel}","templated":true}]}}