{"id":56220,"date":"2023-07-10T05:22:15","date_gmt":"2023-07-10T10:22:15","guid":{"rendered":"https:\/\/luchonoticias.com\/?p=56220"},"modified":"2023-07-10T05:22:16","modified_gmt":"2023-07-10T10:22:16","slug":"huila-y-su-representacion-huilense-en-agroexpo","status":"publish","type":"post","link":"https:\/\/luchonoticias.com\/editor\/huila-y-su-representacion-huilense-en-agroexpo\/","title":{"rendered":"Huila y su representaci\u00f3n huilense en Agroexpo"},"content":{"rendered":"\n<p>Actualmente el del\u00a0<strong>Huila se destaca en producci\u00f3n de caf\u00e9, piscicultura, frijol, panela, cacao, y otros renglones del sector agropecuario<\/strong>, que le confieren gran relevancia a nivel nacional y para para resaltar esta gran riqueza y el esfuerzo de empresarios y emprendedores, la Gobernaci\u00f3n del Huila lider\u00f3 el proceso para\u00a0<strong>participar con un stand en Agroexpo 2023.<\/strong><\/p>\n\n\n\n<p>All\u00ed\u00a0<strong>har\u00e1n presencia m\u00e1s de 20 expositores huilenses,\u00a0<\/strong>que mostrar\u00e1n los mejores productos en renglones como piscicultura, caf\u00e9, cacao, ca\u00f1a-panela, frutas frescas, derivados c\u00e1rnicos, miner\u00eda, y hasta energ\u00edas renovables.<\/p>\n\n\n\n<p>Desde luego, en el stand del departamento del Huila&nbsp;<strong>tambi\u00e9n ser\u00e1n protagonistas productos insignia como los bizcochos de achira, la cholupa, y el caf\u00e9 de origen Huila<\/strong>, que junto con el sombrero suace\u00f1o, y la Chiva de Pitalito, est\u00e1n protegidos bajo denominaci\u00f3n de origen por la Superintendencia de Industria y Comercio.<\/p>\n\n\n\n<p>De acuerdo al ingeniero ambiental Rodrigo Rodr\u00edguez, quien hace parte del equipo de comercializaci\u00f3n de la Gobernaci\u00f3n del Huila,<strong>&nbsp;los productores del departamento que hacen presencia en Agroexpo, fueron seleccionados<\/strong>&nbsp;mediante un proceso concertado por las organizaciones de cadena, teniendo en cuenta su perfil comercial y el potencial para consolidar importantes negocios, que es uno de los objetivos de esta feria internacional.<\/p>\n\n\n\n<p>Gracias a este proceso fueron escogidas para participar de Agroexpo 2023, empresas del sector panelero como la asociaci\u00f3n de productores de panela APPASI del municipio de Isnos, Panelas La Gran Colombia, Asopaem, y Asopanelpi; Empresas del sector minero, como Fosfatos del Huila, Insumos Reina, INSERAGRO, Fosfatos de Colombia \u2013 FERTIPAEZ; empresas del sector de caficultura, como Cadefihuila, Marras Caf\u00e9, Coocentral, y D&amp;D Coffe; empresas en torno al sector de cacao como Tolimax, Inversiones Santa Mar\u00eda CI-Zomac, y Chocolates Panchi; Organizaciones del sector pisc\u00edcola, como la Cooperativa de Productores Pisc\u00edcolas del Huila \u2013 COOPISHUILA, y Fedeacua; empresas de energ\u00edas renovables, como SUNNY App, y Best Solution; producci\u00f3n de frutas frescas, como Flux Natural, Asociaci\u00f3n de Maracuy\u00e1, y Cholupas del Huila; Kambosgrup, empresa productora de arom\u00e1ticas; as\u00ed como Las Brisas, empresa dedicada a la producci\u00f3n, transformaci\u00f3n y comercializaci\u00f3n de c\u00e1rnicos.<\/p>\n\n\n\n<p>Agroexpo Colombia que&nbsp;<strong>este a\u00f1o llega a su edici\u00f3n n\u00famero 24,&nbsp;<\/strong>se desarrollar\u00e1 en las&nbsp;<strong>instalaciones de Corferias en la ciudad de Bogot\u00e1 del 13 al 23 de julio&nbsp;<\/strong>y permitir\u00e1 conocer los principales avances e innovaciones direccionadas a mejorar los procesos productivos del sector agropecuario.<\/p>\n","protected":false},"excerpt":{"rendered":"<p>Actualmente el del\u00a0Huila se destaca en producci\u00f3n de caf\u00e9, piscicultura, frijol, panela, cacao, y otros renglones del sector agropecuario, que le confieren gran relevancia a nivel nacional y para para resaltar esta gran riqueza y el esfuerzo de empresarios y emprendedores, la Gobernaci\u00f3n del Huila lider\u00f3 el proceso para\u00a0participar con un stand en Agroexpo 2023. [&hellip;]<\/p>\n","protected":false},"author":2,"featured_media":0,"comment_status":"open","ping_status":"open","sticky":false,"template":"","format":"standard","meta":{"footnotes":""},"categories":[33],"tags":[],"class_list":["post-56220","post","type-post","status-publish","format-standard","hentry","category-huila"],"yoast_head":"<!-- This site is optimized with the Yoast SEO plugin v26.6 - https:\/\/yoast.com\/wordpress\/plugins\/seo\/ -->\n<title>Huila y su representaci\u00f3n huilense en Agroexpo -<\/title>\n<meta name=\"robots\" content=\"index, follow, max-snippet:-1, max-image-preview:large, max-video-preview:-1\" \/>\n<link rel=\"canonical\" href=\"https:\/\/luchonoticias.com\/editor\/huila-y-su-representacion-huilense-en-agroexpo\/\" \/>\n<meta property=\"og:locale\" content=\"es_ES\" \/>\n<meta property=\"og:type\" content=\"article\" \/>\n<meta property=\"og:title\" content=\"Huila y su representaci\u00f3n huilense en Agroexpo -\" \/>\n<meta property=\"og:url\" content=\"https:\/\/luchonoticias.com\/editor\/huila-y-su-representacion-huilense-en-agroexpo\/\" \/>\n<meta property=\"article:publisher\" content=\"https:\/\/www.facebook.com\/luchonoticiasneiva\" \/>\n<meta property=\"article:published_time\" content=\"2023-07-10T10:22:15+00:00\" \/>\n<meta property=\"article:modified_time\" content=\"2023-07-10T10:22:16+00:00\" \/>\n<meta name=\"author\" content=\"Editor General\" \/>\n<meta name=\"twitter:card\" content=\"summary_large_image\" \/>\n<meta name=\"twitter:label1\" content=\"Escrito por\" \/>\n\t<meta name=\"twitter:data1\" content=\"Editor General\" \/>\n\t<meta name=\"twitter:label2\" content=\"Tiempo de lectura\" \/>\n\t<meta name=\"twitter:data2\" content=\"2 minutos\" \/>\n<script type=\"application\/ld+json\" class=\"yoast-schema-graph\">{\"@context\":\"https:\/\/schema.org\",\"@graph\":[{\"@type\":\"Article\",\"@id\":\"https:\/\/luchonoticias.com\/editor\/huila-y-su-representacion-huilense-en-agroexpo\/#article\",\"isPartOf\":{\"@id\":\"https:\/\/luchonoticias.com\/editor\/huila-y-su-representacion-huilense-en-agroexpo\/\"},\"author\":{\"name\":\"Editor General\",\"@id\":\"https:\/\/luchonoticias.com\/editor\/#\/schema\/person\/29217990ddf6f14e35912b2866d591fb\"},\"headline\":\"Huila y su representaci\u00f3n huilense en Agroexpo\",\"datePublished\":\"2023-07-10T10:22:15+00:00\",\"dateModified\":\"2023-07-10T10:22:16+00:00\",\"mainEntityOfPage\":{\"@id\":\"https:\/\/luchonoticias.com\/editor\/huila-y-su-representacion-huilense-en-agroexpo\/\"},\"wordCount\":424,\"commentCount\":0,\"publisher\":{\"@id\":\"https:\/\/luchonoticias.com\/editor\/#\/schema\/person\/7a7fd911f58561fd056dbac7b55af9cd\"},\"articleSection\":[\"Huila\"],\"inLanguage\":\"es\",\"potentialAction\":[{\"@type\":\"CommentAction\",\"name\":\"Comment\",\"target\":[\"https:\/\/luchonoticias.com\/editor\/huila-y-su-representacion-huilense-en-agroexpo\/#respond\"]}]},{\"@type\":\"WebPage\",\"@id\":\"https:\/\/luchonoticias.com\/editor\/huila-y-su-representacion-huilense-en-agroexpo\/\",\"url\":\"https:\/\/luchonoticias.com\/editor\/huila-y-su-representacion-huilense-en-agroexpo\/\",\"name\":\"Huila y su representaci\u00f3n huilense en Agroexpo -\",\"isPartOf\":{\"@id\":\"https:\/\/luchonoticias.com\/editor\/#website\"},\"datePublished\":\"2023-07-10T10:22:15+00:00\",\"dateModified\":\"2023-07-10T10:22:16+00:00\",\"breadcrumb\":{\"@id\":\"https:\/\/luchonoticias.com\/editor\/huila-y-su-representacion-huilense-en-agroexpo\/#breadcrumb\"},\"inLanguage\":\"es\",\"potentialAction\":[{\"@type\":\"ReadAction\",\"target\":[\"https:\/\/luchonoticias.com\/editor\/huila-y-su-representacion-huilense-en-agroexpo\/\"]}]},{\"@type\":\"BreadcrumbList\",\"@id\":\"https:\/\/luchonoticias.com\/editor\/huila-y-su-representacion-huilense-en-agroexpo\/#breadcrumb\",\"itemListElement\":[{\"@type\":\"ListItem\",\"position\":1,\"name\":\"Portada\",\"item\":\"https:\/\/luchonoticias.com\/editor\/\"},{\"@type\":\"ListItem\",\"position\":2,\"name\":\"Huila y su representaci\u00f3n huilense en Agroexpo\"}]},{\"@type\":\"WebSite\",\"@id\":\"https:\/\/luchonoticias.com\/editor\/#website\",\"url\":\"https:\/\/luchonoticias.com\/editor\/\",\"name\":\"\",\"description\":\"\",\"publisher\":{\"@id\":\"https:\/\/luchonoticias.com\/editor\/#\/schema\/person\/7a7fd911f58561fd056dbac7b55af9cd\"},\"potentialAction\":[{\"@type\":\"SearchAction\",\"target\":{\"@type\":\"EntryPoint\",\"urlTemplate\":\"https:\/\/luchonoticias.com\/editor\/?s={search_term_string}\"},\"query-input\":{\"@type\":\"PropertyValueSpecification\",\"valueRequired\":true,\"valueName\":\"search_term_string\"}}],\"inLanguage\":\"es\"},{\"@type\":[\"Person\",\"Organization\"],\"@id\":\"https:\/\/luchonoticias.com\/editor\/#\/schema\/person\/7a7fd911f58561fd056dbac7b55af9cd\",\"name\":\"admin\",\"image\":{\"@type\":\"ImageObject\",\"inLanguage\":\"es\",\"@id\":\"https:\/\/luchonoticias.com\/editor\/#\/schema\/person\/image\/\",\"url\":\"https:\/\/luchonoticias.com\/editor\/wp-content\/uploads\/2024\/02\/cropped-cropped-logolu.webp\",\"contentUrl\":\"https:\/\/luchonoticias.com\/editor\/wp-content\/uploads\/2024\/02\/cropped-cropped-logolu.webp\",\"width\":382,\"height\":170,\"caption\":\"admin\"},\"logo\":{\"@id\":\"https:\/\/luchonoticias.com\/editor\/#\/schema\/person\/image\/\"},\"sameAs\":[\"https:\/\/www.facebook.com\/luchonoticiasneiva\"]},{\"@type\":\"Person\",\"@id\":\"https:\/\/luchonoticias.com\/editor\/#\/schema\/person\/29217990ddf6f14e35912b2866d591fb\",\"name\":\"Editor General\",\"image\":{\"@type\":\"ImageObject\",\"inLanguage\":\"es\",\"@id\":\"https:\/\/luchonoticias.com\/editor\/#\/schema\/person\/image\/\",\"url\":\"https:\/\/luchonoticias.com\/editor\/wp-content\/uploads\/2024\/02\/cropped-cropped-logolu-150x150.webp\",\"contentUrl\":\"https:\/\/luchonoticias.com\/editor\/wp-content\/uploads\/2024\/02\/cropped-cropped-logolu-150x150.webp\",\"caption\":\"Editor General\"},\"sameAs\":[\"https:\/\/luchonoticias.com\/\"],\"url\":\"https:\/\/luchonoticias.com\/editor\/author\/editor-general\/\"}]}<\/script>\n<!-- \/ Yoast SEO plugin. -->","yoast_head_json":{"title":"Huila y su representaci\u00f3n huilense en Agroexpo -","robots":{"index":"index","follow":"follow","max-snippet":"max-snippet:-1","max-image-preview":"max-image-preview:large","max-video-preview":"max-video-preview:-1"},"canonical":"https:\/\/luchonoticias.com\/editor\/huila-y-su-representacion-huilense-en-agroexpo\/","og_locale":"es_ES","og_type":"article","og_title":"Huila y su representaci\u00f3n huilense en Agroexpo -","og_url":"https:\/\/luchonoticias.com\/editor\/huila-y-su-representacion-huilense-en-agroexpo\/","article_publisher":"https:\/\/www.facebook.com\/luchonoticiasneiva","article_published_time":"2023-07-10T10:22:15+00:00","article_modified_time":"2023-07-10T10:22:16+00:00","author":"Editor General","twitter_card":"summary_large_image","twitter_misc":{"Escrito por":"Editor General","Tiempo de lectura":"2 minutos"},"schema":{"@context":"https:\/\/schema.org","@graph":[{"@type":"Article","@id":"https:\/\/luchonoticias.com\/editor\/huila-y-su-representacion-huilense-en-agroexpo\/#article","isPartOf":{"@id":"https:\/\/luchonoticias.com\/editor\/huila-y-su-representacion-huilense-en-agroexpo\/"},"author":{"name":"Editor General","@id":"https:\/\/luchonoticias.com\/editor\/#\/schema\/person\/29217990ddf6f14e35912b2866d591fb"},"headline":"Huila y su representaci\u00f3n huilense en Agroexpo","datePublished":"2023-07-10T10:22:15+00:00","dateModified":"2023-07-10T10:22:16+00:00","mainEntityOfPage":{"@id":"https:\/\/luchonoticias.com\/editor\/huila-y-su-representacion-huilense-en-agroexpo\/"},"wordCount":424,"commentCount":0,"publisher":{"@id":"https:\/\/luchonoticias.com\/editor\/#\/schema\/person\/7a7fd911f58561fd056dbac7b55af9cd"},"articleSection":["Huila"],"inLanguage":"es","potentialAction":[{"@type":"CommentAction","name":"Comment","target":["https:\/\/luchonoticias.com\/editor\/huila-y-su-representacion-huilense-en-agroexpo\/#respond"]}]},{"@type":"WebPage","@id":"https:\/\/luchonoticias.com\/editor\/huila-y-su-representacion-huilense-en-agroexpo\/","url":"https:\/\/luchonoticias.com\/editor\/huila-y-su-representacion-huilense-en-agroexpo\/","name":"Huila y su representaci\u00f3n huilense en Agroexpo -","isPartOf":{"@id":"https:\/\/luchonoticias.com\/editor\/#website"},"datePublished":"2023-07-10T10:22:15+00:00","dateModified":"2023-07-10T10:22:16+00:00","breadcrumb":{"@id":"https:\/\/luchonoticias.com\/editor\/huila-y-su-representacion-huilense-en-agroexpo\/#breadcrumb"},"inLanguage":"es","potentialAction":[{"@type":"ReadAction","target":["https:\/\/luchonoticias.com\/editor\/huila-y-su-representacion-huilense-en-agroexpo\/"]}]},{"@type":"BreadcrumbList","@id":"https:\/\/luchonoticias.com\/editor\/huila-y-su-representacion-huilense-en-agroexpo\/#breadcrumb","itemListElement":[{"@type":"ListItem","position":1,"name":"Portada","item":"https:\/\/luchonoticias.com\/editor\/"},{"@type":"ListItem","position":2,"name":"Huila y su representaci\u00f3n huilense en Agroexpo"}]},{"@type":"WebSite","@id":"https:\/\/luchonoticias.com\/editor\/#website","url":"https:\/\/luchonoticias.com\/editor\/","name":"","description":"","publisher":{"@id":"https:\/\/luchonoticias.com\/editor\/#\/schema\/person\/7a7fd911f58561fd056dbac7b55af9cd"},"potentialAction":[{"@type":"SearchAction","target":{"@type":"EntryPoint","urlTemplate":"https:\/\/luchonoticias.com\/editor\/?s={search_term_string}"},"query-input":{"@type":"PropertyValueSpecification","valueRequired":true,"valueName":"search_term_string"}}],"inLanguage":"es"},{"@type":["Person","Organization"],"@id":"https:\/\/luchonoticias.com\/editor\/#\/schema\/person\/7a7fd911f58561fd056dbac7b55af9cd","name":"admin","image":{"@type":"ImageObject","inLanguage":"es","@id":"https:\/\/luchonoticias.com\/editor\/#\/schema\/person\/image\/","url":"https:\/\/luchonoticias.com\/editor\/wp-content\/uploads\/2024\/02\/cropped-cropped-logolu.webp","contentUrl":"https:\/\/luchonoticias.com\/editor\/wp-content\/uploads\/2024\/02\/cropped-cropped-logolu.webp","width":382,"height":170,"caption":"admin"},"logo":{"@id":"https:\/\/luchonoticias.com\/editor\/#\/schema\/person\/image\/"},"sameAs":["https:\/\/www.facebook.com\/luchonoticiasneiva"]},{"@type":"Person","@id":"https:\/\/luchonoticias.com\/editor\/#\/schema\/person\/29217990ddf6f14e35912b2866d591fb","name":"Editor General","image":{"@type":"ImageObject","inLanguage":"es","@id":"https:\/\/luchonoticias.com\/editor\/#\/schema\/person\/image\/","url":"https:\/\/luchonoticias.com\/editor\/wp-content\/uploads\/2024\/02\/cropped-cropped-logolu-150x150.webp","contentUrl":"https:\/\/luchonoticias.com\/editor\/wp-content\/uploads\/2024\/02\/cropped-cropped-logolu-150x150.webp","caption":"Editor General"},"sameAs":["https:\/\/luchonoticias.com\/"],"url":"https:\/\/luchonoticias.com\/editor\/author\/editor-general\/"}]}},"_links":{"self":[{"href":"https:\/\/luchonoticias.com\/editor\/wp-json\/wp\/v2\/posts\/56220","targetHints":{"allow":["GET"]}}],"collection":[{"href":"https:\/\/luchonoticias.com\/editor\/wp-json\/wp\/v2\/posts"}],"about":[{"href":"https:\/\/luchonoticias.com\/editor\/wp-json\/wp\/v2\/types\/post"}],"author":[{"embeddable":true,"href":"https:\/\/luchonoticias.com\/editor\/wp-json\/wp\/v2\/users\/2"}],"replies":[{"embeddable":true,"href":"https:\/\/luchonoticias.com\/editor\/wp-json\/wp\/v2\/comments?post=56220"}],"version-history":[{"count":0,"href":"https:\/\/luchonoticias.com\/editor\/wp-json\/wp\/v2\/posts\/56220\/revisions"}],"wp:attachment":[{"href":"https:\/\/luchonoticias.com\/editor\/wp-json\/wp\/v2\/media?parent=56220"}],"wp:term":[{"taxonomy":"category","embeddable":true,"href":"https:\/\/luchonoticias.com\/editor\/wp-json\/wp\/v2\/categories?post=56220"},{"taxonomy":"post_tag","embeddable":true,"href":"https:\/\/luchonoticias.com\/editor\/wp-json\/wp\/v2\/tags?post=56220"}],"curies":[{"name":"wp","href":"https:\/\/api.w.org\/{rel}","templated":true}]}}