{"id":56272,"date":"2023-07-10T14:50:30","date_gmt":"2023-07-10T19:50:30","guid":{"rendered":"https:\/\/luchonoticias.com\/?p=56272"},"modified":"2023-07-10T14:50:32","modified_gmt":"2023-07-10T19:50:32","slug":"fiscalia-imputa-al-excandidato-presidencial-oscar-ivan-zuluaga-y-a-su-entonces-gerente-de-campana","status":"publish","type":"post","link":"https:\/\/luchonoticias.com\/editor\/fiscalia-imputa-al-excandidato-presidencial-oscar-ivan-zuluaga-y-a-su-entonces-gerente-de-campana\/","title":{"rendered":"Fiscal\u00eda imputa al excandidato presidencial \u00d3scar Iv\u00e1n Zuluaga y a su entonces gerente de campa\u00f1a"},"content":{"rendered":"\n<p>La Fiscal\u00eda General de la Naci\u00f3n imput\u00f3 al excandidato presidencial \u00d3scar Iv\u00e1n Zuluaga Escobar y a su gerente de campa\u00f1a, David Zuluaga Mart\u00ednez, como posibles responsables de varios actos ilegales para ocultar los aportes que la multinacional brasile\u00f1a Odebrecht hizo a la aspiraci\u00f3n pol\u00edtica \u2018Zuluaga Presidente 2014 &#8211; 2018\u2019.<\/p>\n\n\n\n<p>Ante una juez de control de garant\u00edas, un fiscal delegado ante la Corte Suprema de Justicia formul\u00f3 al se\u00f1or Zuluaga Escobar dos cargos de falsedad en documento privado, tres de fraude procesal y uno de enriquecimiento il\u00edcito de particulares; mientras que a Zuluaga Mart\u00ednez se le atribuye un hecho de fraude procesal. Los investigados no aceptaron los cargos.<\/p>\n\n\n\n<p>En 2014, el entonces candidato a la Presidencia de la Rep\u00fablica y algunos representantes de su equipo pol\u00edtico se habr\u00edan reunido con exdirectivos de Odebrecht en S\u00e3o Paulo (Brasil) y en el norte de Bogot\u00e1. Durante los encuentros, al parecer, se pact\u00f3 un aporte de la constructora para pagar parte de los servicios profesionales que prestar\u00eda a \u2018Zuluaga Presidente 2014 &#8211; 2018\u2019 el publicista Jos\u00e9 Eduardo Cavalcanti de Mendo\u00e7a, conocido como \u2018Duda\u2019 Mendo\u00e7a.<\/p>\n\n\n\n<p>En atenci\u00f3n a lo acordado, la campa\u00f1a desembols\u00f3 en Colombia 1\u2019645.021 d\u00f3lares a la firma del reconocido publicista. Por su parte, Odebrecht gir\u00f3 1\u2019610.740 d\u00f3lares desde una cuenta de Antigua y Barbuda, y con intermediaci\u00f3n de un banco en Ginebra (Suiza), hac\u00eda una empresa que \u2018Duda\u2019 Mendo\u00e7a ten\u00eda en Panam\u00e1. De esta manera, fueron cubiertos los honorarios del asesor brasile\u00f1o.<\/p>\n\n\n\n<p>Para la Fiscal\u00eda, con esta actuaci\u00f3n se vulner\u00f3 el art\u00edculo 109 de la Constituci\u00f3n Pol\u00edtica de Colombia, el cual proh\u00edbe a los partidos pol\u00edticos, movimientos y grupos significativos de ciudadanos recibir financiaci\u00f3n de personas naturales o jur\u00eddicas extranjeras para campa\u00f1as electorales. Adicionalmente, se gener\u00f3 un incremento patrimonial injustificado a favor de \u2018Zuluaga Presidente 2014 \u2013 2018\u2019.<\/p>\n\n\n\n<p>Las evidencias dan cuenta de que \u00d3scar Iv\u00e1n Zuluaga ten\u00eda conocimiento del aporte il\u00edcito y present\u00f3 ante la autoridad electoral los informes de ingresos y gastos de primera y segunda vuelta, sin incluir los aportes de Odebrecht. As\u00ed, obtuvo una reposici\u00f3n de votos por m\u00e1s de 25.291 millones de pesos.<\/p>\n\n\n\n<p>Adem\u00e1s, se estableci\u00f3 que el candidato y su gerente de campa\u00f1a, en las declaraciones rendidas ante el Consejo Nacional Electoral (CNE), tambi\u00e9n habr\u00edan ocultado informaci\u00f3n sobre la colaboraci\u00f3n econ\u00f3mica de Odebrecht. Por consiguiente, presuntamente, indujeron a error al CNE, que cerr\u00f3 una investigaci\u00f3n administrativa que realizaba por financiaci\u00f3n extranjera.<\/p>\n","protected":false},"excerpt":{"rendered":"<p>La Fiscal\u00eda General de la Naci\u00f3n imput\u00f3 al excandidato presidencial \u00d3scar Iv\u00e1n Zuluaga Escobar y a su gerente de campa\u00f1a, David Zuluaga Mart\u00ednez, como posibles responsables de varios actos ilegales para ocultar los aportes que la multinacional brasile\u00f1a Odebrecht hizo a la aspiraci\u00f3n pol\u00edtica \u2018Zuluaga Presidente 2014 &#8211; 2018\u2019. Ante una juez de control de [&hellip;]<\/p>\n","protected":false},"author":2,"featured_media":0,"comment_status":"open","ping_status":"open","sticky":false,"template":"","format":"standard","meta":{"footnotes":""},"categories":[28,36],"tags":[],"class_list":["post-56272","post","type-post","status-publish","format-standard","hentry","category-actualidad","category-destacado"],"yoast_head":"<!-- This site is optimized with the Yoast SEO plugin v26.6 - https:\/\/yoast.com\/wordpress\/plugins\/seo\/ -->\n<title>Fiscal\u00eda imputa al excandidato presidencial \u00d3scar Iv\u00e1n Zuluaga y a su entonces gerente de campa\u00f1a -<\/title>\n<meta name=\"robots\" content=\"index, follow, max-snippet:-1, max-image-preview:large, max-video-preview:-1\" \/>\n<link rel=\"canonical\" href=\"https:\/\/luchonoticias.com\/editor\/fiscalia-imputa-al-excandidato-presidencial-oscar-ivan-zuluaga-y-a-su-entonces-gerente-de-campana\/\" \/>\n<meta property=\"og:locale\" content=\"es_ES\" \/>\n<meta property=\"og:type\" content=\"article\" \/>\n<meta property=\"og:title\" content=\"Fiscal\u00eda imputa al excandidato presidencial \u00d3scar Iv\u00e1n Zuluaga y a su entonces gerente de campa\u00f1a -\" \/>\n<meta property=\"og:url\" content=\"https:\/\/luchonoticias.com\/editor\/fiscalia-imputa-al-excandidato-presidencial-oscar-ivan-zuluaga-y-a-su-entonces-gerente-de-campana\/\" \/>\n<meta property=\"article:publisher\" content=\"https:\/\/www.facebook.com\/luchonoticiasneiva\" \/>\n<meta property=\"article:published_time\" content=\"2023-07-10T19:50:30+00:00\" \/>\n<meta property=\"article:modified_time\" content=\"2023-07-10T19:50:32+00:00\" \/>\n<meta name=\"author\" content=\"Editor General\" \/>\n<meta name=\"twitter:card\" content=\"summary_large_image\" \/>\n<meta name=\"twitter:label1\" content=\"Escrito por\" \/>\n\t<meta name=\"twitter:data1\" content=\"Editor General\" \/>\n\t<meta name=\"twitter:label2\" content=\"Tiempo de lectura\" \/>\n\t<meta name=\"twitter:data2\" content=\"2 minutos\" \/>\n<script type=\"application\/ld+json\" class=\"yoast-schema-graph\">{\"@context\":\"https:\/\/schema.org\",\"@graph\":[{\"@type\":\"Article\",\"@id\":\"https:\/\/luchonoticias.com\/editor\/fiscalia-imputa-al-excandidato-presidencial-oscar-ivan-zuluaga-y-a-su-entonces-gerente-de-campana\/#article\",\"isPartOf\":{\"@id\":\"https:\/\/luchonoticias.com\/editor\/fiscalia-imputa-al-excandidato-presidencial-oscar-ivan-zuluaga-y-a-su-entonces-gerente-de-campana\/\"},\"author\":{\"name\":\"Editor General\",\"@id\":\"https:\/\/luchonoticias.com\/editor\/#\/schema\/person\/29217990ddf6f14e35912b2866d591fb\"},\"headline\":\"Fiscal\u00eda imputa al excandidato presidencial \u00d3scar Iv\u00e1n Zuluaga y a su entonces gerente de campa\u00f1a\",\"datePublished\":\"2023-07-10T19:50:30+00:00\",\"dateModified\":\"2023-07-10T19:50:32+00:00\",\"mainEntityOfPage\":{\"@id\":\"https:\/\/luchonoticias.com\/editor\/fiscalia-imputa-al-excandidato-presidencial-oscar-ivan-zuluaga-y-a-su-entonces-gerente-de-campana\/\"},\"wordCount\":453,\"commentCount\":0,\"publisher\":{\"@id\":\"https:\/\/luchonoticias.com\/editor\/#\/schema\/person\/7a7fd911f58561fd056dbac7b55af9cd\"},\"articleSection\":[\"Actualidad\",\"Destacado\"],\"inLanguage\":\"es\",\"potentialAction\":[{\"@type\":\"CommentAction\",\"name\":\"Comment\",\"target\":[\"https:\/\/luchonoticias.com\/editor\/fiscalia-imputa-al-excandidato-presidencial-oscar-ivan-zuluaga-y-a-su-entonces-gerente-de-campana\/#respond\"]}]},{\"@type\":\"WebPage\",\"@id\":\"https:\/\/luchonoticias.com\/editor\/fiscalia-imputa-al-excandidato-presidencial-oscar-ivan-zuluaga-y-a-su-entonces-gerente-de-campana\/\",\"url\":\"https:\/\/luchonoticias.com\/editor\/fiscalia-imputa-al-excandidato-presidencial-oscar-ivan-zuluaga-y-a-su-entonces-gerente-de-campana\/\",\"name\":\"Fiscal\u00eda imputa al excandidato presidencial \u00d3scar Iv\u00e1n Zuluaga y a su entonces gerente de campa\u00f1a -\",\"isPartOf\":{\"@id\":\"https:\/\/luchonoticias.com\/editor\/#website\"},\"datePublished\":\"2023-07-10T19:50:30+00:00\",\"dateModified\":\"2023-07-10T19:50:32+00:00\",\"breadcrumb\":{\"@id\":\"https:\/\/luchonoticias.com\/editor\/fiscalia-imputa-al-excandidato-presidencial-oscar-ivan-zuluaga-y-a-su-entonces-gerente-de-campana\/#breadcrumb\"},\"inLanguage\":\"es\",\"potentialAction\":[{\"@type\":\"ReadAction\",\"target\":[\"https:\/\/luchonoticias.com\/editor\/fiscalia-imputa-al-excandidato-presidencial-oscar-ivan-zuluaga-y-a-su-entonces-gerente-de-campana\/\"]}]},{\"@type\":\"BreadcrumbList\",\"@id\":\"https:\/\/luchonoticias.com\/editor\/fiscalia-imputa-al-excandidato-presidencial-oscar-ivan-zuluaga-y-a-su-entonces-gerente-de-campana\/#breadcrumb\",\"itemListElement\":[{\"@type\":\"ListItem\",\"position\":1,\"name\":\"Portada\",\"item\":\"https:\/\/luchonoticias.com\/editor\/\"},{\"@type\":\"ListItem\",\"position\":2,\"name\":\"Fiscal\u00eda imputa al excandidato presidencial \u00d3scar Iv\u00e1n Zuluaga y a su entonces gerente de campa\u00f1a\"}]},{\"@type\":\"WebSite\",\"@id\":\"https:\/\/luchonoticias.com\/editor\/#website\",\"url\":\"https:\/\/luchonoticias.com\/editor\/\",\"name\":\"\",\"description\":\"\",\"publisher\":{\"@id\":\"https:\/\/luchonoticias.com\/editor\/#\/schema\/person\/7a7fd911f58561fd056dbac7b55af9cd\"},\"potentialAction\":[{\"@type\":\"SearchAction\",\"target\":{\"@type\":\"EntryPoint\",\"urlTemplate\":\"https:\/\/luchonoticias.com\/editor\/?s={search_term_string}\"},\"query-input\":{\"@type\":\"PropertyValueSpecification\",\"valueRequired\":true,\"valueName\":\"search_term_string\"}}],\"inLanguage\":\"es\"},{\"@type\":[\"Person\",\"Organization\"],\"@id\":\"https:\/\/luchonoticias.com\/editor\/#\/schema\/person\/7a7fd911f58561fd056dbac7b55af9cd\",\"name\":\"admin\",\"image\":{\"@type\":\"ImageObject\",\"inLanguage\":\"es\",\"@id\":\"https:\/\/luchonoticias.com\/editor\/#\/schema\/person\/image\/\",\"url\":\"https:\/\/luchonoticias.com\/editor\/wp-content\/uploads\/2024\/02\/cropped-cropped-logolu.webp\",\"contentUrl\":\"https:\/\/luchonoticias.com\/editor\/wp-content\/uploads\/2024\/02\/cropped-cropped-logolu.webp\",\"width\":382,\"height\":170,\"caption\":\"admin\"},\"logo\":{\"@id\":\"https:\/\/luchonoticias.com\/editor\/#\/schema\/person\/image\/\"},\"sameAs\":[\"https:\/\/www.facebook.com\/luchonoticiasneiva\"]},{\"@type\":\"Person\",\"@id\":\"https:\/\/luchonoticias.com\/editor\/#\/schema\/person\/29217990ddf6f14e35912b2866d591fb\",\"name\":\"Editor General\",\"image\":{\"@type\":\"ImageObject\",\"inLanguage\":\"es\",\"@id\":\"https:\/\/luchonoticias.com\/editor\/#\/schema\/person\/image\/\",\"url\":\"https:\/\/luchonoticias.com\/editor\/wp-content\/uploads\/2024\/02\/cropped-cropped-logolu-150x150.webp\",\"contentUrl\":\"https:\/\/luchonoticias.com\/editor\/wp-content\/uploads\/2024\/02\/cropped-cropped-logolu-150x150.webp\",\"caption\":\"Editor General\"},\"sameAs\":[\"https:\/\/luchonoticias.com\/\"],\"url\":\"https:\/\/luchonoticias.com\/editor\/author\/editor-general\/\"}]}<\/script>\n<!-- \/ Yoast SEO plugin. -->","yoast_head_json":{"title":"Fiscal\u00eda imputa al excandidato presidencial \u00d3scar Iv\u00e1n Zuluaga y a su entonces gerente de campa\u00f1a -","robots":{"index":"index","follow":"follow","max-snippet":"max-snippet:-1","max-image-preview":"max-image-preview:large","max-video-preview":"max-video-preview:-1"},"canonical":"https:\/\/luchonoticias.com\/editor\/fiscalia-imputa-al-excandidato-presidencial-oscar-ivan-zuluaga-y-a-su-entonces-gerente-de-campana\/","og_locale":"es_ES","og_type":"article","og_title":"Fiscal\u00eda imputa al excandidato presidencial \u00d3scar Iv\u00e1n Zuluaga y a su entonces gerente de campa\u00f1a -","og_url":"https:\/\/luchonoticias.com\/editor\/fiscalia-imputa-al-excandidato-presidencial-oscar-ivan-zuluaga-y-a-su-entonces-gerente-de-campana\/","article_publisher":"https:\/\/www.facebook.com\/luchonoticiasneiva","article_published_time":"2023-07-10T19:50:30+00:00","article_modified_time":"2023-07-10T19:50:32+00:00","author":"Editor General","twitter_card":"summary_large_image","twitter_misc":{"Escrito por":"Editor General","Tiempo de lectura":"2 minutos"},"schema":{"@context":"https:\/\/schema.org","@graph":[{"@type":"Article","@id":"https:\/\/luchonoticias.com\/editor\/fiscalia-imputa-al-excandidato-presidencial-oscar-ivan-zuluaga-y-a-su-entonces-gerente-de-campana\/#article","isPartOf":{"@id":"https:\/\/luchonoticias.com\/editor\/fiscalia-imputa-al-excandidato-presidencial-oscar-ivan-zuluaga-y-a-su-entonces-gerente-de-campana\/"},"author":{"name":"Editor General","@id":"https:\/\/luchonoticias.com\/editor\/#\/schema\/person\/29217990ddf6f14e35912b2866d591fb"},"headline":"Fiscal\u00eda imputa al excandidato presidencial \u00d3scar Iv\u00e1n Zuluaga y a su entonces gerente de campa\u00f1a","datePublished":"2023-07-10T19:50:30+00:00","dateModified":"2023-07-10T19:50:32+00:00","mainEntityOfPage":{"@id":"https:\/\/luchonoticias.com\/editor\/fiscalia-imputa-al-excandidato-presidencial-oscar-ivan-zuluaga-y-a-su-entonces-gerente-de-campana\/"},"wordCount":453,"commentCount":0,"publisher":{"@id":"https:\/\/luchonoticias.com\/editor\/#\/schema\/person\/7a7fd911f58561fd056dbac7b55af9cd"},"articleSection":["Actualidad","Destacado"],"inLanguage":"es","potentialAction":[{"@type":"CommentAction","name":"Comment","target":["https:\/\/luchonoticias.com\/editor\/fiscalia-imputa-al-excandidato-presidencial-oscar-ivan-zuluaga-y-a-su-entonces-gerente-de-campana\/#respond"]}]},{"@type":"WebPage","@id":"https:\/\/luchonoticias.com\/editor\/fiscalia-imputa-al-excandidato-presidencial-oscar-ivan-zuluaga-y-a-su-entonces-gerente-de-campana\/","url":"https:\/\/luchonoticias.com\/editor\/fiscalia-imputa-al-excandidato-presidencial-oscar-ivan-zuluaga-y-a-su-entonces-gerente-de-campana\/","name":"Fiscal\u00eda imputa al excandidato presidencial \u00d3scar Iv\u00e1n Zuluaga y a su entonces gerente de campa\u00f1a -","isPartOf":{"@id":"https:\/\/luchonoticias.com\/editor\/#website"},"datePublished":"2023-07-10T19:50:30+00:00","dateModified":"2023-07-10T19:50:32+00:00","breadcrumb":{"@id":"https:\/\/luchonoticias.com\/editor\/fiscalia-imputa-al-excandidato-presidencial-oscar-ivan-zuluaga-y-a-su-entonces-gerente-de-campana\/#breadcrumb"},"inLanguage":"es","potentialAction":[{"@type":"ReadAction","target":["https:\/\/luchonoticias.com\/editor\/fiscalia-imputa-al-excandidato-presidencial-oscar-ivan-zuluaga-y-a-su-entonces-gerente-de-campana\/"]}]},{"@type":"BreadcrumbList","@id":"https:\/\/luchonoticias.com\/editor\/fiscalia-imputa-al-excandidato-presidencial-oscar-ivan-zuluaga-y-a-su-entonces-gerente-de-campana\/#breadcrumb","itemListElement":[{"@type":"ListItem","position":1,"name":"Portada","item":"https:\/\/luchonoticias.com\/editor\/"},{"@type":"ListItem","position":2,"name":"Fiscal\u00eda imputa al excandidato presidencial \u00d3scar Iv\u00e1n Zuluaga y a su entonces gerente de campa\u00f1a"}]},{"@type":"WebSite","@id":"https:\/\/luchonoticias.com\/editor\/#website","url":"https:\/\/luchonoticias.com\/editor\/","name":"","description":"","publisher":{"@id":"https:\/\/luchonoticias.com\/editor\/#\/schema\/person\/7a7fd911f58561fd056dbac7b55af9cd"},"potentialAction":[{"@type":"SearchAction","target":{"@type":"EntryPoint","urlTemplate":"https:\/\/luchonoticias.com\/editor\/?s={search_term_string}"},"query-input":{"@type":"PropertyValueSpecification","valueRequired":true,"valueName":"search_term_string"}}],"inLanguage":"es"},{"@type":["Person","Organization"],"@id":"https:\/\/luchonoticias.com\/editor\/#\/schema\/person\/7a7fd911f58561fd056dbac7b55af9cd","name":"admin","image":{"@type":"ImageObject","inLanguage":"es","@id":"https:\/\/luchonoticias.com\/editor\/#\/schema\/person\/image\/","url":"https:\/\/luchonoticias.com\/editor\/wp-content\/uploads\/2024\/02\/cropped-cropped-logolu.webp","contentUrl":"https:\/\/luchonoticias.com\/editor\/wp-content\/uploads\/2024\/02\/cropped-cropped-logolu.webp","width":382,"height":170,"caption":"admin"},"logo":{"@id":"https:\/\/luchonoticias.com\/editor\/#\/schema\/person\/image\/"},"sameAs":["https:\/\/www.facebook.com\/luchonoticiasneiva"]},{"@type":"Person","@id":"https:\/\/luchonoticias.com\/editor\/#\/schema\/person\/29217990ddf6f14e35912b2866d591fb","name":"Editor General","image":{"@type":"ImageObject","inLanguage":"es","@id":"https:\/\/luchonoticias.com\/editor\/#\/schema\/person\/image\/","url":"https:\/\/luchonoticias.com\/editor\/wp-content\/uploads\/2024\/02\/cropped-cropped-logolu-150x150.webp","contentUrl":"https:\/\/luchonoticias.com\/editor\/wp-content\/uploads\/2024\/02\/cropped-cropped-logolu-150x150.webp","caption":"Editor General"},"sameAs":["https:\/\/luchonoticias.com\/"],"url":"https:\/\/luchonoticias.com\/editor\/author\/editor-general\/"}]}},"_links":{"self":[{"href":"https:\/\/luchonoticias.com\/editor\/wp-json\/wp\/v2\/posts\/56272","targetHints":{"allow":["GET"]}}],"collection":[{"href":"https:\/\/luchonoticias.com\/editor\/wp-json\/wp\/v2\/posts"}],"about":[{"href":"https:\/\/luchonoticias.com\/editor\/wp-json\/wp\/v2\/types\/post"}],"author":[{"embeddable":true,"href":"https:\/\/luchonoticias.com\/editor\/wp-json\/wp\/v2\/users\/2"}],"replies":[{"embeddable":true,"href":"https:\/\/luchonoticias.com\/editor\/wp-json\/wp\/v2\/comments?post=56272"}],"version-history":[{"count":0,"href":"https:\/\/luchonoticias.com\/editor\/wp-json\/wp\/v2\/posts\/56272\/revisions"}],"wp:attachment":[{"href":"https:\/\/luchonoticias.com\/editor\/wp-json\/wp\/v2\/media?parent=56272"}],"wp:term":[{"taxonomy":"category","embeddable":true,"href":"https:\/\/luchonoticias.com\/editor\/wp-json\/wp\/v2\/categories?post=56272"},{"taxonomy":"post_tag","embeddable":true,"href":"https:\/\/luchonoticias.com\/editor\/wp-json\/wp\/v2\/tags?post=56272"}],"curies":[{"name":"wp","href":"https:\/\/api.w.org\/{rel}","templated":true}]}}