{"id":56281,"date":"2023-07-10T14:59:00","date_gmt":"2023-07-10T19:59:00","guid":{"rendered":"https:\/\/luchonoticias.com\/?p=56281"},"modified":"2023-07-10T14:59:01","modified_gmt":"2023-07-10T19:59:01","slug":"10-millones-por-informacion-de-los-responsables-de-ataque-explosivo-a-supermercado-cinco-menos","status":"publish","type":"post","link":"https:\/\/luchonoticias.com\/editor\/10-millones-por-informacion-de-los-responsables-de-ataque-explosivo-a-supermercado-cinco-menos\/","title":{"rendered":"10 millones por informaci\u00f3n de los responsables de ataque explosivo a supermercado Cinco Menos"},"content":{"rendered":"\n<p>El alcalde de Neiva, Gorky Mu\u00f1oz Calder\u00f3n, lider\u00f3 un consejo extraordinario de seguridad en conjunto con la Polic\u00eda Nacional, el Ej\u00e9rcito Nacional, la Fiscal\u00eda, la Personer\u00eda, la Defensor\u00eda, entre otras instituciones, para abordar la situaci\u00f3n de seguridad del municipio. En el espacio se analiz\u00f3 el reciente ataque, con un artefacto explosivo, a una de las sedes de la cadena de supermercados Cinco Menos, ubicado en el barrio La Vor\u00e1gine, norte de la ciudad.<\/p>\n\n\n\n<p>\u00abCitamos consejo extraordinario de seguridad con el fin de escuchar a las autoridades competentes sobre la informaci\u00f3n que tienen de este hecho desafortunado para los neivanos, pero que enmarcados dentro de una hoja de ruta se hace seguimiento a trav\u00e9s del Grupo Investigativo de la Polic\u00eda, Fiscal\u00eda y Ej\u00e9rcito Nacional. Ah\u00ed tomamos decisiones integrales para poder seguir atacando la delincuencia y la extorsi\u00f3n\u00bb, expres\u00f3 el mandatario de los neivanos.<\/p>\n\n\n\n<p><strong>Recompensa<\/strong><\/p>\n\n\n\n<p>En respuesta a este hecho, la Alcald\u00eda de Neiva ofrece una recompensa de $10 millones a quien brinde informaci\u00f3n sobre los responsables tanto materiales como intelectuales de este acto delictivo, que dej\u00f3 da\u00f1os materiales en estantes y mercanc\u00eda, as\u00ed como lesiones a una mujer de aproximadamente 21 a\u00f1os de edad, quien labora en el supermercado afectado.<\/p>\n\n\n\n<p>Por su parte, el coronel Domingo L\u00f3pez, comandante de la Polic\u00eda Metropolitana de Neiva, indic\u00f3 que, de acuerdo a las investigaciones y evidencias recopiladas, el artefacto explosivo utilizado para este hecho delictivo, ser\u00eda una granada de fragmentaci\u00f3n.<\/p>\n\n\n\n<p>\u00abEl hecho caus\u00f3 da\u00f1os a las estanter\u00edas y algunos productos, y lesiones a una persona que fue trasladada de manera inmediata a un centro asistencial y dada de alta en la ma\u00f1ana de hoy por lo leve de las lesiones. No obstante, es un hecho de gran connotaci\u00f3n y relevancia de las cuales las autoridades en cabeza de la Alcald\u00eda y dem\u00e1s autoridades con todas sus capacidades estamos buscando soluciones\u00bb, indic\u00f3 el Comandante de la Polic\u00eda Metropolitana de Neiva.<\/p>\n\n\n\n<p>Entre tanto, las autoridades indicaron que la Alerta Temprana 010 del 2022 guardar\u00eda relaci\u00f3n con los acontecimientos actuales, lo cual brinda una base s\u00f3lida para tomar medidas preventivas. No obstante, ser\u00e1 analizado el delito de extorsi\u00f3n, que a la fecha se reportan 48 casos en Neiva, tanto en modalidad digital como cl\u00e1sica.<\/p>\n\n\n\n<p><strong>Se incrementar\u00e1n las medidas<\/strong><\/p>\n\n\n\n<p>Finalmente, el Alcalde indic\u00f3 que no permitir\u00e1 que la zozobra se apodere del municipio y por lo tanto se activar\u00e1n los recursos institucionales y operativos necesarios para enfrentar esta situaci\u00f3n de orden p\u00fablico.<\/p>\n\n\n\n<p>\u00abEntregamos un parte de tranquilidad a los neivanos porque estamos trabajando fuertemente con las autoridades para que Neiva sea una ciudad m\u00e1s segura, garantizando los derechos y, a partir de ah\u00ed, alcanzar la paz\u00bb, puntualiz\u00f3 el Alcalde.<\/p>\n","protected":false},"excerpt":{"rendered":"<p>El alcalde de Neiva, Gorky Mu\u00f1oz Calder\u00f3n, lider\u00f3 un consejo extraordinario de seguridad en conjunto con la Polic\u00eda Nacional, el Ej\u00e9rcito Nacional, la Fiscal\u00eda, la Personer\u00eda, la Defensor\u00eda, entre otras instituciones, para abordar la situaci\u00f3n de seguridad del municipio. En el espacio se analiz\u00f3 el reciente ataque, con un artefacto explosivo, a una de las [&hellip;]<\/p>\n","protected":false},"author":2,"featured_media":0,"comment_status":"open","ping_status":"open","sticky":false,"template":"","format":"standard","meta":{"footnotes":""},"categories":[36,31],"tags":[],"class_list":["post-56281","post","type-post","status-publish","format-standard","hentry","category-destacado","category-local"],"yoast_head":"<!-- This site is optimized with the Yoast SEO plugin v26.6 - https:\/\/yoast.com\/wordpress\/plugins\/seo\/ -->\n<title>10 millones por informaci\u00f3n de los responsables de ataque explosivo a supermercado Cinco Menos -<\/title>\n<meta name=\"robots\" content=\"index, follow, max-snippet:-1, max-image-preview:large, max-video-preview:-1\" \/>\n<link rel=\"canonical\" href=\"https:\/\/luchonoticias.com\/editor\/10-millones-por-informacion-de-los-responsables-de-ataque-explosivo-a-supermercado-cinco-menos\/\" \/>\n<meta property=\"og:locale\" content=\"es_ES\" \/>\n<meta property=\"og:type\" content=\"article\" \/>\n<meta property=\"og:title\" content=\"10 millones por informaci\u00f3n de los responsables de ataque explosivo a supermercado Cinco Menos -\" \/>\n<meta property=\"og:url\" content=\"https:\/\/luchonoticias.com\/editor\/10-millones-por-informacion-de-los-responsables-de-ataque-explosivo-a-supermercado-cinco-menos\/\" \/>\n<meta property=\"article:publisher\" content=\"https:\/\/www.facebook.com\/luchonoticiasneiva\" \/>\n<meta property=\"article:published_time\" content=\"2023-07-10T19:59:00+00:00\" \/>\n<meta property=\"article:modified_time\" content=\"2023-07-10T19:59:01+00:00\" \/>\n<meta name=\"author\" content=\"Editor General\" \/>\n<meta name=\"twitter:card\" content=\"summary_large_image\" \/>\n<meta name=\"twitter:label1\" content=\"Escrito por\" \/>\n\t<meta name=\"twitter:data1\" content=\"Editor General\" \/>\n\t<meta name=\"twitter:label2\" content=\"Tiempo de lectura\" \/>\n\t<meta name=\"twitter:data2\" content=\"2 minutos\" \/>\n<script type=\"application\/ld+json\" class=\"yoast-schema-graph\">{\"@context\":\"https:\/\/schema.org\",\"@graph\":[{\"@type\":\"Article\",\"@id\":\"https:\/\/luchonoticias.com\/editor\/10-millones-por-informacion-de-los-responsables-de-ataque-explosivo-a-supermercado-cinco-menos\/#article\",\"isPartOf\":{\"@id\":\"https:\/\/luchonoticias.com\/editor\/10-millones-por-informacion-de-los-responsables-de-ataque-explosivo-a-supermercado-cinco-menos\/\"},\"author\":{\"name\":\"Editor General\",\"@id\":\"https:\/\/luchonoticias.com\/editor\/#\/schema\/person\/29217990ddf6f14e35912b2866d591fb\"},\"headline\":\"10 millones por informaci\u00f3n de los responsables de ataque explosivo a supermercado Cinco Menos\",\"datePublished\":\"2023-07-10T19:59:00+00:00\",\"dateModified\":\"2023-07-10T19:59:01+00:00\",\"mainEntityOfPage\":{\"@id\":\"https:\/\/luchonoticias.com\/editor\/10-millones-por-informacion-de-los-responsables-de-ataque-explosivo-a-supermercado-cinco-menos\/\"},\"wordCount\":491,\"commentCount\":0,\"publisher\":{\"@id\":\"https:\/\/luchonoticias.com\/editor\/#\/schema\/person\/7a7fd911f58561fd056dbac7b55af9cd\"},\"articleSection\":[\"Destacado\",\"Local\"],\"inLanguage\":\"es\",\"potentialAction\":[{\"@type\":\"CommentAction\",\"name\":\"Comment\",\"target\":[\"https:\/\/luchonoticias.com\/editor\/10-millones-por-informacion-de-los-responsables-de-ataque-explosivo-a-supermercado-cinco-menos\/#respond\"]}]},{\"@type\":\"WebPage\",\"@id\":\"https:\/\/luchonoticias.com\/editor\/10-millones-por-informacion-de-los-responsables-de-ataque-explosivo-a-supermercado-cinco-menos\/\",\"url\":\"https:\/\/luchonoticias.com\/editor\/10-millones-por-informacion-de-los-responsables-de-ataque-explosivo-a-supermercado-cinco-menos\/\",\"name\":\"10 millones por informaci\u00f3n de los responsables de ataque explosivo a supermercado Cinco Menos -\",\"isPartOf\":{\"@id\":\"https:\/\/luchonoticias.com\/editor\/#website\"},\"datePublished\":\"2023-07-10T19:59:00+00:00\",\"dateModified\":\"2023-07-10T19:59:01+00:00\",\"breadcrumb\":{\"@id\":\"https:\/\/luchonoticias.com\/editor\/10-millones-por-informacion-de-los-responsables-de-ataque-explosivo-a-supermercado-cinco-menos\/#breadcrumb\"},\"inLanguage\":\"es\",\"potentialAction\":[{\"@type\":\"ReadAction\",\"target\":[\"https:\/\/luchonoticias.com\/editor\/10-millones-por-informacion-de-los-responsables-de-ataque-explosivo-a-supermercado-cinco-menos\/\"]}]},{\"@type\":\"BreadcrumbList\",\"@id\":\"https:\/\/luchonoticias.com\/editor\/10-millones-por-informacion-de-los-responsables-de-ataque-explosivo-a-supermercado-cinco-menos\/#breadcrumb\",\"itemListElement\":[{\"@type\":\"ListItem\",\"position\":1,\"name\":\"Portada\",\"item\":\"https:\/\/luchonoticias.com\/editor\/\"},{\"@type\":\"ListItem\",\"position\":2,\"name\":\"10 millones por informaci\u00f3n de los responsables de ataque explosivo a supermercado Cinco Menos\"}]},{\"@type\":\"WebSite\",\"@id\":\"https:\/\/luchonoticias.com\/editor\/#website\",\"url\":\"https:\/\/luchonoticias.com\/editor\/\",\"name\":\"\",\"description\":\"\",\"publisher\":{\"@id\":\"https:\/\/luchonoticias.com\/editor\/#\/schema\/person\/7a7fd911f58561fd056dbac7b55af9cd\"},\"potentialAction\":[{\"@type\":\"SearchAction\",\"target\":{\"@type\":\"EntryPoint\",\"urlTemplate\":\"https:\/\/luchonoticias.com\/editor\/?s={search_term_string}\"},\"query-input\":{\"@type\":\"PropertyValueSpecification\",\"valueRequired\":true,\"valueName\":\"search_term_string\"}}],\"inLanguage\":\"es\"},{\"@type\":[\"Person\",\"Organization\"],\"@id\":\"https:\/\/luchonoticias.com\/editor\/#\/schema\/person\/7a7fd911f58561fd056dbac7b55af9cd\",\"name\":\"admin\",\"image\":{\"@type\":\"ImageObject\",\"inLanguage\":\"es\",\"@id\":\"https:\/\/luchonoticias.com\/editor\/#\/schema\/person\/image\/\",\"url\":\"https:\/\/luchonoticias.com\/editor\/wp-content\/uploads\/2024\/02\/cropped-cropped-logolu.webp\",\"contentUrl\":\"https:\/\/luchonoticias.com\/editor\/wp-content\/uploads\/2024\/02\/cropped-cropped-logolu.webp\",\"width\":382,\"height\":170,\"caption\":\"admin\"},\"logo\":{\"@id\":\"https:\/\/luchonoticias.com\/editor\/#\/schema\/person\/image\/\"},\"sameAs\":[\"https:\/\/www.facebook.com\/luchonoticiasneiva\"]},{\"@type\":\"Person\",\"@id\":\"https:\/\/luchonoticias.com\/editor\/#\/schema\/person\/29217990ddf6f14e35912b2866d591fb\",\"name\":\"Editor General\",\"image\":{\"@type\":\"ImageObject\",\"inLanguage\":\"es\",\"@id\":\"https:\/\/luchonoticias.com\/editor\/#\/schema\/person\/image\/\",\"url\":\"https:\/\/luchonoticias.com\/editor\/wp-content\/uploads\/2024\/02\/cropped-cropped-logolu-150x150.webp\",\"contentUrl\":\"https:\/\/luchonoticias.com\/editor\/wp-content\/uploads\/2024\/02\/cropped-cropped-logolu-150x150.webp\",\"caption\":\"Editor General\"},\"sameAs\":[\"https:\/\/luchonoticias.com\/\"],\"url\":\"https:\/\/luchonoticias.com\/editor\/author\/editor-general\/\"}]}<\/script>\n<!-- \/ Yoast SEO plugin. -->","yoast_head_json":{"title":"10 millones por informaci\u00f3n de los responsables de ataque explosivo a supermercado Cinco Menos -","robots":{"index":"index","follow":"follow","max-snippet":"max-snippet:-1","max-image-preview":"max-image-preview:large","max-video-preview":"max-video-preview:-1"},"canonical":"https:\/\/luchonoticias.com\/editor\/10-millones-por-informacion-de-los-responsables-de-ataque-explosivo-a-supermercado-cinco-menos\/","og_locale":"es_ES","og_type":"article","og_title":"10 millones por informaci\u00f3n de los responsables de ataque explosivo a supermercado Cinco Menos -","og_url":"https:\/\/luchonoticias.com\/editor\/10-millones-por-informacion-de-los-responsables-de-ataque-explosivo-a-supermercado-cinco-menos\/","article_publisher":"https:\/\/www.facebook.com\/luchonoticiasneiva","article_published_time":"2023-07-10T19:59:00+00:00","article_modified_time":"2023-07-10T19:59:01+00:00","author":"Editor General","twitter_card":"summary_large_image","twitter_misc":{"Escrito por":"Editor General","Tiempo de lectura":"2 minutos"},"schema":{"@context":"https:\/\/schema.org","@graph":[{"@type":"Article","@id":"https:\/\/luchonoticias.com\/editor\/10-millones-por-informacion-de-los-responsables-de-ataque-explosivo-a-supermercado-cinco-menos\/#article","isPartOf":{"@id":"https:\/\/luchonoticias.com\/editor\/10-millones-por-informacion-de-los-responsables-de-ataque-explosivo-a-supermercado-cinco-menos\/"},"author":{"name":"Editor General","@id":"https:\/\/luchonoticias.com\/editor\/#\/schema\/person\/29217990ddf6f14e35912b2866d591fb"},"headline":"10 millones por informaci\u00f3n de los responsables de ataque explosivo a supermercado Cinco Menos","datePublished":"2023-07-10T19:59:00+00:00","dateModified":"2023-07-10T19:59:01+00:00","mainEntityOfPage":{"@id":"https:\/\/luchonoticias.com\/editor\/10-millones-por-informacion-de-los-responsables-de-ataque-explosivo-a-supermercado-cinco-menos\/"},"wordCount":491,"commentCount":0,"publisher":{"@id":"https:\/\/luchonoticias.com\/editor\/#\/schema\/person\/7a7fd911f58561fd056dbac7b55af9cd"},"articleSection":["Destacado","Local"],"inLanguage":"es","potentialAction":[{"@type":"CommentAction","name":"Comment","target":["https:\/\/luchonoticias.com\/editor\/10-millones-por-informacion-de-los-responsables-de-ataque-explosivo-a-supermercado-cinco-menos\/#respond"]}]},{"@type":"WebPage","@id":"https:\/\/luchonoticias.com\/editor\/10-millones-por-informacion-de-los-responsables-de-ataque-explosivo-a-supermercado-cinco-menos\/","url":"https:\/\/luchonoticias.com\/editor\/10-millones-por-informacion-de-los-responsables-de-ataque-explosivo-a-supermercado-cinco-menos\/","name":"10 millones por informaci\u00f3n de los responsables de ataque explosivo a supermercado Cinco Menos -","isPartOf":{"@id":"https:\/\/luchonoticias.com\/editor\/#website"},"datePublished":"2023-07-10T19:59:00+00:00","dateModified":"2023-07-10T19:59:01+00:00","breadcrumb":{"@id":"https:\/\/luchonoticias.com\/editor\/10-millones-por-informacion-de-los-responsables-de-ataque-explosivo-a-supermercado-cinco-menos\/#breadcrumb"},"inLanguage":"es","potentialAction":[{"@type":"ReadAction","target":["https:\/\/luchonoticias.com\/editor\/10-millones-por-informacion-de-los-responsables-de-ataque-explosivo-a-supermercado-cinco-menos\/"]}]},{"@type":"BreadcrumbList","@id":"https:\/\/luchonoticias.com\/editor\/10-millones-por-informacion-de-los-responsables-de-ataque-explosivo-a-supermercado-cinco-menos\/#breadcrumb","itemListElement":[{"@type":"ListItem","position":1,"name":"Portada","item":"https:\/\/luchonoticias.com\/editor\/"},{"@type":"ListItem","position":2,"name":"10 millones por informaci\u00f3n de los responsables de ataque explosivo a supermercado Cinco Menos"}]},{"@type":"WebSite","@id":"https:\/\/luchonoticias.com\/editor\/#website","url":"https:\/\/luchonoticias.com\/editor\/","name":"","description":"","publisher":{"@id":"https:\/\/luchonoticias.com\/editor\/#\/schema\/person\/7a7fd911f58561fd056dbac7b55af9cd"},"potentialAction":[{"@type":"SearchAction","target":{"@type":"EntryPoint","urlTemplate":"https:\/\/luchonoticias.com\/editor\/?s={search_term_string}"},"query-input":{"@type":"PropertyValueSpecification","valueRequired":true,"valueName":"search_term_string"}}],"inLanguage":"es"},{"@type":["Person","Organization"],"@id":"https:\/\/luchonoticias.com\/editor\/#\/schema\/person\/7a7fd911f58561fd056dbac7b55af9cd","name":"admin","image":{"@type":"ImageObject","inLanguage":"es","@id":"https:\/\/luchonoticias.com\/editor\/#\/schema\/person\/image\/","url":"https:\/\/luchonoticias.com\/editor\/wp-content\/uploads\/2024\/02\/cropped-cropped-logolu.webp","contentUrl":"https:\/\/luchonoticias.com\/editor\/wp-content\/uploads\/2024\/02\/cropped-cropped-logolu.webp","width":382,"height":170,"caption":"admin"},"logo":{"@id":"https:\/\/luchonoticias.com\/editor\/#\/schema\/person\/image\/"},"sameAs":["https:\/\/www.facebook.com\/luchonoticiasneiva"]},{"@type":"Person","@id":"https:\/\/luchonoticias.com\/editor\/#\/schema\/person\/29217990ddf6f14e35912b2866d591fb","name":"Editor General","image":{"@type":"ImageObject","inLanguage":"es","@id":"https:\/\/luchonoticias.com\/editor\/#\/schema\/person\/image\/","url":"https:\/\/luchonoticias.com\/editor\/wp-content\/uploads\/2024\/02\/cropped-cropped-logolu-150x150.webp","contentUrl":"https:\/\/luchonoticias.com\/editor\/wp-content\/uploads\/2024\/02\/cropped-cropped-logolu-150x150.webp","caption":"Editor General"},"sameAs":["https:\/\/luchonoticias.com\/"],"url":"https:\/\/luchonoticias.com\/editor\/author\/editor-general\/"}]}},"_links":{"self":[{"href":"https:\/\/luchonoticias.com\/editor\/wp-json\/wp\/v2\/posts\/56281","targetHints":{"allow":["GET"]}}],"collection":[{"href":"https:\/\/luchonoticias.com\/editor\/wp-json\/wp\/v2\/posts"}],"about":[{"href":"https:\/\/luchonoticias.com\/editor\/wp-json\/wp\/v2\/types\/post"}],"author":[{"embeddable":true,"href":"https:\/\/luchonoticias.com\/editor\/wp-json\/wp\/v2\/users\/2"}],"replies":[{"embeddable":true,"href":"https:\/\/luchonoticias.com\/editor\/wp-json\/wp\/v2\/comments?post=56281"}],"version-history":[{"count":0,"href":"https:\/\/luchonoticias.com\/editor\/wp-json\/wp\/v2\/posts\/56281\/revisions"}],"wp:attachment":[{"href":"https:\/\/luchonoticias.com\/editor\/wp-json\/wp\/v2\/media?parent=56281"}],"wp:term":[{"taxonomy":"category","embeddable":true,"href":"https:\/\/luchonoticias.com\/editor\/wp-json\/wp\/v2\/categories?post=56281"},{"taxonomy":"post_tag","embeddable":true,"href":"https:\/\/luchonoticias.com\/editor\/wp-json\/wp\/v2\/tags?post=56281"}],"curies":[{"name":"wp","href":"https:\/\/api.w.org\/{rel}","templated":true}]}}