{"id":56288,"date":"2023-07-10T16:30:20","date_gmt":"2023-07-10T21:30:20","guid":{"rendered":"https:\/\/luchonoticias.com\/?p=56288"},"modified":"2023-07-10T16:30:21","modified_gmt":"2023-07-10T21:30:21","slug":"capturados-siete-presuntos-integrantes-del-gao-r-autodenominado-comandos-de-frontera","status":"publish","type":"post","link":"https:\/\/luchonoticias.com\/editor\/capturados-siete-presuntos-integrantes-del-gao-r-autodenominado-comandos-de-frontera\/","title":{"rendered":"Capturados siete presuntos integrantes del GAO-r autodenominado Comandos de Frontera"},"content":{"rendered":"\n<p>Gracias al decidido apoyo de la Red de Participaci\u00f3n C\u00edvica, sumado a las labores de inteligencia y las continuas operaciones militares, la Novena Brigada, a trav\u00e9s del Batall\u00f3n Magdalena, con el acompa\u00f1amiento del CTI, logr\u00f3 neutralizar los planes criminales del grupo armado organizado residual (GAO-r), autodenominado Comando de Frontera y dar captura a siete presuntos integrantes.<\/p>\n\n\n\n<p>Las operaciones se adelantaron en la vereda Montosa, municipio de Acevedo, en el sur del Huila. Luego de varios d\u00edas de seguimiento, las unidades lograron ubicar, a tan solo 200 metros de la zona lim\u00edtrofe con Caquet\u00e1, en zona boscosa, una vivienda abandonada construida en tablas de la que sal\u00edan e ingresaban hombres fuertemente armados.<\/p>\n\n\n\n<figure class=\"wp-block-gallery has-nested-images columns-default is-cropped wp-block-gallery-1 is-layout-flex wp-block-gallery-is-layout-flex\">\n<figure class=\"wp-block-image size-large\"><img decoding=\"async\" data-id=\"56291\" src=\"https:\/\/luchonoticias.com\/wp-content\/uploads\/2023\/07\/WhatsApp-Image-2023-07-10-at-4.29.22-PM-1024x768.jpeg\" alt=\"\" class=\"wp-image-56291\"\/><\/figure>\n\n\n\n<figure class=\"wp-block-image size-large\"><img decoding=\"async\" data-id=\"56290\" src=\"https:\/\/luchonoticias.com\/wp-content\/uploads\/2023\/07\/WhatsApp-Image-2023-07-10-at-4.12.40-PM-1024x648.jpeg\" alt=\"\" class=\"wp-image-56290\"\/><\/figure>\n\n\n\n<figure class=\"wp-block-image size-large\"><img decoding=\"async\" data-id=\"56292\" src=\"https:\/\/luchonoticias.com\/wp-content\/uploads\/2023\/07\/WhatsApp-Image-2023-07-10-at-4.12.38-PM-1024x616.jpeg\" alt=\"\" class=\"wp-image-56292\"\/><\/figure>\n<\/figure>\n\n\n\n<p>Al lanzar la proclama del Ej\u00e9rcito, las tropas fueron atacadas, present\u00e1ndose fuertes combates entre la noche de ayer y la ma\u00f1ana de hoy, que permitieron capturar a siete hombres e incautar 8 fusiles, 35 proveedores, m\u00e1s de 2.000 cartuchos de diferentes calibres, una granada de mano, 6 equipos de campa\u00f1a, 9 chalecos porta proveedores y 4 equipo celulares.<\/p>\n\n\n\n<p>A esta hora contin\u00faan los combates y la b\u00fasqueda de otros integrantes de la organizaci\u00f3n que huyeron tras la operaci\u00f3n.<\/p>\n\n\n\n<p>Seg\u00fan las labores de inteligencia, los sujetos se trasladaron desde el vecino departamento del Caquet\u00e1 hacia el Huila, con el objetivo de consolidar un corredor de movilidad para el ingreso de estupefacientes desde el departamento del Caquet\u00e1, atravesando la zona rural del municipio de Acevedo, para pasar por Suaza, Altamira y de all\u00ed hacia Neiva.<\/p>\n\n\n\n<p>Esta operaci\u00f3n ratifica el compromiso de los soldados del Ej\u00e9rcito Nacional que trabajan sin descanso, sin ahorrar esfuerzos para brindar seguridad y bienestar a todos los huilenses.<\/p>\n","protected":false},"excerpt":{"rendered":"<p>Gracias al decidido apoyo de la Red de Participaci\u00f3n C\u00edvica, sumado a las labores de inteligencia y las continuas operaciones militares, la Novena Brigada, a trav\u00e9s del Batall\u00f3n Magdalena, con el acompa\u00f1amiento del CTI, logr\u00f3 neutralizar los planes criminales del grupo armado organizado residual (GAO-r), autodenominado Comando de Frontera y dar captura a siete presuntos [&hellip;]<\/p>\n","protected":false},"author":2,"featured_media":0,"comment_status":"open","ping_status":"open","sticky":false,"template":"","format":"standard","meta":{"footnotes":""},"categories":[36,29],"tags":[],"class_list":["post-56288","post","type-post","status-publish","format-standard","hentry","category-destacado","category-judicial"],"yoast_head":"<!-- This site is optimized with the Yoast SEO plugin v26.6 - https:\/\/yoast.com\/wordpress\/plugins\/seo\/ -->\n<title>Capturados siete presuntos integrantes del GAO-r autodenominado Comandos de Frontera -<\/title>\n<meta name=\"robots\" content=\"index, follow, max-snippet:-1, max-image-preview:large, max-video-preview:-1\" \/>\n<link rel=\"canonical\" href=\"https:\/\/luchonoticias.com\/editor\/capturados-siete-presuntos-integrantes-del-gao-r-autodenominado-comandos-de-frontera\/\" \/>\n<meta property=\"og:locale\" content=\"es_ES\" \/>\n<meta property=\"og:type\" content=\"article\" \/>\n<meta property=\"og:title\" content=\"Capturados siete presuntos integrantes del GAO-r autodenominado Comandos de Frontera -\" \/>\n<meta property=\"og:url\" content=\"https:\/\/luchonoticias.com\/editor\/capturados-siete-presuntos-integrantes-del-gao-r-autodenominado-comandos-de-frontera\/\" \/>\n<meta property=\"article:publisher\" content=\"https:\/\/www.facebook.com\/luchonoticiasneiva\" \/>\n<meta property=\"article:published_time\" content=\"2023-07-10T21:30:20+00:00\" \/>\n<meta property=\"article:modified_time\" content=\"2023-07-10T21:30:21+00:00\" \/>\n<meta property=\"og:image\" content=\"https:\/\/luchonoticias.com\/wp-content\/uploads\/2023\/07\/WhatsApp-Image-2023-07-10-at-4.29.22-PM-1024x768.jpeg\" \/>\n<meta name=\"author\" content=\"Editor General\" \/>\n<meta name=\"twitter:card\" content=\"summary_large_image\" \/>\n<meta name=\"twitter:label1\" content=\"Escrito por\" \/>\n\t<meta name=\"twitter:data1\" content=\"Editor General\" \/>\n\t<meta name=\"twitter:label2\" content=\"Tiempo de lectura\" \/>\n\t<meta name=\"twitter:data2\" content=\"1 minuto\" \/>\n<script type=\"application\/ld+json\" class=\"yoast-schema-graph\">{\"@context\":\"https:\/\/schema.org\",\"@graph\":[{\"@type\":\"Article\",\"@id\":\"https:\/\/luchonoticias.com\/editor\/capturados-siete-presuntos-integrantes-del-gao-r-autodenominado-comandos-de-frontera\/#article\",\"isPartOf\":{\"@id\":\"https:\/\/luchonoticias.com\/editor\/capturados-siete-presuntos-integrantes-del-gao-r-autodenominado-comandos-de-frontera\/\"},\"author\":{\"name\":\"Editor General\",\"@id\":\"https:\/\/luchonoticias.com\/editor\/#\/schema\/person\/29217990ddf6f14e35912b2866d591fb\"},\"headline\":\"Capturados siete presuntos integrantes del GAO-r autodenominado Comandos de Frontera\",\"datePublished\":\"2023-07-10T21:30:20+00:00\",\"dateModified\":\"2023-07-10T21:30:21+00:00\",\"mainEntityOfPage\":{\"@id\":\"https:\/\/luchonoticias.com\/editor\/capturados-siete-presuntos-integrantes-del-gao-r-autodenominado-comandos-de-frontera\/\"},\"wordCount\":294,\"commentCount\":0,\"publisher\":{\"@id\":\"https:\/\/luchonoticias.com\/editor\/#\/schema\/person\/7a7fd911f58561fd056dbac7b55af9cd\"},\"image\":{\"@id\":\"https:\/\/luchonoticias.com\/editor\/capturados-siete-presuntos-integrantes-del-gao-r-autodenominado-comandos-de-frontera\/#primaryimage\"},\"thumbnailUrl\":\"https:\/\/luchonoticias.com\/wp-content\/uploads\/2023\/07\/WhatsApp-Image-2023-07-10-at-4.29.22-PM-1024x768.jpeg\",\"articleSection\":[\"Destacado\",\"Judicial\"],\"inLanguage\":\"es\",\"potentialAction\":[{\"@type\":\"CommentAction\",\"name\":\"Comment\",\"target\":[\"https:\/\/luchonoticias.com\/editor\/capturados-siete-presuntos-integrantes-del-gao-r-autodenominado-comandos-de-frontera\/#respond\"]}]},{\"@type\":\"WebPage\",\"@id\":\"https:\/\/luchonoticias.com\/editor\/capturados-siete-presuntos-integrantes-del-gao-r-autodenominado-comandos-de-frontera\/\",\"url\":\"https:\/\/luchonoticias.com\/editor\/capturados-siete-presuntos-integrantes-del-gao-r-autodenominado-comandos-de-frontera\/\",\"name\":\"Capturados siete presuntos integrantes del GAO-r autodenominado Comandos de Frontera -\",\"isPartOf\":{\"@id\":\"https:\/\/luchonoticias.com\/editor\/#website\"},\"primaryImageOfPage\":{\"@id\":\"https:\/\/luchonoticias.com\/editor\/capturados-siete-presuntos-integrantes-del-gao-r-autodenominado-comandos-de-frontera\/#primaryimage\"},\"image\":{\"@id\":\"https:\/\/luchonoticias.com\/editor\/capturados-siete-presuntos-integrantes-del-gao-r-autodenominado-comandos-de-frontera\/#primaryimage\"},\"thumbnailUrl\":\"https:\/\/luchonoticias.com\/wp-content\/uploads\/2023\/07\/WhatsApp-Image-2023-07-10-at-4.29.22-PM-1024x768.jpeg\",\"datePublished\":\"2023-07-10T21:30:20+00:00\",\"dateModified\":\"2023-07-10T21:30:21+00:00\",\"breadcrumb\":{\"@id\":\"https:\/\/luchonoticias.com\/editor\/capturados-siete-presuntos-integrantes-del-gao-r-autodenominado-comandos-de-frontera\/#breadcrumb\"},\"inLanguage\":\"es\",\"potentialAction\":[{\"@type\":\"ReadAction\",\"target\":[\"https:\/\/luchonoticias.com\/editor\/capturados-siete-presuntos-integrantes-del-gao-r-autodenominado-comandos-de-frontera\/\"]}]},{\"@type\":\"ImageObject\",\"inLanguage\":\"es\",\"@id\":\"https:\/\/luchonoticias.com\/editor\/capturados-siete-presuntos-integrantes-del-gao-r-autodenominado-comandos-de-frontera\/#primaryimage\",\"url\":\"https:\/\/luchonoticias.com\/wp-content\/uploads\/2023\/07\/WhatsApp-Image-2023-07-10-at-4.29.22-PM-1024x768.jpeg\",\"contentUrl\":\"https:\/\/luchonoticias.com\/wp-content\/uploads\/2023\/07\/WhatsApp-Image-2023-07-10-at-4.29.22-PM-1024x768.jpeg\"},{\"@type\":\"BreadcrumbList\",\"@id\":\"https:\/\/luchonoticias.com\/editor\/capturados-siete-presuntos-integrantes-del-gao-r-autodenominado-comandos-de-frontera\/#breadcrumb\",\"itemListElement\":[{\"@type\":\"ListItem\",\"position\":1,\"name\":\"Portada\",\"item\":\"https:\/\/luchonoticias.com\/editor\/\"},{\"@type\":\"ListItem\",\"position\":2,\"name\":\"Capturados siete presuntos integrantes del GAO-r autodenominado Comandos de Frontera\"}]},{\"@type\":\"WebSite\",\"@id\":\"https:\/\/luchonoticias.com\/editor\/#website\",\"url\":\"https:\/\/luchonoticias.com\/editor\/\",\"name\":\"\",\"description\":\"\",\"publisher\":{\"@id\":\"https:\/\/luchonoticias.com\/editor\/#\/schema\/person\/7a7fd911f58561fd056dbac7b55af9cd\"},\"potentialAction\":[{\"@type\":\"SearchAction\",\"target\":{\"@type\":\"EntryPoint\",\"urlTemplate\":\"https:\/\/luchonoticias.com\/editor\/?s={search_term_string}\"},\"query-input\":{\"@type\":\"PropertyValueSpecification\",\"valueRequired\":true,\"valueName\":\"search_term_string\"}}],\"inLanguage\":\"es\"},{\"@type\":[\"Person\",\"Organization\"],\"@id\":\"https:\/\/luchonoticias.com\/editor\/#\/schema\/person\/7a7fd911f58561fd056dbac7b55af9cd\",\"name\":\"admin\",\"image\":{\"@type\":\"ImageObject\",\"inLanguage\":\"es\",\"@id\":\"https:\/\/luchonoticias.com\/editor\/#\/schema\/person\/image\/\",\"url\":\"https:\/\/luchonoticias.com\/editor\/wp-content\/uploads\/2024\/02\/cropped-cropped-logolu.webp\",\"contentUrl\":\"https:\/\/luchonoticias.com\/editor\/wp-content\/uploads\/2024\/02\/cropped-cropped-logolu.webp\",\"width\":382,\"height\":170,\"caption\":\"admin\"},\"logo\":{\"@id\":\"https:\/\/luchonoticias.com\/editor\/#\/schema\/person\/image\/\"},\"sameAs\":[\"https:\/\/www.facebook.com\/luchonoticiasneiva\"]},{\"@type\":\"Person\",\"@id\":\"https:\/\/luchonoticias.com\/editor\/#\/schema\/person\/29217990ddf6f14e35912b2866d591fb\",\"name\":\"Editor General\",\"image\":{\"@type\":\"ImageObject\",\"inLanguage\":\"es\",\"@id\":\"https:\/\/luchonoticias.com\/editor\/#\/schema\/person\/image\/\",\"url\":\"https:\/\/luchonoticias.com\/editor\/wp-content\/uploads\/2024\/02\/cropped-cropped-logolu-150x150.webp\",\"contentUrl\":\"https:\/\/luchonoticias.com\/editor\/wp-content\/uploads\/2024\/02\/cropped-cropped-logolu-150x150.webp\",\"caption\":\"Editor General\"},\"sameAs\":[\"https:\/\/luchonoticias.com\/\"],\"url\":\"https:\/\/luchonoticias.com\/editor\/author\/editor-general\/\"}]}<\/script>\n<!-- \/ Yoast SEO plugin. -->","yoast_head_json":{"title":"Capturados siete presuntos integrantes del GAO-r autodenominado Comandos de Frontera -","robots":{"index":"index","follow":"follow","max-snippet":"max-snippet:-1","max-image-preview":"max-image-preview:large","max-video-preview":"max-video-preview:-1"},"canonical":"https:\/\/luchonoticias.com\/editor\/capturados-siete-presuntos-integrantes-del-gao-r-autodenominado-comandos-de-frontera\/","og_locale":"es_ES","og_type":"article","og_title":"Capturados siete presuntos integrantes del GAO-r autodenominado Comandos de Frontera -","og_url":"https:\/\/luchonoticias.com\/editor\/capturados-siete-presuntos-integrantes-del-gao-r-autodenominado-comandos-de-frontera\/","article_publisher":"https:\/\/www.facebook.com\/luchonoticiasneiva","article_published_time":"2023-07-10T21:30:20+00:00","article_modified_time":"2023-07-10T21:30:21+00:00","og_image":[{"url":"https:\/\/luchonoticias.com\/wp-content\/uploads\/2023\/07\/WhatsApp-Image-2023-07-10-at-4.29.22-PM-1024x768.jpeg","type":"","width":"","height":""}],"author":"Editor General","twitter_card":"summary_large_image","twitter_misc":{"Escrito por":"Editor General","Tiempo de lectura":"1 minuto"},"schema":{"@context":"https:\/\/schema.org","@graph":[{"@type":"Article","@id":"https:\/\/luchonoticias.com\/editor\/capturados-siete-presuntos-integrantes-del-gao-r-autodenominado-comandos-de-frontera\/#article","isPartOf":{"@id":"https:\/\/luchonoticias.com\/editor\/capturados-siete-presuntos-integrantes-del-gao-r-autodenominado-comandos-de-frontera\/"},"author":{"name":"Editor General","@id":"https:\/\/luchonoticias.com\/editor\/#\/schema\/person\/29217990ddf6f14e35912b2866d591fb"},"headline":"Capturados siete presuntos integrantes del GAO-r autodenominado Comandos de Frontera","datePublished":"2023-07-10T21:30:20+00:00","dateModified":"2023-07-10T21:30:21+00:00","mainEntityOfPage":{"@id":"https:\/\/luchonoticias.com\/editor\/capturados-siete-presuntos-integrantes-del-gao-r-autodenominado-comandos-de-frontera\/"},"wordCount":294,"commentCount":0,"publisher":{"@id":"https:\/\/luchonoticias.com\/editor\/#\/schema\/person\/7a7fd911f58561fd056dbac7b55af9cd"},"image":{"@id":"https:\/\/luchonoticias.com\/editor\/capturados-siete-presuntos-integrantes-del-gao-r-autodenominado-comandos-de-frontera\/#primaryimage"},"thumbnailUrl":"https:\/\/luchonoticias.com\/wp-content\/uploads\/2023\/07\/WhatsApp-Image-2023-07-10-at-4.29.22-PM-1024x768.jpeg","articleSection":["Destacado","Judicial"],"inLanguage":"es","potentialAction":[{"@type":"CommentAction","name":"Comment","target":["https:\/\/luchonoticias.com\/editor\/capturados-siete-presuntos-integrantes-del-gao-r-autodenominado-comandos-de-frontera\/#respond"]}]},{"@type":"WebPage","@id":"https:\/\/luchonoticias.com\/editor\/capturados-siete-presuntos-integrantes-del-gao-r-autodenominado-comandos-de-frontera\/","url":"https:\/\/luchonoticias.com\/editor\/capturados-siete-presuntos-integrantes-del-gao-r-autodenominado-comandos-de-frontera\/","name":"Capturados siete presuntos integrantes del GAO-r autodenominado Comandos de Frontera -","isPartOf":{"@id":"https:\/\/luchonoticias.com\/editor\/#website"},"primaryImageOfPage":{"@id":"https:\/\/luchonoticias.com\/editor\/capturados-siete-presuntos-integrantes-del-gao-r-autodenominado-comandos-de-frontera\/#primaryimage"},"image":{"@id":"https:\/\/luchonoticias.com\/editor\/capturados-siete-presuntos-integrantes-del-gao-r-autodenominado-comandos-de-frontera\/#primaryimage"},"thumbnailUrl":"https:\/\/luchonoticias.com\/wp-content\/uploads\/2023\/07\/WhatsApp-Image-2023-07-10-at-4.29.22-PM-1024x768.jpeg","datePublished":"2023-07-10T21:30:20+00:00","dateModified":"2023-07-10T21:30:21+00:00","breadcrumb":{"@id":"https:\/\/luchonoticias.com\/editor\/capturados-siete-presuntos-integrantes-del-gao-r-autodenominado-comandos-de-frontera\/#breadcrumb"},"inLanguage":"es","potentialAction":[{"@type":"ReadAction","target":["https:\/\/luchonoticias.com\/editor\/capturados-siete-presuntos-integrantes-del-gao-r-autodenominado-comandos-de-frontera\/"]}]},{"@type":"ImageObject","inLanguage":"es","@id":"https:\/\/luchonoticias.com\/editor\/capturados-siete-presuntos-integrantes-del-gao-r-autodenominado-comandos-de-frontera\/#primaryimage","url":"https:\/\/luchonoticias.com\/wp-content\/uploads\/2023\/07\/WhatsApp-Image-2023-07-10-at-4.29.22-PM-1024x768.jpeg","contentUrl":"https:\/\/luchonoticias.com\/wp-content\/uploads\/2023\/07\/WhatsApp-Image-2023-07-10-at-4.29.22-PM-1024x768.jpeg"},{"@type":"BreadcrumbList","@id":"https:\/\/luchonoticias.com\/editor\/capturados-siete-presuntos-integrantes-del-gao-r-autodenominado-comandos-de-frontera\/#breadcrumb","itemListElement":[{"@type":"ListItem","position":1,"name":"Portada","item":"https:\/\/luchonoticias.com\/editor\/"},{"@type":"ListItem","position":2,"name":"Capturados siete presuntos integrantes del GAO-r autodenominado Comandos de Frontera"}]},{"@type":"WebSite","@id":"https:\/\/luchonoticias.com\/editor\/#website","url":"https:\/\/luchonoticias.com\/editor\/","name":"","description":"","publisher":{"@id":"https:\/\/luchonoticias.com\/editor\/#\/schema\/person\/7a7fd911f58561fd056dbac7b55af9cd"},"potentialAction":[{"@type":"SearchAction","target":{"@type":"EntryPoint","urlTemplate":"https:\/\/luchonoticias.com\/editor\/?s={search_term_string}"},"query-input":{"@type":"PropertyValueSpecification","valueRequired":true,"valueName":"search_term_string"}}],"inLanguage":"es"},{"@type":["Person","Organization"],"@id":"https:\/\/luchonoticias.com\/editor\/#\/schema\/person\/7a7fd911f58561fd056dbac7b55af9cd","name":"admin","image":{"@type":"ImageObject","inLanguage":"es","@id":"https:\/\/luchonoticias.com\/editor\/#\/schema\/person\/image\/","url":"https:\/\/luchonoticias.com\/editor\/wp-content\/uploads\/2024\/02\/cropped-cropped-logolu.webp","contentUrl":"https:\/\/luchonoticias.com\/editor\/wp-content\/uploads\/2024\/02\/cropped-cropped-logolu.webp","width":382,"height":170,"caption":"admin"},"logo":{"@id":"https:\/\/luchonoticias.com\/editor\/#\/schema\/person\/image\/"},"sameAs":["https:\/\/www.facebook.com\/luchonoticiasneiva"]},{"@type":"Person","@id":"https:\/\/luchonoticias.com\/editor\/#\/schema\/person\/29217990ddf6f14e35912b2866d591fb","name":"Editor General","image":{"@type":"ImageObject","inLanguage":"es","@id":"https:\/\/luchonoticias.com\/editor\/#\/schema\/person\/image\/","url":"https:\/\/luchonoticias.com\/editor\/wp-content\/uploads\/2024\/02\/cropped-cropped-logolu-150x150.webp","contentUrl":"https:\/\/luchonoticias.com\/editor\/wp-content\/uploads\/2024\/02\/cropped-cropped-logolu-150x150.webp","caption":"Editor General"},"sameAs":["https:\/\/luchonoticias.com\/"],"url":"https:\/\/luchonoticias.com\/editor\/author\/editor-general\/"}]}},"_links":{"self":[{"href":"https:\/\/luchonoticias.com\/editor\/wp-json\/wp\/v2\/posts\/56288","targetHints":{"allow":["GET"]}}],"collection":[{"href":"https:\/\/luchonoticias.com\/editor\/wp-json\/wp\/v2\/posts"}],"about":[{"href":"https:\/\/luchonoticias.com\/editor\/wp-json\/wp\/v2\/types\/post"}],"author":[{"embeddable":true,"href":"https:\/\/luchonoticias.com\/editor\/wp-json\/wp\/v2\/users\/2"}],"replies":[{"embeddable":true,"href":"https:\/\/luchonoticias.com\/editor\/wp-json\/wp\/v2\/comments?post=56288"}],"version-history":[{"count":0,"href":"https:\/\/luchonoticias.com\/editor\/wp-json\/wp\/v2\/posts\/56288\/revisions"}],"wp:attachment":[{"href":"https:\/\/luchonoticias.com\/editor\/wp-json\/wp\/v2\/media?parent=56288"}],"wp:term":[{"taxonomy":"category","embeddable":true,"href":"https:\/\/luchonoticias.com\/editor\/wp-json\/wp\/v2\/categories?post=56288"},{"taxonomy":"post_tag","embeddable":true,"href":"https:\/\/luchonoticias.com\/editor\/wp-json\/wp\/v2\/tags?post=56288"}],"curies":[{"name":"wp","href":"https:\/\/api.w.org\/{rel}","templated":true}]}}