{"id":56295,"date":"2023-07-11T04:51:26","date_gmt":"2023-07-11T09:51:26","guid":{"rendered":"https:\/\/luchonoticias.com\/?p=56295"},"modified":"2023-07-11T04:51:30","modified_gmt":"2023-07-11T09:51:30","slug":"huila-y-la-expectativa-con-la-feria-agricola","status":"publish","type":"post","link":"https:\/\/luchonoticias.com\/editor\/huila-y-la-expectativa-con-la-feria-agricola\/","title":{"rendered":"Huila y la expectativa con la feria agr\u00edcola"},"content":{"rendered":"\n<p>Este a\u00f1o las\u00a0<strong>expectativas para la tercera versi\u00f3n de la FICCA<\/strong>\u00a0(Feria Internacional del Cacao, Caf\u00e9 y Agroturismo) son grandes tambi\u00e9n en cuanto al\u00a0<strong>aumento del n\u00famero de visitantes y la ocupaci\u00f3n hotelera<\/strong>. La gobernaci\u00f3n del Huila que lidera el Ingeniero Luis Enrique Duss\u00e1n busca mejorar las cifras de los a\u00f1os anteriores.<\/p>\n\n\n\n<p>\u201c<strong>Esta feria se ha convertido en una de las m\u00e1s importantes de nuestro pa\u00eds<\/strong>\u00a0en temas de caf\u00e9, creemos que atraer\u00e1 a m\u00e1s de 35 mil visitantes, esa es nuestra meta, y generar\u00e1 un impulso econ\u00f3mico en toda la ciudad de Neiva, con una ocupaci\u00f3n hotelera de m\u00e1s del 90%. Tendremos m\u00e1s de 100 emprendedores de caf\u00e9 en una vitrina comercial para vender sus productos, habr\u00e1 rueda de negocios, donde traeremos compradores internacionales de Estados Unidos y de Emiratos \u00c1rabes Unidos\u201d, explic\u00f3 Camilo Alberto Cortez, gerente de la FICCA.<\/p>\n\n\n\n<p>El Gerente indic\u00f3 que, trabajando de manera articulada con Fenalco,&nbsp;<strong>se har\u00e1 seguimiento con los hoteles de Neiva,<\/strong>&nbsp;para conocer cu\u00e1l ser\u00e1 el impacto en materia hotelera y todo lo que se dinamiza en torno a ello, como los restaurantes, transportes y dem\u00e1s.<\/p>\n\n\n\n<p>El pr\u00f3ximo<strong>&nbsp;viernes 14 de julio en el marco de Agroexpo en Bogot\u00e1 se realizar\u00e1 el lanzamiento oficial de la Feria,<\/strong>&nbsp;a partir de las 4:30 de la tarde, en este evento se dar\u00e1n a conocer todos los detalles e invitados para esta nueva versi\u00f3n. All\u00ed con presencia de asistentes especiales, prensa nacional y dem\u00e1s invitados se presentar\u00e1 y dar\u00e1 a conocer los impactos que genera la FICCA en materia econ\u00f3mica lo que motiv\u00f3 a que esta feria se siga realizando a\u00f1o tras a\u00f1o.<\/p>\n\n\n\n<p>La proyecci\u00f3n para este a\u00f1o 2023 es grande, se espera en su tercera versi\u00f3n que el n\u00famero de visitantes supere los 35 mil en los 4 d\u00edas que durar\u00e1 la feria, del 28 de septiembre al 1 de octubre en el Recinto Ferial La Vor\u00e1gine y Centro de Convenciones Jos\u00e9 Eustasio Rivera. Este es un evento para toda la familia y la invitaci\u00f3n que hace la Gobernaci\u00f3n del Huila es a participar del lanzamiento el 14 de julio en Bogot\u00e1, y a vivir los cuatro d\u00edas de feria en la capital Opita.<\/p>\n","protected":false},"excerpt":{"rendered":"<p>Este a\u00f1o las\u00a0expectativas para la tercera versi\u00f3n de la FICCA\u00a0(Feria Internacional del Cacao, Caf\u00e9 y Agroturismo) son grandes tambi\u00e9n en cuanto al\u00a0aumento del n\u00famero de visitantes y la ocupaci\u00f3n hotelera. La gobernaci\u00f3n del Huila que lidera el Ingeniero Luis Enrique Duss\u00e1n busca mejorar las cifras de los a\u00f1os anteriores. \u201cEsta feria se ha convertido en [&hellip;]<\/p>\n","protected":false},"author":2,"featured_media":0,"comment_status":"open","ping_status":"open","sticky":false,"template":"","format":"standard","meta":{"footnotes":""},"categories":[33],"tags":[],"class_list":["post-56295","post","type-post","status-publish","format-standard","hentry","category-huila"],"yoast_head":"<!-- This site is optimized with the Yoast SEO plugin v26.6 - https:\/\/yoast.com\/wordpress\/plugins\/seo\/ -->\n<title>Huila y la expectativa con la feria agr\u00edcola -<\/title>\n<meta name=\"robots\" content=\"index, follow, max-snippet:-1, max-image-preview:large, max-video-preview:-1\" \/>\n<link rel=\"canonical\" href=\"https:\/\/luchonoticias.com\/editor\/huila-y-la-expectativa-con-la-feria-agricola\/\" \/>\n<meta property=\"og:locale\" content=\"es_ES\" \/>\n<meta property=\"og:type\" content=\"article\" \/>\n<meta property=\"og:title\" content=\"Huila y la expectativa con la feria agr\u00edcola -\" \/>\n<meta property=\"og:url\" content=\"https:\/\/luchonoticias.com\/editor\/huila-y-la-expectativa-con-la-feria-agricola\/\" \/>\n<meta property=\"article:publisher\" content=\"https:\/\/www.facebook.com\/luchonoticiasneiva\" \/>\n<meta property=\"article:published_time\" content=\"2023-07-11T09:51:26+00:00\" \/>\n<meta property=\"article:modified_time\" content=\"2023-07-11T09:51:30+00:00\" \/>\n<meta name=\"author\" content=\"Editor General\" \/>\n<meta name=\"twitter:card\" content=\"summary_large_image\" \/>\n<meta name=\"twitter:label1\" content=\"Escrito por\" \/>\n\t<meta name=\"twitter:data1\" content=\"Editor General\" \/>\n\t<meta name=\"twitter:label2\" content=\"Tiempo de lectura\" \/>\n\t<meta name=\"twitter:data2\" content=\"2 minutos\" \/>\n<script type=\"application\/ld+json\" class=\"yoast-schema-graph\">{\"@context\":\"https:\/\/schema.org\",\"@graph\":[{\"@type\":\"Article\",\"@id\":\"https:\/\/luchonoticias.com\/editor\/huila-y-la-expectativa-con-la-feria-agricola\/#article\",\"isPartOf\":{\"@id\":\"https:\/\/luchonoticias.com\/editor\/huila-y-la-expectativa-con-la-feria-agricola\/\"},\"author\":{\"name\":\"Editor General\",\"@id\":\"https:\/\/luchonoticias.com\/editor\/#\/schema\/person\/29217990ddf6f14e35912b2866d591fb\"},\"headline\":\"Huila y la expectativa con la feria agr\u00edcola\",\"datePublished\":\"2023-07-11T09:51:26+00:00\",\"dateModified\":\"2023-07-11T09:51:30+00:00\",\"mainEntityOfPage\":{\"@id\":\"https:\/\/luchonoticias.com\/editor\/huila-y-la-expectativa-con-la-feria-agricola\/\"},\"wordCount\":395,\"commentCount\":0,\"publisher\":{\"@id\":\"https:\/\/luchonoticias.com\/editor\/#\/schema\/person\/7a7fd911f58561fd056dbac7b55af9cd\"},\"articleSection\":[\"Huila\"],\"inLanguage\":\"es\",\"potentialAction\":[{\"@type\":\"CommentAction\",\"name\":\"Comment\",\"target\":[\"https:\/\/luchonoticias.com\/editor\/huila-y-la-expectativa-con-la-feria-agricola\/#respond\"]}]},{\"@type\":\"WebPage\",\"@id\":\"https:\/\/luchonoticias.com\/editor\/huila-y-la-expectativa-con-la-feria-agricola\/\",\"url\":\"https:\/\/luchonoticias.com\/editor\/huila-y-la-expectativa-con-la-feria-agricola\/\",\"name\":\"Huila y la expectativa con la feria agr\u00edcola -\",\"isPartOf\":{\"@id\":\"https:\/\/luchonoticias.com\/editor\/#website\"},\"datePublished\":\"2023-07-11T09:51:26+00:00\",\"dateModified\":\"2023-07-11T09:51:30+00:00\",\"breadcrumb\":{\"@id\":\"https:\/\/luchonoticias.com\/editor\/huila-y-la-expectativa-con-la-feria-agricola\/#breadcrumb\"},\"inLanguage\":\"es\",\"potentialAction\":[{\"@type\":\"ReadAction\",\"target\":[\"https:\/\/luchonoticias.com\/editor\/huila-y-la-expectativa-con-la-feria-agricola\/\"]}]},{\"@type\":\"BreadcrumbList\",\"@id\":\"https:\/\/luchonoticias.com\/editor\/huila-y-la-expectativa-con-la-feria-agricola\/#breadcrumb\",\"itemListElement\":[{\"@type\":\"ListItem\",\"position\":1,\"name\":\"Portada\",\"item\":\"https:\/\/luchonoticias.com\/editor\/\"},{\"@type\":\"ListItem\",\"position\":2,\"name\":\"Huila y la expectativa con la feria agr\u00edcola\"}]},{\"@type\":\"WebSite\",\"@id\":\"https:\/\/luchonoticias.com\/editor\/#website\",\"url\":\"https:\/\/luchonoticias.com\/editor\/\",\"name\":\"\",\"description\":\"\",\"publisher\":{\"@id\":\"https:\/\/luchonoticias.com\/editor\/#\/schema\/person\/7a7fd911f58561fd056dbac7b55af9cd\"},\"potentialAction\":[{\"@type\":\"SearchAction\",\"target\":{\"@type\":\"EntryPoint\",\"urlTemplate\":\"https:\/\/luchonoticias.com\/editor\/?s={search_term_string}\"},\"query-input\":{\"@type\":\"PropertyValueSpecification\",\"valueRequired\":true,\"valueName\":\"search_term_string\"}}],\"inLanguage\":\"es\"},{\"@type\":[\"Person\",\"Organization\"],\"@id\":\"https:\/\/luchonoticias.com\/editor\/#\/schema\/person\/7a7fd911f58561fd056dbac7b55af9cd\",\"name\":\"admin\",\"image\":{\"@type\":\"ImageObject\",\"inLanguage\":\"es\",\"@id\":\"https:\/\/luchonoticias.com\/editor\/#\/schema\/person\/image\/\",\"url\":\"https:\/\/luchonoticias.com\/editor\/wp-content\/uploads\/2024\/02\/cropped-cropped-logolu.webp\",\"contentUrl\":\"https:\/\/luchonoticias.com\/editor\/wp-content\/uploads\/2024\/02\/cropped-cropped-logolu.webp\",\"width\":382,\"height\":170,\"caption\":\"admin\"},\"logo\":{\"@id\":\"https:\/\/luchonoticias.com\/editor\/#\/schema\/person\/image\/\"},\"sameAs\":[\"https:\/\/www.facebook.com\/luchonoticiasneiva\"]},{\"@type\":\"Person\",\"@id\":\"https:\/\/luchonoticias.com\/editor\/#\/schema\/person\/29217990ddf6f14e35912b2866d591fb\",\"name\":\"Editor General\",\"image\":{\"@type\":\"ImageObject\",\"inLanguage\":\"es\",\"@id\":\"https:\/\/luchonoticias.com\/editor\/#\/schema\/person\/image\/\",\"url\":\"https:\/\/luchonoticias.com\/editor\/wp-content\/uploads\/2024\/02\/cropped-cropped-logolu-150x150.webp\",\"contentUrl\":\"https:\/\/luchonoticias.com\/editor\/wp-content\/uploads\/2024\/02\/cropped-cropped-logolu-150x150.webp\",\"caption\":\"Editor General\"},\"sameAs\":[\"https:\/\/luchonoticias.com\/\"],\"url\":\"https:\/\/luchonoticias.com\/editor\/author\/editor-general\/\"}]}<\/script>\n<!-- \/ Yoast SEO plugin. -->","yoast_head_json":{"title":"Huila y la expectativa con la feria agr\u00edcola -","robots":{"index":"index","follow":"follow","max-snippet":"max-snippet:-1","max-image-preview":"max-image-preview:large","max-video-preview":"max-video-preview:-1"},"canonical":"https:\/\/luchonoticias.com\/editor\/huila-y-la-expectativa-con-la-feria-agricola\/","og_locale":"es_ES","og_type":"article","og_title":"Huila y la expectativa con la feria agr\u00edcola -","og_url":"https:\/\/luchonoticias.com\/editor\/huila-y-la-expectativa-con-la-feria-agricola\/","article_publisher":"https:\/\/www.facebook.com\/luchonoticiasneiva","article_published_time":"2023-07-11T09:51:26+00:00","article_modified_time":"2023-07-11T09:51:30+00:00","author":"Editor General","twitter_card":"summary_large_image","twitter_misc":{"Escrito por":"Editor General","Tiempo de lectura":"2 minutos"},"schema":{"@context":"https:\/\/schema.org","@graph":[{"@type":"Article","@id":"https:\/\/luchonoticias.com\/editor\/huila-y-la-expectativa-con-la-feria-agricola\/#article","isPartOf":{"@id":"https:\/\/luchonoticias.com\/editor\/huila-y-la-expectativa-con-la-feria-agricola\/"},"author":{"name":"Editor General","@id":"https:\/\/luchonoticias.com\/editor\/#\/schema\/person\/29217990ddf6f14e35912b2866d591fb"},"headline":"Huila y la expectativa con la feria agr\u00edcola","datePublished":"2023-07-11T09:51:26+00:00","dateModified":"2023-07-11T09:51:30+00:00","mainEntityOfPage":{"@id":"https:\/\/luchonoticias.com\/editor\/huila-y-la-expectativa-con-la-feria-agricola\/"},"wordCount":395,"commentCount":0,"publisher":{"@id":"https:\/\/luchonoticias.com\/editor\/#\/schema\/person\/7a7fd911f58561fd056dbac7b55af9cd"},"articleSection":["Huila"],"inLanguage":"es","potentialAction":[{"@type":"CommentAction","name":"Comment","target":["https:\/\/luchonoticias.com\/editor\/huila-y-la-expectativa-con-la-feria-agricola\/#respond"]}]},{"@type":"WebPage","@id":"https:\/\/luchonoticias.com\/editor\/huila-y-la-expectativa-con-la-feria-agricola\/","url":"https:\/\/luchonoticias.com\/editor\/huila-y-la-expectativa-con-la-feria-agricola\/","name":"Huila y la expectativa con la feria agr\u00edcola -","isPartOf":{"@id":"https:\/\/luchonoticias.com\/editor\/#website"},"datePublished":"2023-07-11T09:51:26+00:00","dateModified":"2023-07-11T09:51:30+00:00","breadcrumb":{"@id":"https:\/\/luchonoticias.com\/editor\/huila-y-la-expectativa-con-la-feria-agricola\/#breadcrumb"},"inLanguage":"es","potentialAction":[{"@type":"ReadAction","target":["https:\/\/luchonoticias.com\/editor\/huila-y-la-expectativa-con-la-feria-agricola\/"]}]},{"@type":"BreadcrumbList","@id":"https:\/\/luchonoticias.com\/editor\/huila-y-la-expectativa-con-la-feria-agricola\/#breadcrumb","itemListElement":[{"@type":"ListItem","position":1,"name":"Portada","item":"https:\/\/luchonoticias.com\/editor\/"},{"@type":"ListItem","position":2,"name":"Huila y la expectativa con la feria agr\u00edcola"}]},{"@type":"WebSite","@id":"https:\/\/luchonoticias.com\/editor\/#website","url":"https:\/\/luchonoticias.com\/editor\/","name":"","description":"","publisher":{"@id":"https:\/\/luchonoticias.com\/editor\/#\/schema\/person\/7a7fd911f58561fd056dbac7b55af9cd"},"potentialAction":[{"@type":"SearchAction","target":{"@type":"EntryPoint","urlTemplate":"https:\/\/luchonoticias.com\/editor\/?s={search_term_string}"},"query-input":{"@type":"PropertyValueSpecification","valueRequired":true,"valueName":"search_term_string"}}],"inLanguage":"es"},{"@type":["Person","Organization"],"@id":"https:\/\/luchonoticias.com\/editor\/#\/schema\/person\/7a7fd911f58561fd056dbac7b55af9cd","name":"admin","image":{"@type":"ImageObject","inLanguage":"es","@id":"https:\/\/luchonoticias.com\/editor\/#\/schema\/person\/image\/","url":"https:\/\/luchonoticias.com\/editor\/wp-content\/uploads\/2024\/02\/cropped-cropped-logolu.webp","contentUrl":"https:\/\/luchonoticias.com\/editor\/wp-content\/uploads\/2024\/02\/cropped-cropped-logolu.webp","width":382,"height":170,"caption":"admin"},"logo":{"@id":"https:\/\/luchonoticias.com\/editor\/#\/schema\/person\/image\/"},"sameAs":["https:\/\/www.facebook.com\/luchonoticiasneiva"]},{"@type":"Person","@id":"https:\/\/luchonoticias.com\/editor\/#\/schema\/person\/29217990ddf6f14e35912b2866d591fb","name":"Editor General","image":{"@type":"ImageObject","inLanguage":"es","@id":"https:\/\/luchonoticias.com\/editor\/#\/schema\/person\/image\/","url":"https:\/\/luchonoticias.com\/editor\/wp-content\/uploads\/2024\/02\/cropped-cropped-logolu-150x150.webp","contentUrl":"https:\/\/luchonoticias.com\/editor\/wp-content\/uploads\/2024\/02\/cropped-cropped-logolu-150x150.webp","caption":"Editor General"},"sameAs":["https:\/\/luchonoticias.com\/"],"url":"https:\/\/luchonoticias.com\/editor\/author\/editor-general\/"}]}},"_links":{"self":[{"href":"https:\/\/luchonoticias.com\/editor\/wp-json\/wp\/v2\/posts\/56295","targetHints":{"allow":["GET"]}}],"collection":[{"href":"https:\/\/luchonoticias.com\/editor\/wp-json\/wp\/v2\/posts"}],"about":[{"href":"https:\/\/luchonoticias.com\/editor\/wp-json\/wp\/v2\/types\/post"}],"author":[{"embeddable":true,"href":"https:\/\/luchonoticias.com\/editor\/wp-json\/wp\/v2\/users\/2"}],"replies":[{"embeddable":true,"href":"https:\/\/luchonoticias.com\/editor\/wp-json\/wp\/v2\/comments?post=56295"}],"version-history":[{"count":0,"href":"https:\/\/luchonoticias.com\/editor\/wp-json\/wp\/v2\/posts\/56295\/revisions"}],"wp:attachment":[{"href":"https:\/\/luchonoticias.com\/editor\/wp-json\/wp\/v2\/media?parent=56295"}],"wp:term":[{"taxonomy":"category","embeddable":true,"href":"https:\/\/luchonoticias.com\/editor\/wp-json\/wp\/v2\/categories?post=56295"},{"taxonomy":"post_tag","embeddable":true,"href":"https:\/\/luchonoticias.com\/editor\/wp-json\/wp\/v2\/tags?post=56295"}],"curies":[{"name":"wp","href":"https:\/\/api.w.org\/{rel}","templated":true}]}}