{"id":56316,"date":"2023-07-11T06:24:24","date_gmt":"2023-07-11T11:24:24","guid":{"rendered":"https:\/\/luchonoticias.com\/?p=56316"},"modified":"2023-07-11T06:24:29","modified_gmt":"2023-07-11T11:24:29","slug":"gratuidad-en-educacion-superior-publica-una-ley-de-alto-impacto-social","status":"publish","type":"post","link":"https:\/\/luchonoticias.com\/editor\/gratuidad-en-educacion-superior-publica-una-ley-de-alto-impacto-social\/","title":{"rendered":"Gratuidad en educaci\u00f3n superior p\u00fablica, una ley de alto impacto social\u00a0"},"content":{"rendered":"\n<p>En su primer a\u00f1o de sesiones ordinarias el senado aprob\u00f3 una ley de alto impacto social, en particular para la educaci\u00f3n; se trata de la que ordena la gratuidad de la matr\u00edcula para todos los estudiantes, en las instituciones p\u00fablicas de educaci\u00f3n superior.<\/p>\n\n\n\n<p>Para la senadora&nbsp;<strong>Mar\u00eda Jos\u00e9<\/strong>&nbsp;<strong>Pizarro Rodr\u00edguez<\/strong>, \u201clo que buscamos es eliminar barreras de acceso, garantizar la permanencia educativa, y atender el reclamo hist\u00f3rico del movimiento estudiantil y de la juventud colombiana, que ha exigido educaci\u00f3n gratuita, p\u00fablica, y de calidad, por a\u00f1os\u201d, resalt\u00f3.<\/p>\n\n\n\n<p>Esta ley va mucho m\u00e1s all\u00e1 de una ley anterior, que se conoci\u00f3 como matr\u00edcula cero; porque con lo aprobado ahora por el senado, en el reciente per\u00edodo de sesiones, tendr\u00e1n acceso todos los estudiantes colombianos, sin distinci\u00f3n o estrato social. Adem\u00e1s, toda vez que implica un gasto fiscal, fue avalada por el Ministerio de Hacienda, y a la vez, se determina en el articulado, que tras la sanci\u00f3n del presidente Gustavo Petro, se garantizar\u00e1n los recursos necesarios para asegurar la gratuidad en el valor de la matr\u00edcula de los programas de pregrado, y esto se deber\u00e1 reglamentar en un plazo m\u00e1ximo de seis meses.<\/p>\n\n\n\n<p>Resalt\u00f3 adem\u00e1s la senadora&nbsp;<strong>Mar\u00eda Jos\u00e9<\/strong>&nbsp;<strong>Pizarro<\/strong>, que la ley no se queda s\u00f3lo en garantizar los recursos, para que las matr\u00edculas no se deban pagar por parte de los estudiantes; sino que van mucho m\u00e1s, y desde el Ministerio de Educaci\u00f3n, y de las propias instituciones de educaci\u00f3n superior, promuevan los mecanismos para lograr la permanencia y terminaci\u00f3n de los procesos formativos de los j\u00f3venes.<\/p>\n\n\n\n<p>La senadora del Pacto Hist\u00f3rico, autora de la ley, argument\u00f3 optimista y contundente: \u201cLa ley es clara, y busca que se prioricen grupos poblacionales en condici\u00f3n de pobreza extrema, v\u00edctimas del conflicto armado, los pertenecientes a comunidades \u00e9tnicas, ind\u00edgenas, rom, raizales, afrodescendientes y palenqueras; lo mismo que poblaci\u00f3n con discapacidad, madres cabeza de familia, y j\u00f3venes graduados como bachilleres de colegios oficiales, ubicados en zonas rurales del pa\u00eds, que se encuentren en el Sisb\u00e9n IV\u2026 Esta ley es un reclamo m\u00e1s, que cumple a las jornadas de protesta del 2020, cuando la comunidad estudiantil pidi\u00f3 m\u00e1s inclusi\u00f3n y derecho a estudiar\u201d, remat\u00f3.<\/p>\n","protected":false},"excerpt":{"rendered":"<p>En su primer a\u00f1o de sesiones ordinarias el senado aprob\u00f3 una ley de alto impacto social, en particular para la educaci\u00f3n; se trata de la que ordena la gratuidad de la matr\u00edcula para todos los estudiantes, en las instituciones p\u00fablicas de educaci\u00f3n superior. Para la senadora&nbsp;Mar\u00eda Jos\u00e9&nbsp;Pizarro Rodr\u00edguez, \u201clo que buscamos es eliminar barreras de [&hellip;]<\/p>\n","protected":false},"author":2,"featured_media":0,"comment_status":"open","ping_status":"open","sticky":false,"template":"","format":"standard","meta":{"footnotes":""},"categories":[36,617],"tags":[],"class_list":["post-56316","post","type-post","status-publish","format-standard","hentry","category-destacado","category-politica"],"yoast_head":"<!-- This site is optimized with the Yoast SEO plugin v26.6 - https:\/\/yoast.com\/wordpress\/plugins\/seo\/ -->\n<title>Gratuidad en educaci\u00f3n superior p\u00fablica, una ley de alto impacto social\u00a0 -<\/title>\n<meta name=\"robots\" content=\"index, follow, max-snippet:-1, max-image-preview:large, max-video-preview:-1\" \/>\n<link rel=\"canonical\" href=\"https:\/\/luchonoticias.com\/editor\/gratuidad-en-educacion-superior-publica-una-ley-de-alto-impacto-social\/\" \/>\n<meta property=\"og:locale\" content=\"es_ES\" \/>\n<meta property=\"og:type\" content=\"article\" \/>\n<meta property=\"og:title\" content=\"Gratuidad en educaci\u00f3n superior p\u00fablica, una ley de alto impacto social\u00a0 -\" \/>\n<meta property=\"og:url\" content=\"https:\/\/luchonoticias.com\/editor\/gratuidad-en-educacion-superior-publica-una-ley-de-alto-impacto-social\/\" \/>\n<meta property=\"article:publisher\" content=\"https:\/\/www.facebook.com\/luchonoticiasneiva\" \/>\n<meta property=\"article:published_time\" content=\"2023-07-11T11:24:24+00:00\" \/>\n<meta property=\"article:modified_time\" content=\"2023-07-11T11:24:29+00:00\" \/>\n<meta name=\"author\" content=\"Editor General\" \/>\n<meta name=\"twitter:card\" content=\"summary_large_image\" \/>\n<meta name=\"twitter:label1\" content=\"Escrito por\" \/>\n\t<meta name=\"twitter:data1\" content=\"Editor General\" \/>\n\t<meta name=\"twitter:label2\" content=\"Tiempo de lectura\" \/>\n\t<meta name=\"twitter:data2\" content=\"2 minutos\" \/>\n<script type=\"application\/ld+json\" class=\"yoast-schema-graph\">{\"@context\":\"https:\/\/schema.org\",\"@graph\":[{\"@type\":\"Article\",\"@id\":\"https:\/\/luchonoticias.com\/editor\/gratuidad-en-educacion-superior-publica-una-ley-de-alto-impacto-social\/#article\",\"isPartOf\":{\"@id\":\"https:\/\/luchonoticias.com\/editor\/gratuidad-en-educacion-superior-publica-una-ley-de-alto-impacto-social\/\"},\"author\":{\"name\":\"Editor General\",\"@id\":\"https:\/\/luchonoticias.com\/editor\/#\/schema\/person\/29217990ddf6f14e35912b2866d591fb\"},\"headline\":\"Gratuidad en educaci\u00f3n superior p\u00fablica, una ley de alto impacto social\u00a0\",\"datePublished\":\"2023-07-11T11:24:24+00:00\",\"dateModified\":\"2023-07-11T11:24:29+00:00\",\"mainEntityOfPage\":{\"@id\":\"https:\/\/luchonoticias.com\/editor\/gratuidad-en-educacion-superior-publica-una-ley-de-alto-impacto-social\/\"},\"wordCount\":417,\"commentCount\":0,\"publisher\":{\"@id\":\"https:\/\/luchonoticias.com\/editor\/#\/schema\/person\/7a7fd911f58561fd056dbac7b55af9cd\"},\"articleSection\":[\"Destacado\",\"Pol\u00edtica\"],\"inLanguage\":\"es\",\"potentialAction\":[{\"@type\":\"CommentAction\",\"name\":\"Comment\",\"target\":[\"https:\/\/luchonoticias.com\/editor\/gratuidad-en-educacion-superior-publica-una-ley-de-alto-impacto-social\/#respond\"]}]},{\"@type\":\"WebPage\",\"@id\":\"https:\/\/luchonoticias.com\/editor\/gratuidad-en-educacion-superior-publica-una-ley-de-alto-impacto-social\/\",\"url\":\"https:\/\/luchonoticias.com\/editor\/gratuidad-en-educacion-superior-publica-una-ley-de-alto-impacto-social\/\",\"name\":\"Gratuidad en educaci\u00f3n superior p\u00fablica, una ley de alto impacto social\u00a0 -\",\"isPartOf\":{\"@id\":\"https:\/\/luchonoticias.com\/editor\/#website\"},\"datePublished\":\"2023-07-11T11:24:24+00:00\",\"dateModified\":\"2023-07-11T11:24:29+00:00\",\"breadcrumb\":{\"@id\":\"https:\/\/luchonoticias.com\/editor\/gratuidad-en-educacion-superior-publica-una-ley-de-alto-impacto-social\/#breadcrumb\"},\"inLanguage\":\"es\",\"potentialAction\":[{\"@type\":\"ReadAction\",\"target\":[\"https:\/\/luchonoticias.com\/editor\/gratuidad-en-educacion-superior-publica-una-ley-de-alto-impacto-social\/\"]}]},{\"@type\":\"BreadcrumbList\",\"@id\":\"https:\/\/luchonoticias.com\/editor\/gratuidad-en-educacion-superior-publica-una-ley-de-alto-impacto-social\/#breadcrumb\",\"itemListElement\":[{\"@type\":\"ListItem\",\"position\":1,\"name\":\"Portada\",\"item\":\"https:\/\/luchonoticias.com\/editor\/\"},{\"@type\":\"ListItem\",\"position\":2,\"name\":\"Gratuidad en educaci\u00f3n superior p\u00fablica, una ley de alto impacto social\u00a0\"}]},{\"@type\":\"WebSite\",\"@id\":\"https:\/\/luchonoticias.com\/editor\/#website\",\"url\":\"https:\/\/luchonoticias.com\/editor\/\",\"name\":\"\",\"description\":\"\",\"publisher\":{\"@id\":\"https:\/\/luchonoticias.com\/editor\/#\/schema\/person\/7a7fd911f58561fd056dbac7b55af9cd\"},\"potentialAction\":[{\"@type\":\"SearchAction\",\"target\":{\"@type\":\"EntryPoint\",\"urlTemplate\":\"https:\/\/luchonoticias.com\/editor\/?s={search_term_string}\"},\"query-input\":{\"@type\":\"PropertyValueSpecification\",\"valueRequired\":true,\"valueName\":\"search_term_string\"}}],\"inLanguage\":\"es\"},{\"@type\":[\"Person\",\"Organization\"],\"@id\":\"https:\/\/luchonoticias.com\/editor\/#\/schema\/person\/7a7fd911f58561fd056dbac7b55af9cd\",\"name\":\"admin\",\"image\":{\"@type\":\"ImageObject\",\"inLanguage\":\"es\",\"@id\":\"https:\/\/luchonoticias.com\/editor\/#\/schema\/person\/image\/\",\"url\":\"https:\/\/luchonoticias.com\/editor\/wp-content\/uploads\/2024\/02\/cropped-cropped-logolu.webp\",\"contentUrl\":\"https:\/\/luchonoticias.com\/editor\/wp-content\/uploads\/2024\/02\/cropped-cropped-logolu.webp\",\"width\":382,\"height\":170,\"caption\":\"admin\"},\"logo\":{\"@id\":\"https:\/\/luchonoticias.com\/editor\/#\/schema\/person\/image\/\"},\"sameAs\":[\"https:\/\/www.facebook.com\/luchonoticiasneiva\"]},{\"@type\":\"Person\",\"@id\":\"https:\/\/luchonoticias.com\/editor\/#\/schema\/person\/29217990ddf6f14e35912b2866d591fb\",\"name\":\"Editor General\",\"image\":{\"@type\":\"ImageObject\",\"inLanguage\":\"es\",\"@id\":\"https:\/\/luchonoticias.com\/editor\/#\/schema\/person\/image\/\",\"url\":\"https:\/\/luchonoticias.com\/editor\/wp-content\/uploads\/2024\/02\/cropped-cropped-logolu-150x150.webp\",\"contentUrl\":\"https:\/\/luchonoticias.com\/editor\/wp-content\/uploads\/2024\/02\/cropped-cropped-logolu-150x150.webp\",\"caption\":\"Editor General\"},\"sameAs\":[\"https:\/\/luchonoticias.com\/\"],\"url\":\"https:\/\/luchonoticias.com\/editor\/author\/editor-general\/\"}]}<\/script>\n<!-- \/ Yoast SEO plugin. -->","yoast_head_json":{"title":"Gratuidad en educaci\u00f3n superior p\u00fablica, una ley de alto impacto social\u00a0 -","robots":{"index":"index","follow":"follow","max-snippet":"max-snippet:-1","max-image-preview":"max-image-preview:large","max-video-preview":"max-video-preview:-1"},"canonical":"https:\/\/luchonoticias.com\/editor\/gratuidad-en-educacion-superior-publica-una-ley-de-alto-impacto-social\/","og_locale":"es_ES","og_type":"article","og_title":"Gratuidad en educaci\u00f3n superior p\u00fablica, una ley de alto impacto social\u00a0 -","og_url":"https:\/\/luchonoticias.com\/editor\/gratuidad-en-educacion-superior-publica-una-ley-de-alto-impacto-social\/","article_publisher":"https:\/\/www.facebook.com\/luchonoticiasneiva","article_published_time":"2023-07-11T11:24:24+00:00","article_modified_time":"2023-07-11T11:24:29+00:00","author":"Editor General","twitter_card":"summary_large_image","twitter_misc":{"Escrito por":"Editor General","Tiempo de lectura":"2 minutos"},"schema":{"@context":"https:\/\/schema.org","@graph":[{"@type":"Article","@id":"https:\/\/luchonoticias.com\/editor\/gratuidad-en-educacion-superior-publica-una-ley-de-alto-impacto-social\/#article","isPartOf":{"@id":"https:\/\/luchonoticias.com\/editor\/gratuidad-en-educacion-superior-publica-una-ley-de-alto-impacto-social\/"},"author":{"name":"Editor General","@id":"https:\/\/luchonoticias.com\/editor\/#\/schema\/person\/29217990ddf6f14e35912b2866d591fb"},"headline":"Gratuidad en educaci\u00f3n superior p\u00fablica, una ley de alto impacto social\u00a0","datePublished":"2023-07-11T11:24:24+00:00","dateModified":"2023-07-11T11:24:29+00:00","mainEntityOfPage":{"@id":"https:\/\/luchonoticias.com\/editor\/gratuidad-en-educacion-superior-publica-una-ley-de-alto-impacto-social\/"},"wordCount":417,"commentCount":0,"publisher":{"@id":"https:\/\/luchonoticias.com\/editor\/#\/schema\/person\/7a7fd911f58561fd056dbac7b55af9cd"},"articleSection":["Destacado","Pol\u00edtica"],"inLanguage":"es","potentialAction":[{"@type":"CommentAction","name":"Comment","target":["https:\/\/luchonoticias.com\/editor\/gratuidad-en-educacion-superior-publica-una-ley-de-alto-impacto-social\/#respond"]}]},{"@type":"WebPage","@id":"https:\/\/luchonoticias.com\/editor\/gratuidad-en-educacion-superior-publica-una-ley-de-alto-impacto-social\/","url":"https:\/\/luchonoticias.com\/editor\/gratuidad-en-educacion-superior-publica-una-ley-de-alto-impacto-social\/","name":"Gratuidad en educaci\u00f3n superior p\u00fablica, una ley de alto impacto social\u00a0 -","isPartOf":{"@id":"https:\/\/luchonoticias.com\/editor\/#website"},"datePublished":"2023-07-11T11:24:24+00:00","dateModified":"2023-07-11T11:24:29+00:00","breadcrumb":{"@id":"https:\/\/luchonoticias.com\/editor\/gratuidad-en-educacion-superior-publica-una-ley-de-alto-impacto-social\/#breadcrumb"},"inLanguage":"es","potentialAction":[{"@type":"ReadAction","target":["https:\/\/luchonoticias.com\/editor\/gratuidad-en-educacion-superior-publica-una-ley-de-alto-impacto-social\/"]}]},{"@type":"BreadcrumbList","@id":"https:\/\/luchonoticias.com\/editor\/gratuidad-en-educacion-superior-publica-una-ley-de-alto-impacto-social\/#breadcrumb","itemListElement":[{"@type":"ListItem","position":1,"name":"Portada","item":"https:\/\/luchonoticias.com\/editor\/"},{"@type":"ListItem","position":2,"name":"Gratuidad en educaci\u00f3n superior p\u00fablica, una ley de alto impacto social\u00a0"}]},{"@type":"WebSite","@id":"https:\/\/luchonoticias.com\/editor\/#website","url":"https:\/\/luchonoticias.com\/editor\/","name":"","description":"","publisher":{"@id":"https:\/\/luchonoticias.com\/editor\/#\/schema\/person\/7a7fd911f58561fd056dbac7b55af9cd"},"potentialAction":[{"@type":"SearchAction","target":{"@type":"EntryPoint","urlTemplate":"https:\/\/luchonoticias.com\/editor\/?s={search_term_string}"},"query-input":{"@type":"PropertyValueSpecification","valueRequired":true,"valueName":"search_term_string"}}],"inLanguage":"es"},{"@type":["Person","Organization"],"@id":"https:\/\/luchonoticias.com\/editor\/#\/schema\/person\/7a7fd911f58561fd056dbac7b55af9cd","name":"admin","image":{"@type":"ImageObject","inLanguage":"es","@id":"https:\/\/luchonoticias.com\/editor\/#\/schema\/person\/image\/","url":"https:\/\/luchonoticias.com\/editor\/wp-content\/uploads\/2024\/02\/cropped-cropped-logolu.webp","contentUrl":"https:\/\/luchonoticias.com\/editor\/wp-content\/uploads\/2024\/02\/cropped-cropped-logolu.webp","width":382,"height":170,"caption":"admin"},"logo":{"@id":"https:\/\/luchonoticias.com\/editor\/#\/schema\/person\/image\/"},"sameAs":["https:\/\/www.facebook.com\/luchonoticiasneiva"]},{"@type":"Person","@id":"https:\/\/luchonoticias.com\/editor\/#\/schema\/person\/29217990ddf6f14e35912b2866d591fb","name":"Editor General","image":{"@type":"ImageObject","inLanguage":"es","@id":"https:\/\/luchonoticias.com\/editor\/#\/schema\/person\/image\/","url":"https:\/\/luchonoticias.com\/editor\/wp-content\/uploads\/2024\/02\/cropped-cropped-logolu-150x150.webp","contentUrl":"https:\/\/luchonoticias.com\/editor\/wp-content\/uploads\/2024\/02\/cropped-cropped-logolu-150x150.webp","caption":"Editor General"},"sameAs":["https:\/\/luchonoticias.com\/"],"url":"https:\/\/luchonoticias.com\/editor\/author\/editor-general\/"}]}},"_links":{"self":[{"href":"https:\/\/luchonoticias.com\/editor\/wp-json\/wp\/v2\/posts\/56316","targetHints":{"allow":["GET"]}}],"collection":[{"href":"https:\/\/luchonoticias.com\/editor\/wp-json\/wp\/v2\/posts"}],"about":[{"href":"https:\/\/luchonoticias.com\/editor\/wp-json\/wp\/v2\/types\/post"}],"author":[{"embeddable":true,"href":"https:\/\/luchonoticias.com\/editor\/wp-json\/wp\/v2\/users\/2"}],"replies":[{"embeddable":true,"href":"https:\/\/luchonoticias.com\/editor\/wp-json\/wp\/v2\/comments?post=56316"}],"version-history":[{"count":0,"href":"https:\/\/luchonoticias.com\/editor\/wp-json\/wp\/v2\/posts\/56316\/revisions"}],"wp:attachment":[{"href":"https:\/\/luchonoticias.com\/editor\/wp-json\/wp\/v2\/media?parent=56316"}],"wp:term":[{"taxonomy":"category","embeddable":true,"href":"https:\/\/luchonoticias.com\/editor\/wp-json\/wp\/v2\/categories?post=56316"},{"taxonomy":"post_tag","embeddable":true,"href":"https:\/\/luchonoticias.com\/editor\/wp-json\/wp\/v2\/tags?post=56316"}],"curies":[{"name":"wp","href":"https:\/\/api.w.org\/{rel}","templated":true}]}}