{"id":56351,"date":"2023-07-12T03:20:16","date_gmt":"2023-07-12T08:20:16","guid":{"rendered":"https:\/\/luchonoticias.com\/?p=56351"},"modified":"2023-07-12T03:20:17","modified_gmt":"2023-07-12T08:20:17","slug":"proyectos-aprobados-en-comision-de-negocios-generales-esperan-segundo-debate-en-plenaria","status":"publish","type":"post","link":"https:\/\/luchonoticias.com\/editor\/proyectos-aprobados-en-comision-de-negocios-generales-esperan-segundo-debate-en-plenaria\/","title":{"rendered":"Proyectos aprobados en Comisi\u00f3n de Negocios Generales esperan segundo debate en plenaria"},"content":{"rendered":"\n<p>En el marco del segundo periodo de sesiones ordinarias del a\u00f1o 2023, la Comisi\u00f3n Tercera de Negocios Generales del Concejo de Neiva, estudi\u00f3 tres proyectos de inter\u00e9s para el municipio.<\/p>\n\n\n\n<p>Se trata del Proyecto&nbsp; 015 de 2023, \u00abPor medio del cual se institucionaliza y se adopta el himno del corregimiento de Vegalarga &#8211; Neiva\u00bb. Este proyecto, a cargo del concejal Juan Diego Amaya Palencia, tuvo que ser aplazado debido a la ausencia de la corregidora de Vegalarga.<\/p>\n\n\n\n<p>Se ha fijado una nueva fecha para su estudio, que ser\u00e1 el mi\u00e9rcoles 12 de julio.<\/p>\n\n\n\n<p>El segundo Proyecto fue el 017 de 2023, \u00abPor medio del cual se determina la escala de remuneraci\u00f3n mensual para los diferentes niveles de empleo del municipio de Neiva &#8211; vigencia fiscal 2023\u00bb. Este proyecto, presentado por la concejal Margot Useche Perdomo, fue aprobado y pas\u00f3 a segundo debate, avanzando a discusi\u00f3n de la Plenaria.<\/p>\n\n\n\n<p>El tercer Proyecto de Acuerdo es el 019 de 2023: \u00abPor medio del cual se fija el incremento salarial para los empleados de la Contralor\u00eda Municipal de Neiva &#8211; vigencia 2023\u00bb. El concejal H\u00e9ctor Camilo Perdomo Arenas, est\u00e1 a cargo del proyecto, el cual tambi\u00e9n pas\u00f3 a segundo debate.<\/p>\n\n\n\n<p>Sobre los proyectos, el presidente de la Comisi\u00f3n Tercera de Negocios Generales, Juan Camilo Perdomo Arenas, manifest\u00f3: \u201cSe llevaron a cabo el estudio de los proyectos del ajuste salarial para los funcionarios de la Administraci\u00f3n central y los funcionarios de la Contralor\u00eda Municipal. Encontramos el ajuste previsto por el Decreto Nacional 826 que determina el ajuste salarial tanto en el salario del alcalde, gobernadores, personeros, contralores municipales y todos los funcionarios adscritos a la Administraci\u00f3n central\u201d.<\/p>\n","protected":false},"excerpt":{"rendered":"<p>En el marco del segundo periodo de sesiones ordinarias del a\u00f1o 2023, la Comisi\u00f3n Tercera de Negocios Generales del Concejo de Neiva, estudi\u00f3 tres proyectos de inter\u00e9s para el municipio. Se trata del Proyecto&nbsp; 015 de 2023, \u00abPor medio del cual se institucionaliza y se adopta el himno del corregimiento de Vegalarga &#8211; Neiva\u00bb. Este [&hellip;]<\/p>\n","protected":false},"author":2,"featured_media":0,"comment_status":"open","ping_status":"open","sticky":false,"template":"","format":"standard","meta":{"footnotes":""},"categories":[36,617],"tags":[],"class_list":["post-56351","post","type-post","status-publish","format-standard","hentry","category-destacado","category-politica"],"yoast_head":"<!-- This site is optimized with the Yoast SEO plugin v26.6 - https:\/\/yoast.com\/wordpress\/plugins\/seo\/ -->\n<title>Proyectos aprobados en Comisi\u00f3n de Negocios Generales esperan segundo debate en plenaria -<\/title>\n<meta name=\"robots\" content=\"index, follow, max-snippet:-1, max-image-preview:large, max-video-preview:-1\" \/>\n<link rel=\"canonical\" href=\"https:\/\/luchonoticias.com\/editor\/proyectos-aprobados-en-comision-de-negocios-generales-esperan-segundo-debate-en-plenaria\/\" \/>\n<meta property=\"og:locale\" content=\"es_ES\" \/>\n<meta property=\"og:type\" content=\"article\" \/>\n<meta property=\"og:title\" content=\"Proyectos aprobados en Comisi\u00f3n de Negocios Generales esperan segundo debate en plenaria -\" \/>\n<meta property=\"og:url\" content=\"https:\/\/luchonoticias.com\/editor\/proyectos-aprobados-en-comision-de-negocios-generales-esperan-segundo-debate-en-plenaria\/\" \/>\n<meta property=\"article:publisher\" content=\"https:\/\/www.facebook.com\/luchonoticiasneiva\" \/>\n<meta property=\"article:published_time\" content=\"2023-07-12T08:20:16+00:00\" \/>\n<meta property=\"article:modified_time\" content=\"2023-07-12T08:20:17+00:00\" \/>\n<meta name=\"author\" content=\"Editor General\" \/>\n<meta name=\"twitter:card\" content=\"summary_large_image\" \/>\n<meta name=\"twitter:label1\" content=\"Escrito por\" \/>\n\t<meta name=\"twitter:data1\" content=\"Editor General\" \/>\n\t<meta name=\"twitter:label2\" content=\"Tiempo de lectura\" \/>\n\t<meta name=\"twitter:data2\" content=\"1 minuto\" \/>\n<script type=\"application\/ld+json\" class=\"yoast-schema-graph\">{\"@context\":\"https:\/\/schema.org\",\"@graph\":[{\"@type\":\"Article\",\"@id\":\"https:\/\/luchonoticias.com\/editor\/proyectos-aprobados-en-comision-de-negocios-generales-esperan-segundo-debate-en-plenaria\/#article\",\"isPartOf\":{\"@id\":\"https:\/\/luchonoticias.com\/editor\/proyectos-aprobados-en-comision-de-negocios-generales-esperan-segundo-debate-en-plenaria\/\"},\"author\":{\"name\":\"Editor General\",\"@id\":\"https:\/\/luchonoticias.com\/editor\/#\/schema\/person\/29217990ddf6f14e35912b2866d591fb\"},\"headline\":\"Proyectos aprobados en Comisi\u00f3n de Negocios Generales esperan segundo debate en plenaria\",\"datePublished\":\"2023-07-12T08:20:16+00:00\",\"dateModified\":\"2023-07-12T08:20:17+00:00\",\"mainEntityOfPage\":{\"@id\":\"https:\/\/luchonoticias.com\/editor\/proyectos-aprobados-en-comision-de-negocios-generales-esperan-segundo-debate-en-plenaria\/\"},\"wordCount\":289,\"commentCount\":0,\"publisher\":{\"@id\":\"https:\/\/luchonoticias.com\/editor\/#\/schema\/person\/7a7fd911f58561fd056dbac7b55af9cd\"},\"articleSection\":[\"Destacado\",\"Pol\u00edtica\"],\"inLanguage\":\"es\",\"potentialAction\":[{\"@type\":\"CommentAction\",\"name\":\"Comment\",\"target\":[\"https:\/\/luchonoticias.com\/editor\/proyectos-aprobados-en-comision-de-negocios-generales-esperan-segundo-debate-en-plenaria\/#respond\"]}]},{\"@type\":\"WebPage\",\"@id\":\"https:\/\/luchonoticias.com\/editor\/proyectos-aprobados-en-comision-de-negocios-generales-esperan-segundo-debate-en-plenaria\/\",\"url\":\"https:\/\/luchonoticias.com\/editor\/proyectos-aprobados-en-comision-de-negocios-generales-esperan-segundo-debate-en-plenaria\/\",\"name\":\"Proyectos aprobados en Comisi\u00f3n de Negocios Generales esperan segundo debate en plenaria -\",\"isPartOf\":{\"@id\":\"https:\/\/luchonoticias.com\/editor\/#website\"},\"datePublished\":\"2023-07-12T08:20:16+00:00\",\"dateModified\":\"2023-07-12T08:20:17+00:00\",\"breadcrumb\":{\"@id\":\"https:\/\/luchonoticias.com\/editor\/proyectos-aprobados-en-comision-de-negocios-generales-esperan-segundo-debate-en-plenaria\/#breadcrumb\"},\"inLanguage\":\"es\",\"potentialAction\":[{\"@type\":\"ReadAction\",\"target\":[\"https:\/\/luchonoticias.com\/editor\/proyectos-aprobados-en-comision-de-negocios-generales-esperan-segundo-debate-en-plenaria\/\"]}]},{\"@type\":\"BreadcrumbList\",\"@id\":\"https:\/\/luchonoticias.com\/editor\/proyectos-aprobados-en-comision-de-negocios-generales-esperan-segundo-debate-en-plenaria\/#breadcrumb\",\"itemListElement\":[{\"@type\":\"ListItem\",\"position\":1,\"name\":\"Portada\",\"item\":\"https:\/\/luchonoticias.com\/editor\/\"},{\"@type\":\"ListItem\",\"position\":2,\"name\":\"Proyectos aprobados en Comisi\u00f3n de Negocios Generales esperan segundo debate en plenaria\"}]},{\"@type\":\"WebSite\",\"@id\":\"https:\/\/luchonoticias.com\/editor\/#website\",\"url\":\"https:\/\/luchonoticias.com\/editor\/\",\"name\":\"\",\"description\":\"\",\"publisher\":{\"@id\":\"https:\/\/luchonoticias.com\/editor\/#\/schema\/person\/7a7fd911f58561fd056dbac7b55af9cd\"},\"potentialAction\":[{\"@type\":\"SearchAction\",\"target\":{\"@type\":\"EntryPoint\",\"urlTemplate\":\"https:\/\/luchonoticias.com\/editor\/?s={search_term_string}\"},\"query-input\":{\"@type\":\"PropertyValueSpecification\",\"valueRequired\":true,\"valueName\":\"search_term_string\"}}],\"inLanguage\":\"es\"},{\"@type\":[\"Person\",\"Organization\"],\"@id\":\"https:\/\/luchonoticias.com\/editor\/#\/schema\/person\/7a7fd911f58561fd056dbac7b55af9cd\",\"name\":\"admin\",\"image\":{\"@type\":\"ImageObject\",\"inLanguage\":\"es\",\"@id\":\"https:\/\/luchonoticias.com\/editor\/#\/schema\/person\/image\/\",\"url\":\"https:\/\/luchonoticias.com\/editor\/wp-content\/uploads\/2024\/02\/cropped-cropped-logolu.webp\",\"contentUrl\":\"https:\/\/luchonoticias.com\/editor\/wp-content\/uploads\/2024\/02\/cropped-cropped-logolu.webp\",\"width\":382,\"height\":170,\"caption\":\"admin\"},\"logo\":{\"@id\":\"https:\/\/luchonoticias.com\/editor\/#\/schema\/person\/image\/\"},\"sameAs\":[\"https:\/\/www.facebook.com\/luchonoticiasneiva\"]},{\"@type\":\"Person\",\"@id\":\"https:\/\/luchonoticias.com\/editor\/#\/schema\/person\/29217990ddf6f14e35912b2866d591fb\",\"name\":\"Editor General\",\"image\":{\"@type\":\"ImageObject\",\"inLanguage\":\"es\",\"@id\":\"https:\/\/luchonoticias.com\/editor\/#\/schema\/person\/image\/\",\"url\":\"https:\/\/luchonoticias.com\/editor\/wp-content\/uploads\/2024\/02\/cropped-cropped-logolu-150x150.webp\",\"contentUrl\":\"https:\/\/luchonoticias.com\/editor\/wp-content\/uploads\/2024\/02\/cropped-cropped-logolu-150x150.webp\",\"caption\":\"Editor General\"},\"sameAs\":[\"https:\/\/luchonoticias.com\/\"],\"url\":\"https:\/\/luchonoticias.com\/editor\/author\/editor-general\/\"}]}<\/script>\n<!-- \/ Yoast SEO plugin. -->","yoast_head_json":{"title":"Proyectos aprobados en Comisi\u00f3n de Negocios Generales esperan segundo debate en plenaria -","robots":{"index":"index","follow":"follow","max-snippet":"max-snippet:-1","max-image-preview":"max-image-preview:large","max-video-preview":"max-video-preview:-1"},"canonical":"https:\/\/luchonoticias.com\/editor\/proyectos-aprobados-en-comision-de-negocios-generales-esperan-segundo-debate-en-plenaria\/","og_locale":"es_ES","og_type":"article","og_title":"Proyectos aprobados en Comisi\u00f3n de Negocios Generales esperan segundo debate en plenaria -","og_url":"https:\/\/luchonoticias.com\/editor\/proyectos-aprobados-en-comision-de-negocios-generales-esperan-segundo-debate-en-plenaria\/","article_publisher":"https:\/\/www.facebook.com\/luchonoticiasneiva","article_published_time":"2023-07-12T08:20:16+00:00","article_modified_time":"2023-07-12T08:20:17+00:00","author":"Editor General","twitter_card":"summary_large_image","twitter_misc":{"Escrito por":"Editor General","Tiempo de lectura":"1 minuto"},"schema":{"@context":"https:\/\/schema.org","@graph":[{"@type":"Article","@id":"https:\/\/luchonoticias.com\/editor\/proyectos-aprobados-en-comision-de-negocios-generales-esperan-segundo-debate-en-plenaria\/#article","isPartOf":{"@id":"https:\/\/luchonoticias.com\/editor\/proyectos-aprobados-en-comision-de-negocios-generales-esperan-segundo-debate-en-plenaria\/"},"author":{"name":"Editor General","@id":"https:\/\/luchonoticias.com\/editor\/#\/schema\/person\/29217990ddf6f14e35912b2866d591fb"},"headline":"Proyectos aprobados en Comisi\u00f3n de Negocios Generales esperan segundo debate en plenaria","datePublished":"2023-07-12T08:20:16+00:00","dateModified":"2023-07-12T08:20:17+00:00","mainEntityOfPage":{"@id":"https:\/\/luchonoticias.com\/editor\/proyectos-aprobados-en-comision-de-negocios-generales-esperan-segundo-debate-en-plenaria\/"},"wordCount":289,"commentCount":0,"publisher":{"@id":"https:\/\/luchonoticias.com\/editor\/#\/schema\/person\/7a7fd911f58561fd056dbac7b55af9cd"},"articleSection":["Destacado","Pol\u00edtica"],"inLanguage":"es","potentialAction":[{"@type":"CommentAction","name":"Comment","target":["https:\/\/luchonoticias.com\/editor\/proyectos-aprobados-en-comision-de-negocios-generales-esperan-segundo-debate-en-plenaria\/#respond"]}]},{"@type":"WebPage","@id":"https:\/\/luchonoticias.com\/editor\/proyectos-aprobados-en-comision-de-negocios-generales-esperan-segundo-debate-en-plenaria\/","url":"https:\/\/luchonoticias.com\/editor\/proyectos-aprobados-en-comision-de-negocios-generales-esperan-segundo-debate-en-plenaria\/","name":"Proyectos aprobados en Comisi\u00f3n de Negocios Generales esperan segundo debate en plenaria -","isPartOf":{"@id":"https:\/\/luchonoticias.com\/editor\/#website"},"datePublished":"2023-07-12T08:20:16+00:00","dateModified":"2023-07-12T08:20:17+00:00","breadcrumb":{"@id":"https:\/\/luchonoticias.com\/editor\/proyectos-aprobados-en-comision-de-negocios-generales-esperan-segundo-debate-en-plenaria\/#breadcrumb"},"inLanguage":"es","potentialAction":[{"@type":"ReadAction","target":["https:\/\/luchonoticias.com\/editor\/proyectos-aprobados-en-comision-de-negocios-generales-esperan-segundo-debate-en-plenaria\/"]}]},{"@type":"BreadcrumbList","@id":"https:\/\/luchonoticias.com\/editor\/proyectos-aprobados-en-comision-de-negocios-generales-esperan-segundo-debate-en-plenaria\/#breadcrumb","itemListElement":[{"@type":"ListItem","position":1,"name":"Portada","item":"https:\/\/luchonoticias.com\/editor\/"},{"@type":"ListItem","position":2,"name":"Proyectos aprobados en Comisi\u00f3n de Negocios Generales esperan segundo debate en plenaria"}]},{"@type":"WebSite","@id":"https:\/\/luchonoticias.com\/editor\/#website","url":"https:\/\/luchonoticias.com\/editor\/","name":"","description":"","publisher":{"@id":"https:\/\/luchonoticias.com\/editor\/#\/schema\/person\/7a7fd911f58561fd056dbac7b55af9cd"},"potentialAction":[{"@type":"SearchAction","target":{"@type":"EntryPoint","urlTemplate":"https:\/\/luchonoticias.com\/editor\/?s={search_term_string}"},"query-input":{"@type":"PropertyValueSpecification","valueRequired":true,"valueName":"search_term_string"}}],"inLanguage":"es"},{"@type":["Person","Organization"],"@id":"https:\/\/luchonoticias.com\/editor\/#\/schema\/person\/7a7fd911f58561fd056dbac7b55af9cd","name":"admin","image":{"@type":"ImageObject","inLanguage":"es","@id":"https:\/\/luchonoticias.com\/editor\/#\/schema\/person\/image\/","url":"https:\/\/luchonoticias.com\/editor\/wp-content\/uploads\/2024\/02\/cropped-cropped-logolu.webp","contentUrl":"https:\/\/luchonoticias.com\/editor\/wp-content\/uploads\/2024\/02\/cropped-cropped-logolu.webp","width":382,"height":170,"caption":"admin"},"logo":{"@id":"https:\/\/luchonoticias.com\/editor\/#\/schema\/person\/image\/"},"sameAs":["https:\/\/www.facebook.com\/luchonoticiasneiva"]},{"@type":"Person","@id":"https:\/\/luchonoticias.com\/editor\/#\/schema\/person\/29217990ddf6f14e35912b2866d591fb","name":"Editor General","image":{"@type":"ImageObject","inLanguage":"es","@id":"https:\/\/luchonoticias.com\/editor\/#\/schema\/person\/image\/","url":"https:\/\/luchonoticias.com\/editor\/wp-content\/uploads\/2024\/02\/cropped-cropped-logolu-150x150.webp","contentUrl":"https:\/\/luchonoticias.com\/editor\/wp-content\/uploads\/2024\/02\/cropped-cropped-logolu-150x150.webp","caption":"Editor General"},"sameAs":["https:\/\/luchonoticias.com\/"],"url":"https:\/\/luchonoticias.com\/editor\/author\/editor-general\/"}]}},"_links":{"self":[{"href":"https:\/\/luchonoticias.com\/editor\/wp-json\/wp\/v2\/posts\/56351","targetHints":{"allow":["GET"]}}],"collection":[{"href":"https:\/\/luchonoticias.com\/editor\/wp-json\/wp\/v2\/posts"}],"about":[{"href":"https:\/\/luchonoticias.com\/editor\/wp-json\/wp\/v2\/types\/post"}],"author":[{"embeddable":true,"href":"https:\/\/luchonoticias.com\/editor\/wp-json\/wp\/v2\/users\/2"}],"replies":[{"embeddable":true,"href":"https:\/\/luchonoticias.com\/editor\/wp-json\/wp\/v2\/comments?post=56351"}],"version-history":[{"count":0,"href":"https:\/\/luchonoticias.com\/editor\/wp-json\/wp\/v2\/posts\/56351\/revisions"}],"wp:attachment":[{"href":"https:\/\/luchonoticias.com\/editor\/wp-json\/wp\/v2\/media?parent=56351"}],"wp:term":[{"taxonomy":"category","embeddable":true,"href":"https:\/\/luchonoticias.com\/editor\/wp-json\/wp\/v2\/categories?post=56351"},{"taxonomy":"post_tag","embeddable":true,"href":"https:\/\/luchonoticias.com\/editor\/wp-json\/wp\/v2\/tags?post=56351"}],"curies":[{"name":"wp","href":"https:\/\/api.w.org\/{rel}","templated":true}]}}