{"id":56366,"date":"2023-07-12T03:30:32","date_gmt":"2023-07-12T08:30:32","guid":{"rendered":"https:\/\/luchonoticias.com\/?p=56366"},"modified":"2023-07-12T03:30:34","modified_gmt":"2023-07-12T08:30:34","slug":"exitosa-jornada-de-reorganizacion-y-recoleccion-de-inservibles-en-el-oliverio-lara-de-neiva","status":"publish","type":"post","link":"https:\/\/luchonoticias.com\/editor\/exitosa-jornada-de-reorganizacion-y-recoleccion-de-inservibles-en-el-oliverio-lara-de-neiva\/","title":{"rendered":"Exitosa jornada de reorganizaci\u00f3n y recolecci\u00f3n de inservibles en el Oliverio Lara de Neiva"},"content":{"rendered":"\n<p>Siguiendo con la campa\u00f1a y plan de contingencia contra el dengue, que se est\u00e1 realizando desde la Secretar\u00eda de Salud Municipal avalada por el Ministerio de Salud, un equipo de ETV y Zoonosis inici\u00f3 jornadas de reorganizaci\u00f3n y recolecci\u00f3n de inservibles, la cual se estar\u00e1 realizando en distintos puntos estrat\u00e9gicos de la ciudad y en las comunas donde m\u00e1s casos de dengue se hayan presentado.<\/p>\n\n\n\n<p>En esta oportunidad la jornada se realiz\u00f3 en la Instituci\u00f3n Educativa \u2018Oliverio Lara Borrero\u2019, de la comuna Seis de Neiva, teniendo en cuenta los altos casos que se han presentado en este sector y que esta es una de las instituciones m\u00e1s grandes a la que acude una gran poblaci\u00f3n de ni\u00f1os, ni\u00f1as y adolescentes, quienes vienen siendo los m\u00e1s afectados por esta enfermedad.<\/p>\n\n\n\n<figure class=\"wp-block-gallery has-nested-images columns-default is-cropped wp-block-gallery-1 is-layout-flex wp-block-gallery-is-layout-flex\">\n<figure class=\"wp-block-image size-large\"><img decoding=\"async\" data-id=\"56368\" src=\"https:\/\/luchonoticias.com\/wp-content\/uploads\/2023\/07\/WhatsApp-Image-2023-07-11-at-10.19.57-PM-1-1024x768.jpeg\" alt=\"\" class=\"wp-image-56368\"\/><\/figure>\n\n\n\n<figure class=\"wp-block-image size-large\"><img decoding=\"async\" data-id=\"56369\" src=\"https:\/\/luchonoticias.com\/wp-content\/uploads\/2023\/07\/WhatsApp-Image-2023-07-11-at-10.19.57-PM-1024x576.jpeg\" alt=\"\" class=\"wp-image-56369\"\/><\/figure>\n\n\n\n<figure class=\"wp-block-image size-large\"><img decoding=\"async\" data-id=\"56370\" src=\"https:\/\/luchonoticias.com\/wp-content\/uploads\/2023\/07\/WhatsApp-Image-2023-07-11-at-10.19.56-PM-1024x768.jpeg\" alt=\"\" class=\"wp-image-56370\"\/><\/figure>\n<\/figure>\n\n\n\n<p>\u201cEn esta jornada de intervenci\u00f3n pudimos recolectar bastantes inservibles que estaban causando da\u00f1os por el foco de crecimiento del zancudo transmisor del dengue, esta es una campa\u00f1a que est\u00e1 realizando la Secretar\u00eda de Salud y estamos enfocados en eliminar el vector\u201d, sostuvo H\u00e9ctor Rubio, t\u00e9cnico del \u00c1rea de Salud.<\/p>\n\n\n\n<p>Dentro de las recomendaciones que siguen dando los profesionales est\u00e1 el continuo lavado de albercas y tanques, desechar todos aquellos residuos que sirvan para acumular agua y acatar las recomendaciones de los profesionales en esta \u00e1rea para frenar el brote que hay en la ciudad.<\/p>\n","protected":false},"excerpt":{"rendered":"<p>Siguiendo con la campa\u00f1a y plan de contingencia contra el dengue, que se est\u00e1 realizando desde la Secretar\u00eda de Salud Municipal avalada por el Ministerio de Salud, un equipo de ETV y Zoonosis inici\u00f3 jornadas de reorganizaci\u00f3n y recolecci\u00f3n de inservibles, la cual se estar\u00e1 realizando en distintos puntos estrat\u00e9gicos de la ciudad y en [&hellip;]<\/p>\n","protected":false},"author":2,"featured_media":0,"comment_status":"open","ping_status":"open","sticky":false,"template":"","format":"standard","meta":{"footnotes":""},"categories":[3961,36],"tags":[],"class_list":["post-56366","post","type-post","status-publish","format-standard","hentry","category-comunidad","category-destacado"],"yoast_head":"<!-- This site is optimized with the Yoast SEO plugin v26.6 - https:\/\/yoast.com\/wordpress\/plugins\/seo\/ -->\n<title>Exitosa jornada de reorganizaci\u00f3n y recolecci\u00f3n de inservibles en el Oliverio Lara de Neiva -<\/title>\n<meta name=\"robots\" content=\"index, follow, max-snippet:-1, max-image-preview:large, max-video-preview:-1\" \/>\n<link rel=\"canonical\" href=\"https:\/\/luchonoticias.com\/editor\/exitosa-jornada-de-reorganizacion-y-recoleccion-de-inservibles-en-el-oliverio-lara-de-neiva\/\" \/>\n<meta property=\"og:locale\" content=\"es_ES\" \/>\n<meta property=\"og:type\" content=\"article\" \/>\n<meta property=\"og:title\" content=\"Exitosa jornada de reorganizaci\u00f3n y recolecci\u00f3n de inservibles en el Oliverio Lara de Neiva -\" \/>\n<meta property=\"og:url\" content=\"https:\/\/luchonoticias.com\/editor\/exitosa-jornada-de-reorganizacion-y-recoleccion-de-inservibles-en-el-oliverio-lara-de-neiva\/\" \/>\n<meta property=\"article:publisher\" content=\"https:\/\/www.facebook.com\/luchonoticiasneiva\" \/>\n<meta property=\"article:published_time\" content=\"2023-07-12T08:30:32+00:00\" \/>\n<meta property=\"article:modified_time\" content=\"2023-07-12T08:30:34+00:00\" \/>\n<meta property=\"og:image\" content=\"https:\/\/luchonoticias.com\/wp-content\/uploads\/2023\/07\/WhatsApp-Image-2023-07-11-at-10.19.57-PM-1-1024x768.jpeg\" \/>\n<meta name=\"author\" content=\"Editor General\" \/>\n<meta name=\"twitter:card\" content=\"summary_large_image\" \/>\n<meta name=\"twitter:label1\" content=\"Escrito por\" \/>\n\t<meta name=\"twitter:data1\" content=\"Editor General\" \/>\n\t<meta name=\"twitter:label2\" content=\"Tiempo de lectura\" \/>\n\t<meta name=\"twitter:data2\" content=\"1 minuto\" \/>\n<script type=\"application\/ld+json\" class=\"yoast-schema-graph\">{\"@context\":\"https:\/\/schema.org\",\"@graph\":[{\"@type\":\"Article\",\"@id\":\"https:\/\/luchonoticias.com\/editor\/exitosa-jornada-de-reorganizacion-y-recoleccion-de-inservibles-en-el-oliverio-lara-de-neiva\/#article\",\"isPartOf\":{\"@id\":\"https:\/\/luchonoticias.com\/editor\/exitosa-jornada-de-reorganizacion-y-recoleccion-de-inservibles-en-el-oliverio-lara-de-neiva\/\"},\"author\":{\"name\":\"Editor General\",\"@id\":\"https:\/\/luchonoticias.com\/editor\/#\/schema\/person\/29217990ddf6f14e35912b2866d591fb\"},\"headline\":\"Exitosa jornada de reorganizaci\u00f3n y recolecci\u00f3n de inservibles en el Oliverio Lara de Neiva\",\"datePublished\":\"2023-07-12T08:30:32+00:00\",\"dateModified\":\"2023-07-12T08:30:34+00:00\",\"mainEntityOfPage\":{\"@id\":\"https:\/\/luchonoticias.com\/editor\/exitosa-jornada-de-reorganizacion-y-recoleccion-de-inservibles-en-el-oliverio-lara-de-neiva\/\"},\"wordCount\":257,\"commentCount\":0,\"publisher\":{\"@id\":\"https:\/\/luchonoticias.com\/editor\/#\/schema\/person\/7a7fd911f58561fd056dbac7b55af9cd\"},\"image\":{\"@id\":\"https:\/\/luchonoticias.com\/editor\/exitosa-jornada-de-reorganizacion-y-recoleccion-de-inservibles-en-el-oliverio-lara-de-neiva\/#primaryimage\"},\"thumbnailUrl\":\"https:\/\/luchonoticias.com\/wp-content\/uploads\/2023\/07\/WhatsApp-Image-2023-07-11-at-10.19.57-PM-1-1024x768.jpeg\",\"articleSection\":[\"Comunidad\",\"Destacado\"],\"inLanguage\":\"es\",\"potentialAction\":[{\"@type\":\"CommentAction\",\"name\":\"Comment\",\"target\":[\"https:\/\/luchonoticias.com\/editor\/exitosa-jornada-de-reorganizacion-y-recoleccion-de-inservibles-en-el-oliverio-lara-de-neiva\/#respond\"]}]},{\"@type\":\"WebPage\",\"@id\":\"https:\/\/luchonoticias.com\/editor\/exitosa-jornada-de-reorganizacion-y-recoleccion-de-inservibles-en-el-oliverio-lara-de-neiva\/\",\"url\":\"https:\/\/luchonoticias.com\/editor\/exitosa-jornada-de-reorganizacion-y-recoleccion-de-inservibles-en-el-oliverio-lara-de-neiva\/\",\"name\":\"Exitosa jornada de reorganizaci\u00f3n y recolecci\u00f3n de inservibles en el Oliverio Lara de Neiva -\",\"isPartOf\":{\"@id\":\"https:\/\/luchonoticias.com\/editor\/#website\"},\"primaryImageOfPage\":{\"@id\":\"https:\/\/luchonoticias.com\/editor\/exitosa-jornada-de-reorganizacion-y-recoleccion-de-inservibles-en-el-oliverio-lara-de-neiva\/#primaryimage\"},\"image\":{\"@id\":\"https:\/\/luchonoticias.com\/editor\/exitosa-jornada-de-reorganizacion-y-recoleccion-de-inservibles-en-el-oliverio-lara-de-neiva\/#primaryimage\"},\"thumbnailUrl\":\"https:\/\/luchonoticias.com\/wp-content\/uploads\/2023\/07\/WhatsApp-Image-2023-07-11-at-10.19.57-PM-1-1024x768.jpeg\",\"datePublished\":\"2023-07-12T08:30:32+00:00\",\"dateModified\":\"2023-07-12T08:30:34+00:00\",\"breadcrumb\":{\"@id\":\"https:\/\/luchonoticias.com\/editor\/exitosa-jornada-de-reorganizacion-y-recoleccion-de-inservibles-en-el-oliverio-lara-de-neiva\/#breadcrumb\"},\"inLanguage\":\"es\",\"potentialAction\":[{\"@type\":\"ReadAction\",\"target\":[\"https:\/\/luchonoticias.com\/editor\/exitosa-jornada-de-reorganizacion-y-recoleccion-de-inservibles-en-el-oliverio-lara-de-neiva\/\"]}]},{\"@type\":\"ImageObject\",\"inLanguage\":\"es\",\"@id\":\"https:\/\/luchonoticias.com\/editor\/exitosa-jornada-de-reorganizacion-y-recoleccion-de-inservibles-en-el-oliverio-lara-de-neiva\/#primaryimage\",\"url\":\"https:\/\/luchonoticias.com\/wp-content\/uploads\/2023\/07\/WhatsApp-Image-2023-07-11-at-10.19.57-PM-1-1024x768.jpeg\",\"contentUrl\":\"https:\/\/luchonoticias.com\/wp-content\/uploads\/2023\/07\/WhatsApp-Image-2023-07-11-at-10.19.57-PM-1-1024x768.jpeg\"},{\"@type\":\"BreadcrumbList\",\"@id\":\"https:\/\/luchonoticias.com\/editor\/exitosa-jornada-de-reorganizacion-y-recoleccion-de-inservibles-en-el-oliverio-lara-de-neiva\/#breadcrumb\",\"itemListElement\":[{\"@type\":\"ListItem\",\"position\":1,\"name\":\"Portada\",\"item\":\"https:\/\/luchonoticias.com\/editor\/\"},{\"@type\":\"ListItem\",\"position\":2,\"name\":\"Exitosa jornada de reorganizaci\u00f3n y recolecci\u00f3n de inservibles en el Oliverio Lara de Neiva\"}]},{\"@type\":\"WebSite\",\"@id\":\"https:\/\/luchonoticias.com\/editor\/#website\",\"url\":\"https:\/\/luchonoticias.com\/editor\/\",\"name\":\"\",\"description\":\"\",\"publisher\":{\"@id\":\"https:\/\/luchonoticias.com\/editor\/#\/schema\/person\/7a7fd911f58561fd056dbac7b55af9cd\"},\"potentialAction\":[{\"@type\":\"SearchAction\",\"target\":{\"@type\":\"EntryPoint\",\"urlTemplate\":\"https:\/\/luchonoticias.com\/editor\/?s={search_term_string}\"},\"query-input\":{\"@type\":\"PropertyValueSpecification\",\"valueRequired\":true,\"valueName\":\"search_term_string\"}}],\"inLanguage\":\"es\"},{\"@type\":[\"Person\",\"Organization\"],\"@id\":\"https:\/\/luchonoticias.com\/editor\/#\/schema\/person\/7a7fd911f58561fd056dbac7b55af9cd\",\"name\":\"admin\",\"image\":{\"@type\":\"ImageObject\",\"inLanguage\":\"es\",\"@id\":\"https:\/\/luchonoticias.com\/editor\/#\/schema\/person\/image\/\",\"url\":\"https:\/\/luchonoticias.com\/editor\/wp-content\/uploads\/2024\/02\/cropped-cropped-logolu.webp\",\"contentUrl\":\"https:\/\/luchonoticias.com\/editor\/wp-content\/uploads\/2024\/02\/cropped-cropped-logolu.webp\",\"width\":382,\"height\":170,\"caption\":\"admin\"},\"logo\":{\"@id\":\"https:\/\/luchonoticias.com\/editor\/#\/schema\/person\/image\/\"},\"sameAs\":[\"https:\/\/www.facebook.com\/luchonoticiasneiva\"]},{\"@type\":\"Person\",\"@id\":\"https:\/\/luchonoticias.com\/editor\/#\/schema\/person\/29217990ddf6f14e35912b2866d591fb\",\"name\":\"Editor General\",\"image\":{\"@type\":\"ImageObject\",\"inLanguage\":\"es\",\"@id\":\"https:\/\/luchonoticias.com\/editor\/#\/schema\/person\/image\/\",\"url\":\"https:\/\/luchonoticias.com\/editor\/wp-content\/uploads\/2024\/02\/cropped-cropped-logolu-150x150.webp\",\"contentUrl\":\"https:\/\/luchonoticias.com\/editor\/wp-content\/uploads\/2024\/02\/cropped-cropped-logolu-150x150.webp\",\"caption\":\"Editor General\"},\"sameAs\":[\"https:\/\/luchonoticias.com\/\"],\"url\":\"https:\/\/luchonoticias.com\/editor\/author\/editor-general\/\"}]}<\/script>\n<!-- \/ Yoast SEO plugin. -->","yoast_head_json":{"title":"Exitosa jornada de reorganizaci\u00f3n y recolecci\u00f3n de inservibles en el Oliverio Lara de Neiva -","robots":{"index":"index","follow":"follow","max-snippet":"max-snippet:-1","max-image-preview":"max-image-preview:large","max-video-preview":"max-video-preview:-1"},"canonical":"https:\/\/luchonoticias.com\/editor\/exitosa-jornada-de-reorganizacion-y-recoleccion-de-inservibles-en-el-oliverio-lara-de-neiva\/","og_locale":"es_ES","og_type":"article","og_title":"Exitosa jornada de reorganizaci\u00f3n y recolecci\u00f3n de inservibles en el Oliverio Lara de Neiva -","og_url":"https:\/\/luchonoticias.com\/editor\/exitosa-jornada-de-reorganizacion-y-recoleccion-de-inservibles-en-el-oliverio-lara-de-neiva\/","article_publisher":"https:\/\/www.facebook.com\/luchonoticiasneiva","article_published_time":"2023-07-12T08:30:32+00:00","article_modified_time":"2023-07-12T08:30:34+00:00","og_image":[{"url":"https:\/\/luchonoticias.com\/wp-content\/uploads\/2023\/07\/WhatsApp-Image-2023-07-11-at-10.19.57-PM-1-1024x768.jpeg","type":"","width":"","height":""}],"author":"Editor General","twitter_card":"summary_large_image","twitter_misc":{"Escrito por":"Editor General","Tiempo de lectura":"1 minuto"},"schema":{"@context":"https:\/\/schema.org","@graph":[{"@type":"Article","@id":"https:\/\/luchonoticias.com\/editor\/exitosa-jornada-de-reorganizacion-y-recoleccion-de-inservibles-en-el-oliverio-lara-de-neiva\/#article","isPartOf":{"@id":"https:\/\/luchonoticias.com\/editor\/exitosa-jornada-de-reorganizacion-y-recoleccion-de-inservibles-en-el-oliverio-lara-de-neiva\/"},"author":{"name":"Editor General","@id":"https:\/\/luchonoticias.com\/editor\/#\/schema\/person\/29217990ddf6f14e35912b2866d591fb"},"headline":"Exitosa jornada de reorganizaci\u00f3n y recolecci\u00f3n de inservibles en el Oliverio Lara de Neiva","datePublished":"2023-07-12T08:30:32+00:00","dateModified":"2023-07-12T08:30:34+00:00","mainEntityOfPage":{"@id":"https:\/\/luchonoticias.com\/editor\/exitosa-jornada-de-reorganizacion-y-recoleccion-de-inservibles-en-el-oliverio-lara-de-neiva\/"},"wordCount":257,"commentCount":0,"publisher":{"@id":"https:\/\/luchonoticias.com\/editor\/#\/schema\/person\/7a7fd911f58561fd056dbac7b55af9cd"},"image":{"@id":"https:\/\/luchonoticias.com\/editor\/exitosa-jornada-de-reorganizacion-y-recoleccion-de-inservibles-en-el-oliverio-lara-de-neiva\/#primaryimage"},"thumbnailUrl":"https:\/\/luchonoticias.com\/wp-content\/uploads\/2023\/07\/WhatsApp-Image-2023-07-11-at-10.19.57-PM-1-1024x768.jpeg","articleSection":["Comunidad","Destacado"],"inLanguage":"es","potentialAction":[{"@type":"CommentAction","name":"Comment","target":["https:\/\/luchonoticias.com\/editor\/exitosa-jornada-de-reorganizacion-y-recoleccion-de-inservibles-en-el-oliverio-lara-de-neiva\/#respond"]}]},{"@type":"WebPage","@id":"https:\/\/luchonoticias.com\/editor\/exitosa-jornada-de-reorganizacion-y-recoleccion-de-inservibles-en-el-oliverio-lara-de-neiva\/","url":"https:\/\/luchonoticias.com\/editor\/exitosa-jornada-de-reorganizacion-y-recoleccion-de-inservibles-en-el-oliverio-lara-de-neiva\/","name":"Exitosa jornada de reorganizaci\u00f3n y recolecci\u00f3n de inservibles en el Oliverio Lara de Neiva -","isPartOf":{"@id":"https:\/\/luchonoticias.com\/editor\/#website"},"primaryImageOfPage":{"@id":"https:\/\/luchonoticias.com\/editor\/exitosa-jornada-de-reorganizacion-y-recoleccion-de-inservibles-en-el-oliverio-lara-de-neiva\/#primaryimage"},"image":{"@id":"https:\/\/luchonoticias.com\/editor\/exitosa-jornada-de-reorganizacion-y-recoleccion-de-inservibles-en-el-oliverio-lara-de-neiva\/#primaryimage"},"thumbnailUrl":"https:\/\/luchonoticias.com\/wp-content\/uploads\/2023\/07\/WhatsApp-Image-2023-07-11-at-10.19.57-PM-1-1024x768.jpeg","datePublished":"2023-07-12T08:30:32+00:00","dateModified":"2023-07-12T08:30:34+00:00","breadcrumb":{"@id":"https:\/\/luchonoticias.com\/editor\/exitosa-jornada-de-reorganizacion-y-recoleccion-de-inservibles-en-el-oliverio-lara-de-neiva\/#breadcrumb"},"inLanguage":"es","potentialAction":[{"@type":"ReadAction","target":["https:\/\/luchonoticias.com\/editor\/exitosa-jornada-de-reorganizacion-y-recoleccion-de-inservibles-en-el-oliverio-lara-de-neiva\/"]}]},{"@type":"ImageObject","inLanguage":"es","@id":"https:\/\/luchonoticias.com\/editor\/exitosa-jornada-de-reorganizacion-y-recoleccion-de-inservibles-en-el-oliverio-lara-de-neiva\/#primaryimage","url":"https:\/\/luchonoticias.com\/wp-content\/uploads\/2023\/07\/WhatsApp-Image-2023-07-11-at-10.19.57-PM-1-1024x768.jpeg","contentUrl":"https:\/\/luchonoticias.com\/wp-content\/uploads\/2023\/07\/WhatsApp-Image-2023-07-11-at-10.19.57-PM-1-1024x768.jpeg"},{"@type":"BreadcrumbList","@id":"https:\/\/luchonoticias.com\/editor\/exitosa-jornada-de-reorganizacion-y-recoleccion-de-inservibles-en-el-oliverio-lara-de-neiva\/#breadcrumb","itemListElement":[{"@type":"ListItem","position":1,"name":"Portada","item":"https:\/\/luchonoticias.com\/editor\/"},{"@type":"ListItem","position":2,"name":"Exitosa jornada de reorganizaci\u00f3n y recolecci\u00f3n de inservibles en el Oliverio Lara de Neiva"}]},{"@type":"WebSite","@id":"https:\/\/luchonoticias.com\/editor\/#website","url":"https:\/\/luchonoticias.com\/editor\/","name":"","description":"","publisher":{"@id":"https:\/\/luchonoticias.com\/editor\/#\/schema\/person\/7a7fd911f58561fd056dbac7b55af9cd"},"potentialAction":[{"@type":"SearchAction","target":{"@type":"EntryPoint","urlTemplate":"https:\/\/luchonoticias.com\/editor\/?s={search_term_string}"},"query-input":{"@type":"PropertyValueSpecification","valueRequired":true,"valueName":"search_term_string"}}],"inLanguage":"es"},{"@type":["Person","Organization"],"@id":"https:\/\/luchonoticias.com\/editor\/#\/schema\/person\/7a7fd911f58561fd056dbac7b55af9cd","name":"admin","image":{"@type":"ImageObject","inLanguage":"es","@id":"https:\/\/luchonoticias.com\/editor\/#\/schema\/person\/image\/","url":"https:\/\/luchonoticias.com\/editor\/wp-content\/uploads\/2024\/02\/cropped-cropped-logolu.webp","contentUrl":"https:\/\/luchonoticias.com\/editor\/wp-content\/uploads\/2024\/02\/cropped-cropped-logolu.webp","width":382,"height":170,"caption":"admin"},"logo":{"@id":"https:\/\/luchonoticias.com\/editor\/#\/schema\/person\/image\/"},"sameAs":["https:\/\/www.facebook.com\/luchonoticiasneiva"]},{"@type":"Person","@id":"https:\/\/luchonoticias.com\/editor\/#\/schema\/person\/29217990ddf6f14e35912b2866d591fb","name":"Editor General","image":{"@type":"ImageObject","inLanguage":"es","@id":"https:\/\/luchonoticias.com\/editor\/#\/schema\/person\/image\/","url":"https:\/\/luchonoticias.com\/editor\/wp-content\/uploads\/2024\/02\/cropped-cropped-logolu-150x150.webp","contentUrl":"https:\/\/luchonoticias.com\/editor\/wp-content\/uploads\/2024\/02\/cropped-cropped-logolu-150x150.webp","caption":"Editor General"},"sameAs":["https:\/\/luchonoticias.com\/"],"url":"https:\/\/luchonoticias.com\/editor\/author\/editor-general\/"}]}},"_links":{"self":[{"href":"https:\/\/luchonoticias.com\/editor\/wp-json\/wp\/v2\/posts\/56366","targetHints":{"allow":["GET"]}}],"collection":[{"href":"https:\/\/luchonoticias.com\/editor\/wp-json\/wp\/v2\/posts"}],"about":[{"href":"https:\/\/luchonoticias.com\/editor\/wp-json\/wp\/v2\/types\/post"}],"author":[{"embeddable":true,"href":"https:\/\/luchonoticias.com\/editor\/wp-json\/wp\/v2\/users\/2"}],"replies":[{"embeddable":true,"href":"https:\/\/luchonoticias.com\/editor\/wp-json\/wp\/v2\/comments?post=56366"}],"version-history":[{"count":0,"href":"https:\/\/luchonoticias.com\/editor\/wp-json\/wp\/v2\/posts\/56366\/revisions"}],"wp:attachment":[{"href":"https:\/\/luchonoticias.com\/editor\/wp-json\/wp\/v2\/media?parent=56366"}],"wp:term":[{"taxonomy":"category","embeddable":true,"href":"https:\/\/luchonoticias.com\/editor\/wp-json\/wp\/v2\/categories?post=56366"},{"taxonomy":"post_tag","embeddable":true,"href":"https:\/\/luchonoticias.com\/editor\/wp-json\/wp\/v2\/tags?post=56366"}],"curies":[{"name":"wp","href":"https:\/\/api.w.org\/{rel}","templated":true}]}}