{"id":56372,"date":"2023-07-12T03:33:28","date_gmt":"2023-07-12T08:33:28","guid":{"rendered":"https:\/\/luchonoticias.com\/?p=56372"},"modified":"2023-07-12T03:33:29","modified_gmt":"2023-07-12T08:33:29","slug":"senado-solidario-con-victimas-de-fraude-digital","status":"publish","type":"post","link":"https:\/\/luchonoticias.com\/editor\/senado-solidario-con-victimas-de-fraude-digital\/","title":{"rendered":"Senado solidario con v\u00edctimas de fraude digital"},"content":{"rendered":"\n<p>En Colombia, entrar\u00e1 a regir en los pr\u00f3ximos d\u00edas una ley que discuti\u00f3 y aprob\u00f3 la plenaria del Senado, en el cierre del pasado per\u00edodo de sesiones ordinarias, que impedir\u00e1 que las personas que hayan sido v\u00edctimas de estafas, de fraude digital, tengan que pagar deuda y dem\u00e1s consecuencias, que no les corresponde.<\/p>\n\n\n\n<p>Esta ley llega en un momento en el que, seg\u00fan un estudio de Tendencias Globales de Fraude Digital elaborado por TransUnion, revelado en mayo pasado, en Colombia los casos de intentos de fraude digital crecieron de forma vertiginosa a un 134 %, mientras que a nivel mundial se registra un 52%. Seg\u00fan el reporte, tres de cada diez colombianos estuvieron expuestos a estos tipos de delitos.<\/p>\n\n\n\n<p>Ante esta compleja situaci\u00f3n, que afecta en particular a personas que fueron enga\u00f1adas, se tramit\u00f3 este proyecto de autor\u00eda del representante a la C\u00e1mara,&nbsp;<strong>Duvalier S\u00e1nchez<\/strong>,&nbsp;<strong>Alianza Verde<\/strong>, que recibi\u00f3 en el Senado un total apoyo, para permitir que por lo menos 40 mil personas que han sido v\u00edctimas de estafas digitales, puedan quedar exoneradas de pagos de productos, o cr\u00e9ditos que nunca tomaron.<\/p>\n\n\n\n<p>El senador&nbsp;<strong>Jonathan Pulido Hern\u00e1ndez<\/strong>,&nbsp;<strong>Partido Alianza Verde<\/strong>, ponente del proyecto, sostuvo que son miles los colombianos a quienes les ha tocado pagar cosas que no han comprado, y centeneres de personas que est\u00e1n reportados en las centrales de riesgo, por no pagar deudas que no son suyas, \u201cesta ley busca implementar una verificaci\u00f3n de seguridad, unos protocolos para verificar de forma correcta y rigurosa la identidad de la persona, para que no haya estos excesos de suplantaci\u00f3n digital. Es un blindaje, tanto para la empresa que vende, como para el comprador; no perder\u00e1 ninguno, ni el colombiano que va a ser suplantado\u201d, precis\u00f3 el congresista.<\/p>\n\n\n\n<p>En plenaria de la corporaci\u00f3n, se resalt\u00f3 que la delincuencia aprovech\u00f3 que desde el 2020 se ha dado un importante crecimiento en las transacciones digitales, en raz\u00f3n de la pandemia que enfrent\u00f3 Colombia y el mundo. Las cifras se\u00f1alan que los delitos de usurpaci\u00f3n de identidad y fraude digital crecieron en un 409 %; de hecho, en noviembre de 2021, se han reportado 13.458 denuncias por robos de identidad\u2026 Un r\u00e9cord de cinco fraudes financieros virtuales por hora.<\/p>\n\n\n\n<p>En concreto, tras ser sancionada la ley por el presidente de la Rep\u00fablica, Gustavo Petro, todas aquellas personas que han sido v\u00edctimas de fraude digital ya no pagar\u00e1n m\u00e1s cuotas de cr\u00e9ditos que no sacaron, y a su vez no ser\u00e1n reportados a las centrales de riesgo. Para recibir ese beneficio de la ley que acogi\u00f3 la plenaria del Senado, lo primero que deber\u00e1 hacer la v\u00edctima de suplantaci\u00f3n es reportar a la entidad financiera, o al operador telef\u00f3nico, que fue suplantada y tiene una deuda vigente, para lo cual el operador le deber\u00e1 informar que debe interponer la denuncia antes de 20 d\u00edas h\u00e1biles.<\/p>\n\n\n\n<p>El paso siguiente, se\u00f1ala el articulado, es que la entidad suspende de inmediato los cobros, y debe retirar el reporte negativo de la v\u00edctima en las centrales de riesgo. Luego ser\u00e1 la fiscal\u00eda general de la Naci\u00f3n, la que verificar\u00e1 si hubo suplantaci\u00f3n, y de ratificarse la v\u00edctima ser\u00e1 exonerada y desvinculada de cualquier cobro y reporte. Pero la ley es precisa en indicar que, si se comprueba que no existi\u00f3 suplantaci\u00f3n, se reanudar\u00e1n los cobros, reportes, y el denunciante enfrentar\u00e1 responsabilidades penales por falsa denuncia.<\/p>\n\n\n\n<p>Durante el tr\u00e1mite de la ley se resalt\u00f3 que en adelante toda la carga no le quedar\u00e1 \u00fanicamente a la v\u00edctima, sino que las entidades deber\u00e1n colaborar en el proceso judicial y mejorar sus mecanismos de ciberseguridad.<\/p>\n","protected":false},"excerpt":{"rendered":"<p>En Colombia, entrar\u00e1 a regir en los pr\u00f3ximos d\u00edas una ley que discuti\u00f3 y aprob\u00f3 la plenaria del Senado, en el cierre del pasado per\u00edodo de sesiones ordinarias, que impedir\u00e1 que las personas que hayan sido v\u00edctimas de estafas, de fraude digital, tengan que pagar deuda y dem\u00e1s consecuencias, que no les corresponde. Esta ley [&hellip;]<\/p>\n","protected":false},"author":2,"featured_media":0,"comment_status":"open","ping_status":"open","sticky":false,"template":"","format":"standard","meta":{"footnotes":""},"categories":[36,32],"tags":[],"class_list":["post-56372","post","type-post","status-publish","format-standard","hentry","category-destacado","category-nacional"],"yoast_head":"<!-- This site is optimized with the Yoast SEO plugin v26.6 - https:\/\/yoast.com\/wordpress\/plugins\/seo\/ -->\n<title>Senado solidario con v\u00edctimas de fraude digital -<\/title>\n<meta name=\"robots\" content=\"index, follow, max-snippet:-1, max-image-preview:large, max-video-preview:-1\" \/>\n<link rel=\"canonical\" href=\"https:\/\/luchonoticias.com\/editor\/senado-solidario-con-victimas-de-fraude-digital\/\" \/>\n<meta property=\"og:locale\" content=\"es_ES\" \/>\n<meta property=\"og:type\" content=\"article\" \/>\n<meta property=\"og:title\" content=\"Senado solidario con v\u00edctimas de fraude digital -\" \/>\n<meta property=\"og:url\" content=\"https:\/\/luchonoticias.com\/editor\/senado-solidario-con-victimas-de-fraude-digital\/\" \/>\n<meta property=\"article:publisher\" content=\"https:\/\/www.facebook.com\/luchonoticiasneiva\" \/>\n<meta property=\"article:published_time\" content=\"2023-07-12T08:33:28+00:00\" \/>\n<meta property=\"article:modified_time\" content=\"2023-07-12T08:33:29+00:00\" \/>\n<meta name=\"author\" content=\"Editor General\" \/>\n<meta name=\"twitter:card\" content=\"summary_large_image\" \/>\n<meta name=\"twitter:label1\" content=\"Escrito por\" \/>\n\t<meta name=\"twitter:data1\" content=\"Editor General\" \/>\n\t<meta name=\"twitter:label2\" content=\"Tiempo de lectura\" \/>\n\t<meta name=\"twitter:data2\" content=\"3 minutos\" \/>\n<script type=\"application\/ld+json\" class=\"yoast-schema-graph\">{\"@context\":\"https:\/\/schema.org\",\"@graph\":[{\"@type\":\"Article\",\"@id\":\"https:\/\/luchonoticias.com\/editor\/senado-solidario-con-victimas-de-fraude-digital\/#article\",\"isPartOf\":{\"@id\":\"https:\/\/luchonoticias.com\/editor\/senado-solidario-con-victimas-de-fraude-digital\/\"},\"author\":{\"name\":\"Editor General\",\"@id\":\"https:\/\/luchonoticias.com\/editor\/#\/schema\/person\/29217990ddf6f14e35912b2866d591fb\"},\"headline\":\"Senado solidario con v\u00edctimas de fraude digital\",\"datePublished\":\"2023-07-12T08:33:28+00:00\",\"dateModified\":\"2023-07-12T08:33:29+00:00\",\"mainEntityOfPage\":{\"@id\":\"https:\/\/luchonoticias.com\/editor\/senado-solidario-con-victimas-de-fraude-digital\/\"},\"wordCount\":642,\"commentCount\":0,\"publisher\":{\"@id\":\"https:\/\/luchonoticias.com\/editor\/#\/schema\/person\/7a7fd911f58561fd056dbac7b55af9cd\"},\"articleSection\":[\"Destacado\",\"Nacional\"],\"inLanguage\":\"es\",\"potentialAction\":[{\"@type\":\"CommentAction\",\"name\":\"Comment\",\"target\":[\"https:\/\/luchonoticias.com\/editor\/senado-solidario-con-victimas-de-fraude-digital\/#respond\"]}]},{\"@type\":\"WebPage\",\"@id\":\"https:\/\/luchonoticias.com\/editor\/senado-solidario-con-victimas-de-fraude-digital\/\",\"url\":\"https:\/\/luchonoticias.com\/editor\/senado-solidario-con-victimas-de-fraude-digital\/\",\"name\":\"Senado solidario con v\u00edctimas de fraude digital -\",\"isPartOf\":{\"@id\":\"https:\/\/luchonoticias.com\/editor\/#website\"},\"datePublished\":\"2023-07-12T08:33:28+00:00\",\"dateModified\":\"2023-07-12T08:33:29+00:00\",\"breadcrumb\":{\"@id\":\"https:\/\/luchonoticias.com\/editor\/senado-solidario-con-victimas-de-fraude-digital\/#breadcrumb\"},\"inLanguage\":\"es\",\"potentialAction\":[{\"@type\":\"ReadAction\",\"target\":[\"https:\/\/luchonoticias.com\/editor\/senado-solidario-con-victimas-de-fraude-digital\/\"]}]},{\"@type\":\"BreadcrumbList\",\"@id\":\"https:\/\/luchonoticias.com\/editor\/senado-solidario-con-victimas-de-fraude-digital\/#breadcrumb\",\"itemListElement\":[{\"@type\":\"ListItem\",\"position\":1,\"name\":\"Portada\",\"item\":\"https:\/\/luchonoticias.com\/editor\/\"},{\"@type\":\"ListItem\",\"position\":2,\"name\":\"Senado solidario con v\u00edctimas de fraude digital\"}]},{\"@type\":\"WebSite\",\"@id\":\"https:\/\/luchonoticias.com\/editor\/#website\",\"url\":\"https:\/\/luchonoticias.com\/editor\/\",\"name\":\"\",\"description\":\"\",\"publisher\":{\"@id\":\"https:\/\/luchonoticias.com\/editor\/#\/schema\/person\/7a7fd911f58561fd056dbac7b55af9cd\"},\"potentialAction\":[{\"@type\":\"SearchAction\",\"target\":{\"@type\":\"EntryPoint\",\"urlTemplate\":\"https:\/\/luchonoticias.com\/editor\/?s={search_term_string}\"},\"query-input\":{\"@type\":\"PropertyValueSpecification\",\"valueRequired\":true,\"valueName\":\"search_term_string\"}}],\"inLanguage\":\"es\"},{\"@type\":[\"Person\",\"Organization\"],\"@id\":\"https:\/\/luchonoticias.com\/editor\/#\/schema\/person\/7a7fd911f58561fd056dbac7b55af9cd\",\"name\":\"admin\",\"image\":{\"@type\":\"ImageObject\",\"inLanguage\":\"es\",\"@id\":\"https:\/\/luchonoticias.com\/editor\/#\/schema\/person\/image\/\",\"url\":\"https:\/\/luchonoticias.com\/editor\/wp-content\/uploads\/2024\/02\/cropped-cropped-logolu.webp\",\"contentUrl\":\"https:\/\/luchonoticias.com\/editor\/wp-content\/uploads\/2024\/02\/cropped-cropped-logolu.webp\",\"width\":382,\"height\":170,\"caption\":\"admin\"},\"logo\":{\"@id\":\"https:\/\/luchonoticias.com\/editor\/#\/schema\/person\/image\/\"},\"sameAs\":[\"https:\/\/www.facebook.com\/luchonoticiasneiva\"]},{\"@type\":\"Person\",\"@id\":\"https:\/\/luchonoticias.com\/editor\/#\/schema\/person\/29217990ddf6f14e35912b2866d591fb\",\"name\":\"Editor General\",\"image\":{\"@type\":\"ImageObject\",\"inLanguage\":\"es\",\"@id\":\"https:\/\/luchonoticias.com\/editor\/#\/schema\/person\/image\/\",\"url\":\"https:\/\/luchonoticias.com\/editor\/wp-content\/uploads\/2024\/02\/cropped-cropped-logolu-150x150.webp\",\"contentUrl\":\"https:\/\/luchonoticias.com\/editor\/wp-content\/uploads\/2024\/02\/cropped-cropped-logolu-150x150.webp\",\"caption\":\"Editor General\"},\"sameAs\":[\"https:\/\/luchonoticias.com\/\"],\"url\":\"https:\/\/luchonoticias.com\/editor\/author\/editor-general\/\"}]}<\/script>\n<!-- \/ Yoast SEO plugin. -->","yoast_head_json":{"title":"Senado solidario con v\u00edctimas de fraude digital -","robots":{"index":"index","follow":"follow","max-snippet":"max-snippet:-1","max-image-preview":"max-image-preview:large","max-video-preview":"max-video-preview:-1"},"canonical":"https:\/\/luchonoticias.com\/editor\/senado-solidario-con-victimas-de-fraude-digital\/","og_locale":"es_ES","og_type":"article","og_title":"Senado solidario con v\u00edctimas de fraude digital -","og_url":"https:\/\/luchonoticias.com\/editor\/senado-solidario-con-victimas-de-fraude-digital\/","article_publisher":"https:\/\/www.facebook.com\/luchonoticiasneiva","article_published_time":"2023-07-12T08:33:28+00:00","article_modified_time":"2023-07-12T08:33:29+00:00","author":"Editor General","twitter_card":"summary_large_image","twitter_misc":{"Escrito por":"Editor General","Tiempo de lectura":"3 minutos"},"schema":{"@context":"https:\/\/schema.org","@graph":[{"@type":"Article","@id":"https:\/\/luchonoticias.com\/editor\/senado-solidario-con-victimas-de-fraude-digital\/#article","isPartOf":{"@id":"https:\/\/luchonoticias.com\/editor\/senado-solidario-con-victimas-de-fraude-digital\/"},"author":{"name":"Editor General","@id":"https:\/\/luchonoticias.com\/editor\/#\/schema\/person\/29217990ddf6f14e35912b2866d591fb"},"headline":"Senado solidario con v\u00edctimas de fraude digital","datePublished":"2023-07-12T08:33:28+00:00","dateModified":"2023-07-12T08:33:29+00:00","mainEntityOfPage":{"@id":"https:\/\/luchonoticias.com\/editor\/senado-solidario-con-victimas-de-fraude-digital\/"},"wordCount":642,"commentCount":0,"publisher":{"@id":"https:\/\/luchonoticias.com\/editor\/#\/schema\/person\/7a7fd911f58561fd056dbac7b55af9cd"},"articleSection":["Destacado","Nacional"],"inLanguage":"es","potentialAction":[{"@type":"CommentAction","name":"Comment","target":["https:\/\/luchonoticias.com\/editor\/senado-solidario-con-victimas-de-fraude-digital\/#respond"]}]},{"@type":"WebPage","@id":"https:\/\/luchonoticias.com\/editor\/senado-solidario-con-victimas-de-fraude-digital\/","url":"https:\/\/luchonoticias.com\/editor\/senado-solidario-con-victimas-de-fraude-digital\/","name":"Senado solidario con v\u00edctimas de fraude digital -","isPartOf":{"@id":"https:\/\/luchonoticias.com\/editor\/#website"},"datePublished":"2023-07-12T08:33:28+00:00","dateModified":"2023-07-12T08:33:29+00:00","breadcrumb":{"@id":"https:\/\/luchonoticias.com\/editor\/senado-solidario-con-victimas-de-fraude-digital\/#breadcrumb"},"inLanguage":"es","potentialAction":[{"@type":"ReadAction","target":["https:\/\/luchonoticias.com\/editor\/senado-solidario-con-victimas-de-fraude-digital\/"]}]},{"@type":"BreadcrumbList","@id":"https:\/\/luchonoticias.com\/editor\/senado-solidario-con-victimas-de-fraude-digital\/#breadcrumb","itemListElement":[{"@type":"ListItem","position":1,"name":"Portada","item":"https:\/\/luchonoticias.com\/editor\/"},{"@type":"ListItem","position":2,"name":"Senado solidario con v\u00edctimas de fraude digital"}]},{"@type":"WebSite","@id":"https:\/\/luchonoticias.com\/editor\/#website","url":"https:\/\/luchonoticias.com\/editor\/","name":"","description":"","publisher":{"@id":"https:\/\/luchonoticias.com\/editor\/#\/schema\/person\/7a7fd911f58561fd056dbac7b55af9cd"},"potentialAction":[{"@type":"SearchAction","target":{"@type":"EntryPoint","urlTemplate":"https:\/\/luchonoticias.com\/editor\/?s={search_term_string}"},"query-input":{"@type":"PropertyValueSpecification","valueRequired":true,"valueName":"search_term_string"}}],"inLanguage":"es"},{"@type":["Person","Organization"],"@id":"https:\/\/luchonoticias.com\/editor\/#\/schema\/person\/7a7fd911f58561fd056dbac7b55af9cd","name":"admin","image":{"@type":"ImageObject","inLanguage":"es","@id":"https:\/\/luchonoticias.com\/editor\/#\/schema\/person\/image\/","url":"https:\/\/luchonoticias.com\/editor\/wp-content\/uploads\/2024\/02\/cropped-cropped-logolu.webp","contentUrl":"https:\/\/luchonoticias.com\/editor\/wp-content\/uploads\/2024\/02\/cropped-cropped-logolu.webp","width":382,"height":170,"caption":"admin"},"logo":{"@id":"https:\/\/luchonoticias.com\/editor\/#\/schema\/person\/image\/"},"sameAs":["https:\/\/www.facebook.com\/luchonoticiasneiva"]},{"@type":"Person","@id":"https:\/\/luchonoticias.com\/editor\/#\/schema\/person\/29217990ddf6f14e35912b2866d591fb","name":"Editor General","image":{"@type":"ImageObject","inLanguage":"es","@id":"https:\/\/luchonoticias.com\/editor\/#\/schema\/person\/image\/","url":"https:\/\/luchonoticias.com\/editor\/wp-content\/uploads\/2024\/02\/cropped-cropped-logolu-150x150.webp","contentUrl":"https:\/\/luchonoticias.com\/editor\/wp-content\/uploads\/2024\/02\/cropped-cropped-logolu-150x150.webp","caption":"Editor General"},"sameAs":["https:\/\/luchonoticias.com\/"],"url":"https:\/\/luchonoticias.com\/editor\/author\/editor-general\/"}]}},"_links":{"self":[{"href":"https:\/\/luchonoticias.com\/editor\/wp-json\/wp\/v2\/posts\/56372","targetHints":{"allow":["GET"]}}],"collection":[{"href":"https:\/\/luchonoticias.com\/editor\/wp-json\/wp\/v2\/posts"}],"about":[{"href":"https:\/\/luchonoticias.com\/editor\/wp-json\/wp\/v2\/types\/post"}],"author":[{"embeddable":true,"href":"https:\/\/luchonoticias.com\/editor\/wp-json\/wp\/v2\/users\/2"}],"replies":[{"embeddable":true,"href":"https:\/\/luchonoticias.com\/editor\/wp-json\/wp\/v2\/comments?post=56372"}],"version-history":[{"count":0,"href":"https:\/\/luchonoticias.com\/editor\/wp-json\/wp\/v2\/posts\/56372\/revisions"}],"wp:attachment":[{"href":"https:\/\/luchonoticias.com\/editor\/wp-json\/wp\/v2\/media?parent=56372"}],"wp:term":[{"taxonomy":"category","embeddable":true,"href":"https:\/\/luchonoticias.com\/editor\/wp-json\/wp\/v2\/categories?post=56372"},{"taxonomy":"post_tag","embeddable":true,"href":"https:\/\/luchonoticias.com\/editor\/wp-json\/wp\/v2\/tags?post=56372"}],"curies":[{"name":"wp","href":"https:\/\/api.w.org\/{rel}","templated":true}]}}