{"id":56375,"date":"2023-07-12T03:35:35","date_gmt":"2023-07-12T08:35:35","guid":{"rendered":"https:\/\/luchonoticias.com\/?p=56375"},"modified":"2023-07-12T03:35:36","modified_gmt":"2023-07-12T08:35:36","slug":"adicion-presupuestal-un-recorrido-de-varios-meses-en-pro-de-los-mas-vulnerables-de-colombia","status":"publish","type":"post","link":"https:\/\/luchonoticias.com\/editor\/adicion-presupuestal-un-recorrido-de-varios-meses-en-pro-de-los-mas-vulnerables-de-colombia\/","title":{"rendered":"Adici\u00f3n presupuestal: Un recorrido de varios meses en pro de los m\u00e1s vulnerables de Colombia"},"content":{"rendered":"\n<p>Desde que el gobierno nacional presenta el proyecto de adici\u00f3n presupuestal el 17 de febrero, se inicia una serie de reuniones para discutir y acordar el mejor monto para beneficiar a los colombianos m\u00e1s vulnerables.<\/p>\n\n\n\n<p>La senadora&nbsp;<strong>Laura Fortich S\u00e1nchez<\/strong>,<strong>&nbsp;partido Liberal<\/strong>, ponente del proyecto, argument\u00f3 enf\u00e1tica: \u201cEl 28 de marzo el Ministerio de Hacienda presenta la iniciativa ante las comisiones Conjuntas Econ\u00f3micas de Senado y C\u00e1mara. El 23 de mayo se inician reuniones de Coordinadores y ponentes porque las Comisiones Econ\u00f3micas se encontraban discutiendo el Plan Nacional de Desarrollo. Es importante que los ciudadanos conozcan que el Presupuesto 2023 se aprueba con anterioridad a lo que fue la Reforma Tributaria, pues estos recursos se ten\u00edan que adicionar a dicha iniciativa\u00bb.<\/p>\n\n\n\n<p><strong>\u00bfQui\u00e9nes participaron?<\/strong><\/p>\n\n\n\n<p>Para el proyecto de adici\u00f3n presupuestal se realizaron 7 reuniones de coordinadores y ponentes, y se escucharon m\u00e1s de 20 instituciones entre las que se destacan:&nbsp;<\/p>\n\n\n\n<p>* Ministerios de Vivienda, Salud y Protecci\u00f3n Social, Agricultura, Educaci\u00f3n e Industria y &nbsp;&nbsp;&nbsp;&nbsp;Comercio entre otros.<\/p>\n\n\n\n<p>* Instituto Colombiano de Bienestar Familiar, ICBF.<\/p>\n\n\n\n<p>* Departamento Administrativo Nacional de Estad\u00edstica, DANE.<\/p>\n\n\n\n<p>* Unidad de Riesgos.<\/p>\n\n\n\n<p>* Contralor\u00eda.&nbsp;<\/p>\n\n\n\n<p>* Defensor\u00eda del Pueblo.<\/p>\n\n\n\n<p>* Unidad Nacional de Protecci\u00f3n, UNP.<\/p>\n\n\n\n<p>Enfatiz\u00f3 la congresista Laura Fortich: \u00abEl proyecto de adici\u00f3n presupuestal cumple con la regla fiscal, comparado a lo que se present\u00f3 el 17 de febrero, y lo que se trabaj\u00f3 a partir del mes de mayo; tuvo una diferencia en el monto porque se radic\u00f3 con 23 billones y luego de la discusi\u00f3n el Ministerio de Hacienda la present\u00f3 por 16.9 billones de pesos\u00bb.<\/p>\n\n\n\n<p>El Senador&nbsp;<strong>Jhon Jairo Roldan<\/strong>,<strong>&nbsp;Partido Liberal<\/strong>, ponente de la iniciativa, sostuvo que lo que se busca con el proyecto de adici\u00f3n presupuestal es que todos los responsables de los distintos presupuestos, adelanten una ejecuci\u00f3n eficiente de estos, armonizado con las prioridades, tanto del gobierno, como de las ciudades m\u00e1s vulnerables de Colombia: \u00abCon la adici\u00f3n queremos apoyar al crecimiento econ\u00f3mico en 1 a\u00f1o 2023, se ha demostrado una desaceleraci\u00f3n de la econom\u00eda en el pa\u00eds al igual que una lucha que se est\u00e1 dando frente a la reducci\u00f3n de la inflaci\u00f3n en el pa\u00eds\u00bb.<\/p>\n\n\n\n<p><strong>Propuesta alternativa<\/strong><\/p>\n\n\n\n<p>El partido opositor,&nbsp;<strong>Centro Democr\u00e1tico<\/strong>, present\u00f3 una propuesta alternativa de adici\u00f3n presupuestal en cabeza del senador&nbsp;<strong>Miguel Uribe<\/strong>, con 2 temas a destacar: Protecci\u00f3n a l\u00edderes sociales; y, subsidios para vivienda y programa Mi Casa Ya: \u00abHay que asignar mayores recursos a la protecci\u00f3n de nuestros l\u00edderes sociales, que en los territorios se sienten abandonados, y son muchos los que han sido blanco f\u00e1cil de grupos al margen de la ley. Por otro lado, me parece absurdo que el gobierno ahora no quiera dar subsidios para casas nuevas, sino que se inventa un programa de mejoramiento y los colombianos merecen estrenar vivienda y adem\u00e1s merecen contar con los subsidios para tal fin\u00bb.<\/p>\n\n\n\n<p>Ante las duras cr\u00edticas al gobierno por parte del Senador Uribe, el ponente Senador Jhon Jairo Rold\u00e1n asegur\u00f3 que \u00abLa Unidad Nacional de Protecci\u00f3n fue una de las que m\u00e1s se tuvo en cuenta, para el tema de protecci\u00f3n de los l\u00edderes sociales; y respecto a los subsidios, no se acabar\u00e1n, porque el programa continuar\u00e1, s\u00f3lo cambiar\u00e1 de nombre, ahora se denomina Cambia Mi Casa\u00bb.<\/p>\n\n\n\n<p><strong>Sab\u00eda usted que &#8230;&#8230;<\/strong><\/p>\n\n\n\n<p>* Los recursos adicionados deben ser ejecutados a 31 se diciembre de 2023.<\/p>\n\n\n\n<p>* El gobierno es responsable con sus ministros, del control pol\u00edtico y seguimiento a estas inversiones.<\/p>\n\n\n\n<p>* Las Comisiones y Plenarias, tanto de Senado y C\u00e1mara, deber\u00e1n hacer el mismo seguimiento y control pol\u00edtico a la ejecuci\u00f3n presupuestal.<\/p>\n\n\n\n<p>* El programa de vivienda est\u00e1 dividido en 2 componentes:<\/p>\n\n\n\n<p>&#8211; Mi Casa Ya<\/p>\n\n\n\n<p>&#8211; Cambia Mi Casa<\/p>\n\n\n\n<p>* El componente de Cambia Mi Casa, ser\u00e1 realizado por las Juntas de Acci\u00f3n Comunal y asociaciones populares.<\/p>\n\n\n\n<p>* El Plan Nacional de Desarrollo fue aprobado por la Plenaria; por consiguiente, se debe ejecutar, porque es una pol\u00edtica de gobierno, y fue la voluntad popular que eligi\u00f3 al presidente.<\/p>\n\n\n\n<p>* La iniciativa de adici\u00f3n presupuestal sirve para que se pueda cumplir con los compromisos en las diferentes regiones del pa\u00eds, adquiridos por el presidente Gustavo Petro Urrego en su programa de gobierno en su cuatrienio.<\/p>\n","protected":false},"excerpt":{"rendered":"<p>Desde que el gobierno nacional presenta el proyecto de adici\u00f3n presupuestal el 17 de febrero, se inicia una serie de reuniones para discutir y acordar el mejor monto para beneficiar a los colombianos m\u00e1s vulnerables. La senadora&nbsp;Laura Fortich S\u00e1nchez,&nbsp;partido Liberal, ponente del proyecto, argument\u00f3 enf\u00e1tica: \u201cEl 28 de marzo el Ministerio de Hacienda presenta la [&hellip;]<\/p>\n","protected":false},"author":2,"featured_media":0,"comment_status":"open","ping_status":"open","sticky":false,"template":"","format":"standard","meta":{"footnotes":""},"categories":[36,617],"tags":[],"class_list":["post-56375","post","type-post","status-publish","format-standard","hentry","category-destacado","category-politica"],"yoast_head":"<!-- This site is optimized with the Yoast SEO plugin v26.6 - https:\/\/yoast.com\/wordpress\/plugins\/seo\/ -->\n<title>Adici\u00f3n presupuestal: Un recorrido de varios meses en pro de los m\u00e1s vulnerables de Colombia -<\/title>\n<meta name=\"robots\" content=\"index, follow, max-snippet:-1, max-image-preview:large, max-video-preview:-1\" \/>\n<link rel=\"canonical\" href=\"https:\/\/luchonoticias.com\/editor\/adicion-presupuestal-un-recorrido-de-varios-meses-en-pro-de-los-mas-vulnerables-de-colombia\/\" \/>\n<meta property=\"og:locale\" content=\"es_ES\" \/>\n<meta property=\"og:type\" content=\"article\" \/>\n<meta property=\"og:title\" content=\"Adici\u00f3n presupuestal: Un recorrido de varios meses en pro de los m\u00e1s vulnerables de Colombia -\" \/>\n<meta property=\"og:url\" content=\"https:\/\/luchonoticias.com\/editor\/adicion-presupuestal-un-recorrido-de-varios-meses-en-pro-de-los-mas-vulnerables-de-colombia\/\" \/>\n<meta property=\"article:publisher\" content=\"https:\/\/www.facebook.com\/luchonoticiasneiva\" \/>\n<meta property=\"article:published_time\" content=\"2023-07-12T08:35:35+00:00\" \/>\n<meta property=\"article:modified_time\" content=\"2023-07-12T08:35:36+00:00\" \/>\n<meta name=\"author\" content=\"Editor General\" \/>\n<meta name=\"twitter:card\" content=\"summary_large_image\" \/>\n<meta name=\"twitter:label1\" content=\"Escrito por\" \/>\n\t<meta name=\"twitter:data1\" content=\"Editor General\" \/>\n\t<meta name=\"twitter:label2\" content=\"Tiempo de lectura\" \/>\n\t<meta name=\"twitter:data2\" content=\"4 minutos\" \/>\n<script type=\"application\/ld+json\" class=\"yoast-schema-graph\">{\"@context\":\"https:\/\/schema.org\",\"@graph\":[{\"@type\":\"Article\",\"@id\":\"https:\/\/luchonoticias.com\/editor\/adicion-presupuestal-un-recorrido-de-varios-meses-en-pro-de-los-mas-vulnerables-de-colombia\/#article\",\"isPartOf\":{\"@id\":\"https:\/\/luchonoticias.com\/editor\/adicion-presupuestal-un-recorrido-de-varios-meses-en-pro-de-los-mas-vulnerables-de-colombia\/\"},\"author\":{\"name\":\"Editor General\",\"@id\":\"https:\/\/luchonoticias.com\/editor\/#\/schema\/person\/29217990ddf6f14e35912b2866d591fb\"},\"headline\":\"Adici\u00f3n presupuestal: Un recorrido de varios meses en pro de los m\u00e1s vulnerables de Colombia\",\"datePublished\":\"2023-07-12T08:35:35+00:00\",\"dateModified\":\"2023-07-12T08:35:36+00:00\",\"mainEntityOfPage\":{\"@id\":\"https:\/\/luchonoticias.com\/editor\/adicion-presupuestal-un-recorrido-de-varios-meses-en-pro-de-los-mas-vulnerables-de-colombia\/\"},\"wordCount\":747,\"commentCount\":0,\"publisher\":{\"@id\":\"https:\/\/luchonoticias.com\/editor\/#\/schema\/person\/7a7fd911f58561fd056dbac7b55af9cd\"},\"articleSection\":[\"Destacado\",\"Pol\u00edtica\"],\"inLanguage\":\"es\",\"potentialAction\":[{\"@type\":\"CommentAction\",\"name\":\"Comment\",\"target\":[\"https:\/\/luchonoticias.com\/editor\/adicion-presupuestal-un-recorrido-de-varios-meses-en-pro-de-los-mas-vulnerables-de-colombia\/#respond\"]}]},{\"@type\":\"WebPage\",\"@id\":\"https:\/\/luchonoticias.com\/editor\/adicion-presupuestal-un-recorrido-de-varios-meses-en-pro-de-los-mas-vulnerables-de-colombia\/\",\"url\":\"https:\/\/luchonoticias.com\/editor\/adicion-presupuestal-un-recorrido-de-varios-meses-en-pro-de-los-mas-vulnerables-de-colombia\/\",\"name\":\"Adici\u00f3n presupuestal: Un recorrido de varios meses en pro de los m\u00e1s vulnerables de Colombia -\",\"isPartOf\":{\"@id\":\"https:\/\/luchonoticias.com\/editor\/#website\"},\"datePublished\":\"2023-07-12T08:35:35+00:00\",\"dateModified\":\"2023-07-12T08:35:36+00:00\",\"breadcrumb\":{\"@id\":\"https:\/\/luchonoticias.com\/editor\/adicion-presupuestal-un-recorrido-de-varios-meses-en-pro-de-los-mas-vulnerables-de-colombia\/#breadcrumb\"},\"inLanguage\":\"es\",\"potentialAction\":[{\"@type\":\"ReadAction\",\"target\":[\"https:\/\/luchonoticias.com\/editor\/adicion-presupuestal-un-recorrido-de-varios-meses-en-pro-de-los-mas-vulnerables-de-colombia\/\"]}]},{\"@type\":\"BreadcrumbList\",\"@id\":\"https:\/\/luchonoticias.com\/editor\/adicion-presupuestal-un-recorrido-de-varios-meses-en-pro-de-los-mas-vulnerables-de-colombia\/#breadcrumb\",\"itemListElement\":[{\"@type\":\"ListItem\",\"position\":1,\"name\":\"Portada\",\"item\":\"https:\/\/luchonoticias.com\/editor\/\"},{\"@type\":\"ListItem\",\"position\":2,\"name\":\"Adici\u00f3n presupuestal: Un recorrido de varios meses en pro de los m\u00e1s vulnerables de Colombia\"}]},{\"@type\":\"WebSite\",\"@id\":\"https:\/\/luchonoticias.com\/editor\/#website\",\"url\":\"https:\/\/luchonoticias.com\/editor\/\",\"name\":\"\",\"description\":\"\",\"publisher\":{\"@id\":\"https:\/\/luchonoticias.com\/editor\/#\/schema\/person\/7a7fd911f58561fd056dbac7b55af9cd\"},\"potentialAction\":[{\"@type\":\"SearchAction\",\"target\":{\"@type\":\"EntryPoint\",\"urlTemplate\":\"https:\/\/luchonoticias.com\/editor\/?s={search_term_string}\"},\"query-input\":{\"@type\":\"PropertyValueSpecification\",\"valueRequired\":true,\"valueName\":\"search_term_string\"}}],\"inLanguage\":\"es\"},{\"@type\":[\"Person\",\"Organization\"],\"@id\":\"https:\/\/luchonoticias.com\/editor\/#\/schema\/person\/7a7fd911f58561fd056dbac7b55af9cd\",\"name\":\"admin\",\"image\":{\"@type\":\"ImageObject\",\"inLanguage\":\"es\",\"@id\":\"https:\/\/luchonoticias.com\/editor\/#\/schema\/person\/image\/\",\"url\":\"https:\/\/luchonoticias.com\/editor\/wp-content\/uploads\/2024\/02\/cropped-cropped-logolu.webp\",\"contentUrl\":\"https:\/\/luchonoticias.com\/editor\/wp-content\/uploads\/2024\/02\/cropped-cropped-logolu.webp\",\"width\":382,\"height\":170,\"caption\":\"admin\"},\"logo\":{\"@id\":\"https:\/\/luchonoticias.com\/editor\/#\/schema\/person\/image\/\"},\"sameAs\":[\"https:\/\/www.facebook.com\/luchonoticiasneiva\"]},{\"@type\":\"Person\",\"@id\":\"https:\/\/luchonoticias.com\/editor\/#\/schema\/person\/29217990ddf6f14e35912b2866d591fb\",\"name\":\"Editor General\",\"image\":{\"@type\":\"ImageObject\",\"inLanguage\":\"es\",\"@id\":\"https:\/\/luchonoticias.com\/editor\/#\/schema\/person\/image\/\",\"url\":\"https:\/\/luchonoticias.com\/editor\/wp-content\/uploads\/2024\/02\/cropped-cropped-logolu-150x150.webp\",\"contentUrl\":\"https:\/\/luchonoticias.com\/editor\/wp-content\/uploads\/2024\/02\/cropped-cropped-logolu-150x150.webp\",\"caption\":\"Editor General\"},\"sameAs\":[\"https:\/\/luchonoticias.com\/\"],\"url\":\"https:\/\/luchonoticias.com\/editor\/author\/editor-general\/\"}]}<\/script>\n<!-- \/ Yoast SEO plugin. -->","yoast_head_json":{"title":"Adici\u00f3n presupuestal: Un recorrido de varios meses en pro de los m\u00e1s vulnerables de Colombia -","robots":{"index":"index","follow":"follow","max-snippet":"max-snippet:-1","max-image-preview":"max-image-preview:large","max-video-preview":"max-video-preview:-1"},"canonical":"https:\/\/luchonoticias.com\/editor\/adicion-presupuestal-un-recorrido-de-varios-meses-en-pro-de-los-mas-vulnerables-de-colombia\/","og_locale":"es_ES","og_type":"article","og_title":"Adici\u00f3n presupuestal: Un recorrido de varios meses en pro de los m\u00e1s vulnerables de Colombia -","og_url":"https:\/\/luchonoticias.com\/editor\/adicion-presupuestal-un-recorrido-de-varios-meses-en-pro-de-los-mas-vulnerables-de-colombia\/","article_publisher":"https:\/\/www.facebook.com\/luchonoticiasneiva","article_published_time":"2023-07-12T08:35:35+00:00","article_modified_time":"2023-07-12T08:35:36+00:00","author":"Editor General","twitter_card":"summary_large_image","twitter_misc":{"Escrito por":"Editor General","Tiempo de lectura":"4 minutos"},"schema":{"@context":"https:\/\/schema.org","@graph":[{"@type":"Article","@id":"https:\/\/luchonoticias.com\/editor\/adicion-presupuestal-un-recorrido-de-varios-meses-en-pro-de-los-mas-vulnerables-de-colombia\/#article","isPartOf":{"@id":"https:\/\/luchonoticias.com\/editor\/adicion-presupuestal-un-recorrido-de-varios-meses-en-pro-de-los-mas-vulnerables-de-colombia\/"},"author":{"name":"Editor General","@id":"https:\/\/luchonoticias.com\/editor\/#\/schema\/person\/29217990ddf6f14e35912b2866d591fb"},"headline":"Adici\u00f3n presupuestal: Un recorrido de varios meses en pro de los m\u00e1s vulnerables de Colombia","datePublished":"2023-07-12T08:35:35+00:00","dateModified":"2023-07-12T08:35:36+00:00","mainEntityOfPage":{"@id":"https:\/\/luchonoticias.com\/editor\/adicion-presupuestal-un-recorrido-de-varios-meses-en-pro-de-los-mas-vulnerables-de-colombia\/"},"wordCount":747,"commentCount":0,"publisher":{"@id":"https:\/\/luchonoticias.com\/editor\/#\/schema\/person\/7a7fd911f58561fd056dbac7b55af9cd"},"articleSection":["Destacado","Pol\u00edtica"],"inLanguage":"es","potentialAction":[{"@type":"CommentAction","name":"Comment","target":["https:\/\/luchonoticias.com\/editor\/adicion-presupuestal-un-recorrido-de-varios-meses-en-pro-de-los-mas-vulnerables-de-colombia\/#respond"]}]},{"@type":"WebPage","@id":"https:\/\/luchonoticias.com\/editor\/adicion-presupuestal-un-recorrido-de-varios-meses-en-pro-de-los-mas-vulnerables-de-colombia\/","url":"https:\/\/luchonoticias.com\/editor\/adicion-presupuestal-un-recorrido-de-varios-meses-en-pro-de-los-mas-vulnerables-de-colombia\/","name":"Adici\u00f3n presupuestal: Un recorrido de varios meses en pro de los m\u00e1s vulnerables de Colombia -","isPartOf":{"@id":"https:\/\/luchonoticias.com\/editor\/#website"},"datePublished":"2023-07-12T08:35:35+00:00","dateModified":"2023-07-12T08:35:36+00:00","breadcrumb":{"@id":"https:\/\/luchonoticias.com\/editor\/adicion-presupuestal-un-recorrido-de-varios-meses-en-pro-de-los-mas-vulnerables-de-colombia\/#breadcrumb"},"inLanguage":"es","potentialAction":[{"@type":"ReadAction","target":["https:\/\/luchonoticias.com\/editor\/adicion-presupuestal-un-recorrido-de-varios-meses-en-pro-de-los-mas-vulnerables-de-colombia\/"]}]},{"@type":"BreadcrumbList","@id":"https:\/\/luchonoticias.com\/editor\/adicion-presupuestal-un-recorrido-de-varios-meses-en-pro-de-los-mas-vulnerables-de-colombia\/#breadcrumb","itemListElement":[{"@type":"ListItem","position":1,"name":"Portada","item":"https:\/\/luchonoticias.com\/editor\/"},{"@type":"ListItem","position":2,"name":"Adici\u00f3n presupuestal: Un recorrido de varios meses en pro de los m\u00e1s vulnerables de Colombia"}]},{"@type":"WebSite","@id":"https:\/\/luchonoticias.com\/editor\/#website","url":"https:\/\/luchonoticias.com\/editor\/","name":"","description":"","publisher":{"@id":"https:\/\/luchonoticias.com\/editor\/#\/schema\/person\/7a7fd911f58561fd056dbac7b55af9cd"},"potentialAction":[{"@type":"SearchAction","target":{"@type":"EntryPoint","urlTemplate":"https:\/\/luchonoticias.com\/editor\/?s={search_term_string}"},"query-input":{"@type":"PropertyValueSpecification","valueRequired":true,"valueName":"search_term_string"}}],"inLanguage":"es"},{"@type":["Person","Organization"],"@id":"https:\/\/luchonoticias.com\/editor\/#\/schema\/person\/7a7fd911f58561fd056dbac7b55af9cd","name":"admin","image":{"@type":"ImageObject","inLanguage":"es","@id":"https:\/\/luchonoticias.com\/editor\/#\/schema\/person\/image\/","url":"https:\/\/luchonoticias.com\/editor\/wp-content\/uploads\/2024\/02\/cropped-cropped-logolu.webp","contentUrl":"https:\/\/luchonoticias.com\/editor\/wp-content\/uploads\/2024\/02\/cropped-cropped-logolu.webp","width":382,"height":170,"caption":"admin"},"logo":{"@id":"https:\/\/luchonoticias.com\/editor\/#\/schema\/person\/image\/"},"sameAs":["https:\/\/www.facebook.com\/luchonoticiasneiva"]},{"@type":"Person","@id":"https:\/\/luchonoticias.com\/editor\/#\/schema\/person\/29217990ddf6f14e35912b2866d591fb","name":"Editor General","image":{"@type":"ImageObject","inLanguage":"es","@id":"https:\/\/luchonoticias.com\/editor\/#\/schema\/person\/image\/","url":"https:\/\/luchonoticias.com\/editor\/wp-content\/uploads\/2024\/02\/cropped-cropped-logolu-150x150.webp","contentUrl":"https:\/\/luchonoticias.com\/editor\/wp-content\/uploads\/2024\/02\/cropped-cropped-logolu-150x150.webp","caption":"Editor General"},"sameAs":["https:\/\/luchonoticias.com\/"],"url":"https:\/\/luchonoticias.com\/editor\/author\/editor-general\/"}]}},"_links":{"self":[{"href":"https:\/\/luchonoticias.com\/editor\/wp-json\/wp\/v2\/posts\/56375","targetHints":{"allow":["GET"]}}],"collection":[{"href":"https:\/\/luchonoticias.com\/editor\/wp-json\/wp\/v2\/posts"}],"about":[{"href":"https:\/\/luchonoticias.com\/editor\/wp-json\/wp\/v2\/types\/post"}],"author":[{"embeddable":true,"href":"https:\/\/luchonoticias.com\/editor\/wp-json\/wp\/v2\/users\/2"}],"replies":[{"embeddable":true,"href":"https:\/\/luchonoticias.com\/editor\/wp-json\/wp\/v2\/comments?post=56375"}],"version-history":[{"count":0,"href":"https:\/\/luchonoticias.com\/editor\/wp-json\/wp\/v2\/posts\/56375\/revisions"}],"wp:attachment":[{"href":"https:\/\/luchonoticias.com\/editor\/wp-json\/wp\/v2\/media?parent=56375"}],"wp:term":[{"taxonomy":"category","embeddable":true,"href":"https:\/\/luchonoticias.com\/editor\/wp-json\/wp\/v2\/categories?post=56375"},{"taxonomy":"post_tag","embeddable":true,"href":"https:\/\/luchonoticias.com\/editor\/wp-json\/wp\/v2\/tags?post=56375"}],"curies":[{"name":"wp","href":"https:\/\/api.w.org\/{rel}","templated":true}]}}