{"id":56378,"date":"2023-07-12T03:38:36","date_gmt":"2023-07-12T08:38:36","guid":{"rendered":"https:\/\/luchonoticias.com\/?p=56378"},"modified":"2023-07-12T03:38:37","modified_gmt":"2023-07-12T08:38:37","slug":"se-aprobo-la-jurisdiccion-agraria-y-ahora-que","status":"publish","type":"post","link":"https:\/\/luchonoticias.com\/editor\/se-aprobo-la-jurisdiccion-agraria-y-ahora-que\/","title":{"rendered":"Se aprob\u00f3 la Jurisdicci\u00f3n Agraria, \u00bfY ahora Qu\u00e9?"},"content":{"rendered":"\n<p>As\u00ed lleg\u00f3 al Congreso un proyecto de ley con coautor\u00eda de la bancada del Partido Comunes que buscaba la creaci\u00f3n de la Jurisdicci\u00f3n Agraria y Rural. Este logr\u00f3 terminar los ocho debates y ser aprobado en ambas c\u00e1maras, sin embargo, no qued\u00f3 incluida la\u00a0<em>Corte de Cierre\u00a0<\/em>\u00bfpor qu\u00e9? La Corte Suprema de Justicia, el Consejo de Estado y el Consejo Superior de la Judicatura mencionaron que no es necesaria ya que estas controversias se pueden zanjar en los juzgados y tribunales especializados en materia rural y agrario, lo que influyo en la discusi\u00f3n del proyecto dentro del Congreso de la Rep\u00fablica.<\/p>\n\n\n\n<p>La bancada del Partido Comunes celebr\u00f3 la Jurisdicci\u00f3n Agraria como un avance en la resoluci\u00f3n de conflictos rurales y resalt\u00f3 que la ausencia de una corte agraria y rural dificulta la unificaci\u00f3n de la jurisprudencia y criterios de interpretaci\u00f3n, adem\u00e1s de no cumplir completamente con el Acuerdo de Paz, por tanto, se pueden presentar conflictos entre la jurisdicci\u00f3n ordinaria y lo contencioso administrativo al momento de resolver recursos como la de casaci\u00f3n, entre otros.<\/p>\n\n\n\n<p><strong>\u00bfy ahora qu\u00e9?<\/strong><\/p>\n\n\n\n<p>Lo mencionado anteriormente son asuntos que se deben resolver durante el tr\u00e1mite de la reglamentaci\u00f3n que deber\u00e1 darse la pr\u00f3xima legislatura tal como lo indica el Art\u00edculo 4 del proyecto aprobado que crea la Jurisdicci\u00f3n Agraria,&nbsp;<em>\u201cel Congreso de la Rep\u00fablica tramitar\u00e1 y expedir\u00e1 en la siguiente legislatura la ley por medio de la cual se establezca la estructura funcionamiento y competencias de la Jurisdicci\u00f3n Agraria y Rural, as\u00ed como el procedimiento especial agrario y rural\u201d.<\/em><\/p>\n\n\n\n<p>Por tal raz\u00f3n, el Ministerio de Agricultura en cabeza de la ministra Jhenifer Mojica anunci\u00f3 la radicaci\u00f3n de este proyecto para la reglamentaci\u00f3n de la Jurisdicci\u00f3n Agraria, tal como tambi\u00e9n lo mencion\u00f3 el en rueda de prensa de la bancada Pacto Hist\u00f3rico el Representante Luis Alberto Alb\u00e1n U. el pasado 22 de junio, planteando una participaci\u00f3n activa en el desarrollo de esta ley por medio de propuestas que materialicen el \u00e1nimo de lo establecido en el Acuerdo de Paz.<\/p>\n\n\n\n<p>Por consiguiente, el Representante Alb\u00e1n realizar\u00e1 el pr\u00f3ximo viernes 28 de julio a la 10:00 A.M.&nbsp;en Comisi\u00f3n Primera de la C\u00e1mara de Representantes, la&nbsp;<strong><em>Audiencia P\u00fablica: los m\u00ednimos para la reglamentaci\u00f3n de la Jurisdicci\u00f3n Agraria<\/em><\/strong>&nbsp;donde se escuchar\u00e1n principalmente a organizaciones y comunidades campesinas para construir de la mejor manera los aportes a esta ley.<\/p>\n\n\n\n<p>Quienes deseen asistir a este evento y\/o participar con su intervenci\u00f3n podr\u00e1n inscribirse en el siguiente enlace:&nbsp;<a href=\"https:\/\/forms.gle\/ePYkWy61g7153a2a6\">https:\/\/forms.gle\/ePYkWy61g7153a2a6<\/a><\/p>\n","protected":false},"excerpt":{"rendered":"<p>As\u00ed lleg\u00f3 al Congreso un proyecto de ley con coautor\u00eda de la bancada del Partido Comunes que buscaba la creaci\u00f3n de la Jurisdicci\u00f3n Agraria y Rural. Este logr\u00f3 terminar los ocho debates y ser aprobado en ambas c\u00e1maras, sin embargo, no qued\u00f3 incluida la\u00a0Corte de Cierre\u00a0\u00bfpor qu\u00e9? La Corte Suprema de Justicia, el Consejo de [&hellip;]<\/p>\n","protected":false},"author":2,"featured_media":0,"comment_status":"open","ping_status":"open","sticky":false,"template":"","format":"standard","meta":{"footnotes":""},"categories":[36,617],"tags":[],"class_list":["post-56378","post","type-post","status-publish","format-standard","hentry","category-destacado","category-politica"],"yoast_head":"<!-- This site is optimized with the Yoast SEO plugin v26.6 - https:\/\/yoast.com\/wordpress\/plugins\/seo\/ -->\n<title>Se aprob\u00f3 la Jurisdicci\u00f3n Agraria, \u00bfY ahora Qu\u00e9? -<\/title>\n<meta name=\"robots\" content=\"index, follow, max-snippet:-1, max-image-preview:large, max-video-preview:-1\" \/>\n<link rel=\"canonical\" href=\"https:\/\/luchonoticias.com\/editor\/se-aprobo-la-jurisdiccion-agraria-y-ahora-que\/\" \/>\n<meta property=\"og:locale\" content=\"es_ES\" \/>\n<meta property=\"og:type\" content=\"article\" \/>\n<meta property=\"og:title\" content=\"Se aprob\u00f3 la Jurisdicci\u00f3n Agraria, \u00bfY ahora Qu\u00e9? -\" \/>\n<meta property=\"og:url\" content=\"https:\/\/luchonoticias.com\/editor\/se-aprobo-la-jurisdiccion-agraria-y-ahora-que\/\" \/>\n<meta property=\"article:publisher\" content=\"https:\/\/www.facebook.com\/luchonoticiasneiva\" \/>\n<meta property=\"article:published_time\" content=\"2023-07-12T08:38:36+00:00\" \/>\n<meta property=\"article:modified_time\" content=\"2023-07-12T08:38:37+00:00\" \/>\n<meta name=\"author\" content=\"Editor General\" \/>\n<meta name=\"twitter:card\" content=\"summary_large_image\" \/>\n<meta name=\"twitter:label1\" content=\"Escrito por\" \/>\n\t<meta name=\"twitter:data1\" content=\"Editor General\" \/>\n\t<meta name=\"twitter:label2\" content=\"Tiempo de lectura\" \/>\n\t<meta name=\"twitter:data2\" content=\"2 minutos\" \/>\n<script type=\"application\/ld+json\" class=\"yoast-schema-graph\">{\"@context\":\"https:\/\/schema.org\",\"@graph\":[{\"@type\":\"Article\",\"@id\":\"https:\/\/luchonoticias.com\/editor\/se-aprobo-la-jurisdiccion-agraria-y-ahora-que\/#article\",\"isPartOf\":{\"@id\":\"https:\/\/luchonoticias.com\/editor\/se-aprobo-la-jurisdiccion-agraria-y-ahora-que\/\"},\"author\":{\"name\":\"Editor General\",\"@id\":\"https:\/\/luchonoticias.com\/editor\/#\/schema\/person\/29217990ddf6f14e35912b2866d591fb\"},\"headline\":\"Se aprob\u00f3 la Jurisdicci\u00f3n Agraria, \u00bfY ahora Qu\u00e9?\",\"datePublished\":\"2023-07-12T08:38:36+00:00\",\"dateModified\":\"2023-07-12T08:38:37+00:00\",\"mainEntityOfPage\":{\"@id\":\"https:\/\/luchonoticias.com\/editor\/se-aprobo-la-jurisdiccion-agraria-y-ahora-que\/\"},\"wordCount\":465,\"commentCount\":0,\"publisher\":{\"@id\":\"https:\/\/luchonoticias.com\/editor\/#\/schema\/person\/7a7fd911f58561fd056dbac7b55af9cd\"},\"articleSection\":[\"Destacado\",\"Pol\u00edtica\"],\"inLanguage\":\"es\",\"potentialAction\":[{\"@type\":\"CommentAction\",\"name\":\"Comment\",\"target\":[\"https:\/\/luchonoticias.com\/editor\/se-aprobo-la-jurisdiccion-agraria-y-ahora-que\/#respond\"]}]},{\"@type\":\"WebPage\",\"@id\":\"https:\/\/luchonoticias.com\/editor\/se-aprobo-la-jurisdiccion-agraria-y-ahora-que\/\",\"url\":\"https:\/\/luchonoticias.com\/editor\/se-aprobo-la-jurisdiccion-agraria-y-ahora-que\/\",\"name\":\"Se aprob\u00f3 la Jurisdicci\u00f3n Agraria, \u00bfY ahora Qu\u00e9? -\",\"isPartOf\":{\"@id\":\"https:\/\/luchonoticias.com\/editor\/#website\"},\"datePublished\":\"2023-07-12T08:38:36+00:00\",\"dateModified\":\"2023-07-12T08:38:37+00:00\",\"breadcrumb\":{\"@id\":\"https:\/\/luchonoticias.com\/editor\/se-aprobo-la-jurisdiccion-agraria-y-ahora-que\/#breadcrumb\"},\"inLanguage\":\"es\",\"potentialAction\":[{\"@type\":\"ReadAction\",\"target\":[\"https:\/\/luchonoticias.com\/editor\/se-aprobo-la-jurisdiccion-agraria-y-ahora-que\/\"]}]},{\"@type\":\"BreadcrumbList\",\"@id\":\"https:\/\/luchonoticias.com\/editor\/se-aprobo-la-jurisdiccion-agraria-y-ahora-que\/#breadcrumb\",\"itemListElement\":[{\"@type\":\"ListItem\",\"position\":1,\"name\":\"Portada\",\"item\":\"https:\/\/luchonoticias.com\/editor\/\"},{\"@type\":\"ListItem\",\"position\":2,\"name\":\"Se aprob\u00f3 la Jurisdicci\u00f3n Agraria, \u00bfY ahora Qu\u00e9?\"}]},{\"@type\":\"WebSite\",\"@id\":\"https:\/\/luchonoticias.com\/editor\/#website\",\"url\":\"https:\/\/luchonoticias.com\/editor\/\",\"name\":\"\",\"description\":\"\",\"publisher\":{\"@id\":\"https:\/\/luchonoticias.com\/editor\/#\/schema\/person\/7a7fd911f58561fd056dbac7b55af9cd\"},\"potentialAction\":[{\"@type\":\"SearchAction\",\"target\":{\"@type\":\"EntryPoint\",\"urlTemplate\":\"https:\/\/luchonoticias.com\/editor\/?s={search_term_string}\"},\"query-input\":{\"@type\":\"PropertyValueSpecification\",\"valueRequired\":true,\"valueName\":\"search_term_string\"}}],\"inLanguage\":\"es\"},{\"@type\":[\"Person\",\"Organization\"],\"@id\":\"https:\/\/luchonoticias.com\/editor\/#\/schema\/person\/7a7fd911f58561fd056dbac7b55af9cd\",\"name\":\"admin\",\"image\":{\"@type\":\"ImageObject\",\"inLanguage\":\"es\",\"@id\":\"https:\/\/luchonoticias.com\/editor\/#\/schema\/person\/image\/\",\"url\":\"https:\/\/luchonoticias.com\/editor\/wp-content\/uploads\/2024\/02\/cropped-cropped-logolu.webp\",\"contentUrl\":\"https:\/\/luchonoticias.com\/editor\/wp-content\/uploads\/2024\/02\/cropped-cropped-logolu.webp\",\"width\":382,\"height\":170,\"caption\":\"admin\"},\"logo\":{\"@id\":\"https:\/\/luchonoticias.com\/editor\/#\/schema\/person\/image\/\"},\"sameAs\":[\"https:\/\/www.facebook.com\/luchonoticiasneiva\"]},{\"@type\":\"Person\",\"@id\":\"https:\/\/luchonoticias.com\/editor\/#\/schema\/person\/29217990ddf6f14e35912b2866d591fb\",\"name\":\"Editor General\",\"image\":{\"@type\":\"ImageObject\",\"inLanguage\":\"es\",\"@id\":\"https:\/\/luchonoticias.com\/editor\/#\/schema\/person\/image\/\",\"url\":\"https:\/\/luchonoticias.com\/editor\/wp-content\/uploads\/2024\/02\/cropped-cropped-logolu-150x150.webp\",\"contentUrl\":\"https:\/\/luchonoticias.com\/editor\/wp-content\/uploads\/2024\/02\/cropped-cropped-logolu-150x150.webp\",\"caption\":\"Editor General\"},\"sameAs\":[\"https:\/\/luchonoticias.com\/\"],\"url\":\"https:\/\/luchonoticias.com\/editor\/author\/editor-general\/\"}]}<\/script>\n<!-- \/ Yoast SEO plugin. -->","yoast_head_json":{"title":"Se aprob\u00f3 la Jurisdicci\u00f3n Agraria, \u00bfY ahora Qu\u00e9? -","robots":{"index":"index","follow":"follow","max-snippet":"max-snippet:-1","max-image-preview":"max-image-preview:large","max-video-preview":"max-video-preview:-1"},"canonical":"https:\/\/luchonoticias.com\/editor\/se-aprobo-la-jurisdiccion-agraria-y-ahora-que\/","og_locale":"es_ES","og_type":"article","og_title":"Se aprob\u00f3 la Jurisdicci\u00f3n Agraria, \u00bfY ahora Qu\u00e9? -","og_url":"https:\/\/luchonoticias.com\/editor\/se-aprobo-la-jurisdiccion-agraria-y-ahora-que\/","article_publisher":"https:\/\/www.facebook.com\/luchonoticiasneiva","article_published_time":"2023-07-12T08:38:36+00:00","article_modified_time":"2023-07-12T08:38:37+00:00","author":"Editor General","twitter_card":"summary_large_image","twitter_misc":{"Escrito por":"Editor General","Tiempo de lectura":"2 minutos"},"schema":{"@context":"https:\/\/schema.org","@graph":[{"@type":"Article","@id":"https:\/\/luchonoticias.com\/editor\/se-aprobo-la-jurisdiccion-agraria-y-ahora-que\/#article","isPartOf":{"@id":"https:\/\/luchonoticias.com\/editor\/se-aprobo-la-jurisdiccion-agraria-y-ahora-que\/"},"author":{"name":"Editor General","@id":"https:\/\/luchonoticias.com\/editor\/#\/schema\/person\/29217990ddf6f14e35912b2866d591fb"},"headline":"Se aprob\u00f3 la Jurisdicci\u00f3n Agraria, \u00bfY ahora Qu\u00e9?","datePublished":"2023-07-12T08:38:36+00:00","dateModified":"2023-07-12T08:38:37+00:00","mainEntityOfPage":{"@id":"https:\/\/luchonoticias.com\/editor\/se-aprobo-la-jurisdiccion-agraria-y-ahora-que\/"},"wordCount":465,"commentCount":0,"publisher":{"@id":"https:\/\/luchonoticias.com\/editor\/#\/schema\/person\/7a7fd911f58561fd056dbac7b55af9cd"},"articleSection":["Destacado","Pol\u00edtica"],"inLanguage":"es","potentialAction":[{"@type":"CommentAction","name":"Comment","target":["https:\/\/luchonoticias.com\/editor\/se-aprobo-la-jurisdiccion-agraria-y-ahora-que\/#respond"]}]},{"@type":"WebPage","@id":"https:\/\/luchonoticias.com\/editor\/se-aprobo-la-jurisdiccion-agraria-y-ahora-que\/","url":"https:\/\/luchonoticias.com\/editor\/se-aprobo-la-jurisdiccion-agraria-y-ahora-que\/","name":"Se aprob\u00f3 la Jurisdicci\u00f3n Agraria, \u00bfY ahora Qu\u00e9? -","isPartOf":{"@id":"https:\/\/luchonoticias.com\/editor\/#website"},"datePublished":"2023-07-12T08:38:36+00:00","dateModified":"2023-07-12T08:38:37+00:00","breadcrumb":{"@id":"https:\/\/luchonoticias.com\/editor\/se-aprobo-la-jurisdiccion-agraria-y-ahora-que\/#breadcrumb"},"inLanguage":"es","potentialAction":[{"@type":"ReadAction","target":["https:\/\/luchonoticias.com\/editor\/se-aprobo-la-jurisdiccion-agraria-y-ahora-que\/"]}]},{"@type":"BreadcrumbList","@id":"https:\/\/luchonoticias.com\/editor\/se-aprobo-la-jurisdiccion-agraria-y-ahora-que\/#breadcrumb","itemListElement":[{"@type":"ListItem","position":1,"name":"Portada","item":"https:\/\/luchonoticias.com\/editor\/"},{"@type":"ListItem","position":2,"name":"Se aprob\u00f3 la Jurisdicci\u00f3n Agraria, \u00bfY ahora Qu\u00e9?"}]},{"@type":"WebSite","@id":"https:\/\/luchonoticias.com\/editor\/#website","url":"https:\/\/luchonoticias.com\/editor\/","name":"","description":"","publisher":{"@id":"https:\/\/luchonoticias.com\/editor\/#\/schema\/person\/7a7fd911f58561fd056dbac7b55af9cd"},"potentialAction":[{"@type":"SearchAction","target":{"@type":"EntryPoint","urlTemplate":"https:\/\/luchonoticias.com\/editor\/?s={search_term_string}"},"query-input":{"@type":"PropertyValueSpecification","valueRequired":true,"valueName":"search_term_string"}}],"inLanguage":"es"},{"@type":["Person","Organization"],"@id":"https:\/\/luchonoticias.com\/editor\/#\/schema\/person\/7a7fd911f58561fd056dbac7b55af9cd","name":"admin","image":{"@type":"ImageObject","inLanguage":"es","@id":"https:\/\/luchonoticias.com\/editor\/#\/schema\/person\/image\/","url":"https:\/\/luchonoticias.com\/editor\/wp-content\/uploads\/2024\/02\/cropped-cropped-logolu.webp","contentUrl":"https:\/\/luchonoticias.com\/editor\/wp-content\/uploads\/2024\/02\/cropped-cropped-logolu.webp","width":382,"height":170,"caption":"admin"},"logo":{"@id":"https:\/\/luchonoticias.com\/editor\/#\/schema\/person\/image\/"},"sameAs":["https:\/\/www.facebook.com\/luchonoticiasneiva"]},{"@type":"Person","@id":"https:\/\/luchonoticias.com\/editor\/#\/schema\/person\/29217990ddf6f14e35912b2866d591fb","name":"Editor General","image":{"@type":"ImageObject","inLanguage":"es","@id":"https:\/\/luchonoticias.com\/editor\/#\/schema\/person\/image\/","url":"https:\/\/luchonoticias.com\/editor\/wp-content\/uploads\/2024\/02\/cropped-cropped-logolu-150x150.webp","contentUrl":"https:\/\/luchonoticias.com\/editor\/wp-content\/uploads\/2024\/02\/cropped-cropped-logolu-150x150.webp","caption":"Editor General"},"sameAs":["https:\/\/luchonoticias.com\/"],"url":"https:\/\/luchonoticias.com\/editor\/author\/editor-general\/"}]}},"_links":{"self":[{"href":"https:\/\/luchonoticias.com\/editor\/wp-json\/wp\/v2\/posts\/56378","targetHints":{"allow":["GET"]}}],"collection":[{"href":"https:\/\/luchonoticias.com\/editor\/wp-json\/wp\/v2\/posts"}],"about":[{"href":"https:\/\/luchonoticias.com\/editor\/wp-json\/wp\/v2\/types\/post"}],"author":[{"embeddable":true,"href":"https:\/\/luchonoticias.com\/editor\/wp-json\/wp\/v2\/users\/2"}],"replies":[{"embeddable":true,"href":"https:\/\/luchonoticias.com\/editor\/wp-json\/wp\/v2\/comments?post=56378"}],"version-history":[{"count":0,"href":"https:\/\/luchonoticias.com\/editor\/wp-json\/wp\/v2\/posts\/56378\/revisions"}],"wp:attachment":[{"href":"https:\/\/luchonoticias.com\/editor\/wp-json\/wp\/v2\/media?parent=56378"}],"wp:term":[{"taxonomy":"category","embeddable":true,"href":"https:\/\/luchonoticias.com\/editor\/wp-json\/wp\/v2\/categories?post=56378"},{"taxonomy":"post_tag","embeddable":true,"href":"https:\/\/luchonoticias.com\/editor\/wp-json\/wp\/v2\/tags?post=56378"}],"curies":[{"name":"wp","href":"https:\/\/api.w.org\/{rel}","templated":true}]}}