{"id":56384,"date":"2023-07-12T04:24:16","date_gmt":"2023-07-12T09:24:16","guid":{"rendered":"https:\/\/luchonoticias.com\/?p=56384"},"modified":"2023-07-12T04:24:18","modified_gmt":"2023-07-12T09:24:18","slug":"entregadas-aulas-de-preescolar-en-campoalegre","status":"publish","type":"post","link":"https:\/\/luchonoticias.com\/editor\/entregadas-aulas-de-preescolar-en-campoalegre\/","title":{"rendered":"Entregadas aulas de preescolar en Campoalegre"},"content":{"rendered":"\n<p><strong>Campoalegre\u00a0<\/strong>recibi\u00f3 con alegr\u00eda la visita de la secretaria de Educaci\u00f3n del Huila, Tania Pe\u00f1afiel, quien hizo\u00a0<strong>entrega a distintas comunidades educativas, de 8 aulas de pre-escolar,<\/strong>\u00a0con una inversi\u00f3n superior a los 307 millones de pesos, y que<strong>\u00a0benefician a 250 ni\u00f1os y ni\u00f1as de este municipio.<\/strong><\/p>\n\n\n\n<p>Las Instituciones Educativas que estrenaron estas aulas de pre-escolar, fueron la Jos\u00e9 Hilario L\u00f3pez, de sus sedes El Jard\u00edn, Cincuentenario y Central Mixta; I.E. Ecopetrol sedes Delia Ferro Falla y Panam\u00e1. Y la Instituci\u00f3n Educativa Eugenio Ferro Falla, sedes Central, Encarnaci\u00f3n Salas de Motta y Arcelia Pastrana, todas ubicadas en el casco urbano de la capital arrocera del Huila.<\/p>\n\n\n\n<p>Las obras consistieron en&nbsp;<strong>mejoramiento de las condiciones de infraestructura de las aulas de primera infancia&nbsp;<\/strong>(nuevos pisos y cubiertas, iluminaci\u00f3n, ventanas, cielo raso y pintura interna y externa).<\/p>\n\n\n\n<p>\u201cEste es un esfuerzo con recursos propios que hace el gobierno Huila Crece porque estamos pensando en construir mejores seres humanos, y eso pasa por invertir en la primera infancia. As\u00ed mismo se han hecho inversiones por cerca de 1.000 millones de pesos en recuperaci\u00f3n de las sedes educativas afectadas por las lluvias durante el fen\u00f3meno de la Ni\u00f1a\u201d, indic\u00f3 la secretaria.<\/p>\n\n\n\n<p>La funcionaria tambi\u00e9n dijo que<strong>&nbsp;el contrato de aulas de pre escolar es superior a los 1.000 millones de pesos<\/strong>&nbsp;para la zona norte del Huila, y que&nbsp;<strong>incluye otras 14 para un total de 22 aulas&nbsp;<\/strong>de pre escolar en instituciones educativas de los municipios de Campoalegre, Baraya, Colombia, Palermo, Rivera, Santa Mar\u00eda, Tello, Yaguar\u00e1 y Villavieja.<\/p>\n\n\n\n<p>\u201cEn total son 70 sedes educativas en varios municipios de los 35 no certificados en educaci\u00f3n que atiende el Gobierno Departamental, para una cifra cercana de 3.500 millones de pesos de inversi\u00f3n de Huila Crece en aulas de pre escolar, como aportes que hace el gobierno del ingeniero Luis Enrique Duss\u00e1n en el marco de la pol\u00edtica p\u00fablica de primera infancia\u201d, puntualiz\u00f3 la secretaria departamental de Educaci\u00f3n.<\/p>\n","protected":false},"excerpt":{"rendered":"<p>Campoalegre\u00a0recibi\u00f3 con alegr\u00eda la visita de la secretaria de Educaci\u00f3n del Huila, Tania Pe\u00f1afiel, quien hizo\u00a0entrega a distintas comunidades educativas, de 8 aulas de pre-escolar,\u00a0con una inversi\u00f3n superior a los 307 millones de pesos, y que\u00a0benefician a 250 ni\u00f1os y ni\u00f1as de este municipio. Las Instituciones Educativas que estrenaron estas aulas de pre-escolar, fueron la [&hellip;]<\/p>\n","protected":false},"author":2,"featured_media":0,"comment_status":"open","ping_status":"open","sticky":false,"template":"","format":"standard","meta":{"footnotes":""},"categories":[33],"tags":[],"class_list":["post-56384","post","type-post","status-publish","format-standard","hentry","category-huila"],"yoast_head":"<!-- This site is optimized with the Yoast SEO plugin v26.6 - https:\/\/yoast.com\/wordpress\/plugins\/seo\/ -->\n<title>Entregadas aulas de preescolar en Campoalegre -<\/title>\n<meta name=\"robots\" content=\"index, follow, max-snippet:-1, max-image-preview:large, max-video-preview:-1\" \/>\n<link rel=\"canonical\" href=\"https:\/\/luchonoticias.com\/editor\/entregadas-aulas-de-preescolar-en-campoalegre\/\" \/>\n<meta property=\"og:locale\" content=\"es_ES\" \/>\n<meta property=\"og:type\" content=\"article\" \/>\n<meta property=\"og:title\" content=\"Entregadas aulas de preescolar en Campoalegre -\" \/>\n<meta property=\"og:url\" content=\"https:\/\/luchonoticias.com\/editor\/entregadas-aulas-de-preescolar-en-campoalegre\/\" \/>\n<meta property=\"article:publisher\" content=\"https:\/\/www.facebook.com\/luchonoticiasneiva\" \/>\n<meta property=\"article:published_time\" content=\"2023-07-12T09:24:16+00:00\" \/>\n<meta property=\"article:modified_time\" content=\"2023-07-12T09:24:18+00:00\" \/>\n<meta name=\"author\" content=\"Editor General\" \/>\n<meta name=\"twitter:card\" content=\"summary_large_image\" \/>\n<meta name=\"twitter:label1\" content=\"Escrito por\" \/>\n\t<meta name=\"twitter:data1\" content=\"Editor General\" \/>\n\t<meta name=\"twitter:label2\" content=\"Tiempo de lectura\" \/>\n\t<meta name=\"twitter:data2\" content=\"2 minutos\" \/>\n<script type=\"application\/ld+json\" class=\"yoast-schema-graph\">{\"@context\":\"https:\/\/schema.org\",\"@graph\":[{\"@type\":\"Article\",\"@id\":\"https:\/\/luchonoticias.com\/editor\/entregadas-aulas-de-preescolar-en-campoalegre\/#article\",\"isPartOf\":{\"@id\":\"https:\/\/luchonoticias.com\/editor\/entregadas-aulas-de-preescolar-en-campoalegre\/\"},\"author\":{\"name\":\"Editor General\",\"@id\":\"https:\/\/luchonoticias.com\/editor\/#\/schema\/person\/29217990ddf6f14e35912b2866d591fb\"},\"headline\":\"Entregadas aulas de preescolar en Campoalegre\",\"datePublished\":\"2023-07-12T09:24:16+00:00\",\"dateModified\":\"2023-07-12T09:24:18+00:00\",\"mainEntityOfPage\":{\"@id\":\"https:\/\/luchonoticias.com\/editor\/entregadas-aulas-de-preescolar-en-campoalegre\/\"},\"wordCount\":348,\"commentCount\":0,\"publisher\":{\"@id\":\"https:\/\/luchonoticias.com\/editor\/#\/schema\/person\/7a7fd911f58561fd056dbac7b55af9cd\"},\"articleSection\":[\"Huila\"],\"inLanguage\":\"es\",\"potentialAction\":[{\"@type\":\"CommentAction\",\"name\":\"Comment\",\"target\":[\"https:\/\/luchonoticias.com\/editor\/entregadas-aulas-de-preescolar-en-campoalegre\/#respond\"]}]},{\"@type\":\"WebPage\",\"@id\":\"https:\/\/luchonoticias.com\/editor\/entregadas-aulas-de-preescolar-en-campoalegre\/\",\"url\":\"https:\/\/luchonoticias.com\/editor\/entregadas-aulas-de-preescolar-en-campoalegre\/\",\"name\":\"Entregadas aulas de preescolar en Campoalegre -\",\"isPartOf\":{\"@id\":\"https:\/\/luchonoticias.com\/editor\/#website\"},\"datePublished\":\"2023-07-12T09:24:16+00:00\",\"dateModified\":\"2023-07-12T09:24:18+00:00\",\"breadcrumb\":{\"@id\":\"https:\/\/luchonoticias.com\/editor\/entregadas-aulas-de-preescolar-en-campoalegre\/#breadcrumb\"},\"inLanguage\":\"es\",\"potentialAction\":[{\"@type\":\"ReadAction\",\"target\":[\"https:\/\/luchonoticias.com\/editor\/entregadas-aulas-de-preescolar-en-campoalegre\/\"]}]},{\"@type\":\"BreadcrumbList\",\"@id\":\"https:\/\/luchonoticias.com\/editor\/entregadas-aulas-de-preescolar-en-campoalegre\/#breadcrumb\",\"itemListElement\":[{\"@type\":\"ListItem\",\"position\":1,\"name\":\"Portada\",\"item\":\"https:\/\/luchonoticias.com\/editor\/\"},{\"@type\":\"ListItem\",\"position\":2,\"name\":\"Entregadas aulas de preescolar en Campoalegre\"}]},{\"@type\":\"WebSite\",\"@id\":\"https:\/\/luchonoticias.com\/editor\/#website\",\"url\":\"https:\/\/luchonoticias.com\/editor\/\",\"name\":\"\",\"description\":\"\",\"publisher\":{\"@id\":\"https:\/\/luchonoticias.com\/editor\/#\/schema\/person\/7a7fd911f58561fd056dbac7b55af9cd\"},\"potentialAction\":[{\"@type\":\"SearchAction\",\"target\":{\"@type\":\"EntryPoint\",\"urlTemplate\":\"https:\/\/luchonoticias.com\/editor\/?s={search_term_string}\"},\"query-input\":{\"@type\":\"PropertyValueSpecification\",\"valueRequired\":true,\"valueName\":\"search_term_string\"}}],\"inLanguage\":\"es\"},{\"@type\":[\"Person\",\"Organization\"],\"@id\":\"https:\/\/luchonoticias.com\/editor\/#\/schema\/person\/7a7fd911f58561fd056dbac7b55af9cd\",\"name\":\"admin\",\"image\":{\"@type\":\"ImageObject\",\"inLanguage\":\"es\",\"@id\":\"https:\/\/luchonoticias.com\/editor\/#\/schema\/person\/image\/\",\"url\":\"https:\/\/luchonoticias.com\/editor\/wp-content\/uploads\/2024\/02\/cropped-cropped-logolu.webp\",\"contentUrl\":\"https:\/\/luchonoticias.com\/editor\/wp-content\/uploads\/2024\/02\/cropped-cropped-logolu.webp\",\"width\":382,\"height\":170,\"caption\":\"admin\"},\"logo\":{\"@id\":\"https:\/\/luchonoticias.com\/editor\/#\/schema\/person\/image\/\"},\"sameAs\":[\"https:\/\/www.facebook.com\/luchonoticiasneiva\"]},{\"@type\":\"Person\",\"@id\":\"https:\/\/luchonoticias.com\/editor\/#\/schema\/person\/29217990ddf6f14e35912b2866d591fb\",\"name\":\"Editor General\",\"image\":{\"@type\":\"ImageObject\",\"inLanguage\":\"es\",\"@id\":\"https:\/\/luchonoticias.com\/editor\/#\/schema\/person\/image\/\",\"url\":\"https:\/\/luchonoticias.com\/editor\/wp-content\/uploads\/2024\/02\/cropped-cropped-logolu-150x150.webp\",\"contentUrl\":\"https:\/\/luchonoticias.com\/editor\/wp-content\/uploads\/2024\/02\/cropped-cropped-logolu-150x150.webp\",\"caption\":\"Editor General\"},\"sameAs\":[\"https:\/\/luchonoticias.com\/\"],\"url\":\"https:\/\/luchonoticias.com\/editor\/author\/editor-general\/\"}]}<\/script>\n<!-- \/ Yoast SEO plugin. -->","yoast_head_json":{"title":"Entregadas aulas de preescolar en Campoalegre -","robots":{"index":"index","follow":"follow","max-snippet":"max-snippet:-1","max-image-preview":"max-image-preview:large","max-video-preview":"max-video-preview:-1"},"canonical":"https:\/\/luchonoticias.com\/editor\/entregadas-aulas-de-preescolar-en-campoalegre\/","og_locale":"es_ES","og_type":"article","og_title":"Entregadas aulas de preescolar en Campoalegre -","og_url":"https:\/\/luchonoticias.com\/editor\/entregadas-aulas-de-preescolar-en-campoalegre\/","article_publisher":"https:\/\/www.facebook.com\/luchonoticiasneiva","article_published_time":"2023-07-12T09:24:16+00:00","article_modified_time":"2023-07-12T09:24:18+00:00","author":"Editor General","twitter_card":"summary_large_image","twitter_misc":{"Escrito por":"Editor General","Tiempo de lectura":"2 minutos"},"schema":{"@context":"https:\/\/schema.org","@graph":[{"@type":"Article","@id":"https:\/\/luchonoticias.com\/editor\/entregadas-aulas-de-preescolar-en-campoalegre\/#article","isPartOf":{"@id":"https:\/\/luchonoticias.com\/editor\/entregadas-aulas-de-preescolar-en-campoalegre\/"},"author":{"name":"Editor General","@id":"https:\/\/luchonoticias.com\/editor\/#\/schema\/person\/29217990ddf6f14e35912b2866d591fb"},"headline":"Entregadas aulas de preescolar en Campoalegre","datePublished":"2023-07-12T09:24:16+00:00","dateModified":"2023-07-12T09:24:18+00:00","mainEntityOfPage":{"@id":"https:\/\/luchonoticias.com\/editor\/entregadas-aulas-de-preescolar-en-campoalegre\/"},"wordCount":348,"commentCount":0,"publisher":{"@id":"https:\/\/luchonoticias.com\/editor\/#\/schema\/person\/7a7fd911f58561fd056dbac7b55af9cd"},"articleSection":["Huila"],"inLanguage":"es","potentialAction":[{"@type":"CommentAction","name":"Comment","target":["https:\/\/luchonoticias.com\/editor\/entregadas-aulas-de-preescolar-en-campoalegre\/#respond"]}]},{"@type":"WebPage","@id":"https:\/\/luchonoticias.com\/editor\/entregadas-aulas-de-preescolar-en-campoalegre\/","url":"https:\/\/luchonoticias.com\/editor\/entregadas-aulas-de-preescolar-en-campoalegre\/","name":"Entregadas aulas de preescolar en Campoalegre -","isPartOf":{"@id":"https:\/\/luchonoticias.com\/editor\/#website"},"datePublished":"2023-07-12T09:24:16+00:00","dateModified":"2023-07-12T09:24:18+00:00","breadcrumb":{"@id":"https:\/\/luchonoticias.com\/editor\/entregadas-aulas-de-preescolar-en-campoalegre\/#breadcrumb"},"inLanguage":"es","potentialAction":[{"@type":"ReadAction","target":["https:\/\/luchonoticias.com\/editor\/entregadas-aulas-de-preescolar-en-campoalegre\/"]}]},{"@type":"BreadcrumbList","@id":"https:\/\/luchonoticias.com\/editor\/entregadas-aulas-de-preescolar-en-campoalegre\/#breadcrumb","itemListElement":[{"@type":"ListItem","position":1,"name":"Portada","item":"https:\/\/luchonoticias.com\/editor\/"},{"@type":"ListItem","position":2,"name":"Entregadas aulas de preescolar en Campoalegre"}]},{"@type":"WebSite","@id":"https:\/\/luchonoticias.com\/editor\/#website","url":"https:\/\/luchonoticias.com\/editor\/","name":"","description":"","publisher":{"@id":"https:\/\/luchonoticias.com\/editor\/#\/schema\/person\/7a7fd911f58561fd056dbac7b55af9cd"},"potentialAction":[{"@type":"SearchAction","target":{"@type":"EntryPoint","urlTemplate":"https:\/\/luchonoticias.com\/editor\/?s={search_term_string}"},"query-input":{"@type":"PropertyValueSpecification","valueRequired":true,"valueName":"search_term_string"}}],"inLanguage":"es"},{"@type":["Person","Organization"],"@id":"https:\/\/luchonoticias.com\/editor\/#\/schema\/person\/7a7fd911f58561fd056dbac7b55af9cd","name":"admin","image":{"@type":"ImageObject","inLanguage":"es","@id":"https:\/\/luchonoticias.com\/editor\/#\/schema\/person\/image\/","url":"https:\/\/luchonoticias.com\/editor\/wp-content\/uploads\/2024\/02\/cropped-cropped-logolu.webp","contentUrl":"https:\/\/luchonoticias.com\/editor\/wp-content\/uploads\/2024\/02\/cropped-cropped-logolu.webp","width":382,"height":170,"caption":"admin"},"logo":{"@id":"https:\/\/luchonoticias.com\/editor\/#\/schema\/person\/image\/"},"sameAs":["https:\/\/www.facebook.com\/luchonoticiasneiva"]},{"@type":"Person","@id":"https:\/\/luchonoticias.com\/editor\/#\/schema\/person\/29217990ddf6f14e35912b2866d591fb","name":"Editor General","image":{"@type":"ImageObject","inLanguage":"es","@id":"https:\/\/luchonoticias.com\/editor\/#\/schema\/person\/image\/","url":"https:\/\/luchonoticias.com\/editor\/wp-content\/uploads\/2024\/02\/cropped-cropped-logolu-150x150.webp","contentUrl":"https:\/\/luchonoticias.com\/editor\/wp-content\/uploads\/2024\/02\/cropped-cropped-logolu-150x150.webp","caption":"Editor General"},"sameAs":["https:\/\/luchonoticias.com\/"],"url":"https:\/\/luchonoticias.com\/editor\/author\/editor-general\/"}]}},"_links":{"self":[{"href":"https:\/\/luchonoticias.com\/editor\/wp-json\/wp\/v2\/posts\/56384","targetHints":{"allow":["GET"]}}],"collection":[{"href":"https:\/\/luchonoticias.com\/editor\/wp-json\/wp\/v2\/posts"}],"about":[{"href":"https:\/\/luchonoticias.com\/editor\/wp-json\/wp\/v2\/types\/post"}],"author":[{"embeddable":true,"href":"https:\/\/luchonoticias.com\/editor\/wp-json\/wp\/v2\/users\/2"}],"replies":[{"embeddable":true,"href":"https:\/\/luchonoticias.com\/editor\/wp-json\/wp\/v2\/comments?post=56384"}],"version-history":[{"count":0,"href":"https:\/\/luchonoticias.com\/editor\/wp-json\/wp\/v2\/posts\/56384\/revisions"}],"wp:attachment":[{"href":"https:\/\/luchonoticias.com\/editor\/wp-json\/wp\/v2\/media?parent=56384"}],"wp:term":[{"taxonomy":"category","embeddable":true,"href":"https:\/\/luchonoticias.com\/editor\/wp-json\/wp\/v2\/categories?post=56384"},{"taxonomy":"post_tag","embeddable":true,"href":"https:\/\/luchonoticias.com\/editor\/wp-json\/wp\/v2\/tags?post=56384"}],"curies":[{"name":"wp","href":"https:\/\/api.w.org\/{rel}","templated":true}]}}