{"id":56390,"date":"2023-07-12T04:29:48","date_gmt":"2023-07-12T09:29:48","guid":{"rendered":"https:\/\/luchonoticias.com\/?p=56390"},"modified":"2023-07-12T04:29:49","modified_gmt":"2023-07-12T09:29:49","slug":"le-mediran-el-aceite-a-los-profesores-de-ingles-del-huila","status":"publish","type":"post","link":"https:\/\/luchonoticias.com\/editor\/le-mediran-el-aceite-a-los-profesores-de-ingles-del-huila\/","title":{"rendered":"Le &#8216;medir\u00e1n el aceite&#8217; a los profesores de ingl\u00e9s del Huila"},"content":{"rendered":"\n<p>El Gobierno Departamental inici\u00f3 la\u00a0<strong>ejecuci\u00f3n de un Convenio Interadministrativo\u00a0<\/strong>para\u00a0<strong>desarrollar el Programa Huila Crece con Biling\u00fcismo<\/strong>, en donde el ejecutor de un poco m\u00e1s de 252 millones de pesos, ser\u00e1 la Universidad Surcolombiana.<\/p>\n\n\n\n<p>\u201cEs una inversi\u00f3n que hacemos toda vez que\u00a0<strong>los niveles de aprendizaje del ingl\u00e9s son muy pobres en el territorio.<\/strong>\u00a0De acuerdo a nuestra oficina de calidad educativa, en las Pruebas Saber 11 del 2022, tenemos\u00a0<strong>un 54% de las instituciones educativas oficiales con una mala calificaci\u00f3n de (A-)<\/strong>\u201d, asegur\u00f3 la secretaria.<\/p>\n\n\n\n<p>\u201cEllo&nbsp;<strong>nos obliga a examinar qu\u00e9 est\u00e1 pasando con la metodolog\u00eda docente o el saber docente&nbsp;<\/strong>en el \u00e1rea de ingl\u00e9s que se imparte en los establecimientos educativos que atendemos en los 35 municipios no certificados en educaci\u00f3n a cargo del Departamento\u201d, complement\u00f3.<\/p>\n\n\n\n<h5 class=\"wp-block-heading\">Lo que se har\u00e1<\/h5>\n\n\n\n<p>El Contrato Interadministrativo en cuesti\u00f3n, es el 1294 del 28 de junio de 2023, celebrado entre el Departamento del Huila- Secretar\u00eda de Educaci\u00f3n y Universidad Surcolombiana, y cuyo prop\u00f3sito es realizar el&nbsp;<strong>diagn\u00f3stico del nivel de Ingl\u00e9s de los docentes en las Instituciones Educativas Oficiales del Huila.<\/strong><\/p>\n\n\n\n<p>El diagn\u00f3stico se realizar\u00e1 en los municipios de El Agrado, Altamira, Garz\u00f3n, Gigante, Guadalupe, El Pital, Suaza, Tarqui, Aipe, Algeciras, Campoalegre, Colombia, Iquira, Palermo, Santa Mar\u00eda, Tello, Teruel, Villavieja, Yaguar\u00e1, La Plata, N\u00e1taga, Paicol, Tesalia, La Argentina, Acevedo, El\u00edas, Isnos, Oporapa, Palestina, San Agust\u00edn y Timan\u00e1.<\/p>\n\n\n\n<p>\u201cEl&nbsp;<strong>valor de la inversi\u00f3n es de $252.500.000<\/strong>&nbsp;y adem\u00e1s de evaluar a nuestros docentes frente al dominio de esta segunda lengua, vamos a analizar la pr\u00e1ctica pedag\u00f3gica que cada uno de ellos viene ejecutando en sus instituciones educativas\u201d, rese\u00f1\u00f3 Pe\u00f1afiel Espa\u00f1a.<\/p>\n\n\n\n<p>\u201cAs\u00ed mismo, el convenio<strong>&nbsp;contempla un encuentro departamental de biling\u00fcismo&nbsp;<\/strong>que tiene una connotaci\u00f3n especial, y es que&nbsp;<strong>involucra a las comunidades afro y a las comunidades ind\u00edgenas del departamento<\/strong>, en aras de que reconozcamos con enfoque diferencial esas otras lenguas que tenemos establecidas en el territorio huilense que dominan estos grupos poblacionales minoritarios que deben ser incluidos en estos diagn\u00f3sticos\u201d, enfatiz\u00f3.<\/p>\n","protected":false},"excerpt":{"rendered":"<p>El Gobierno Departamental inici\u00f3 la\u00a0ejecuci\u00f3n de un Convenio Interadministrativo\u00a0para\u00a0desarrollar el Programa Huila Crece con Biling\u00fcismo, en donde el ejecutor de un poco m\u00e1s de 252 millones de pesos, ser\u00e1 la Universidad Surcolombiana. \u201cEs una inversi\u00f3n que hacemos toda vez que\u00a0los niveles de aprendizaje del ingl\u00e9s son muy pobres en el territorio.\u00a0De acuerdo a nuestra oficina [&hellip;]<\/p>\n","protected":false},"author":2,"featured_media":0,"comment_status":"open","ping_status":"open","sticky":false,"template":"","format":"standard","meta":{"footnotes":""},"categories":[34],"tags":[],"class_list":["post-56390","post","type-post","status-publish","format-standard","hentry","category-deportes"],"yoast_head":"<!-- This site is optimized with the Yoast SEO plugin v26.6 - https:\/\/yoast.com\/wordpress\/plugins\/seo\/ -->\n<title>Le &#039;medir\u00e1n el aceite&#039; a los profesores de ingl\u00e9s del Huila -<\/title>\n<meta name=\"robots\" content=\"index, follow, max-snippet:-1, max-image-preview:large, max-video-preview:-1\" \/>\n<link rel=\"canonical\" href=\"https:\/\/luchonoticias.com\/editor\/le-mediran-el-aceite-a-los-profesores-de-ingles-del-huila\/\" \/>\n<meta property=\"og:locale\" content=\"es_ES\" \/>\n<meta property=\"og:type\" content=\"article\" \/>\n<meta property=\"og:title\" content=\"Le &#039;medir\u00e1n el aceite&#039; a los profesores de ingl\u00e9s del Huila -\" \/>\n<meta property=\"og:url\" content=\"https:\/\/luchonoticias.com\/editor\/le-mediran-el-aceite-a-los-profesores-de-ingles-del-huila\/\" \/>\n<meta property=\"article:publisher\" content=\"https:\/\/www.facebook.com\/luchonoticiasneiva\" \/>\n<meta property=\"article:published_time\" content=\"2023-07-12T09:29:48+00:00\" \/>\n<meta property=\"article:modified_time\" content=\"2023-07-12T09:29:49+00:00\" \/>\n<meta name=\"author\" content=\"Editor General\" \/>\n<meta name=\"twitter:card\" content=\"summary_large_image\" \/>\n<meta name=\"twitter:label1\" content=\"Escrito por\" \/>\n\t<meta name=\"twitter:data1\" content=\"Editor General\" \/>\n\t<meta name=\"twitter:label2\" content=\"Tiempo de lectura\" \/>\n\t<meta name=\"twitter:data2\" content=\"2 minutos\" \/>\n<script type=\"application\/ld+json\" class=\"yoast-schema-graph\">{\"@context\":\"https:\/\/schema.org\",\"@graph\":[{\"@type\":\"Article\",\"@id\":\"https:\/\/luchonoticias.com\/editor\/le-mediran-el-aceite-a-los-profesores-de-ingles-del-huila\/#article\",\"isPartOf\":{\"@id\":\"https:\/\/luchonoticias.com\/editor\/le-mediran-el-aceite-a-los-profesores-de-ingles-del-huila\/\"},\"author\":{\"name\":\"Editor General\",\"@id\":\"https:\/\/luchonoticias.com\/editor\/#\/schema\/person\/29217990ddf6f14e35912b2866d591fb\"},\"headline\":\"Le &#8216;medir\u00e1n el aceite&#8217; a los profesores de ingl\u00e9s del Huila\",\"datePublished\":\"2023-07-12T09:29:48+00:00\",\"dateModified\":\"2023-07-12T09:29:49+00:00\",\"mainEntityOfPage\":{\"@id\":\"https:\/\/luchonoticias.com\/editor\/le-mediran-el-aceite-a-los-profesores-de-ingles-del-huila\/\"},\"wordCount\":374,\"commentCount\":0,\"publisher\":{\"@id\":\"https:\/\/luchonoticias.com\/editor\/#\/schema\/person\/7a7fd911f58561fd056dbac7b55af9cd\"},\"articleSection\":[\"Deportes\"],\"inLanguage\":\"es\",\"potentialAction\":[{\"@type\":\"CommentAction\",\"name\":\"Comment\",\"target\":[\"https:\/\/luchonoticias.com\/editor\/le-mediran-el-aceite-a-los-profesores-de-ingles-del-huila\/#respond\"]}]},{\"@type\":\"WebPage\",\"@id\":\"https:\/\/luchonoticias.com\/editor\/le-mediran-el-aceite-a-los-profesores-de-ingles-del-huila\/\",\"url\":\"https:\/\/luchonoticias.com\/editor\/le-mediran-el-aceite-a-los-profesores-de-ingles-del-huila\/\",\"name\":\"Le 'medir\u00e1n el aceite' a los profesores de ingl\u00e9s del Huila -\",\"isPartOf\":{\"@id\":\"https:\/\/luchonoticias.com\/editor\/#website\"},\"datePublished\":\"2023-07-12T09:29:48+00:00\",\"dateModified\":\"2023-07-12T09:29:49+00:00\",\"breadcrumb\":{\"@id\":\"https:\/\/luchonoticias.com\/editor\/le-mediran-el-aceite-a-los-profesores-de-ingles-del-huila\/#breadcrumb\"},\"inLanguage\":\"es\",\"potentialAction\":[{\"@type\":\"ReadAction\",\"target\":[\"https:\/\/luchonoticias.com\/editor\/le-mediran-el-aceite-a-los-profesores-de-ingles-del-huila\/\"]}]},{\"@type\":\"BreadcrumbList\",\"@id\":\"https:\/\/luchonoticias.com\/editor\/le-mediran-el-aceite-a-los-profesores-de-ingles-del-huila\/#breadcrumb\",\"itemListElement\":[{\"@type\":\"ListItem\",\"position\":1,\"name\":\"Portada\",\"item\":\"https:\/\/luchonoticias.com\/editor\/\"},{\"@type\":\"ListItem\",\"position\":2,\"name\":\"Le &#8216;medir\u00e1n el aceite&#8217; a los profesores de ingl\u00e9s del Huila\"}]},{\"@type\":\"WebSite\",\"@id\":\"https:\/\/luchonoticias.com\/editor\/#website\",\"url\":\"https:\/\/luchonoticias.com\/editor\/\",\"name\":\"\",\"description\":\"\",\"publisher\":{\"@id\":\"https:\/\/luchonoticias.com\/editor\/#\/schema\/person\/7a7fd911f58561fd056dbac7b55af9cd\"},\"potentialAction\":[{\"@type\":\"SearchAction\",\"target\":{\"@type\":\"EntryPoint\",\"urlTemplate\":\"https:\/\/luchonoticias.com\/editor\/?s={search_term_string}\"},\"query-input\":{\"@type\":\"PropertyValueSpecification\",\"valueRequired\":true,\"valueName\":\"search_term_string\"}}],\"inLanguage\":\"es\"},{\"@type\":[\"Person\",\"Organization\"],\"@id\":\"https:\/\/luchonoticias.com\/editor\/#\/schema\/person\/7a7fd911f58561fd056dbac7b55af9cd\",\"name\":\"admin\",\"image\":{\"@type\":\"ImageObject\",\"inLanguage\":\"es\",\"@id\":\"https:\/\/luchonoticias.com\/editor\/#\/schema\/person\/image\/\",\"url\":\"https:\/\/luchonoticias.com\/editor\/wp-content\/uploads\/2024\/02\/cropped-cropped-logolu.webp\",\"contentUrl\":\"https:\/\/luchonoticias.com\/editor\/wp-content\/uploads\/2024\/02\/cropped-cropped-logolu.webp\",\"width\":382,\"height\":170,\"caption\":\"admin\"},\"logo\":{\"@id\":\"https:\/\/luchonoticias.com\/editor\/#\/schema\/person\/image\/\"},\"sameAs\":[\"https:\/\/www.facebook.com\/luchonoticiasneiva\"]},{\"@type\":\"Person\",\"@id\":\"https:\/\/luchonoticias.com\/editor\/#\/schema\/person\/29217990ddf6f14e35912b2866d591fb\",\"name\":\"Editor General\",\"image\":{\"@type\":\"ImageObject\",\"inLanguage\":\"es\",\"@id\":\"https:\/\/luchonoticias.com\/editor\/#\/schema\/person\/image\/\",\"url\":\"https:\/\/luchonoticias.com\/editor\/wp-content\/uploads\/2024\/02\/cropped-cropped-logolu-150x150.webp\",\"contentUrl\":\"https:\/\/luchonoticias.com\/editor\/wp-content\/uploads\/2024\/02\/cropped-cropped-logolu-150x150.webp\",\"caption\":\"Editor General\"},\"sameAs\":[\"https:\/\/luchonoticias.com\/\"],\"url\":\"https:\/\/luchonoticias.com\/editor\/author\/editor-general\/\"}]}<\/script>\n<!-- \/ Yoast SEO plugin. -->","yoast_head_json":{"title":"Le 'medir\u00e1n el aceite' a los profesores de ingl\u00e9s del Huila -","robots":{"index":"index","follow":"follow","max-snippet":"max-snippet:-1","max-image-preview":"max-image-preview:large","max-video-preview":"max-video-preview:-1"},"canonical":"https:\/\/luchonoticias.com\/editor\/le-mediran-el-aceite-a-los-profesores-de-ingles-del-huila\/","og_locale":"es_ES","og_type":"article","og_title":"Le 'medir\u00e1n el aceite' a los profesores de ingl\u00e9s del Huila -","og_url":"https:\/\/luchonoticias.com\/editor\/le-mediran-el-aceite-a-los-profesores-de-ingles-del-huila\/","article_publisher":"https:\/\/www.facebook.com\/luchonoticiasneiva","article_published_time":"2023-07-12T09:29:48+00:00","article_modified_time":"2023-07-12T09:29:49+00:00","author":"Editor General","twitter_card":"summary_large_image","twitter_misc":{"Escrito por":"Editor General","Tiempo de lectura":"2 minutos"},"schema":{"@context":"https:\/\/schema.org","@graph":[{"@type":"Article","@id":"https:\/\/luchonoticias.com\/editor\/le-mediran-el-aceite-a-los-profesores-de-ingles-del-huila\/#article","isPartOf":{"@id":"https:\/\/luchonoticias.com\/editor\/le-mediran-el-aceite-a-los-profesores-de-ingles-del-huila\/"},"author":{"name":"Editor General","@id":"https:\/\/luchonoticias.com\/editor\/#\/schema\/person\/29217990ddf6f14e35912b2866d591fb"},"headline":"Le &#8216;medir\u00e1n el aceite&#8217; a los profesores de ingl\u00e9s del Huila","datePublished":"2023-07-12T09:29:48+00:00","dateModified":"2023-07-12T09:29:49+00:00","mainEntityOfPage":{"@id":"https:\/\/luchonoticias.com\/editor\/le-mediran-el-aceite-a-los-profesores-de-ingles-del-huila\/"},"wordCount":374,"commentCount":0,"publisher":{"@id":"https:\/\/luchonoticias.com\/editor\/#\/schema\/person\/7a7fd911f58561fd056dbac7b55af9cd"},"articleSection":["Deportes"],"inLanguage":"es","potentialAction":[{"@type":"CommentAction","name":"Comment","target":["https:\/\/luchonoticias.com\/editor\/le-mediran-el-aceite-a-los-profesores-de-ingles-del-huila\/#respond"]}]},{"@type":"WebPage","@id":"https:\/\/luchonoticias.com\/editor\/le-mediran-el-aceite-a-los-profesores-de-ingles-del-huila\/","url":"https:\/\/luchonoticias.com\/editor\/le-mediran-el-aceite-a-los-profesores-de-ingles-del-huila\/","name":"Le 'medir\u00e1n el aceite' a los profesores de ingl\u00e9s del Huila -","isPartOf":{"@id":"https:\/\/luchonoticias.com\/editor\/#website"},"datePublished":"2023-07-12T09:29:48+00:00","dateModified":"2023-07-12T09:29:49+00:00","breadcrumb":{"@id":"https:\/\/luchonoticias.com\/editor\/le-mediran-el-aceite-a-los-profesores-de-ingles-del-huila\/#breadcrumb"},"inLanguage":"es","potentialAction":[{"@type":"ReadAction","target":["https:\/\/luchonoticias.com\/editor\/le-mediran-el-aceite-a-los-profesores-de-ingles-del-huila\/"]}]},{"@type":"BreadcrumbList","@id":"https:\/\/luchonoticias.com\/editor\/le-mediran-el-aceite-a-los-profesores-de-ingles-del-huila\/#breadcrumb","itemListElement":[{"@type":"ListItem","position":1,"name":"Portada","item":"https:\/\/luchonoticias.com\/editor\/"},{"@type":"ListItem","position":2,"name":"Le &#8216;medir\u00e1n el aceite&#8217; a los profesores de ingl\u00e9s del Huila"}]},{"@type":"WebSite","@id":"https:\/\/luchonoticias.com\/editor\/#website","url":"https:\/\/luchonoticias.com\/editor\/","name":"","description":"","publisher":{"@id":"https:\/\/luchonoticias.com\/editor\/#\/schema\/person\/7a7fd911f58561fd056dbac7b55af9cd"},"potentialAction":[{"@type":"SearchAction","target":{"@type":"EntryPoint","urlTemplate":"https:\/\/luchonoticias.com\/editor\/?s={search_term_string}"},"query-input":{"@type":"PropertyValueSpecification","valueRequired":true,"valueName":"search_term_string"}}],"inLanguage":"es"},{"@type":["Person","Organization"],"@id":"https:\/\/luchonoticias.com\/editor\/#\/schema\/person\/7a7fd911f58561fd056dbac7b55af9cd","name":"admin","image":{"@type":"ImageObject","inLanguage":"es","@id":"https:\/\/luchonoticias.com\/editor\/#\/schema\/person\/image\/","url":"https:\/\/luchonoticias.com\/editor\/wp-content\/uploads\/2024\/02\/cropped-cropped-logolu.webp","contentUrl":"https:\/\/luchonoticias.com\/editor\/wp-content\/uploads\/2024\/02\/cropped-cropped-logolu.webp","width":382,"height":170,"caption":"admin"},"logo":{"@id":"https:\/\/luchonoticias.com\/editor\/#\/schema\/person\/image\/"},"sameAs":["https:\/\/www.facebook.com\/luchonoticiasneiva"]},{"@type":"Person","@id":"https:\/\/luchonoticias.com\/editor\/#\/schema\/person\/29217990ddf6f14e35912b2866d591fb","name":"Editor General","image":{"@type":"ImageObject","inLanguage":"es","@id":"https:\/\/luchonoticias.com\/editor\/#\/schema\/person\/image\/","url":"https:\/\/luchonoticias.com\/editor\/wp-content\/uploads\/2024\/02\/cropped-cropped-logolu-150x150.webp","contentUrl":"https:\/\/luchonoticias.com\/editor\/wp-content\/uploads\/2024\/02\/cropped-cropped-logolu-150x150.webp","caption":"Editor General"},"sameAs":["https:\/\/luchonoticias.com\/"],"url":"https:\/\/luchonoticias.com\/editor\/author\/editor-general\/"}]}},"_links":{"self":[{"href":"https:\/\/luchonoticias.com\/editor\/wp-json\/wp\/v2\/posts\/56390","targetHints":{"allow":["GET"]}}],"collection":[{"href":"https:\/\/luchonoticias.com\/editor\/wp-json\/wp\/v2\/posts"}],"about":[{"href":"https:\/\/luchonoticias.com\/editor\/wp-json\/wp\/v2\/types\/post"}],"author":[{"embeddable":true,"href":"https:\/\/luchonoticias.com\/editor\/wp-json\/wp\/v2\/users\/2"}],"replies":[{"embeddable":true,"href":"https:\/\/luchonoticias.com\/editor\/wp-json\/wp\/v2\/comments?post=56390"}],"version-history":[{"count":0,"href":"https:\/\/luchonoticias.com\/editor\/wp-json\/wp\/v2\/posts\/56390\/revisions"}],"wp:attachment":[{"href":"https:\/\/luchonoticias.com\/editor\/wp-json\/wp\/v2\/media?parent=56390"}],"wp:term":[{"taxonomy":"category","embeddable":true,"href":"https:\/\/luchonoticias.com\/editor\/wp-json\/wp\/v2\/categories?post=56390"},{"taxonomy":"post_tag","embeddable":true,"href":"https:\/\/luchonoticias.com\/editor\/wp-json\/wp\/v2\/tags?post=56390"}],"curies":[{"name":"wp","href":"https:\/\/api.w.org\/{rel}","templated":true}]}}