{"id":56518,"date":"2023-07-14T14:57:40","date_gmt":"2023-07-14T19:57:40","guid":{"rendered":"https:\/\/luchonoticias.com\/?p=56518"},"modified":"2023-07-14T14:57:41","modified_gmt":"2023-07-14T19:57:41","slug":"ex-policia-fue-condenado-a-mas-de-ocho-anos-de-prision-por-exigirle-dinero-a-un-particular","status":"publish","type":"post","link":"https:\/\/luchonoticias.com\/editor\/ex-policia-fue-condenado-a-mas-de-ocho-anos-de-prision-por-exigirle-dinero-a-un-particular\/","title":{"rendered":"Ex polic\u00eda fue condenado a m\u00e1s de ocho a\u00f1os de prisi\u00f3n por exigirle dinero a un particular"},"content":{"rendered":"\n<p>Alberto Medell\u00edn Alfonso, exintegrante de la Polic\u00eda Nacional fue condenado a 8 a\u00f1os de prisi\u00f3n tras ser hallado penalmente responsable del delito de concusi\u00f3n. La decisi\u00f3n se relaciona con los hechos ocurridos a principios de 2013 cuando elsentenciado le exigi\u00f3 dinero a un ciudadano, a cambio de permitirle pasar en un puesto de control y omitir el reporte de sobrecupo que argumentaba el uniformado.<\/p>\n\n\n\n<p>Seg\u00fan la investigaci\u00f3n los hechos ocurrieron el 22 de febrero del a\u00f1o en menci\u00f3n cuando miembros del Gaula de la Polic\u00eda Nacional capturaron en flagrancia al ahora sentenciado, y quien para entonces se desempe\u00f1aba como patrullero.<\/p>\n\n\n\n<p>El sentenciado estaba adscrito al grupo de CAI m\u00f3viles de la estaci\u00f3n de Neiva; y hab\u00eda sido designado para ejercer sus labores en el puesto de control ubicado en la v\u00eda Neiva-Palermo Km 1.<\/p>\n\n\n\n<p>Labores de polic\u00eda judicial evidenciaron que Medell\u00edn Alfonso le exigi\u00f3 50.000 pesos a un conductor que transportaba cerdos, al parecer, omitiendo el cupo de animales que pod\u00eda llevar.<\/p>\n\n\n\n<p>Seg\u00fan la v\u00edctima, de tiempo a tras el entonces uniformado ven\u00eda constri\u00f1\u00e9ndolo. Al respecto, precis\u00f3 que en diciembre de 2012; y enero de 2013 se hab\u00eda visto obligado a pagarle al ahora condenado sumas de 100.000 y 50.000 pesos; respectivamente, para que no le inmovilizara el veh\u00edculo en el que transportaba mercanc\u00eda.<\/p>\n\n\n\n<p>Un fiscal adscrito a la Unidad de Administraci\u00f3n P\u00fablica demostr\u00f3 la culpabilidad del exfuncionario en los hechos investigados.<\/p>\n\n\n\n<p>A la condena de prisi\u00f3n, el juez del circuito de Neiva (Huila) le sum\u00f3 la inhabilidad para el ejercicio de derechos y funciones p\u00fablicas por el mismo tiempo de la pena principal.<\/p>\n\n\n\n<p>Esta decisi\u00f3n es de primera instancia y sobre ella proceden los recursos de ley.<\/p>\n","protected":false},"excerpt":{"rendered":"<p>Alberto Medell\u00edn Alfonso, exintegrante de la Polic\u00eda Nacional fue condenado a 8 a\u00f1os de prisi\u00f3n tras ser hallado penalmente responsable del delito de concusi\u00f3n. La decisi\u00f3n se relaciona con los hechos ocurridos a principios de 2013 cuando elsentenciado le exigi\u00f3 dinero a un ciudadano, a cambio de permitirle pasar en un puesto de control y [&hellip;]<\/p>\n","protected":false},"author":2,"featured_media":0,"comment_status":"open","ping_status":"open","sticky":false,"template":"","format":"standard","meta":{"footnotes":""},"categories":[36,29],"tags":[],"class_list":["post-56518","post","type-post","status-publish","format-standard","hentry","category-destacado","category-judicial"],"yoast_head":"<!-- This site is optimized with the Yoast SEO plugin v26.6 - https:\/\/yoast.com\/wordpress\/plugins\/seo\/ -->\n<title>Ex polic\u00eda fue condenado a m\u00e1s de ocho a\u00f1os de prisi\u00f3n por exigirle dinero a un particular -<\/title>\n<meta name=\"robots\" content=\"index, follow, max-snippet:-1, max-image-preview:large, max-video-preview:-1\" \/>\n<link rel=\"canonical\" href=\"https:\/\/luchonoticias.com\/editor\/ex-policia-fue-condenado-a-mas-de-ocho-anos-de-prision-por-exigirle-dinero-a-un-particular\/\" \/>\n<meta property=\"og:locale\" content=\"es_ES\" \/>\n<meta property=\"og:type\" content=\"article\" \/>\n<meta property=\"og:title\" content=\"Ex polic\u00eda fue condenado a m\u00e1s de ocho a\u00f1os de prisi\u00f3n por exigirle dinero a un particular -\" \/>\n<meta property=\"og:url\" content=\"https:\/\/luchonoticias.com\/editor\/ex-policia-fue-condenado-a-mas-de-ocho-anos-de-prision-por-exigirle-dinero-a-un-particular\/\" \/>\n<meta property=\"article:publisher\" content=\"https:\/\/www.facebook.com\/luchonoticiasneiva\" \/>\n<meta property=\"article:published_time\" content=\"2023-07-14T19:57:40+00:00\" \/>\n<meta property=\"article:modified_time\" content=\"2023-07-14T19:57:41+00:00\" \/>\n<meta name=\"author\" content=\"Editor General\" \/>\n<meta name=\"twitter:card\" content=\"summary_large_image\" \/>\n<meta name=\"twitter:label1\" content=\"Escrito por\" \/>\n\t<meta name=\"twitter:data1\" content=\"Editor General\" \/>\n\t<meta name=\"twitter:label2\" content=\"Tiempo de lectura\" \/>\n\t<meta name=\"twitter:data2\" content=\"2 minutos\" \/>\n<script type=\"application\/ld+json\" class=\"yoast-schema-graph\">{\"@context\":\"https:\/\/schema.org\",\"@graph\":[{\"@type\":\"Article\",\"@id\":\"https:\/\/luchonoticias.com\/editor\/ex-policia-fue-condenado-a-mas-de-ocho-anos-de-prision-por-exigirle-dinero-a-un-particular\/#article\",\"isPartOf\":{\"@id\":\"https:\/\/luchonoticias.com\/editor\/ex-policia-fue-condenado-a-mas-de-ocho-anos-de-prision-por-exigirle-dinero-a-un-particular\/\"},\"author\":{\"name\":\"Editor General\",\"@id\":\"https:\/\/luchonoticias.com\/editor\/#\/schema\/person\/29217990ddf6f14e35912b2866d591fb\"},\"headline\":\"Ex polic\u00eda fue condenado a m\u00e1s de ocho a\u00f1os de prisi\u00f3n por exigirle dinero a un particular\",\"datePublished\":\"2023-07-14T19:57:40+00:00\",\"dateModified\":\"2023-07-14T19:57:41+00:00\",\"mainEntityOfPage\":{\"@id\":\"https:\/\/luchonoticias.com\/editor\/ex-policia-fue-condenado-a-mas-de-ocho-anos-de-prision-por-exigirle-dinero-a-un-particular\/\"},\"wordCount\":321,\"commentCount\":0,\"publisher\":{\"@id\":\"https:\/\/luchonoticias.com\/editor\/#\/schema\/person\/7a7fd911f58561fd056dbac7b55af9cd\"},\"articleSection\":[\"Destacado\",\"Judicial\"],\"inLanguage\":\"es\",\"potentialAction\":[{\"@type\":\"CommentAction\",\"name\":\"Comment\",\"target\":[\"https:\/\/luchonoticias.com\/editor\/ex-policia-fue-condenado-a-mas-de-ocho-anos-de-prision-por-exigirle-dinero-a-un-particular\/#respond\"]}]},{\"@type\":\"WebPage\",\"@id\":\"https:\/\/luchonoticias.com\/editor\/ex-policia-fue-condenado-a-mas-de-ocho-anos-de-prision-por-exigirle-dinero-a-un-particular\/\",\"url\":\"https:\/\/luchonoticias.com\/editor\/ex-policia-fue-condenado-a-mas-de-ocho-anos-de-prision-por-exigirle-dinero-a-un-particular\/\",\"name\":\"Ex polic\u00eda fue condenado a m\u00e1s de ocho a\u00f1os de prisi\u00f3n por exigirle dinero a un particular -\",\"isPartOf\":{\"@id\":\"https:\/\/luchonoticias.com\/editor\/#website\"},\"datePublished\":\"2023-07-14T19:57:40+00:00\",\"dateModified\":\"2023-07-14T19:57:41+00:00\",\"breadcrumb\":{\"@id\":\"https:\/\/luchonoticias.com\/editor\/ex-policia-fue-condenado-a-mas-de-ocho-anos-de-prision-por-exigirle-dinero-a-un-particular\/#breadcrumb\"},\"inLanguage\":\"es\",\"potentialAction\":[{\"@type\":\"ReadAction\",\"target\":[\"https:\/\/luchonoticias.com\/editor\/ex-policia-fue-condenado-a-mas-de-ocho-anos-de-prision-por-exigirle-dinero-a-un-particular\/\"]}]},{\"@type\":\"BreadcrumbList\",\"@id\":\"https:\/\/luchonoticias.com\/editor\/ex-policia-fue-condenado-a-mas-de-ocho-anos-de-prision-por-exigirle-dinero-a-un-particular\/#breadcrumb\",\"itemListElement\":[{\"@type\":\"ListItem\",\"position\":1,\"name\":\"Portada\",\"item\":\"https:\/\/luchonoticias.com\/editor\/\"},{\"@type\":\"ListItem\",\"position\":2,\"name\":\"Ex polic\u00eda fue condenado a m\u00e1s de ocho a\u00f1os de prisi\u00f3n por exigirle dinero a un particular\"}]},{\"@type\":\"WebSite\",\"@id\":\"https:\/\/luchonoticias.com\/editor\/#website\",\"url\":\"https:\/\/luchonoticias.com\/editor\/\",\"name\":\"\",\"description\":\"\",\"publisher\":{\"@id\":\"https:\/\/luchonoticias.com\/editor\/#\/schema\/person\/7a7fd911f58561fd056dbac7b55af9cd\"},\"potentialAction\":[{\"@type\":\"SearchAction\",\"target\":{\"@type\":\"EntryPoint\",\"urlTemplate\":\"https:\/\/luchonoticias.com\/editor\/?s={search_term_string}\"},\"query-input\":{\"@type\":\"PropertyValueSpecification\",\"valueRequired\":true,\"valueName\":\"search_term_string\"}}],\"inLanguage\":\"es\"},{\"@type\":[\"Person\",\"Organization\"],\"@id\":\"https:\/\/luchonoticias.com\/editor\/#\/schema\/person\/7a7fd911f58561fd056dbac7b55af9cd\",\"name\":\"admin\",\"image\":{\"@type\":\"ImageObject\",\"inLanguage\":\"es\",\"@id\":\"https:\/\/luchonoticias.com\/editor\/#\/schema\/person\/image\/\",\"url\":\"https:\/\/luchonoticias.com\/editor\/wp-content\/uploads\/2024\/02\/cropped-cropped-logolu.webp\",\"contentUrl\":\"https:\/\/luchonoticias.com\/editor\/wp-content\/uploads\/2024\/02\/cropped-cropped-logolu.webp\",\"width\":382,\"height\":170,\"caption\":\"admin\"},\"logo\":{\"@id\":\"https:\/\/luchonoticias.com\/editor\/#\/schema\/person\/image\/\"},\"sameAs\":[\"https:\/\/www.facebook.com\/luchonoticiasneiva\"]},{\"@type\":\"Person\",\"@id\":\"https:\/\/luchonoticias.com\/editor\/#\/schema\/person\/29217990ddf6f14e35912b2866d591fb\",\"name\":\"Editor General\",\"image\":{\"@type\":\"ImageObject\",\"inLanguage\":\"es\",\"@id\":\"https:\/\/luchonoticias.com\/editor\/#\/schema\/person\/image\/\",\"url\":\"https:\/\/luchonoticias.com\/editor\/wp-content\/uploads\/2024\/02\/cropped-cropped-logolu-150x150.webp\",\"contentUrl\":\"https:\/\/luchonoticias.com\/editor\/wp-content\/uploads\/2024\/02\/cropped-cropped-logolu-150x150.webp\",\"caption\":\"Editor General\"},\"sameAs\":[\"https:\/\/luchonoticias.com\/\"],\"url\":\"https:\/\/luchonoticias.com\/editor\/author\/editor-general\/\"}]}<\/script>\n<!-- \/ Yoast SEO plugin. -->","yoast_head_json":{"title":"Ex polic\u00eda fue condenado a m\u00e1s de ocho a\u00f1os de prisi\u00f3n por exigirle dinero a un particular -","robots":{"index":"index","follow":"follow","max-snippet":"max-snippet:-1","max-image-preview":"max-image-preview:large","max-video-preview":"max-video-preview:-1"},"canonical":"https:\/\/luchonoticias.com\/editor\/ex-policia-fue-condenado-a-mas-de-ocho-anos-de-prision-por-exigirle-dinero-a-un-particular\/","og_locale":"es_ES","og_type":"article","og_title":"Ex polic\u00eda fue condenado a m\u00e1s de ocho a\u00f1os de prisi\u00f3n por exigirle dinero a un particular -","og_url":"https:\/\/luchonoticias.com\/editor\/ex-policia-fue-condenado-a-mas-de-ocho-anos-de-prision-por-exigirle-dinero-a-un-particular\/","article_publisher":"https:\/\/www.facebook.com\/luchonoticiasneiva","article_published_time":"2023-07-14T19:57:40+00:00","article_modified_time":"2023-07-14T19:57:41+00:00","author":"Editor General","twitter_card":"summary_large_image","twitter_misc":{"Escrito por":"Editor General","Tiempo de lectura":"2 minutos"},"schema":{"@context":"https:\/\/schema.org","@graph":[{"@type":"Article","@id":"https:\/\/luchonoticias.com\/editor\/ex-policia-fue-condenado-a-mas-de-ocho-anos-de-prision-por-exigirle-dinero-a-un-particular\/#article","isPartOf":{"@id":"https:\/\/luchonoticias.com\/editor\/ex-policia-fue-condenado-a-mas-de-ocho-anos-de-prision-por-exigirle-dinero-a-un-particular\/"},"author":{"name":"Editor General","@id":"https:\/\/luchonoticias.com\/editor\/#\/schema\/person\/29217990ddf6f14e35912b2866d591fb"},"headline":"Ex polic\u00eda fue condenado a m\u00e1s de ocho a\u00f1os de prisi\u00f3n por exigirle dinero a un particular","datePublished":"2023-07-14T19:57:40+00:00","dateModified":"2023-07-14T19:57:41+00:00","mainEntityOfPage":{"@id":"https:\/\/luchonoticias.com\/editor\/ex-policia-fue-condenado-a-mas-de-ocho-anos-de-prision-por-exigirle-dinero-a-un-particular\/"},"wordCount":321,"commentCount":0,"publisher":{"@id":"https:\/\/luchonoticias.com\/editor\/#\/schema\/person\/7a7fd911f58561fd056dbac7b55af9cd"},"articleSection":["Destacado","Judicial"],"inLanguage":"es","potentialAction":[{"@type":"CommentAction","name":"Comment","target":["https:\/\/luchonoticias.com\/editor\/ex-policia-fue-condenado-a-mas-de-ocho-anos-de-prision-por-exigirle-dinero-a-un-particular\/#respond"]}]},{"@type":"WebPage","@id":"https:\/\/luchonoticias.com\/editor\/ex-policia-fue-condenado-a-mas-de-ocho-anos-de-prision-por-exigirle-dinero-a-un-particular\/","url":"https:\/\/luchonoticias.com\/editor\/ex-policia-fue-condenado-a-mas-de-ocho-anos-de-prision-por-exigirle-dinero-a-un-particular\/","name":"Ex polic\u00eda fue condenado a m\u00e1s de ocho a\u00f1os de prisi\u00f3n por exigirle dinero a un particular -","isPartOf":{"@id":"https:\/\/luchonoticias.com\/editor\/#website"},"datePublished":"2023-07-14T19:57:40+00:00","dateModified":"2023-07-14T19:57:41+00:00","breadcrumb":{"@id":"https:\/\/luchonoticias.com\/editor\/ex-policia-fue-condenado-a-mas-de-ocho-anos-de-prision-por-exigirle-dinero-a-un-particular\/#breadcrumb"},"inLanguage":"es","potentialAction":[{"@type":"ReadAction","target":["https:\/\/luchonoticias.com\/editor\/ex-policia-fue-condenado-a-mas-de-ocho-anos-de-prision-por-exigirle-dinero-a-un-particular\/"]}]},{"@type":"BreadcrumbList","@id":"https:\/\/luchonoticias.com\/editor\/ex-policia-fue-condenado-a-mas-de-ocho-anos-de-prision-por-exigirle-dinero-a-un-particular\/#breadcrumb","itemListElement":[{"@type":"ListItem","position":1,"name":"Portada","item":"https:\/\/luchonoticias.com\/editor\/"},{"@type":"ListItem","position":2,"name":"Ex polic\u00eda fue condenado a m\u00e1s de ocho a\u00f1os de prisi\u00f3n por exigirle dinero a un particular"}]},{"@type":"WebSite","@id":"https:\/\/luchonoticias.com\/editor\/#website","url":"https:\/\/luchonoticias.com\/editor\/","name":"","description":"","publisher":{"@id":"https:\/\/luchonoticias.com\/editor\/#\/schema\/person\/7a7fd911f58561fd056dbac7b55af9cd"},"potentialAction":[{"@type":"SearchAction","target":{"@type":"EntryPoint","urlTemplate":"https:\/\/luchonoticias.com\/editor\/?s={search_term_string}"},"query-input":{"@type":"PropertyValueSpecification","valueRequired":true,"valueName":"search_term_string"}}],"inLanguage":"es"},{"@type":["Person","Organization"],"@id":"https:\/\/luchonoticias.com\/editor\/#\/schema\/person\/7a7fd911f58561fd056dbac7b55af9cd","name":"admin","image":{"@type":"ImageObject","inLanguage":"es","@id":"https:\/\/luchonoticias.com\/editor\/#\/schema\/person\/image\/","url":"https:\/\/luchonoticias.com\/editor\/wp-content\/uploads\/2024\/02\/cropped-cropped-logolu.webp","contentUrl":"https:\/\/luchonoticias.com\/editor\/wp-content\/uploads\/2024\/02\/cropped-cropped-logolu.webp","width":382,"height":170,"caption":"admin"},"logo":{"@id":"https:\/\/luchonoticias.com\/editor\/#\/schema\/person\/image\/"},"sameAs":["https:\/\/www.facebook.com\/luchonoticiasneiva"]},{"@type":"Person","@id":"https:\/\/luchonoticias.com\/editor\/#\/schema\/person\/29217990ddf6f14e35912b2866d591fb","name":"Editor General","image":{"@type":"ImageObject","inLanguage":"es","@id":"https:\/\/luchonoticias.com\/editor\/#\/schema\/person\/image\/","url":"https:\/\/luchonoticias.com\/editor\/wp-content\/uploads\/2024\/02\/cropped-cropped-logolu-150x150.webp","contentUrl":"https:\/\/luchonoticias.com\/editor\/wp-content\/uploads\/2024\/02\/cropped-cropped-logolu-150x150.webp","caption":"Editor General"},"sameAs":["https:\/\/luchonoticias.com\/"],"url":"https:\/\/luchonoticias.com\/editor\/author\/editor-general\/"}]}},"_links":{"self":[{"href":"https:\/\/luchonoticias.com\/editor\/wp-json\/wp\/v2\/posts\/56518","targetHints":{"allow":["GET"]}}],"collection":[{"href":"https:\/\/luchonoticias.com\/editor\/wp-json\/wp\/v2\/posts"}],"about":[{"href":"https:\/\/luchonoticias.com\/editor\/wp-json\/wp\/v2\/types\/post"}],"author":[{"embeddable":true,"href":"https:\/\/luchonoticias.com\/editor\/wp-json\/wp\/v2\/users\/2"}],"replies":[{"embeddable":true,"href":"https:\/\/luchonoticias.com\/editor\/wp-json\/wp\/v2\/comments?post=56518"}],"version-history":[{"count":0,"href":"https:\/\/luchonoticias.com\/editor\/wp-json\/wp\/v2\/posts\/56518\/revisions"}],"wp:attachment":[{"href":"https:\/\/luchonoticias.com\/editor\/wp-json\/wp\/v2\/media?parent=56518"}],"wp:term":[{"taxonomy":"category","embeddable":true,"href":"https:\/\/luchonoticias.com\/editor\/wp-json\/wp\/v2\/categories?post=56518"},{"taxonomy":"post_tag","embeddable":true,"href":"https:\/\/luchonoticias.com\/editor\/wp-json\/wp\/v2\/tags?post=56518"}],"curies":[{"name":"wp","href":"https:\/\/api.w.org\/{rel}","templated":true}]}}