{"id":56533,"date":"2023-07-15T05:00:46","date_gmt":"2023-07-15T10:00:46","guid":{"rendered":"https:\/\/luchonoticias.com\/?p=56533"},"modified":"2023-07-15T05:00:51","modified_gmt":"2023-07-15T10:00:51","slug":"huila-emprende-proceso-de-unidad-agricola-familiar","status":"publish","type":"post","link":"https:\/\/luchonoticias.com\/editor\/huila-emprende-proceso-de-unidad-agricola-familiar\/","title":{"rendered":"Huila emprende proceso de Unidad Agr\u00edcola Familiar"},"content":{"rendered":"\n<p>Actualmente el\u00a0<strong>Huila es un departamento modelo\u00a0<\/strong>a nivel nacional en materia de\u00a0<strong>Ordenamiento Productivo y Social de la Propiedad Rural,\u00a0<\/strong>una poderosa herramienta de planificaci\u00f3n agropecuaria, basada en la aptitud de uso del suelo rural, y el comportamiento de los mercados, que permite establecer desarrollos productivos de una manera m\u00e1s ordenada en el territorio.<\/p>\n\n\n\n<p>Precisamente para seguir fortaleciendo esta estrategia, que hace parte de la propuesta del gobernador Luis Enrique Duss\u00e1n L\u00f3pez, de\u00a0<strong>construir un nuevo modelo de desarrollo productivo desde las regiones,<\/strong>\u00a0se suscribi\u00f3 un convenio con la Agencia Nacional de Tierras, que permitir\u00e1 i<strong>mplementar una nueva metodolog\u00eda para el c\u00e1lculo de la Unidad Agr\u00edcola Familias \u2013 UAF<\/strong>, por unidades f\u00edsicas homog\u00e9neas.<\/p>\n\n\n\n<p>Esta metodolog\u00eda fue dise\u00f1ada por Unidad de Planificaci\u00f3n Rural Agropecuaria \u2013 UPRA, entidad adscrita al Ministerio de Agricultura, de la mano con la ANT, y&nbsp;<strong>permitir\u00e1 definir la UAF en 17 municipios del Huila, bajo un nuevo marco normativo<\/strong>&nbsp;que se ajusta m\u00e1s a la realidad de la ruralidad colombiana.<\/p>\n\n\n\n<p>De acuerdo a John Garay, Coordinador del Plan de Ordenamiento Productivo y Social de la Propiedad Rural en el Huila, este ejercicio que se desarrollar\u00e1 en departamento, es posible gracias a la&nbsp;<strong>articulaci\u00f3n interinstitucional que tiene como prop\u00f3sito la consolidaci\u00f3n de la Reforma Rural Integral.<\/strong><\/p>\n\n\n\n<p>\u201cLa<strong>&nbsp;Agencia Nacional de Tierras ha priorizado en Colombia 100 municipios, de los cuales 11 est\u00e1n ubicados en el departamento del Huila.<\/strong>&nbsp;En este esfuerzo que hace la Gobernaci\u00f3n del Huila en estructurar tambi\u00e9n un equipo de trabajo, vamos a ir m\u00e1s all\u00e1 para atender 17 municipios en lo que tiene que ver con ese proceso de ordenamiento del suelo rural agropecuario, que contribuir\u00e1 a la consolidaci\u00f3n de la Reforma Rural Integral, en especial para la adjudicaci\u00f3n de terrenos bald\u00edos, adjudicaci\u00f3n de tierras, e inclusive para misma formalizaci\u00f3n de predios rurales\u201d, indic\u00f3 Garay.<\/p>\n\n\n\n<p>La implementaci\u00f3n de la nueva metodolog\u00eda que permitir\u00e1 definir la Unidad Agr\u00edcola Familiar,&nbsp;<strong>iniciar\u00e1 la pr\u00f3xima semana en los municipios de \u00e1rea de influencia del proyecto hidroel\u00e9ctrico El Quimbo<\/strong>, como lo explica Diego Felipe Echeverry, coordinador del Huila para el Equipo formulador de la UAF.<\/p>\n\n\n\n<p>\u201cIniciaremos el<strong>&nbsp;acompa\u00f1amiento a los municipios y el desarrollo de los talleres en Paicol, El Agrado, Tesalia, Gigante, Garz\u00f3n y Altamira<\/strong>. La semana del 17 al 22 de julio estaremos en los dos primeros municipios adelantando el ejercicio, y seguidamente abarcaremos el resto hasta completar los 17 priorizados para aplicar la metodolog\u00eda, entre los que se encuentran Tello, Baraya, Aipe, Villavieja, Neiva, Campoalegre, Palermo, La Plata, \u00cdquira, N\u00e1taga y Pitalito, donde se adelantar\u00e1 el c\u00e1lculo de la Unidad Agr\u00edcola Familiar\u201d, sostuvo el profesional.<\/p>\n","protected":false},"excerpt":{"rendered":"<p>Actualmente el\u00a0Huila es un departamento modelo\u00a0a nivel nacional en materia de\u00a0Ordenamiento Productivo y Social de la Propiedad Rural,\u00a0una poderosa herramienta de planificaci\u00f3n agropecuaria, basada en la aptitud de uso del suelo rural, y el comportamiento de los mercados, que permite establecer desarrollos productivos de una manera m\u00e1s ordenada en el territorio. Precisamente para seguir fortaleciendo [&hellip;]<\/p>\n","protected":false},"author":2,"featured_media":0,"comment_status":"open","ping_status":"open","sticky":false,"template":"","format":"standard","meta":{"footnotes":""},"categories":[33],"tags":[],"class_list":["post-56533","post","type-post","status-publish","format-standard","hentry","category-huila"],"yoast_head":"<!-- This site is optimized with the Yoast SEO plugin v26.6 - https:\/\/yoast.com\/wordpress\/plugins\/seo\/ -->\n<title>Huila emprende proceso de Unidad Agr\u00edcola Familiar -<\/title>\n<meta name=\"robots\" content=\"index, follow, max-snippet:-1, max-image-preview:large, max-video-preview:-1\" \/>\n<link rel=\"canonical\" href=\"https:\/\/luchonoticias.com\/editor\/huila-emprende-proceso-de-unidad-agricola-familiar\/\" \/>\n<meta property=\"og:locale\" content=\"es_ES\" \/>\n<meta property=\"og:type\" content=\"article\" \/>\n<meta property=\"og:title\" content=\"Huila emprende proceso de Unidad Agr\u00edcola Familiar -\" \/>\n<meta property=\"og:url\" content=\"https:\/\/luchonoticias.com\/editor\/huila-emprende-proceso-de-unidad-agricola-familiar\/\" \/>\n<meta property=\"article:publisher\" content=\"https:\/\/www.facebook.com\/luchonoticiasneiva\" \/>\n<meta property=\"article:published_time\" content=\"2023-07-15T10:00:46+00:00\" \/>\n<meta property=\"article:modified_time\" content=\"2023-07-15T10:00:51+00:00\" \/>\n<meta name=\"author\" content=\"Editor General\" \/>\n<meta name=\"twitter:card\" content=\"summary_large_image\" \/>\n<meta name=\"twitter:label1\" content=\"Escrito por\" \/>\n\t<meta name=\"twitter:data1\" content=\"Editor General\" \/>\n\t<meta name=\"twitter:label2\" content=\"Tiempo de lectura\" \/>\n\t<meta name=\"twitter:data2\" content=\"2 minutos\" \/>\n<script type=\"application\/ld+json\" class=\"yoast-schema-graph\">{\"@context\":\"https:\/\/schema.org\",\"@graph\":[{\"@type\":\"Article\",\"@id\":\"https:\/\/luchonoticias.com\/editor\/huila-emprende-proceso-de-unidad-agricola-familiar\/#article\",\"isPartOf\":{\"@id\":\"https:\/\/luchonoticias.com\/editor\/huila-emprende-proceso-de-unidad-agricola-familiar\/\"},\"author\":{\"name\":\"Editor General\",\"@id\":\"https:\/\/luchonoticias.com\/editor\/#\/schema\/person\/29217990ddf6f14e35912b2866d591fb\"},\"headline\":\"Huila emprende proceso de Unidad Agr\u00edcola Familiar\",\"datePublished\":\"2023-07-15T10:00:46+00:00\",\"dateModified\":\"2023-07-15T10:00:51+00:00\",\"mainEntityOfPage\":{\"@id\":\"https:\/\/luchonoticias.com\/editor\/huila-emprende-proceso-de-unidad-agricola-familiar\/\"},\"wordCount\":472,\"commentCount\":0,\"publisher\":{\"@id\":\"https:\/\/luchonoticias.com\/editor\/#\/schema\/person\/7a7fd911f58561fd056dbac7b55af9cd\"},\"articleSection\":[\"Huila\"],\"inLanguage\":\"es\",\"potentialAction\":[{\"@type\":\"CommentAction\",\"name\":\"Comment\",\"target\":[\"https:\/\/luchonoticias.com\/editor\/huila-emprende-proceso-de-unidad-agricola-familiar\/#respond\"]}]},{\"@type\":\"WebPage\",\"@id\":\"https:\/\/luchonoticias.com\/editor\/huila-emprende-proceso-de-unidad-agricola-familiar\/\",\"url\":\"https:\/\/luchonoticias.com\/editor\/huila-emprende-proceso-de-unidad-agricola-familiar\/\",\"name\":\"Huila emprende proceso de Unidad Agr\u00edcola Familiar -\",\"isPartOf\":{\"@id\":\"https:\/\/luchonoticias.com\/editor\/#website\"},\"datePublished\":\"2023-07-15T10:00:46+00:00\",\"dateModified\":\"2023-07-15T10:00:51+00:00\",\"breadcrumb\":{\"@id\":\"https:\/\/luchonoticias.com\/editor\/huila-emprende-proceso-de-unidad-agricola-familiar\/#breadcrumb\"},\"inLanguage\":\"es\",\"potentialAction\":[{\"@type\":\"ReadAction\",\"target\":[\"https:\/\/luchonoticias.com\/editor\/huila-emprende-proceso-de-unidad-agricola-familiar\/\"]}]},{\"@type\":\"BreadcrumbList\",\"@id\":\"https:\/\/luchonoticias.com\/editor\/huila-emprende-proceso-de-unidad-agricola-familiar\/#breadcrumb\",\"itemListElement\":[{\"@type\":\"ListItem\",\"position\":1,\"name\":\"Portada\",\"item\":\"https:\/\/luchonoticias.com\/editor\/\"},{\"@type\":\"ListItem\",\"position\":2,\"name\":\"Huila emprende proceso de Unidad Agr\u00edcola Familiar\"}]},{\"@type\":\"WebSite\",\"@id\":\"https:\/\/luchonoticias.com\/editor\/#website\",\"url\":\"https:\/\/luchonoticias.com\/editor\/\",\"name\":\"\",\"description\":\"\",\"publisher\":{\"@id\":\"https:\/\/luchonoticias.com\/editor\/#\/schema\/person\/7a7fd911f58561fd056dbac7b55af9cd\"},\"potentialAction\":[{\"@type\":\"SearchAction\",\"target\":{\"@type\":\"EntryPoint\",\"urlTemplate\":\"https:\/\/luchonoticias.com\/editor\/?s={search_term_string}\"},\"query-input\":{\"@type\":\"PropertyValueSpecification\",\"valueRequired\":true,\"valueName\":\"search_term_string\"}}],\"inLanguage\":\"es\"},{\"@type\":[\"Person\",\"Organization\"],\"@id\":\"https:\/\/luchonoticias.com\/editor\/#\/schema\/person\/7a7fd911f58561fd056dbac7b55af9cd\",\"name\":\"admin\",\"image\":{\"@type\":\"ImageObject\",\"inLanguage\":\"es\",\"@id\":\"https:\/\/luchonoticias.com\/editor\/#\/schema\/person\/image\/\",\"url\":\"https:\/\/luchonoticias.com\/editor\/wp-content\/uploads\/2024\/02\/cropped-cropped-logolu.webp\",\"contentUrl\":\"https:\/\/luchonoticias.com\/editor\/wp-content\/uploads\/2024\/02\/cropped-cropped-logolu.webp\",\"width\":382,\"height\":170,\"caption\":\"admin\"},\"logo\":{\"@id\":\"https:\/\/luchonoticias.com\/editor\/#\/schema\/person\/image\/\"},\"sameAs\":[\"https:\/\/www.facebook.com\/luchonoticiasneiva\"]},{\"@type\":\"Person\",\"@id\":\"https:\/\/luchonoticias.com\/editor\/#\/schema\/person\/29217990ddf6f14e35912b2866d591fb\",\"name\":\"Editor General\",\"image\":{\"@type\":\"ImageObject\",\"inLanguage\":\"es\",\"@id\":\"https:\/\/luchonoticias.com\/editor\/#\/schema\/person\/image\/\",\"url\":\"https:\/\/luchonoticias.com\/editor\/wp-content\/uploads\/2024\/02\/cropped-cropped-logolu-150x150.webp\",\"contentUrl\":\"https:\/\/luchonoticias.com\/editor\/wp-content\/uploads\/2024\/02\/cropped-cropped-logolu-150x150.webp\",\"caption\":\"Editor General\"},\"sameAs\":[\"https:\/\/luchonoticias.com\/\"],\"url\":\"https:\/\/luchonoticias.com\/editor\/author\/editor-general\/\"}]}<\/script>\n<!-- \/ Yoast SEO plugin. -->","yoast_head_json":{"title":"Huila emprende proceso de Unidad Agr\u00edcola Familiar -","robots":{"index":"index","follow":"follow","max-snippet":"max-snippet:-1","max-image-preview":"max-image-preview:large","max-video-preview":"max-video-preview:-1"},"canonical":"https:\/\/luchonoticias.com\/editor\/huila-emprende-proceso-de-unidad-agricola-familiar\/","og_locale":"es_ES","og_type":"article","og_title":"Huila emprende proceso de Unidad Agr\u00edcola Familiar -","og_url":"https:\/\/luchonoticias.com\/editor\/huila-emprende-proceso-de-unidad-agricola-familiar\/","article_publisher":"https:\/\/www.facebook.com\/luchonoticiasneiva","article_published_time":"2023-07-15T10:00:46+00:00","article_modified_time":"2023-07-15T10:00:51+00:00","author":"Editor General","twitter_card":"summary_large_image","twitter_misc":{"Escrito por":"Editor General","Tiempo de lectura":"2 minutos"},"schema":{"@context":"https:\/\/schema.org","@graph":[{"@type":"Article","@id":"https:\/\/luchonoticias.com\/editor\/huila-emprende-proceso-de-unidad-agricola-familiar\/#article","isPartOf":{"@id":"https:\/\/luchonoticias.com\/editor\/huila-emprende-proceso-de-unidad-agricola-familiar\/"},"author":{"name":"Editor General","@id":"https:\/\/luchonoticias.com\/editor\/#\/schema\/person\/29217990ddf6f14e35912b2866d591fb"},"headline":"Huila emprende proceso de Unidad Agr\u00edcola Familiar","datePublished":"2023-07-15T10:00:46+00:00","dateModified":"2023-07-15T10:00:51+00:00","mainEntityOfPage":{"@id":"https:\/\/luchonoticias.com\/editor\/huila-emprende-proceso-de-unidad-agricola-familiar\/"},"wordCount":472,"commentCount":0,"publisher":{"@id":"https:\/\/luchonoticias.com\/editor\/#\/schema\/person\/7a7fd911f58561fd056dbac7b55af9cd"},"articleSection":["Huila"],"inLanguage":"es","potentialAction":[{"@type":"CommentAction","name":"Comment","target":["https:\/\/luchonoticias.com\/editor\/huila-emprende-proceso-de-unidad-agricola-familiar\/#respond"]}]},{"@type":"WebPage","@id":"https:\/\/luchonoticias.com\/editor\/huila-emprende-proceso-de-unidad-agricola-familiar\/","url":"https:\/\/luchonoticias.com\/editor\/huila-emprende-proceso-de-unidad-agricola-familiar\/","name":"Huila emprende proceso de Unidad Agr\u00edcola Familiar -","isPartOf":{"@id":"https:\/\/luchonoticias.com\/editor\/#website"},"datePublished":"2023-07-15T10:00:46+00:00","dateModified":"2023-07-15T10:00:51+00:00","breadcrumb":{"@id":"https:\/\/luchonoticias.com\/editor\/huila-emprende-proceso-de-unidad-agricola-familiar\/#breadcrumb"},"inLanguage":"es","potentialAction":[{"@type":"ReadAction","target":["https:\/\/luchonoticias.com\/editor\/huila-emprende-proceso-de-unidad-agricola-familiar\/"]}]},{"@type":"BreadcrumbList","@id":"https:\/\/luchonoticias.com\/editor\/huila-emprende-proceso-de-unidad-agricola-familiar\/#breadcrumb","itemListElement":[{"@type":"ListItem","position":1,"name":"Portada","item":"https:\/\/luchonoticias.com\/editor\/"},{"@type":"ListItem","position":2,"name":"Huila emprende proceso de Unidad Agr\u00edcola Familiar"}]},{"@type":"WebSite","@id":"https:\/\/luchonoticias.com\/editor\/#website","url":"https:\/\/luchonoticias.com\/editor\/","name":"","description":"","publisher":{"@id":"https:\/\/luchonoticias.com\/editor\/#\/schema\/person\/7a7fd911f58561fd056dbac7b55af9cd"},"potentialAction":[{"@type":"SearchAction","target":{"@type":"EntryPoint","urlTemplate":"https:\/\/luchonoticias.com\/editor\/?s={search_term_string}"},"query-input":{"@type":"PropertyValueSpecification","valueRequired":true,"valueName":"search_term_string"}}],"inLanguage":"es"},{"@type":["Person","Organization"],"@id":"https:\/\/luchonoticias.com\/editor\/#\/schema\/person\/7a7fd911f58561fd056dbac7b55af9cd","name":"admin","image":{"@type":"ImageObject","inLanguage":"es","@id":"https:\/\/luchonoticias.com\/editor\/#\/schema\/person\/image\/","url":"https:\/\/luchonoticias.com\/editor\/wp-content\/uploads\/2024\/02\/cropped-cropped-logolu.webp","contentUrl":"https:\/\/luchonoticias.com\/editor\/wp-content\/uploads\/2024\/02\/cropped-cropped-logolu.webp","width":382,"height":170,"caption":"admin"},"logo":{"@id":"https:\/\/luchonoticias.com\/editor\/#\/schema\/person\/image\/"},"sameAs":["https:\/\/www.facebook.com\/luchonoticiasneiva"]},{"@type":"Person","@id":"https:\/\/luchonoticias.com\/editor\/#\/schema\/person\/29217990ddf6f14e35912b2866d591fb","name":"Editor General","image":{"@type":"ImageObject","inLanguage":"es","@id":"https:\/\/luchonoticias.com\/editor\/#\/schema\/person\/image\/","url":"https:\/\/luchonoticias.com\/editor\/wp-content\/uploads\/2024\/02\/cropped-cropped-logolu-150x150.webp","contentUrl":"https:\/\/luchonoticias.com\/editor\/wp-content\/uploads\/2024\/02\/cropped-cropped-logolu-150x150.webp","caption":"Editor General"},"sameAs":["https:\/\/luchonoticias.com\/"],"url":"https:\/\/luchonoticias.com\/editor\/author\/editor-general\/"}]}},"_links":{"self":[{"href":"https:\/\/luchonoticias.com\/editor\/wp-json\/wp\/v2\/posts\/56533","targetHints":{"allow":["GET"]}}],"collection":[{"href":"https:\/\/luchonoticias.com\/editor\/wp-json\/wp\/v2\/posts"}],"about":[{"href":"https:\/\/luchonoticias.com\/editor\/wp-json\/wp\/v2\/types\/post"}],"author":[{"embeddable":true,"href":"https:\/\/luchonoticias.com\/editor\/wp-json\/wp\/v2\/users\/2"}],"replies":[{"embeddable":true,"href":"https:\/\/luchonoticias.com\/editor\/wp-json\/wp\/v2\/comments?post=56533"}],"version-history":[{"count":0,"href":"https:\/\/luchonoticias.com\/editor\/wp-json\/wp\/v2\/posts\/56533\/revisions"}],"wp:attachment":[{"href":"https:\/\/luchonoticias.com\/editor\/wp-json\/wp\/v2\/media?parent=56533"}],"wp:term":[{"taxonomy":"category","embeddable":true,"href":"https:\/\/luchonoticias.com\/editor\/wp-json\/wp\/v2\/categories?post=56533"},{"taxonomy":"post_tag","embeddable":true,"href":"https:\/\/luchonoticias.com\/editor\/wp-json\/wp\/v2\/tags?post=56533"}],"curies":[{"name":"wp","href":"https:\/\/api.w.org\/{rel}","templated":true}]}}