{"id":56554,"date":"2023-07-15T07:00:50","date_gmt":"2023-07-15T12:00:50","guid":{"rendered":"https:\/\/luchonoticias.com\/?p=56554"},"modified":"2023-07-15T07:00:57","modified_gmt":"2023-07-15T12:00:57","slug":"novena-brigada-invita-al-desfile-patrio-del-20-de-julio","status":"publish","type":"post","link":"https:\/\/luchonoticias.com\/editor\/novena-brigada-invita-al-desfile-patrio-del-20-de-julio\/","title":{"rendered":"Novena Brigada invita al desfile patrio del 20 de julio"},"content":{"rendered":"\n<p>Con diferentes actividades, el Huila conmemorar\u00e1 aquel 20 de julio de 1810, fecha que rememora el grito que dio inicio a toda una gesta libertadora. Disciplina, valent\u00eda, honor, lealtad y voluntad inquebrantable de servicio, se observar\u00e1n durante la jornada patria.&nbsp;<\/p>\n\n\n\n<p>Los actos conmemorativos de 213 a\u00f1os de historia, iniciar\u00e1n a las 08:00 am, con la sagrada eucarist\u00eda en la catedral de Neiva, la programaci\u00f3n contin\u00faa en la Plaza de Banderas de la Gobernaci\u00f3n con la izada del Pabell\u00f3n Nacional y el reconocimiento, mediante entrega de medallas por parte de los gobiernos de Huila y Neiva, a un personal de las Fuerzas Militares y de Polic\u00eda que se han destacado en el cumplimiento de la misi\u00f3n.<\/p>\n\n\n\n<p>Acto seguido, iniciar\u00e1 el desfile desde la carrera cuarta con calle primera, en sentido sur \u2013 norte, avanza hasta la tarima principal que estar\u00e1 ubicada frente a la Gobernaci\u00f3n del Huila, continuar\u00e1 por calle 10 para tomar la carrera quinta y as\u00ed seguir por la calle 21, para finalizar en la carrera 16.\u00a0\u00a0\u00a0<\/p>\n\n\n\n<figure class=\"wp-block-gallery has-nested-images columns-default is-cropped wp-block-gallery-1 is-layout-flex wp-block-gallery-is-layout-flex\">\n<figure class=\"wp-block-image size-large\"><img decoding=\"async\" data-id=\"56556\" src=\"https:\/\/luchonoticias.com\/wp-content\/uploads\/2023\/07\/WhatsApp-Image-2023-07-14-at-3.44.13-PM-1024x682.jpeg\" alt=\"\" class=\"wp-image-56556\"\/><\/figure>\n\n\n\n<figure class=\"wp-block-image size-large\"><img decoding=\"async\" data-id=\"56557\" src=\"https:\/\/luchonoticias.com\/wp-content\/uploads\/2023\/07\/WhatsApp-Image-2023-07-14-at-3.44.12-PM-1-1024x682.jpeg\" alt=\"\" class=\"wp-image-56557\"\/><\/figure>\n\n\n\n<figure class=\"wp-block-image size-large\"><img decoding=\"async\" data-id=\"56558\" src=\"https:\/\/luchonoticias.com\/wp-content\/uploads\/2023\/07\/WhatsApp-Image-2023-07-14-at-3.44.12-PM-1024x682.jpeg\" alt=\"\" class=\"wp-image-56558\"\/><\/figure>\n<\/figure>\n\n\n\n<p>Durante el recorrido los asistentes podr\u00e1n observar el talento humano y las capacidades t\u00e9cnicas y tecnol\u00f3gicas de los hombres y mujeres de la Novena Brigada del Ej\u00e9rcito Nacional, Polic\u00eda, Fuerza A\u00e9rea, Defensa Civil, Bomberos, Inpec, as\u00ed como de las instituciones educativas.<\/p>\n\n\n\n<p>Ej\u00e9rcito participar\u00e1, entre otros, con su bloque de mujeres, h\u00e9roes heridos en cumplimiento del deber, banda marcial, Gaula Militar, unidades de desminado humanitario, gu\u00edas caninos, piezas de mortero y potencial a\u00e9reo. Ratificando que durante 213 a\u00f1os han defendido al pueblo colombiano con el mismo valor y sacrificio que sus antecesores, construyendo patria en defensa de la vida.<\/p>\n\n\n\n<p><strong>D\u00eda de los H\u00e9roes de la Naci\u00f3n y sus Familias<\/strong><\/p>\n\n\n\n<p>Como antesala a la fiesta patria, mediante la Ley 913 de 2004 se estableci\u00f3 el 19 de julio como la fecha para rendir un tributo a los h\u00e9roes de Ej\u00e9rcito, Polic\u00eda, Fuerza A\u00e9rea y la Armada, que ofrendaron su integridad f\u00edsica y su vida, as\u00ed como a sus familias; a<\/p>\n\n\n\n<p>ellos, centinelas de la seguridad que siempre actuaron en defensa de la naci\u00f3n y en pro de la libertad y el progreso de Colombia.<\/p>\n\n\n\n<figure class=\"wp-block-gallery has-nested-images columns-default is-cropped wp-block-gallery-2 is-layout-flex wp-block-gallery-is-layout-flex\">\n<figure class=\"wp-block-image\"><img decoding=\"async\" src=\"blob:https:\/\/luchonoticias.com\/5b2ad467-8c3f-4853-ba7c-fcc936301601\" alt=\"\"\/><\/figure>\n\n\n\n<figure class=\"wp-block-image\"><img decoding=\"async\" src=\"blob:https:\/\/luchonoticias.com\/4ae952c8-c038-4916-9c11-03bb37643b05\" alt=\"\"\/><\/figure>\n\n\n\n<figure class=\"wp-block-image\"><img decoding=\"async\" src=\"blob:https:\/\/luchonoticias.com\/8ae5253e-1b45-4717-b7da-bd69d77563eb\" alt=\"\"\/><\/figure>\n<\/figure>\n\n\n\n<p>La actividad que tendr\u00e1 en la Plazoleta de Banderas de la Gobernaci\u00f3n del Huila, iniciar\u00e1 con la izada del Pabell\u00f3n Nacional a media asta, minuto de silencio y ofrenda floral.<\/p>\n\n\n\n<p>El acto conmemorativo continuar\u00e1 con el testimonio de los h\u00e9roes que, a pesar de sus cicatrices, lograron sobrevivir y hoy ratifican su amor en pro de la patria, as\u00ed como de los familiares de quienes ofrendaron su vida en cumplimiento del deber, ellos saben que el sacrificio supremo de su ser querido no fue en vano.<\/p>\n\n\n\n<p>Porque Colombia es un pa\u00eds de gente que trabaja con el coraz\u00f3n, que no se rinde ante las dificultades, un territorio de oportunidades, lleno de esperanza, que quiere construir un mejor futuro.<\/p>\n","protected":false},"excerpt":{"rendered":"<p>Con diferentes actividades, el Huila conmemorar\u00e1 aquel 20 de julio de 1810, fecha que rememora el grito que dio inicio a toda una gesta libertadora. Disciplina, valent\u00eda, honor, lealtad y voluntad inquebrantable de servicio, se observar\u00e1n durante la jornada patria.&nbsp; Los actos conmemorativos de 213 a\u00f1os de historia, iniciar\u00e1n a las 08:00 am, con la [&hellip;]<\/p>\n","protected":false},"author":2,"featured_media":0,"comment_status":"open","ping_status":"open","sticky":false,"template":"","format":"standard","meta":{"footnotes":""},"categories":[36,31],"tags":[],"class_list":["post-56554","post","type-post","status-publish","format-standard","hentry","category-destacado","category-local"],"yoast_head":"<!-- This site is optimized with the Yoast SEO plugin v26.6 - https:\/\/yoast.com\/wordpress\/plugins\/seo\/ -->\n<title>Novena Brigada invita al desfile patrio del 20 de julio -<\/title>\n<meta name=\"robots\" content=\"index, follow, max-snippet:-1, max-image-preview:large, max-video-preview:-1\" \/>\n<link rel=\"canonical\" href=\"https:\/\/luchonoticias.com\/editor\/novena-brigada-invita-al-desfile-patrio-del-20-de-julio\/\" \/>\n<meta property=\"og:locale\" content=\"es_ES\" \/>\n<meta property=\"og:type\" content=\"article\" \/>\n<meta property=\"og:title\" content=\"Novena Brigada invita al desfile patrio del 20 de julio -\" \/>\n<meta property=\"og:url\" content=\"https:\/\/luchonoticias.com\/editor\/novena-brigada-invita-al-desfile-patrio-del-20-de-julio\/\" \/>\n<meta property=\"article:publisher\" content=\"https:\/\/www.facebook.com\/luchonoticiasneiva\" \/>\n<meta property=\"article:published_time\" content=\"2023-07-15T12:00:50+00:00\" \/>\n<meta property=\"article:modified_time\" content=\"2023-07-15T12:00:57+00:00\" \/>\n<meta property=\"og:image\" content=\"https:\/\/luchonoticias.com\/wp-content\/uploads\/2023\/07\/WhatsApp-Image-2023-07-14-at-3.44.13-PM-1024x682.jpeg\" \/>\n<meta name=\"author\" content=\"Editor General\" \/>\n<meta name=\"twitter:card\" content=\"summary_large_image\" \/>\n<meta name=\"twitter:label1\" content=\"Escrito por\" \/>\n\t<meta name=\"twitter:data1\" content=\"Editor General\" \/>\n\t<meta name=\"twitter:label2\" content=\"Tiempo de lectura\" \/>\n\t<meta name=\"twitter:data2\" content=\"2 minutos\" \/>\n<script type=\"application\/ld+json\" class=\"yoast-schema-graph\">{\"@context\":\"https:\/\/schema.org\",\"@graph\":[{\"@type\":\"Article\",\"@id\":\"https:\/\/luchonoticias.com\/editor\/novena-brigada-invita-al-desfile-patrio-del-20-de-julio\/#article\",\"isPartOf\":{\"@id\":\"https:\/\/luchonoticias.com\/editor\/novena-brigada-invita-al-desfile-patrio-del-20-de-julio\/\"},\"author\":{\"name\":\"Editor General\",\"@id\":\"https:\/\/luchonoticias.com\/editor\/#\/schema\/person\/29217990ddf6f14e35912b2866d591fb\"},\"headline\":\"Novena Brigada invita al desfile patrio del 20 de julio\",\"datePublished\":\"2023-07-15T12:00:50+00:00\",\"dateModified\":\"2023-07-15T12:00:57+00:00\",\"mainEntityOfPage\":{\"@id\":\"https:\/\/luchonoticias.com\/editor\/novena-brigada-invita-al-desfile-patrio-del-20-de-julio\/\"},\"wordCount\":503,\"commentCount\":0,\"publisher\":{\"@id\":\"https:\/\/luchonoticias.com\/editor\/#\/schema\/person\/7a7fd911f58561fd056dbac7b55af9cd\"},\"image\":{\"@id\":\"https:\/\/luchonoticias.com\/editor\/novena-brigada-invita-al-desfile-patrio-del-20-de-julio\/#primaryimage\"},\"thumbnailUrl\":\"https:\/\/luchonoticias.com\/wp-content\/uploads\/2023\/07\/WhatsApp-Image-2023-07-14-at-3.44.13-PM-1024x682.jpeg\",\"articleSection\":[\"Destacado\",\"Local\"],\"inLanguage\":\"es\",\"potentialAction\":[{\"@type\":\"CommentAction\",\"name\":\"Comment\",\"target\":[\"https:\/\/luchonoticias.com\/editor\/novena-brigada-invita-al-desfile-patrio-del-20-de-julio\/#respond\"]}]},{\"@type\":\"WebPage\",\"@id\":\"https:\/\/luchonoticias.com\/editor\/novena-brigada-invita-al-desfile-patrio-del-20-de-julio\/\",\"url\":\"https:\/\/luchonoticias.com\/editor\/novena-brigada-invita-al-desfile-patrio-del-20-de-julio\/\",\"name\":\"Novena Brigada invita al desfile patrio del 20 de julio -\",\"isPartOf\":{\"@id\":\"https:\/\/luchonoticias.com\/editor\/#website\"},\"primaryImageOfPage\":{\"@id\":\"https:\/\/luchonoticias.com\/editor\/novena-brigada-invita-al-desfile-patrio-del-20-de-julio\/#primaryimage\"},\"image\":{\"@id\":\"https:\/\/luchonoticias.com\/editor\/novena-brigada-invita-al-desfile-patrio-del-20-de-julio\/#primaryimage\"},\"thumbnailUrl\":\"https:\/\/luchonoticias.com\/wp-content\/uploads\/2023\/07\/WhatsApp-Image-2023-07-14-at-3.44.13-PM-1024x682.jpeg\",\"datePublished\":\"2023-07-15T12:00:50+00:00\",\"dateModified\":\"2023-07-15T12:00:57+00:00\",\"breadcrumb\":{\"@id\":\"https:\/\/luchonoticias.com\/editor\/novena-brigada-invita-al-desfile-patrio-del-20-de-julio\/#breadcrumb\"},\"inLanguage\":\"es\",\"potentialAction\":[{\"@type\":\"ReadAction\",\"target\":[\"https:\/\/luchonoticias.com\/editor\/novena-brigada-invita-al-desfile-patrio-del-20-de-julio\/\"]}]},{\"@type\":\"ImageObject\",\"inLanguage\":\"es\",\"@id\":\"https:\/\/luchonoticias.com\/editor\/novena-brigada-invita-al-desfile-patrio-del-20-de-julio\/#primaryimage\",\"url\":\"https:\/\/luchonoticias.com\/wp-content\/uploads\/2023\/07\/WhatsApp-Image-2023-07-14-at-3.44.13-PM-1024x682.jpeg\",\"contentUrl\":\"https:\/\/luchonoticias.com\/wp-content\/uploads\/2023\/07\/WhatsApp-Image-2023-07-14-at-3.44.13-PM-1024x682.jpeg\"},{\"@type\":\"BreadcrumbList\",\"@id\":\"https:\/\/luchonoticias.com\/editor\/novena-brigada-invita-al-desfile-patrio-del-20-de-julio\/#breadcrumb\",\"itemListElement\":[{\"@type\":\"ListItem\",\"position\":1,\"name\":\"Portada\",\"item\":\"https:\/\/luchonoticias.com\/editor\/\"},{\"@type\":\"ListItem\",\"position\":2,\"name\":\"Novena Brigada invita al desfile patrio del 20 de julio\"}]},{\"@type\":\"WebSite\",\"@id\":\"https:\/\/luchonoticias.com\/editor\/#website\",\"url\":\"https:\/\/luchonoticias.com\/editor\/\",\"name\":\"\",\"description\":\"\",\"publisher\":{\"@id\":\"https:\/\/luchonoticias.com\/editor\/#\/schema\/person\/7a7fd911f58561fd056dbac7b55af9cd\"},\"potentialAction\":[{\"@type\":\"SearchAction\",\"target\":{\"@type\":\"EntryPoint\",\"urlTemplate\":\"https:\/\/luchonoticias.com\/editor\/?s={search_term_string}\"},\"query-input\":{\"@type\":\"PropertyValueSpecification\",\"valueRequired\":true,\"valueName\":\"search_term_string\"}}],\"inLanguage\":\"es\"},{\"@type\":[\"Person\",\"Organization\"],\"@id\":\"https:\/\/luchonoticias.com\/editor\/#\/schema\/person\/7a7fd911f58561fd056dbac7b55af9cd\",\"name\":\"admin\",\"image\":{\"@type\":\"ImageObject\",\"inLanguage\":\"es\",\"@id\":\"https:\/\/luchonoticias.com\/editor\/#\/schema\/person\/image\/\",\"url\":\"https:\/\/luchonoticias.com\/editor\/wp-content\/uploads\/2024\/02\/cropped-cropped-logolu.webp\",\"contentUrl\":\"https:\/\/luchonoticias.com\/editor\/wp-content\/uploads\/2024\/02\/cropped-cropped-logolu.webp\",\"width\":382,\"height\":170,\"caption\":\"admin\"},\"logo\":{\"@id\":\"https:\/\/luchonoticias.com\/editor\/#\/schema\/person\/image\/\"},\"sameAs\":[\"https:\/\/www.facebook.com\/luchonoticiasneiva\"]},{\"@type\":\"Person\",\"@id\":\"https:\/\/luchonoticias.com\/editor\/#\/schema\/person\/29217990ddf6f14e35912b2866d591fb\",\"name\":\"Editor General\",\"image\":{\"@type\":\"ImageObject\",\"inLanguage\":\"es\",\"@id\":\"https:\/\/luchonoticias.com\/editor\/#\/schema\/person\/image\/\",\"url\":\"https:\/\/luchonoticias.com\/editor\/wp-content\/uploads\/2024\/02\/cropped-cropped-logolu-150x150.webp\",\"contentUrl\":\"https:\/\/luchonoticias.com\/editor\/wp-content\/uploads\/2024\/02\/cropped-cropped-logolu-150x150.webp\",\"caption\":\"Editor General\"},\"sameAs\":[\"https:\/\/luchonoticias.com\/\"],\"url\":\"https:\/\/luchonoticias.com\/editor\/author\/editor-general\/\"}]}<\/script>\n<!-- \/ Yoast SEO plugin. -->","yoast_head_json":{"title":"Novena Brigada invita al desfile patrio del 20 de julio -","robots":{"index":"index","follow":"follow","max-snippet":"max-snippet:-1","max-image-preview":"max-image-preview:large","max-video-preview":"max-video-preview:-1"},"canonical":"https:\/\/luchonoticias.com\/editor\/novena-brigada-invita-al-desfile-patrio-del-20-de-julio\/","og_locale":"es_ES","og_type":"article","og_title":"Novena Brigada invita al desfile patrio del 20 de julio -","og_url":"https:\/\/luchonoticias.com\/editor\/novena-brigada-invita-al-desfile-patrio-del-20-de-julio\/","article_publisher":"https:\/\/www.facebook.com\/luchonoticiasneiva","article_published_time":"2023-07-15T12:00:50+00:00","article_modified_time":"2023-07-15T12:00:57+00:00","og_image":[{"url":"https:\/\/luchonoticias.com\/wp-content\/uploads\/2023\/07\/WhatsApp-Image-2023-07-14-at-3.44.13-PM-1024x682.jpeg","type":"","width":"","height":""}],"author":"Editor General","twitter_card":"summary_large_image","twitter_misc":{"Escrito por":"Editor General","Tiempo de lectura":"2 minutos"},"schema":{"@context":"https:\/\/schema.org","@graph":[{"@type":"Article","@id":"https:\/\/luchonoticias.com\/editor\/novena-brigada-invita-al-desfile-patrio-del-20-de-julio\/#article","isPartOf":{"@id":"https:\/\/luchonoticias.com\/editor\/novena-brigada-invita-al-desfile-patrio-del-20-de-julio\/"},"author":{"name":"Editor General","@id":"https:\/\/luchonoticias.com\/editor\/#\/schema\/person\/29217990ddf6f14e35912b2866d591fb"},"headline":"Novena Brigada invita al desfile patrio del 20 de julio","datePublished":"2023-07-15T12:00:50+00:00","dateModified":"2023-07-15T12:00:57+00:00","mainEntityOfPage":{"@id":"https:\/\/luchonoticias.com\/editor\/novena-brigada-invita-al-desfile-patrio-del-20-de-julio\/"},"wordCount":503,"commentCount":0,"publisher":{"@id":"https:\/\/luchonoticias.com\/editor\/#\/schema\/person\/7a7fd911f58561fd056dbac7b55af9cd"},"image":{"@id":"https:\/\/luchonoticias.com\/editor\/novena-brigada-invita-al-desfile-patrio-del-20-de-julio\/#primaryimage"},"thumbnailUrl":"https:\/\/luchonoticias.com\/wp-content\/uploads\/2023\/07\/WhatsApp-Image-2023-07-14-at-3.44.13-PM-1024x682.jpeg","articleSection":["Destacado","Local"],"inLanguage":"es","potentialAction":[{"@type":"CommentAction","name":"Comment","target":["https:\/\/luchonoticias.com\/editor\/novena-brigada-invita-al-desfile-patrio-del-20-de-julio\/#respond"]}]},{"@type":"WebPage","@id":"https:\/\/luchonoticias.com\/editor\/novena-brigada-invita-al-desfile-patrio-del-20-de-julio\/","url":"https:\/\/luchonoticias.com\/editor\/novena-brigada-invita-al-desfile-patrio-del-20-de-julio\/","name":"Novena Brigada invita al desfile patrio del 20 de julio -","isPartOf":{"@id":"https:\/\/luchonoticias.com\/editor\/#website"},"primaryImageOfPage":{"@id":"https:\/\/luchonoticias.com\/editor\/novena-brigada-invita-al-desfile-patrio-del-20-de-julio\/#primaryimage"},"image":{"@id":"https:\/\/luchonoticias.com\/editor\/novena-brigada-invita-al-desfile-patrio-del-20-de-julio\/#primaryimage"},"thumbnailUrl":"https:\/\/luchonoticias.com\/wp-content\/uploads\/2023\/07\/WhatsApp-Image-2023-07-14-at-3.44.13-PM-1024x682.jpeg","datePublished":"2023-07-15T12:00:50+00:00","dateModified":"2023-07-15T12:00:57+00:00","breadcrumb":{"@id":"https:\/\/luchonoticias.com\/editor\/novena-brigada-invita-al-desfile-patrio-del-20-de-julio\/#breadcrumb"},"inLanguage":"es","potentialAction":[{"@type":"ReadAction","target":["https:\/\/luchonoticias.com\/editor\/novena-brigada-invita-al-desfile-patrio-del-20-de-julio\/"]}]},{"@type":"ImageObject","inLanguage":"es","@id":"https:\/\/luchonoticias.com\/editor\/novena-brigada-invita-al-desfile-patrio-del-20-de-julio\/#primaryimage","url":"https:\/\/luchonoticias.com\/wp-content\/uploads\/2023\/07\/WhatsApp-Image-2023-07-14-at-3.44.13-PM-1024x682.jpeg","contentUrl":"https:\/\/luchonoticias.com\/wp-content\/uploads\/2023\/07\/WhatsApp-Image-2023-07-14-at-3.44.13-PM-1024x682.jpeg"},{"@type":"BreadcrumbList","@id":"https:\/\/luchonoticias.com\/editor\/novena-brigada-invita-al-desfile-patrio-del-20-de-julio\/#breadcrumb","itemListElement":[{"@type":"ListItem","position":1,"name":"Portada","item":"https:\/\/luchonoticias.com\/editor\/"},{"@type":"ListItem","position":2,"name":"Novena Brigada invita al desfile patrio del 20 de julio"}]},{"@type":"WebSite","@id":"https:\/\/luchonoticias.com\/editor\/#website","url":"https:\/\/luchonoticias.com\/editor\/","name":"","description":"","publisher":{"@id":"https:\/\/luchonoticias.com\/editor\/#\/schema\/person\/7a7fd911f58561fd056dbac7b55af9cd"},"potentialAction":[{"@type":"SearchAction","target":{"@type":"EntryPoint","urlTemplate":"https:\/\/luchonoticias.com\/editor\/?s={search_term_string}"},"query-input":{"@type":"PropertyValueSpecification","valueRequired":true,"valueName":"search_term_string"}}],"inLanguage":"es"},{"@type":["Person","Organization"],"@id":"https:\/\/luchonoticias.com\/editor\/#\/schema\/person\/7a7fd911f58561fd056dbac7b55af9cd","name":"admin","image":{"@type":"ImageObject","inLanguage":"es","@id":"https:\/\/luchonoticias.com\/editor\/#\/schema\/person\/image\/","url":"https:\/\/luchonoticias.com\/editor\/wp-content\/uploads\/2024\/02\/cropped-cropped-logolu.webp","contentUrl":"https:\/\/luchonoticias.com\/editor\/wp-content\/uploads\/2024\/02\/cropped-cropped-logolu.webp","width":382,"height":170,"caption":"admin"},"logo":{"@id":"https:\/\/luchonoticias.com\/editor\/#\/schema\/person\/image\/"},"sameAs":["https:\/\/www.facebook.com\/luchonoticiasneiva"]},{"@type":"Person","@id":"https:\/\/luchonoticias.com\/editor\/#\/schema\/person\/29217990ddf6f14e35912b2866d591fb","name":"Editor General","image":{"@type":"ImageObject","inLanguage":"es","@id":"https:\/\/luchonoticias.com\/editor\/#\/schema\/person\/image\/","url":"https:\/\/luchonoticias.com\/editor\/wp-content\/uploads\/2024\/02\/cropped-cropped-logolu-150x150.webp","contentUrl":"https:\/\/luchonoticias.com\/editor\/wp-content\/uploads\/2024\/02\/cropped-cropped-logolu-150x150.webp","caption":"Editor General"},"sameAs":["https:\/\/luchonoticias.com\/"],"url":"https:\/\/luchonoticias.com\/editor\/author\/editor-general\/"}]}},"_links":{"self":[{"href":"https:\/\/luchonoticias.com\/editor\/wp-json\/wp\/v2\/posts\/56554","targetHints":{"allow":["GET"]}}],"collection":[{"href":"https:\/\/luchonoticias.com\/editor\/wp-json\/wp\/v2\/posts"}],"about":[{"href":"https:\/\/luchonoticias.com\/editor\/wp-json\/wp\/v2\/types\/post"}],"author":[{"embeddable":true,"href":"https:\/\/luchonoticias.com\/editor\/wp-json\/wp\/v2\/users\/2"}],"replies":[{"embeddable":true,"href":"https:\/\/luchonoticias.com\/editor\/wp-json\/wp\/v2\/comments?post=56554"}],"version-history":[{"count":0,"href":"https:\/\/luchonoticias.com\/editor\/wp-json\/wp\/v2\/posts\/56554\/revisions"}],"wp:attachment":[{"href":"https:\/\/luchonoticias.com\/editor\/wp-json\/wp\/v2\/media?parent=56554"}],"wp:term":[{"taxonomy":"category","embeddable":true,"href":"https:\/\/luchonoticias.com\/editor\/wp-json\/wp\/v2\/categories?post=56554"},{"taxonomy":"post_tag","embeddable":true,"href":"https:\/\/luchonoticias.com\/editor\/wp-json\/wp\/v2\/tags?post=56554"}],"curies":[{"name":"wp","href":"https:\/\/api.w.org\/{rel}","templated":true}]}}