{"id":56635,"date":"2023-07-17T05:34:04","date_gmt":"2023-07-17T10:34:04","guid":{"rendered":"https:\/\/luchonoticias.com\/?p=56635"},"modified":"2023-07-17T05:34:18","modified_gmt":"2023-07-17T10:34:18","slug":"anuncian-nuevos-puntos-de-votacion-e-instalacion-de-tribunal-de-garantias-y-vigilancia-electoral","status":"publish","type":"post","link":"https:\/\/luchonoticias.com\/editor\/anuncian-nuevos-puntos-de-votacion-e-instalacion-de-tribunal-de-garantias-y-vigilancia-electoral\/","title":{"rendered":"Anuncian nuevos puntos de votaci\u00f3n e instalaci\u00f3n de Tribunal de Garant\u00edas y Vigilancia Electoral"},"content":{"rendered":"\n<p>En la Polic\u00eda Metropolitana de Neiva, el alcalde, Gorky Mu\u00f1oz Calder\u00f3n, encabez\u00f3 el Comit\u00e9 de Seguimiento Electoral por medio del cual se gener\u00f3 un plan de trabajo junto a las autoridades electorales, administrativas, judiciales y la Fuerza P\u00fablica, con el objetivo de garantizar el normal desarrollo de las elecciones locales que se llevar\u00e1n a cabo el pr\u00f3ximo 29 de octubre.<\/p>\n\n\n\n<p><strong>Nuevos puestos de votaci\u00f3n<\/strong><\/p>\n\n\n\n<p>Desde all\u00ed, se anunci\u00f3 la implementaci\u00f3n de cinco nuevos puestos de votaci\u00f3n, uno de ellos en la zona rural, espec\u00edficamente en el poblado de San Antonio de Anaconia, en Vegalarga. As\u00ed mismo, se habilitaron los siguientes lugares en la zona urbana: Instituci\u00f3n Educativa &#8216;Gabino Charry&#8217;, Instituci\u00f3n Educativa &#8216;Jos\u00e9 Mart\u00ed&#8217;, Instituci\u00f3n Educativa &#8216;Agust\u00edn Codazzi&#8217; y la sede principal de la Instituci\u00f3n Educativa &#8216;Juan de Cabrera&#8217;.<\/p>\n\n\n\n<p>Seg\u00fan el mandatario de los neivanos, este Comit\u00e9 ha venido generando una hoja de ruta con los componentes que garantizar\u00e1n no s\u00f3lo la log\u00edstica sino tambi\u00e9n la seguridad en el marco del ejercicio democr\u00e1tico y participativo.<\/p>\n\n\n\n<p>\u201cEstamos hablando de transparencia en los esquemas de participaci\u00f3n, de la log\u00edstica necesaria para que, en cada punto de votaci\u00f3n, que son 52, haya lo necesario para poder instalar las mesas, los jurados y que se generen condiciones de evacuaci\u00f3n y seguridad\u201d, sostuvo el alcalde de Neiva Gorky Mu\u00f1oz.<\/p>\n\n\n\n<figure class=\"wp-block-gallery has-nested-images columns-default is-cropped wp-block-gallery-1 is-layout-flex wp-block-gallery-is-layout-flex\">\n<figure class=\"wp-block-image size-large\"><img decoding=\"async\" data-id=\"56637\" src=\"https:\/\/luchonoticias.com\/wp-content\/uploads\/2023\/07\/WhatsApp-Image-2023-07-16-at-8.51.34-PM-1-1024x768.jpeg\" alt=\"\" class=\"wp-image-56637\"\/><\/figure>\n\n\n\n<figure class=\"wp-block-image size-large\"><img decoding=\"async\" data-id=\"56638\" src=\"https:\/\/luchonoticias.com\/wp-content\/uploads\/2023\/07\/WhatsApp-Image-2023-07-16-at-8.51.34-PM-1024x768.jpeg\" alt=\"\" class=\"wp-image-56638\"\/><\/figure>\n<\/figure>\n\n\n\n<p><strong>Instalaci\u00f3n del Tribunal de Garant\u00edas y Vigilancia Electoral<\/strong><\/p>\n\n\n\n<p>Durante la reuni\u00f3n, tambi\u00e9n se presentaron las magistradas del Tribunal de Garant\u00edas y Vigilancia Electoral, designadas por el Consejo Nacional Electoral, quienes ser\u00e1n responsables de velar por la transparencia y el correcto desarrollo de las elecciones.<\/p>\n\n\n\n<p>La magistrada Edna Johana Cruz, miembro del Tribunal de Garant\u00edas y Vigilancia Electoral para el departamento del Huila, enfatiz\u00f3 que se brindar\u00e1n garant\u00edas no solo a los candidatos, campa\u00f1as, partidos pol\u00edticos y grupos significativos de ciudadanos, sino tambi\u00e9n a las entidades y a los mismos ciudadanos.<\/p>\n\n\n\n<p>\u201cNosotros como Tribunal generamos esas garant\u00edas y establecemos esos canales necesarios de comunicaci\u00f3n, para efectuar esas denuncias que puedan atentar en determinado momento contra el normal desarrollo del proceso electoral\u201d, expres\u00f3 la magistrada.<\/p>\n\n\n\n<p>En este sentido, se instal\u00f3 el Tribunal de Garant\u00edas y Vigilancia Electoral seccional Huila en la Biblioteca Departamental &#8216;Olegario Rivera&#8217;, donde la ciudadan\u00eda podr\u00e1 presentar denuncias, quejas o requerimientos relacionados con el incumplimiento de las normas electorales emitidas por el Consejo Nacional Electoral, el Consejo de Estado y la Corte Constitucional.<\/p>\n\n\n\n<p>Explic\u00f3 la magistrada Edna Cruz que estas denuncias deben estar relacionadas con el uso indebido del espacio p\u00fablico, la manipulaci\u00f3n inapropiada de la publicidad electoral y los aspectos relacionados con la financiaci\u00f3n de las campa\u00f1as pol\u00edticas, as\u00ed como con las responsabilidades derivadas de la presentaci\u00f3n de informes de ingresos y gastos de las campa\u00f1as.<\/p>\n\n\n\n<p>Para facilitar la comunicaci\u00f3n, el Tribunal ha habilitado el correo electr\u00f3nico tribunalhuila2023@gmail.com, donde tambi\u00e9n se podr\u00e1n recibir denuncias sobre posibles irregularidades que ocurran durante el desarrollo de las elecciones.<\/p>\n\n\n\n<p>\u201cA trav\u00e9s de este canal, tenemos f\u00e1cil acceso para que la comunicaci\u00f3n sea m\u00e1s expedita. As\u00ed nosotros podemos cumplir a cabalidad con nuestras funciones atribuidas a la normatividad como a las funciones de inspecci\u00f3n, vigilancia y control que vamos a ejercer con todos los actores del proceso electoral\u201d, indic\u00f3 Claudia Cristina Narv\u00e1ez Rojas, magistrada del Tribunal de Garant\u00edas y Vigilancia Electoral seccional Huila.\u00a0<\/p>\n\n\n\n<figure class=\"wp-block-gallery has-nested-images columns-default is-cropped wp-block-gallery-2 is-layout-flex wp-block-gallery-is-layout-flex\">\n<figure class=\"wp-block-image size-large\"><img decoding=\"async\" data-id=\"56639\" src=\"https:\/\/luchonoticias.com\/wp-content\/uploads\/2023\/07\/WhatsApp-Image-2023-07-16-at-8.51.33-PM-1024x768.jpeg\" alt=\"\" class=\"wp-image-56639\"\/><\/figure>\n\n\n\n<figure class=\"wp-block-image size-large\"><img decoding=\"async\" data-id=\"56640\" src=\"https:\/\/luchonoticias.com\/wp-content\/uploads\/2023\/07\/WhatsApp-Image-2023-07-16-at-8.51.32-PM-1-1024x768.jpeg\" alt=\"\" class=\"wp-image-56640\"\/><\/figure>\n<\/figure>\n\n\n\n<p><strong>&nbsp;Alertas<\/strong><\/p>\n\n\n\n<p>En el espacio tambi\u00e9n fue importante mencionar las alertas tempranas 010 y 019 del 2023, emitidas por la Defensor\u00eda del Pueblo con el fin de informar a las autoridades sobre el riesgo que hay en el territorio y as\u00ed mitigar estas situaciones.<\/p>\n\n\n\n<p>La primera alerta indica que se ha identificado un panorama de riesgo en los municipios de Tello, Baraya y Neiva, especialmente en sus corregimientos y veredas.<\/p>\n\n\n\n<p>\u201cY la otra que tiene una importancia preponderante es la n\u00famero 019 del 2023 que es de car\u00e1cter nacional y que tiene que ver con el panorama de riesgo de l\u00edderes y lideresas de derechos humanos en todo el territorio nacional; de los 37 municipios del Huila, 32 est\u00e1n alertados, es decir, all\u00ed hay riesgo latente\u201d, indic\u00f3 la defensora del Pueblo Seccional Huila, Johana Elena Rojas Herrera.<\/p>\n\n\n\n<p>Entre tanto, la Personer\u00eda de Neiva tambi\u00e9n brindar\u00e1 las garant\u00edas necesarias para que la ciudadan\u00eda pueda ejercer su derecho a participar en el proceso electoral de manera segura y libre.<\/p>\n\n\n\n<p>Seg\u00fan el personero Wilson D\u00edaz Sterling, el compromiso de la entidad es escuchar las quejas y denuncias de la comunidad, y canalizarlas adecuadamente para asegurar que las inquietudes lleguen al Comit\u00e9 de Garant\u00edas Electorales de Neiva.<\/p>\n\n\n\n<p>Finalmente, es importante mencionar que los miembros del Comit\u00e9 de Seguimiento Electoral est\u00e1n comprometidos en asegurar un proceso electoral transparente, seguro y participativo, garantizando la igualdad de condiciones para todos los candidatos y ciudadanos. El trabajo conjunto de las instituciones involucradas refuerza la confianza en el sistema democr\u00e1tico y fomenta la participaci\u00f3n ciudadana en la toma de decisiones que afectan a la comunidad.<\/p>\n","protected":false},"excerpt":{"rendered":"<p>En la Polic\u00eda Metropolitana de Neiva, el alcalde, Gorky Mu\u00f1oz Calder\u00f3n, encabez\u00f3 el Comit\u00e9 de Seguimiento Electoral por medio del cual se gener\u00f3 un plan de trabajo junto a las autoridades electorales, administrativas, judiciales y la Fuerza P\u00fablica, con el objetivo de garantizar el normal desarrollo de las elecciones locales que se llevar\u00e1n a cabo [&hellip;]<\/p>\n","protected":false},"author":2,"featured_media":0,"comment_status":"open","ping_status":"open","sticky":false,"template":"","format":"standard","meta":{"footnotes":""},"categories":[36,31],"tags":[],"class_list":["post-56635","post","type-post","status-publish","format-standard","hentry","category-destacado","category-local"],"yoast_head":"<!-- This site is optimized with the Yoast SEO plugin v26.6 - https:\/\/yoast.com\/wordpress\/plugins\/seo\/ -->\n<title>Anuncian nuevos puntos de votaci\u00f3n e instalaci\u00f3n de Tribunal de Garant\u00edas y Vigilancia Electoral -<\/title>\n<meta name=\"robots\" content=\"index, follow, max-snippet:-1, max-image-preview:large, max-video-preview:-1\" \/>\n<link rel=\"canonical\" href=\"https:\/\/luchonoticias.com\/editor\/anuncian-nuevos-puntos-de-votacion-e-instalacion-de-tribunal-de-garantias-y-vigilancia-electoral\/\" \/>\n<meta property=\"og:locale\" content=\"es_ES\" \/>\n<meta property=\"og:type\" content=\"article\" \/>\n<meta property=\"og:title\" content=\"Anuncian nuevos puntos de votaci\u00f3n e instalaci\u00f3n de Tribunal de Garant\u00edas y Vigilancia Electoral -\" \/>\n<meta property=\"og:url\" content=\"https:\/\/luchonoticias.com\/editor\/anuncian-nuevos-puntos-de-votacion-e-instalacion-de-tribunal-de-garantias-y-vigilancia-electoral\/\" \/>\n<meta property=\"article:publisher\" content=\"https:\/\/www.facebook.com\/luchonoticiasneiva\" \/>\n<meta property=\"article:published_time\" content=\"2023-07-17T10:34:04+00:00\" \/>\n<meta property=\"article:modified_time\" content=\"2023-07-17T10:34:18+00:00\" \/>\n<meta property=\"og:image\" content=\"https:\/\/luchonoticias.com\/wp-content\/uploads\/2023\/07\/WhatsApp-Image-2023-07-16-at-8.51.34-PM-1-1024x768.jpeg\" \/>\n<meta name=\"author\" content=\"Editor General\" \/>\n<meta name=\"twitter:card\" content=\"summary_large_image\" \/>\n<meta name=\"twitter:label1\" content=\"Escrito por\" \/>\n\t<meta name=\"twitter:data1\" content=\"Editor General\" \/>\n\t<meta name=\"twitter:label2\" content=\"Tiempo de lectura\" \/>\n\t<meta name=\"twitter:data2\" content=\"4 minutos\" \/>\n<script type=\"application\/ld+json\" class=\"yoast-schema-graph\">{\"@context\":\"https:\/\/schema.org\",\"@graph\":[{\"@type\":\"Article\",\"@id\":\"https:\/\/luchonoticias.com\/editor\/anuncian-nuevos-puntos-de-votacion-e-instalacion-de-tribunal-de-garantias-y-vigilancia-electoral\/#article\",\"isPartOf\":{\"@id\":\"https:\/\/luchonoticias.com\/editor\/anuncian-nuevos-puntos-de-votacion-e-instalacion-de-tribunal-de-garantias-y-vigilancia-electoral\/\"},\"author\":{\"name\":\"Editor General\",\"@id\":\"https:\/\/luchonoticias.com\/editor\/#\/schema\/person\/29217990ddf6f14e35912b2866d591fb\"},\"headline\":\"Anuncian nuevos puntos de votaci\u00f3n e instalaci\u00f3n de Tribunal de Garant\u00edas y Vigilancia Electoral\",\"datePublished\":\"2023-07-17T10:34:04+00:00\",\"dateModified\":\"2023-07-17T10:34:18+00:00\",\"mainEntityOfPage\":{\"@id\":\"https:\/\/luchonoticias.com\/editor\/anuncian-nuevos-puntos-de-votacion-e-instalacion-de-tribunal-de-garantias-y-vigilancia-electoral\/\"},\"wordCount\":885,\"commentCount\":0,\"publisher\":{\"@id\":\"https:\/\/luchonoticias.com\/editor\/#\/schema\/person\/7a7fd911f58561fd056dbac7b55af9cd\"},\"image\":{\"@id\":\"https:\/\/luchonoticias.com\/editor\/anuncian-nuevos-puntos-de-votacion-e-instalacion-de-tribunal-de-garantias-y-vigilancia-electoral\/#primaryimage\"},\"thumbnailUrl\":\"https:\/\/luchonoticias.com\/wp-content\/uploads\/2023\/07\/WhatsApp-Image-2023-07-16-at-8.51.34-PM-1-1024x768.jpeg\",\"articleSection\":[\"Destacado\",\"Local\"],\"inLanguage\":\"es\",\"potentialAction\":[{\"@type\":\"CommentAction\",\"name\":\"Comment\",\"target\":[\"https:\/\/luchonoticias.com\/editor\/anuncian-nuevos-puntos-de-votacion-e-instalacion-de-tribunal-de-garantias-y-vigilancia-electoral\/#respond\"]}]},{\"@type\":\"WebPage\",\"@id\":\"https:\/\/luchonoticias.com\/editor\/anuncian-nuevos-puntos-de-votacion-e-instalacion-de-tribunal-de-garantias-y-vigilancia-electoral\/\",\"url\":\"https:\/\/luchonoticias.com\/editor\/anuncian-nuevos-puntos-de-votacion-e-instalacion-de-tribunal-de-garantias-y-vigilancia-electoral\/\",\"name\":\"Anuncian nuevos puntos de votaci\u00f3n e instalaci\u00f3n de Tribunal de Garant\u00edas y Vigilancia Electoral -\",\"isPartOf\":{\"@id\":\"https:\/\/luchonoticias.com\/editor\/#website\"},\"primaryImageOfPage\":{\"@id\":\"https:\/\/luchonoticias.com\/editor\/anuncian-nuevos-puntos-de-votacion-e-instalacion-de-tribunal-de-garantias-y-vigilancia-electoral\/#primaryimage\"},\"image\":{\"@id\":\"https:\/\/luchonoticias.com\/editor\/anuncian-nuevos-puntos-de-votacion-e-instalacion-de-tribunal-de-garantias-y-vigilancia-electoral\/#primaryimage\"},\"thumbnailUrl\":\"https:\/\/luchonoticias.com\/wp-content\/uploads\/2023\/07\/WhatsApp-Image-2023-07-16-at-8.51.34-PM-1-1024x768.jpeg\",\"datePublished\":\"2023-07-17T10:34:04+00:00\",\"dateModified\":\"2023-07-17T10:34:18+00:00\",\"breadcrumb\":{\"@id\":\"https:\/\/luchonoticias.com\/editor\/anuncian-nuevos-puntos-de-votacion-e-instalacion-de-tribunal-de-garantias-y-vigilancia-electoral\/#breadcrumb\"},\"inLanguage\":\"es\",\"potentialAction\":[{\"@type\":\"ReadAction\",\"target\":[\"https:\/\/luchonoticias.com\/editor\/anuncian-nuevos-puntos-de-votacion-e-instalacion-de-tribunal-de-garantias-y-vigilancia-electoral\/\"]}]},{\"@type\":\"ImageObject\",\"inLanguage\":\"es\",\"@id\":\"https:\/\/luchonoticias.com\/editor\/anuncian-nuevos-puntos-de-votacion-e-instalacion-de-tribunal-de-garantias-y-vigilancia-electoral\/#primaryimage\",\"url\":\"https:\/\/luchonoticias.com\/wp-content\/uploads\/2023\/07\/WhatsApp-Image-2023-07-16-at-8.51.34-PM-1-1024x768.jpeg\",\"contentUrl\":\"https:\/\/luchonoticias.com\/wp-content\/uploads\/2023\/07\/WhatsApp-Image-2023-07-16-at-8.51.34-PM-1-1024x768.jpeg\"},{\"@type\":\"BreadcrumbList\",\"@id\":\"https:\/\/luchonoticias.com\/editor\/anuncian-nuevos-puntos-de-votacion-e-instalacion-de-tribunal-de-garantias-y-vigilancia-electoral\/#breadcrumb\",\"itemListElement\":[{\"@type\":\"ListItem\",\"position\":1,\"name\":\"Portada\",\"item\":\"https:\/\/luchonoticias.com\/editor\/\"},{\"@type\":\"ListItem\",\"position\":2,\"name\":\"Anuncian nuevos puntos de votaci\u00f3n e instalaci\u00f3n de Tribunal de Garant\u00edas y Vigilancia Electoral\"}]},{\"@type\":\"WebSite\",\"@id\":\"https:\/\/luchonoticias.com\/editor\/#website\",\"url\":\"https:\/\/luchonoticias.com\/editor\/\",\"name\":\"\",\"description\":\"\",\"publisher\":{\"@id\":\"https:\/\/luchonoticias.com\/editor\/#\/schema\/person\/7a7fd911f58561fd056dbac7b55af9cd\"},\"potentialAction\":[{\"@type\":\"SearchAction\",\"target\":{\"@type\":\"EntryPoint\",\"urlTemplate\":\"https:\/\/luchonoticias.com\/editor\/?s={search_term_string}\"},\"query-input\":{\"@type\":\"PropertyValueSpecification\",\"valueRequired\":true,\"valueName\":\"search_term_string\"}}],\"inLanguage\":\"es\"},{\"@type\":[\"Person\",\"Organization\"],\"@id\":\"https:\/\/luchonoticias.com\/editor\/#\/schema\/person\/7a7fd911f58561fd056dbac7b55af9cd\",\"name\":\"admin\",\"image\":{\"@type\":\"ImageObject\",\"inLanguage\":\"es\",\"@id\":\"https:\/\/luchonoticias.com\/editor\/#\/schema\/person\/image\/\",\"url\":\"https:\/\/luchonoticias.com\/editor\/wp-content\/uploads\/2024\/02\/cropped-cropped-logolu.webp\",\"contentUrl\":\"https:\/\/luchonoticias.com\/editor\/wp-content\/uploads\/2024\/02\/cropped-cropped-logolu.webp\",\"width\":382,\"height\":170,\"caption\":\"admin\"},\"logo\":{\"@id\":\"https:\/\/luchonoticias.com\/editor\/#\/schema\/person\/image\/\"},\"sameAs\":[\"https:\/\/www.facebook.com\/luchonoticiasneiva\"]},{\"@type\":\"Person\",\"@id\":\"https:\/\/luchonoticias.com\/editor\/#\/schema\/person\/29217990ddf6f14e35912b2866d591fb\",\"name\":\"Editor General\",\"image\":{\"@type\":\"ImageObject\",\"inLanguage\":\"es\",\"@id\":\"https:\/\/luchonoticias.com\/editor\/#\/schema\/person\/image\/\",\"url\":\"https:\/\/luchonoticias.com\/editor\/wp-content\/uploads\/2024\/02\/cropped-cropped-logolu-150x150.webp\",\"contentUrl\":\"https:\/\/luchonoticias.com\/editor\/wp-content\/uploads\/2024\/02\/cropped-cropped-logolu-150x150.webp\",\"caption\":\"Editor General\"},\"sameAs\":[\"https:\/\/luchonoticias.com\/\"],\"url\":\"https:\/\/luchonoticias.com\/editor\/author\/editor-general\/\"}]}<\/script>\n<!-- \/ Yoast SEO plugin. -->","yoast_head_json":{"title":"Anuncian nuevos puntos de votaci\u00f3n e instalaci\u00f3n de Tribunal de Garant\u00edas y Vigilancia Electoral -","robots":{"index":"index","follow":"follow","max-snippet":"max-snippet:-1","max-image-preview":"max-image-preview:large","max-video-preview":"max-video-preview:-1"},"canonical":"https:\/\/luchonoticias.com\/editor\/anuncian-nuevos-puntos-de-votacion-e-instalacion-de-tribunal-de-garantias-y-vigilancia-electoral\/","og_locale":"es_ES","og_type":"article","og_title":"Anuncian nuevos puntos de votaci\u00f3n e instalaci\u00f3n de Tribunal de Garant\u00edas y Vigilancia Electoral -","og_url":"https:\/\/luchonoticias.com\/editor\/anuncian-nuevos-puntos-de-votacion-e-instalacion-de-tribunal-de-garantias-y-vigilancia-electoral\/","article_publisher":"https:\/\/www.facebook.com\/luchonoticiasneiva","article_published_time":"2023-07-17T10:34:04+00:00","article_modified_time":"2023-07-17T10:34:18+00:00","og_image":[{"url":"https:\/\/luchonoticias.com\/wp-content\/uploads\/2023\/07\/WhatsApp-Image-2023-07-16-at-8.51.34-PM-1-1024x768.jpeg","type":"","width":"","height":""}],"author":"Editor General","twitter_card":"summary_large_image","twitter_misc":{"Escrito por":"Editor General","Tiempo de lectura":"4 minutos"},"schema":{"@context":"https:\/\/schema.org","@graph":[{"@type":"Article","@id":"https:\/\/luchonoticias.com\/editor\/anuncian-nuevos-puntos-de-votacion-e-instalacion-de-tribunal-de-garantias-y-vigilancia-electoral\/#article","isPartOf":{"@id":"https:\/\/luchonoticias.com\/editor\/anuncian-nuevos-puntos-de-votacion-e-instalacion-de-tribunal-de-garantias-y-vigilancia-electoral\/"},"author":{"name":"Editor General","@id":"https:\/\/luchonoticias.com\/editor\/#\/schema\/person\/29217990ddf6f14e35912b2866d591fb"},"headline":"Anuncian nuevos puntos de votaci\u00f3n e instalaci\u00f3n de Tribunal de Garant\u00edas y Vigilancia Electoral","datePublished":"2023-07-17T10:34:04+00:00","dateModified":"2023-07-17T10:34:18+00:00","mainEntityOfPage":{"@id":"https:\/\/luchonoticias.com\/editor\/anuncian-nuevos-puntos-de-votacion-e-instalacion-de-tribunal-de-garantias-y-vigilancia-electoral\/"},"wordCount":885,"commentCount":0,"publisher":{"@id":"https:\/\/luchonoticias.com\/editor\/#\/schema\/person\/7a7fd911f58561fd056dbac7b55af9cd"},"image":{"@id":"https:\/\/luchonoticias.com\/editor\/anuncian-nuevos-puntos-de-votacion-e-instalacion-de-tribunal-de-garantias-y-vigilancia-electoral\/#primaryimage"},"thumbnailUrl":"https:\/\/luchonoticias.com\/wp-content\/uploads\/2023\/07\/WhatsApp-Image-2023-07-16-at-8.51.34-PM-1-1024x768.jpeg","articleSection":["Destacado","Local"],"inLanguage":"es","potentialAction":[{"@type":"CommentAction","name":"Comment","target":["https:\/\/luchonoticias.com\/editor\/anuncian-nuevos-puntos-de-votacion-e-instalacion-de-tribunal-de-garantias-y-vigilancia-electoral\/#respond"]}]},{"@type":"WebPage","@id":"https:\/\/luchonoticias.com\/editor\/anuncian-nuevos-puntos-de-votacion-e-instalacion-de-tribunal-de-garantias-y-vigilancia-electoral\/","url":"https:\/\/luchonoticias.com\/editor\/anuncian-nuevos-puntos-de-votacion-e-instalacion-de-tribunal-de-garantias-y-vigilancia-electoral\/","name":"Anuncian nuevos puntos de votaci\u00f3n e instalaci\u00f3n de Tribunal de Garant\u00edas y Vigilancia Electoral -","isPartOf":{"@id":"https:\/\/luchonoticias.com\/editor\/#website"},"primaryImageOfPage":{"@id":"https:\/\/luchonoticias.com\/editor\/anuncian-nuevos-puntos-de-votacion-e-instalacion-de-tribunal-de-garantias-y-vigilancia-electoral\/#primaryimage"},"image":{"@id":"https:\/\/luchonoticias.com\/editor\/anuncian-nuevos-puntos-de-votacion-e-instalacion-de-tribunal-de-garantias-y-vigilancia-electoral\/#primaryimage"},"thumbnailUrl":"https:\/\/luchonoticias.com\/wp-content\/uploads\/2023\/07\/WhatsApp-Image-2023-07-16-at-8.51.34-PM-1-1024x768.jpeg","datePublished":"2023-07-17T10:34:04+00:00","dateModified":"2023-07-17T10:34:18+00:00","breadcrumb":{"@id":"https:\/\/luchonoticias.com\/editor\/anuncian-nuevos-puntos-de-votacion-e-instalacion-de-tribunal-de-garantias-y-vigilancia-electoral\/#breadcrumb"},"inLanguage":"es","potentialAction":[{"@type":"ReadAction","target":["https:\/\/luchonoticias.com\/editor\/anuncian-nuevos-puntos-de-votacion-e-instalacion-de-tribunal-de-garantias-y-vigilancia-electoral\/"]}]},{"@type":"ImageObject","inLanguage":"es","@id":"https:\/\/luchonoticias.com\/editor\/anuncian-nuevos-puntos-de-votacion-e-instalacion-de-tribunal-de-garantias-y-vigilancia-electoral\/#primaryimage","url":"https:\/\/luchonoticias.com\/wp-content\/uploads\/2023\/07\/WhatsApp-Image-2023-07-16-at-8.51.34-PM-1-1024x768.jpeg","contentUrl":"https:\/\/luchonoticias.com\/wp-content\/uploads\/2023\/07\/WhatsApp-Image-2023-07-16-at-8.51.34-PM-1-1024x768.jpeg"},{"@type":"BreadcrumbList","@id":"https:\/\/luchonoticias.com\/editor\/anuncian-nuevos-puntos-de-votacion-e-instalacion-de-tribunal-de-garantias-y-vigilancia-electoral\/#breadcrumb","itemListElement":[{"@type":"ListItem","position":1,"name":"Portada","item":"https:\/\/luchonoticias.com\/editor\/"},{"@type":"ListItem","position":2,"name":"Anuncian nuevos puntos de votaci\u00f3n e instalaci\u00f3n de Tribunal de Garant\u00edas y Vigilancia Electoral"}]},{"@type":"WebSite","@id":"https:\/\/luchonoticias.com\/editor\/#website","url":"https:\/\/luchonoticias.com\/editor\/","name":"","description":"","publisher":{"@id":"https:\/\/luchonoticias.com\/editor\/#\/schema\/person\/7a7fd911f58561fd056dbac7b55af9cd"},"potentialAction":[{"@type":"SearchAction","target":{"@type":"EntryPoint","urlTemplate":"https:\/\/luchonoticias.com\/editor\/?s={search_term_string}"},"query-input":{"@type":"PropertyValueSpecification","valueRequired":true,"valueName":"search_term_string"}}],"inLanguage":"es"},{"@type":["Person","Organization"],"@id":"https:\/\/luchonoticias.com\/editor\/#\/schema\/person\/7a7fd911f58561fd056dbac7b55af9cd","name":"admin","image":{"@type":"ImageObject","inLanguage":"es","@id":"https:\/\/luchonoticias.com\/editor\/#\/schema\/person\/image\/","url":"https:\/\/luchonoticias.com\/editor\/wp-content\/uploads\/2024\/02\/cropped-cropped-logolu.webp","contentUrl":"https:\/\/luchonoticias.com\/editor\/wp-content\/uploads\/2024\/02\/cropped-cropped-logolu.webp","width":382,"height":170,"caption":"admin"},"logo":{"@id":"https:\/\/luchonoticias.com\/editor\/#\/schema\/person\/image\/"},"sameAs":["https:\/\/www.facebook.com\/luchonoticiasneiva"]},{"@type":"Person","@id":"https:\/\/luchonoticias.com\/editor\/#\/schema\/person\/29217990ddf6f14e35912b2866d591fb","name":"Editor General","image":{"@type":"ImageObject","inLanguage":"es","@id":"https:\/\/luchonoticias.com\/editor\/#\/schema\/person\/image\/","url":"https:\/\/luchonoticias.com\/editor\/wp-content\/uploads\/2024\/02\/cropped-cropped-logolu-150x150.webp","contentUrl":"https:\/\/luchonoticias.com\/editor\/wp-content\/uploads\/2024\/02\/cropped-cropped-logolu-150x150.webp","caption":"Editor General"},"sameAs":["https:\/\/luchonoticias.com\/"],"url":"https:\/\/luchonoticias.com\/editor\/author\/editor-general\/"}]}},"_links":{"self":[{"href":"https:\/\/luchonoticias.com\/editor\/wp-json\/wp\/v2\/posts\/56635","targetHints":{"allow":["GET"]}}],"collection":[{"href":"https:\/\/luchonoticias.com\/editor\/wp-json\/wp\/v2\/posts"}],"about":[{"href":"https:\/\/luchonoticias.com\/editor\/wp-json\/wp\/v2\/types\/post"}],"author":[{"embeddable":true,"href":"https:\/\/luchonoticias.com\/editor\/wp-json\/wp\/v2\/users\/2"}],"replies":[{"embeddable":true,"href":"https:\/\/luchonoticias.com\/editor\/wp-json\/wp\/v2\/comments?post=56635"}],"version-history":[{"count":0,"href":"https:\/\/luchonoticias.com\/editor\/wp-json\/wp\/v2\/posts\/56635\/revisions"}],"wp:attachment":[{"href":"https:\/\/luchonoticias.com\/editor\/wp-json\/wp\/v2\/media?parent=56635"}],"wp:term":[{"taxonomy":"category","embeddable":true,"href":"https:\/\/luchonoticias.com\/editor\/wp-json\/wp\/v2\/categories?post=56635"},{"taxonomy":"post_tag","embeddable":true,"href":"https:\/\/luchonoticias.com\/editor\/wp-json\/wp\/v2\/tags?post=56635"}],"curies":[{"name":"wp","href":"https:\/\/api.w.org\/{rel}","templated":true}]}}