{"id":56642,"date":"2023-07-17T05:51:46","date_gmt":"2023-07-17T10:51:46","guid":{"rendered":"https:\/\/luchonoticias.com\/?p=56642"},"modified":"2023-07-17T05:51:52","modified_gmt":"2023-07-17T10:51:52","slug":"ministerio-de-transporte-establece-nueva-velocidad-limite-en-las-vias-de-colombia","status":"publish","type":"post","link":"https:\/\/luchonoticias.com\/editor\/ministerio-de-transporte-establece-nueva-velocidad-limite-en-las-vias-de-colombia\/","title":{"rendered":"Ministerio de Transporte establece nueva velocidad l\u00edmite en las v\u00edas de Colombia"},"content":{"rendered":"\n<p>Con el objetivo de gestionar integralmente la velocidad en el pa\u00eds y disminuir las fatalidades y lesiones graves asociadas a este factor de riesgo, el Ministerio de Transporte y la Agencia Nacional de Seguridad Vial (Ansv) expidi\u00f3 dos resoluciones.<\/p>\n\n\n\n<p>A trav\u00e9s de las resoluciones 20233040025995 y 20233040025895, se pretende unificar los criterios legales para que las autoridades locales y los responsables de la infraestructura vial, se\u00f1alicen las v\u00edas seg\u00fan la reducci\u00f3n de velocidad l\u00edmite establecida por la Ley Juli\u00e1n Esteban.<\/p>\n\n\n\n<p>La primera para establecer velocidad l\u00edmite en las v\u00edas colombianas y la segunda para reglamentar la implementaci\u00f3n de los planes de gesti\u00f3n de la velocidad para municipios distritos, \u00e1reas metropolitanas y departamentos de categor\u00eda especial 1, 2 y 3.<\/p>\n\n\n\n<p>Para el ministro de Transporte, William Camargo Triana, \u201cJuli\u00e1n Esteban nos dej\u00f3 una tarea que hoy estamos cumpliendo. Primero, nuestro objetivo con la expedici\u00f3n de estos documentos es proteger la vida. Las resoluciones incluyen herramientas pr\u00e1cticas para que en los territorios puedan adoptarlas e implementarlas. Estamos hablando de una pol\u00edtica p\u00fablica aterrizada en las regiones y al servicio de los gobiernos locales\u201d indic\u00f3 el funcionario.<\/p>\n\n\n\n<p>Los documentos tambi\u00e9n incluyen el enfoque de sistema seguro, la importancia de gestionar la velocidad y la normatividad vigente en Colombia. Asimismo, se expone el fen\u00f3meno como un factor de riesgo para la seguridad vial y su impacto en las cifras de siniestralidad vial a nivel nacional.<\/p>\n","protected":false},"excerpt":{"rendered":"<p>Con el objetivo de gestionar integralmente la velocidad en el pa\u00eds y disminuir las fatalidades y lesiones graves asociadas a este factor de riesgo, el Ministerio de Transporte y la Agencia Nacional de Seguridad Vial (Ansv) expidi\u00f3 dos resoluciones. A trav\u00e9s de las resoluciones 20233040025995 y 20233040025895, se pretende unificar los criterios legales para que [&hellip;]<\/p>\n","protected":false},"author":2,"featured_media":0,"comment_status":"open","ping_status":"open","sticky":false,"template":"","format":"standard","meta":{"footnotes":""},"categories":[28,36],"tags":[],"class_list":["post-56642","post","type-post","status-publish","format-standard","hentry","category-actualidad","category-destacado"],"yoast_head":"<!-- This site is optimized with the Yoast SEO plugin v26.6 - https:\/\/yoast.com\/wordpress\/plugins\/seo\/ -->\n<title>Ministerio de Transporte establece nueva velocidad l\u00edmite en las v\u00edas de Colombia -<\/title>\n<meta name=\"robots\" content=\"index, follow, max-snippet:-1, max-image-preview:large, max-video-preview:-1\" \/>\n<link rel=\"canonical\" href=\"https:\/\/luchonoticias.com\/editor\/ministerio-de-transporte-establece-nueva-velocidad-limite-en-las-vias-de-colombia\/\" \/>\n<meta property=\"og:locale\" content=\"es_ES\" \/>\n<meta property=\"og:type\" content=\"article\" \/>\n<meta property=\"og:title\" content=\"Ministerio de Transporte establece nueva velocidad l\u00edmite en las v\u00edas de Colombia -\" \/>\n<meta property=\"og:url\" content=\"https:\/\/luchonoticias.com\/editor\/ministerio-de-transporte-establece-nueva-velocidad-limite-en-las-vias-de-colombia\/\" \/>\n<meta property=\"article:publisher\" content=\"https:\/\/www.facebook.com\/luchonoticiasneiva\" \/>\n<meta property=\"article:published_time\" content=\"2023-07-17T10:51:46+00:00\" \/>\n<meta property=\"article:modified_time\" content=\"2023-07-17T10:51:52+00:00\" \/>\n<meta name=\"author\" content=\"Editor General\" \/>\n<meta name=\"twitter:card\" content=\"summary_large_image\" \/>\n<meta name=\"twitter:label1\" content=\"Escrito por\" \/>\n\t<meta name=\"twitter:data1\" content=\"Editor General\" \/>\n\t<meta name=\"twitter:label2\" content=\"Tiempo de lectura\" \/>\n\t<meta name=\"twitter:data2\" content=\"1 minuto\" \/>\n<script type=\"application\/ld+json\" class=\"yoast-schema-graph\">{\"@context\":\"https:\/\/schema.org\",\"@graph\":[{\"@type\":\"Article\",\"@id\":\"https:\/\/luchonoticias.com\/editor\/ministerio-de-transporte-establece-nueva-velocidad-limite-en-las-vias-de-colombia\/#article\",\"isPartOf\":{\"@id\":\"https:\/\/luchonoticias.com\/editor\/ministerio-de-transporte-establece-nueva-velocidad-limite-en-las-vias-de-colombia\/\"},\"author\":{\"name\":\"Editor General\",\"@id\":\"https:\/\/luchonoticias.com\/editor\/#\/schema\/person\/29217990ddf6f14e35912b2866d591fb\"},\"headline\":\"Ministerio de Transporte establece nueva velocidad l\u00edmite en las v\u00edas de Colombia\",\"datePublished\":\"2023-07-17T10:51:46+00:00\",\"dateModified\":\"2023-07-17T10:51:52+00:00\",\"mainEntityOfPage\":{\"@id\":\"https:\/\/luchonoticias.com\/editor\/ministerio-de-transporte-establece-nueva-velocidad-limite-en-las-vias-de-colombia\/\"},\"wordCount\":260,\"commentCount\":0,\"publisher\":{\"@id\":\"https:\/\/luchonoticias.com\/editor\/#\/schema\/person\/7a7fd911f58561fd056dbac7b55af9cd\"},\"articleSection\":[\"Actualidad\",\"Destacado\"],\"inLanguage\":\"es\",\"potentialAction\":[{\"@type\":\"CommentAction\",\"name\":\"Comment\",\"target\":[\"https:\/\/luchonoticias.com\/editor\/ministerio-de-transporte-establece-nueva-velocidad-limite-en-las-vias-de-colombia\/#respond\"]}]},{\"@type\":\"WebPage\",\"@id\":\"https:\/\/luchonoticias.com\/editor\/ministerio-de-transporte-establece-nueva-velocidad-limite-en-las-vias-de-colombia\/\",\"url\":\"https:\/\/luchonoticias.com\/editor\/ministerio-de-transporte-establece-nueva-velocidad-limite-en-las-vias-de-colombia\/\",\"name\":\"Ministerio de Transporte establece nueva velocidad l\u00edmite en las v\u00edas de Colombia -\",\"isPartOf\":{\"@id\":\"https:\/\/luchonoticias.com\/editor\/#website\"},\"datePublished\":\"2023-07-17T10:51:46+00:00\",\"dateModified\":\"2023-07-17T10:51:52+00:00\",\"breadcrumb\":{\"@id\":\"https:\/\/luchonoticias.com\/editor\/ministerio-de-transporte-establece-nueva-velocidad-limite-en-las-vias-de-colombia\/#breadcrumb\"},\"inLanguage\":\"es\",\"potentialAction\":[{\"@type\":\"ReadAction\",\"target\":[\"https:\/\/luchonoticias.com\/editor\/ministerio-de-transporte-establece-nueva-velocidad-limite-en-las-vias-de-colombia\/\"]}]},{\"@type\":\"BreadcrumbList\",\"@id\":\"https:\/\/luchonoticias.com\/editor\/ministerio-de-transporte-establece-nueva-velocidad-limite-en-las-vias-de-colombia\/#breadcrumb\",\"itemListElement\":[{\"@type\":\"ListItem\",\"position\":1,\"name\":\"Portada\",\"item\":\"https:\/\/luchonoticias.com\/editor\/\"},{\"@type\":\"ListItem\",\"position\":2,\"name\":\"Ministerio de Transporte establece nueva velocidad l\u00edmite en las v\u00edas de Colombia\"}]},{\"@type\":\"WebSite\",\"@id\":\"https:\/\/luchonoticias.com\/editor\/#website\",\"url\":\"https:\/\/luchonoticias.com\/editor\/\",\"name\":\"\",\"description\":\"\",\"publisher\":{\"@id\":\"https:\/\/luchonoticias.com\/editor\/#\/schema\/person\/7a7fd911f58561fd056dbac7b55af9cd\"},\"potentialAction\":[{\"@type\":\"SearchAction\",\"target\":{\"@type\":\"EntryPoint\",\"urlTemplate\":\"https:\/\/luchonoticias.com\/editor\/?s={search_term_string}\"},\"query-input\":{\"@type\":\"PropertyValueSpecification\",\"valueRequired\":true,\"valueName\":\"search_term_string\"}}],\"inLanguage\":\"es\"},{\"@type\":[\"Person\",\"Organization\"],\"@id\":\"https:\/\/luchonoticias.com\/editor\/#\/schema\/person\/7a7fd911f58561fd056dbac7b55af9cd\",\"name\":\"admin\",\"image\":{\"@type\":\"ImageObject\",\"inLanguage\":\"es\",\"@id\":\"https:\/\/luchonoticias.com\/editor\/#\/schema\/person\/image\/\",\"url\":\"https:\/\/luchonoticias.com\/editor\/wp-content\/uploads\/2024\/02\/cropped-cropped-logolu.webp\",\"contentUrl\":\"https:\/\/luchonoticias.com\/editor\/wp-content\/uploads\/2024\/02\/cropped-cropped-logolu.webp\",\"width\":382,\"height\":170,\"caption\":\"admin\"},\"logo\":{\"@id\":\"https:\/\/luchonoticias.com\/editor\/#\/schema\/person\/image\/\"},\"sameAs\":[\"https:\/\/www.facebook.com\/luchonoticiasneiva\"]},{\"@type\":\"Person\",\"@id\":\"https:\/\/luchonoticias.com\/editor\/#\/schema\/person\/29217990ddf6f14e35912b2866d591fb\",\"name\":\"Editor General\",\"image\":{\"@type\":\"ImageObject\",\"inLanguage\":\"es\",\"@id\":\"https:\/\/luchonoticias.com\/editor\/#\/schema\/person\/image\/\",\"url\":\"https:\/\/luchonoticias.com\/editor\/wp-content\/uploads\/2024\/02\/cropped-cropped-logolu-150x150.webp\",\"contentUrl\":\"https:\/\/luchonoticias.com\/editor\/wp-content\/uploads\/2024\/02\/cropped-cropped-logolu-150x150.webp\",\"caption\":\"Editor General\"},\"sameAs\":[\"https:\/\/luchonoticias.com\/\"],\"url\":\"https:\/\/luchonoticias.com\/editor\/author\/editor-general\/\"}]}<\/script>\n<!-- \/ Yoast SEO plugin. -->","yoast_head_json":{"title":"Ministerio de Transporte establece nueva velocidad l\u00edmite en las v\u00edas de Colombia -","robots":{"index":"index","follow":"follow","max-snippet":"max-snippet:-1","max-image-preview":"max-image-preview:large","max-video-preview":"max-video-preview:-1"},"canonical":"https:\/\/luchonoticias.com\/editor\/ministerio-de-transporte-establece-nueva-velocidad-limite-en-las-vias-de-colombia\/","og_locale":"es_ES","og_type":"article","og_title":"Ministerio de Transporte establece nueva velocidad l\u00edmite en las v\u00edas de Colombia -","og_url":"https:\/\/luchonoticias.com\/editor\/ministerio-de-transporte-establece-nueva-velocidad-limite-en-las-vias-de-colombia\/","article_publisher":"https:\/\/www.facebook.com\/luchonoticiasneiva","article_published_time":"2023-07-17T10:51:46+00:00","article_modified_time":"2023-07-17T10:51:52+00:00","author":"Editor General","twitter_card":"summary_large_image","twitter_misc":{"Escrito por":"Editor General","Tiempo de lectura":"1 minuto"},"schema":{"@context":"https:\/\/schema.org","@graph":[{"@type":"Article","@id":"https:\/\/luchonoticias.com\/editor\/ministerio-de-transporte-establece-nueva-velocidad-limite-en-las-vias-de-colombia\/#article","isPartOf":{"@id":"https:\/\/luchonoticias.com\/editor\/ministerio-de-transporte-establece-nueva-velocidad-limite-en-las-vias-de-colombia\/"},"author":{"name":"Editor General","@id":"https:\/\/luchonoticias.com\/editor\/#\/schema\/person\/29217990ddf6f14e35912b2866d591fb"},"headline":"Ministerio de Transporte establece nueva velocidad l\u00edmite en las v\u00edas de Colombia","datePublished":"2023-07-17T10:51:46+00:00","dateModified":"2023-07-17T10:51:52+00:00","mainEntityOfPage":{"@id":"https:\/\/luchonoticias.com\/editor\/ministerio-de-transporte-establece-nueva-velocidad-limite-en-las-vias-de-colombia\/"},"wordCount":260,"commentCount":0,"publisher":{"@id":"https:\/\/luchonoticias.com\/editor\/#\/schema\/person\/7a7fd911f58561fd056dbac7b55af9cd"},"articleSection":["Actualidad","Destacado"],"inLanguage":"es","potentialAction":[{"@type":"CommentAction","name":"Comment","target":["https:\/\/luchonoticias.com\/editor\/ministerio-de-transporte-establece-nueva-velocidad-limite-en-las-vias-de-colombia\/#respond"]}]},{"@type":"WebPage","@id":"https:\/\/luchonoticias.com\/editor\/ministerio-de-transporte-establece-nueva-velocidad-limite-en-las-vias-de-colombia\/","url":"https:\/\/luchonoticias.com\/editor\/ministerio-de-transporte-establece-nueva-velocidad-limite-en-las-vias-de-colombia\/","name":"Ministerio de Transporte establece nueva velocidad l\u00edmite en las v\u00edas de Colombia -","isPartOf":{"@id":"https:\/\/luchonoticias.com\/editor\/#website"},"datePublished":"2023-07-17T10:51:46+00:00","dateModified":"2023-07-17T10:51:52+00:00","breadcrumb":{"@id":"https:\/\/luchonoticias.com\/editor\/ministerio-de-transporte-establece-nueva-velocidad-limite-en-las-vias-de-colombia\/#breadcrumb"},"inLanguage":"es","potentialAction":[{"@type":"ReadAction","target":["https:\/\/luchonoticias.com\/editor\/ministerio-de-transporte-establece-nueva-velocidad-limite-en-las-vias-de-colombia\/"]}]},{"@type":"BreadcrumbList","@id":"https:\/\/luchonoticias.com\/editor\/ministerio-de-transporte-establece-nueva-velocidad-limite-en-las-vias-de-colombia\/#breadcrumb","itemListElement":[{"@type":"ListItem","position":1,"name":"Portada","item":"https:\/\/luchonoticias.com\/editor\/"},{"@type":"ListItem","position":2,"name":"Ministerio de Transporte establece nueva velocidad l\u00edmite en las v\u00edas de Colombia"}]},{"@type":"WebSite","@id":"https:\/\/luchonoticias.com\/editor\/#website","url":"https:\/\/luchonoticias.com\/editor\/","name":"","description":"","publisher":{"@id":"https:\/\/luchonoticias.com\/editor\/#\/schema\/person\/7a7fd911f58561fd056dbac7b55af9cd"},"potentialAction":[{"@type":"SearchAction","target":{"@type":"EntryPoint","urlTemplate":"https:\/\/luchonoticias.com\/editor\/?s={search_term_string}"},"query-input":{"@type":"PropertyValueSpecification","valueRequired":true,"valueName":"search_term_string"}}],"inLanguage":"es"},{"@type":["Person","Organization"],"@id":"https:\/\/luchonoticias.com\/editor\/#\/schema\/person\/7a7fd911f58561fd056dbac7b55af9cd","name":"admin","image":{"@type":"ImageObject","inLanguage":"es","@id":"https:\/\/luchonoticias.com\/editor\/#\/schema\/person\/image\/","url":"https:\/\/luchonoticias.com\/editor\/wp-content\/uploads\/2024\/02\/cropped-cropped-logolu.webp","contentUrl":"https:\/\/luchonoticias.com\/editor\/wp-content\/uploads\/2024\/02\/cropped-cropped-logolu.webp","width":382,"height":170,"caption":"admin"},"logo":{"@id":"https:\/\/luchonoticias.com\/editor\/#\/schema\/person\/image\/"},"sameAs":["https:\/\/www.facebook.com\/luchonoticiasneiva"]},{"@type":"Person","@id":"https:\/\/luchonoticias.com\/editor\/#\/schema\/person\/29217990ddf6f14e35912b2866d591fb","name":"Editor General","image":{"@type":"ImageObject","inLanguage":"es","@id":"https:\/\/luchonoticias.com\/editor\/#\/schema\/person\/image\/","url":"https:\/\/luchonoticias.com\/editor\/wp-content\/uploads\/2024\/02\/cropped-cropped-logolu-150x150.webp","contentUrl":"https:\/\/luchonoticias.com\/editor\/wp-content\/uploads\/2024\/02\/cropped-cropped-logolu-150x150.webp","caption":"Editor General"},"sameAs":["https:\/\/luchonoticias.com\/"],"url":"https:\/\/luchonoticias.com\/editor\/author\/editor-general\/"}]}},"_links":{"self":[{"href":"https:\/\/luchonoticias.com\/editor\/wp-json\/wp\/v2\/posts\/56642","targetHints":{"allow":["GET"]}}],"collection":[{"href":"https:\/\/luchonoticias.com\/editor\/wp-json\/wp\/v2\/posts"}],"about":[{"href":"https:\/\/luchonoticias.com\/editor\/wp-json\/wp\/v2\/types\/post"}],"author":[{"embeddable":true,"href":"https:\/\/luchonoticias.com\/editor\/wp-json\/wp\/v2\/users\/2"}],"replies":[{"embeddable":true,"href":"https:\/\/luchonoticias.com\/editor\/wp-json\/wp\/v2\/comments?post=56642"}],"version-history":[{"count":0,"href":"https:\/\/luchonoticias.com\/editor\/wp-json\/wp\/v2\/posts\/56642\/revisions"}],"wp:attachment":[{"href":"https:\/\/luchonoticias.com\/editor\/wp-json\/wp\/v2\/media?parent=56642"}],"wp:term":[{"taxonomy":"category","embeddable":true,"href":"https:\/\/luchonoticias.com\/editor\/wp-json\/wp\/v2\/categories?post=56642"},{"taxonomy":"post_tag","embeddable":true,"href":"https:\/\/luchonoticias.com\/editor\/wp-json\/wp\/v2\/tags?post=56642"}],"curies":[{"name":"wp","href":"https:\/\/api.w.org\/{rel}","templated":true}]}}