{"id":56645,"date":"2023-07-17T05:56:25","date_gmt":"2023-07-17T10:56:25","guid":{"rendered":"https:\/\/luchonoticias.com\/?p=56645"},"modified":"2023-07-17T05:56:37","modified_gmt":"2023-07-17T10:56:37","slug":"responsables-de-hechos-violentos-en-buenaventura-deben-responder-senador-alexander-lopez-maya","status":"publish","type":"post","link":"https:\/\/luchonoticias.com\/editor\/responsables-de-hechos-violentos-en-buenaventura-deben-responder-senador-alexander-lopez-maya\/","title":{"rendered":"\u00abResponsables de hechos violentos en Buenaventura deben responder\u00bb, Senador Alexander L\u00f3pez Maya"},"content":{"rendered":"\n<p>&nbsp;En Buenaventura &#8211; Valle del Cauca, se llev\u00f3 a cabo la Mesa de trabajo del Gobierno Nacional y el Ministerio P\u00fablico, con el fin de evaluar el informe de cumplimiento de los acuerdos del paro c\u00edvico en las mesas de derechos humanos y acceso a la justicia. Cabe recordar que este paro c\u00edvico se dio en el 2017 bajo el gobierno del presidente, Juan Manuel Santos, d\u00f3nde se firmaron actas de compromiso para la reparaci\u00f3n de las v\u00edctimas de esa \u00e9poca.<\/p>\n\n\n\n<p>Al evento asistieron funcionarios de alto nivel del gobierno nacional, ministros, viceministros y responsables de todas las entidades al igual que los \u00f3rganos de control que fungen como garantes, las Naciones Unidas, Defensor\u00eda del Pueblo y Procuradur\u00eda.<\/p>\n\n\n\n<p>El presidente del Senado,&nbsp;<strong>Alexander L\u00f3pez Maya, Coalici\u00f3n Pacto Hist\u00f3rico,<\/strong>&nbsp;sostuvo que \u00abel aspecto central es todo el proceso de v\u00edctimas que secuestraron en los 22 d\u00edas de paro c\u00edvico en el 2017, las m\u00e1s de 980 personas v\u00edctimas de agresi\u00f3n en la mayor\u00eda de los casos por miembros de la fuerza p\u00fablica, pero tambi\u00e9n por particulares y grupos paramilitares\u2026 En esos d\u00edas, hubo una arremetida ordenada desde el gobierno nacional para controlar a las personas que se encontraban en protesta pac\u00edfica. La comunidad reclama el derecho a la vida digna, a los derechos humanos, y, lo fundamental, el derecho a educaci\u00f3n, vivienda, agua potable y a la protecci\u00f3n del medio ambiente\u00bb.&nbsp;<\/p>\n\n\n\n<p>Seg\u00fan el congresista&nbsp;<strong>L\u00f3pez Maya<\/strong>, no se puede precisar cu\u00e1l de los 2 hechos, impunidad o victimizaci\u00f3n, son m\u00e1s graves en este proceso para buscar la paz, \u00abvoy a hacer un reclamo y una exigencia, de manera escrita, al Fiscal, para que le responda al pueblo colombiano. La tragedia de Buenaventura es \u00e9sta, el no entender que un pueblo no solamente es victimizado, perseguido, asesinado y olvidado, sino que adem\u00e1s no son reconocidos como ciudadanos. Aqu\u00ed hay obligaciones y derechos, y es evidente que servidores p\u00fablicos violentan derechos humanos;&nbsp;tenemos documentos de funcionarios p\u00fablicos que ordenaron masacrar a la gente aqu\u00ed en Buenaventura, yo denunci\u00e9 eso cuando ocurri\u00f3. Ac\u00e1 hay muertos, heridos, desplazados, gente que sufri\u00f3 el rigor del estado, y no podemos volver a empezar como si esto hubiese sido ayer, o hace 2 o 3 horas. Yo planteo un espacio aut\u00f3nomo para este tema al comit\u00e9 y que sean ellos quienes decidan qu\u00e9 hacer con esto\u00bb, denunci\u00f3 contundente.<\/p>\n\n\n\n<p>Para el presidente del Senado, hoy se avanza en las respuestas del gobierno nacional; primero, para pacificar el territorio, c\u00f3mo se va a garantizar la paz, y eso significa mayores esfuerzos en la inversi\u00f3n social, en la posibilidad real de garantizar la seguridad en toda la regi\u00f3n. Se avanza en una petici\u00f3n a los \u00f3rganos de control, para que los responsables de estos hechos violentos respondan ante la justicia y haya una reparaci\u00f3n de las v\u00edctimas, \u201ces un tema muy complejo, pero esperamos que todos se cumplan tal y como fueron acordados, en actas de 9 meses, que firmaron el comit\u00e9 del paro c\u00edvico y el gobierno de la \u00e9poca\u00bb, remat\u00f3 el senador valluno.<\/p>\n","protected":false},"excerpt":{"rendered":"<p>&nbsp;En Buenaventura &#8211; Valle del Cauca, se llev\u00f3 a cabo la Mesa de trabajo del Gobierno Nacional y el Ministerio P\u00fablico, con el fin de evaluar el informe de cumplimiento de los acuerdos del paro c\u00edvico en las mesas de derechos humanos y acceso a la justicia. Cabe recordar que este paro c\u00edvico se dio [&hellip;]<\/p>\n","protected":false},"author":2,"featured_media":0,"comment_status":"open","ping_status":"open","sticky":false,"template":"","format":"standard","meta":{"footnotes":""},"categories":[36,617],"tags":[],"class_list":["post-56645","post","type-post","status-publish","format-standard","hentry","category-destacado","category-politica"],"yoast_head":"<!-- This site is optimized with the Yoast SEO plugin v26.6 - https:\/\/yoast.com\/wordpress\/plugins\/seo\/ -->\n<title>&quot;Responsables de hechos violentos en Buenaventura deben responder&quot;, Senador Alexander L\u00f3pez Maya -<\/title>\n<meta name=\"robots\" content=\"index, follow, max-snippet:-1, max-image-preview:large, max-video-preview:-1\" \/>\n<link rel=\"canonical\" href=\"https:\/\/luchonoticias.com\/editor\/responsables-de-hechos-violentos-en-buenaventura-deben-responder-senador-alexander-lopez-maya\/\" \/>\n<meta property=\"og:locale\" content=\"es_ES\" \/>\n<meta property=\"og:type\" content=\"article\" \/>\n<meta property=\"og:title\" content=\"&quot;Responsables de hechos violentos en Buenaventura deben responder&quot;, Senador Alexander L\u00f3pez Maya -\" \/>\n<meta property=\"og:url\" content=\"https:\/\/luchonoticias.com\/editor\/responsables-de-hechos-violentos-en-buenaventura-deben-responder-senador-alexander-lopez-maya\/\" \/>\n<meta property=\"article:publisher\" content=\"https:\/\/www.facebook.com\/luchonoticiasneiva\" \/>\n<meta property=\"article:published_time\" content=\"2023-07-17T10:56:25+00:00\" \/>\n<meta property=\"article:modified_time\" content=\"2023-07-17T10:56:37+00:00\" \/>\n<meta name=\"author\" content=\"Editor General\" \/>\n<meta name=\"twitter:card\" content=\"summary_large_image\" \/>\n<meta name=\"twitter:label1\" content=\"Escrito por\" \/>\n\t<meta name=\"twitter:data1\" content=\"Editor General\" \/>\n\t<meta name=\"twitter:label2\" content=\"Tiempo de lectura\" \/>\n\t<meta name=\"twitter:data2\" content=\"3 minutos\" \/>\n<script type=\"application\/ld+json\" class=\"yoast-schema-graph\">{\"@context\":\"https:\/\/schema.org\",\"@graph\":[{\"@type\":\"Article\",\"@id\":\"https:\/\/luchonoticias.com\/editor\/responsables-de-hechos-violentos-en-buenaventura-deben-responder-senador-alexander-lopez-maya\/#article\",\"isPartOf\":{\"@id\":\"https:\/\/luchonoticias.com\/editor\/responsables-de-hechos-violentos-en-buenaventura-deben-responder-senador-alexander-lopez-maya\/\"},\"author\":{\"name\":\"Editor General\",\"@id\":\"https:\/\/luchonoticias.com\/editor\/#\/schema\/person\/29217990ddf6f14e35912b2866d591fb\"},\"headline\":\"\u00abResponsables de hechos violentos en Buenaventura deben responder\u00bb, Senador Alexander L\u00f3pez Maya\",\"datePublished\":\"2023-07-17T10:56:25+00:00\",\"dateModified\":\"2023-07-17T10:56:37+00:00\",\"mainEntityOfPage\":{\"@id\":\"https:\/\/luchonoticias.com\/editor\/responsables-de-hechos-violentos-en-buenaventura-deben-responder-senador-alexander-lopez-maya\/\"},\"wordCount\":555,\"commentCount\":0,\"publisher\":{\"@id\":\"https:\/\/luchonoticias.com\/editor\/#\/schema\/person\/7a7fd911f58561fd056dbac7b55af9cd\"},\"articleSection\":[\"Destacado\",\"Pol\u00edtica\"],\"inLanguage\":\"es\",\"potentialAction\":[{\"@type\":\"CommentAction\",\"name\":\"Comment\",\"target\":[\"https:\/\/luchonoticias.com\/editor\/responsables-de-hechos-violentos-en-buenaventura-deben-responder-senador-alexander-lopez-maya\/#respond\"]}]},{\"@type\":\"WebPage\",\"@id\":\"https:\/\/luchonoticias.com\/editor\/responsables-de-hechos-violentos-en-buenaventura-deben-responder-senador-alexander-lopez-maya\/\",\"url\":\"https:\/\/luchonoticias.com\/editor\/responsables-de-hechos-violentos-en-buenaventura-deben-responder-senador-alexander-lopez-maya\/\",\"name\":\"\\\"Responsables de hechos violentos en Buenaventura deben responder\\\", Senador Alexander L\u00f3pez Maya -\",\"isPartOf\":{\"@id\":\"https:\/\/luchonoticias.com\/editor\/#website\"},\"datePublished\":\"2023-07-17T10:56:25+00:00\",\"dateModified\":\"2023-07-17T10:56:37+00:00\",\"breadcrumb\":{\"@id\":\"https:\/\/luchonoticias.com\/editor\/responsables-de-hechos-violentos-en-buenaventura-deben-responder-senador-alexander-lopez-maya\/#breadcrumb\"},\"inLanguage\":\"es\",\"potentialAction\":[{\"@type\":\"ReadAction\",\"target\":[\"https:\/\/luchonoticias.com\/editor\/responsables-de-hechos-violentos-en-buenaventura-deben-responder-senador-alexander-lopez-maya\/\"]}]},{\"@type\":\"BreadcrumbList\",\"@id\":\"https:\/\/luchonoticias.com\/editor\/responsables-de-hechos-violentos-en-buenaventura-deben-responder-senador-alexander-lopez-maya\/#breadcrumb\",\"itemListElement\":[{\"@type\":\"ListItem\",\"position\":1,\"name\":\"Portada\",\"item\":\"https:\/\/luchonoticias.com\/editor\/\"},{\"@type\":\"ListItem\",\"position\":2,\"name\":\"\u00abResponsables de hechos violentos en Buenaventura deben responder\u00bb, Senador Alexander L\u00f3pez Maya\"}]},{\"@type\":\"WebSite\",\"@id\":\"https:\/\/luchonoticias.com\/editor\/#website\",\"url\":\"https:\/\/luchonoticias.com\/editor\/\",\"name\":\"\",\"description\":\"\",\"publisher\":{\"@id\":\"https:\/\/luchonoticias.com\/editor\/#\/schema\/person\/7a7fd911f58561fd056dbac7b55af9cd\"},\"potentialAction\":[{\"@type\":\"SearchAction\",\"target\":{\"@type\":\"EntryPoint\",\"urlTemplate\":\"https:\/\/luchonoticias.com\/editor\/?s={search_term_string}\"},\"query-input\":{\"@type\":\"PropertyValueSpecification\",\"valueRequired\":true,\"valueName\":\"search_term_string\"}}],\"inLanguage\":\"es\"},{\"@type\":[\"Person\",\"Organization\"],\"@id\":\"https:\/\/luchonoticias.com\/editor\/#\/schema\/person\/7a7fd911f58561fd056dbac7b55af9cd\",\"name\":\"admin\",\"image\":{\"@type\":\"ImageObject\",\"inLanguage\":\"es\",\"@id\":\"https:\/\/luchonoticias.com\/editor\/#\/schema\/person\/image\/\",\"url\":\"https:\/\/luchonoticias.com\/editor\/wp-content\/uploads\/2024\/02\/cropped-cropped-logolu.webp\",\"contentUrl\":\"https:\/\/luchonoticias.com\/editor\/wp-content\/uploads\/2024\/02\/cropped-cropped-logolu.webp\",\"width\":382,\"height\":170,\"caption\":\"admin\"},\"logo\":{\"@id\":\"https:\/\/luchonoticias.com\/editor\/#\/schema\/person\/image\/\"},\"sameAs\":[\"https:\/\/www.facebook.com\/luchonoticiasneiva\"]},{\"@type\":\"Person\",\"@id\":\"https:\/\/luchonoticias.com\/editor\/#\/schema\/person\/29217990ddf6f14e35912b2866d591fb\",\"name\":\"Editor General\",\"image\":{\"@type\":\"ImageObject\",\"inLanguage\":\"es\",\"@id\":\"https:\/\/luchonoticias.com\/editor\/#\/schema\/person\/image\/\",\"url\":\"https:\/\/luchonoticias.com\/editor\/wp-content\/uploads\/2024\/02\/cropped-cropped-logolu-150x150.webp\",\"contentUrl\":\"https:\/\/luchonoticias.com\/editor\/wp-content\/uploads\/2024\/02\/cropped-cropped-logolu-150x150.webp\",\"caption\":\"Editor General\"},\"sameAs\":[\"https:\/\/luchonoticias.com\/\"],\"url\":\"https:\/\/luchonoticias.com\/editor\/author\/editor-general\/\"}]}<\/script>\n<!-- \/ Yoast SEO plugin. -->","yoast_head_json":{"title":"\"Responsables de hechos violentos en Buenaventura deben responder\", Senador Alexander L\u00f3pez Maya -","robots":{"index":"index","follow":"follow","max-snippet":"max-snippet:-1","max-image-preview":"max-image-preview:large","max-video-preview":"max-video-preview:-1"},"canonical":"https:\/\/luchonoticias.com\/editor\/responsables-de-hechos-violentos-en-buenaventura-deben-responder-senador-alexander-lopez-maya\/","og_locale":"es_ES","og_type":"article","og_title":"\"Responsables de hechos violentos en Buenaventura deben responder\", Senador Alexander L\u00f3pez Maya -","og_url":"https:\/\/luchonoticias.com\/editor\/responsables-de-hechos-violentos-en-buenaventura-deben-responder-senador-alexander-lopez-maya\/","article_publisher":"https:\/\/www.facebook.com\/luchonoticiasneiva","article_published_time":"2023-07-17T10:56:25+00:00","article_modified_time":"2023-07-17T10:56:37+00:00","author":"Editor General","twitter_card":"summary_large_image","twitter_misc":{"Escrito por":"Editor General","Tiempo de lectura":"3 minutos"},"schema":{"@context":"https:\/\/schema.org","@graph":[{"@type":"Article","@id":"https:\/\/luchonoticias.com\/editor\/responsables-de-hechos-violentos-en-buenaventura-deben-responder-senador-alexander-lopez-maya\/#article","isPartOf":{"@id":"https:\/\/luchonoticias.com\/editor\/responsables-de-hechos-violentos-en-buenaventura-deben-responder-senador-alexander-lopez-maya\/"},"author":{"name":"Editor General","@id":"https:\/\/luchonoticias.com\/editor\/#\/schema\/person\/29217990ddf6f14e35912b2866d591fb"},"headline":"\u00abResponsables de hechos violentos en Buenaventura deben responder\u00bb, Senador Alexander L\u00f3pez Maya","datePublished":"2023-07-17T10:56:25+00:00","dateModified":"2023-07-17T10:56:37+00:00","mainEntityOfPage":{"@id":"https:\/\/luchonoticias.com\/editor\/responsables-de-hechos-violentos-en-buenaventura-deben-responder-senador-alexander-lopez-maya\/"},"wordCount":555,"commentCount":0,"publisher":{"@id":"https:\/\/luchonoticias.com\/editor\/#\/schema\/person\/7a7fd911f58561fd056dbac7b55af9cd"},"articleSection":["Destacado","Pol\u00edtica"],"inLanguage":"es","potentialAction":[{"@type":"CommentAction","name":"Comment","target":["https:\/\/luchonoticias.com\/editor\/responsables-de-hechos-violentos-en-buenaventura-deben-responder-senador-alexander-lopez-maya\/#respond"]}]},{"@type":"WebPage","@id":"https:\/\/luchonoticias.com\/editor\/responsables-de-hechos-violentos-en-buenaventura-deben-responder-senador-alexander-lopez-maya\/","url":"https:\/\/luchonoticias.com\/editor\/responsables-de-hechos-violentos-en-buenaventura-deben-responder-senador-alexander-lopez-maya\/","name":"\"Responsables de hechos violentos en Buenaventura deben responder\", Senador Alexander L\u00f3pez Maya -","isPartOf":{"@id":"https:\/\/luchonoticias.com\/editor\/#website"},"datePublished":"2023-07-17T10:56:25+00:00","dateModified":"2023-07-17T10:56:37+00:00","breadcrumb":{"@id":"https:\/\/luchonoticias.com\/editor\/responsables-de-hechos-violentos-en-buenaventura-deben-responder-senador-alexander-lopez-maya\/#breadcrumb"},"inLanguage":"es","potentialAction":[{"@type":"ReadAction","target":["https:\/\/luchonoticias.com\/editor\/responsables-de-hechos-violentos-en-buenaventura-deben-responder-senador-alexander-lopez-maya\/"]}]},{"@type":"BreadcrumbList","@id":"https:\/\/luchonoticias.com\/editor\/responsables-de-hechos-violentos-en-buenaventura-deben-responder-senador-alexander-lopez-maya\/#breadcrumb","itemListElement":[{"@type":"ListItem","position":1,"name":"Portada","item":"https:\/\/luchonoticias.com\/editor\/"},{"@type":"ListItem","position":2,"name":"\u00abResponsables de hechos violentos en Buenaventura deben responder\u00bb, Senador Alexander L\u00f3pez Maya"}]},{"@type":"WebSite","@id":"https:\/\/luchonoticias.com\/editor\/#website","url":"https:\/\/luchonoticias.com\/editor\/","name":"","description":"","publisher":{"@id":"https:\/\/luchonoticias.com\/editor\/#\/schema\/person\/7a7fd911f58561fd056dbac7b55af9cd"},"potentialAction":[{"@type":"SearchAction","target":{"@type":"EntryPoint","urlTemplate":"https:\/\/luchonoticias.com\/editor\/?s={search_term_string}"},"query-input":{"@type":"PropertyValueSpecification","valueRequired":true,"valueName":"search_term_string"}}],"inLanguage":"es"},{"@type":["Person","Organization"],"@id":"https:\/\/luchonoticias.com\/editor\/#\/schema\/person\/7a7fd911f58561fd056dbac7b55af9cd","name":"admin","image":{"@type":"ImageObject","inLanguage":"es","@id":"https:\/\/luchonoticias.com\/editor\/#\/schema\/person\/image\/","url":"https:\/\/luchonoticias.com\/editor\/wp-content\/uploads\/2024\/02\/cropped-cropped-logolu.webp","contentUrl":"https:\/\/luchonoticias.com\/editor\/wp-content\/uploads\/2024\/02\/cropped-cropped-logolu.webp","width":382,"height":170,"caption":"admin"},"logo":{"@id":"https:\/\/luchonoticias.com\/editor\/#\/schema\/person\/image\/"},"sameAs":["https:\/\/www.facebook.com\/luchonoticiasneiva"]},{"@type":"Person","@id":"https:\/\/luchonoticias.com\/editor\/#\/schema\/person\/29217990ddf6f14e35912b2866d591fb","name":"Editor General","image":{"@type":"ImageObject","inLanguage":"es","@id":"https:\/\/luchonoticias.com\/editor\/#\/schema\/person\/image\/","url":"https:\/\/luchonoticias.com\/editor\/wp-content\/uploads\/2024\/02\/cropped-cropped-logolu-150x150.webp","contentUrl":"https:\/\/luchonoticias.com\/editor\/wp-content\/uploads\/2024\/02\/cropped-cropped-logolu-150x150.webp","caption":"Editor General"},"sameAs":["https:\/\/luchonoticias.com\/"],"url":"https:\/\/luchonoticias.com\/editor\/author\/editor-general\/"}]}},"_links":{"self":[{"href":"https:\/\/luchonoticias.com\/editor\/wp-json\/wp\/v2\/posts\/56645","targetHints":{"allow":["GET"]}}],"collection":[{"href":"https:\/\/luchonoticias.com\/editor\/wp-json\/wp\/v2\/posts"}],"about":[{"href":"https:\/\/luchonoticias.com\/editor\/wp-json\/wp\/v2\/types\/post"}],"author":[{"embeddable":true,"href":"https:\/\/luchonoticias.com\/editor\/wp-json\/wp\/v2\/users\/2"}],"replies":[{"embeddable":true,"href":"https:\/\/luchonoticias.com\/editor\/wp-json\/wp\/v2\/comments?post=56645"}],"version-history":[{"count":0,"href":"https:\/\/luchonoticias.com\/editor\/wp-json\/wp\/v2\/posts\/56645\/revisions"}],"wp:attachment":[{"href":"https:\/\/luchonoticias.com\/editor\/wp-json\/wp\/v2\/media?parent=56645"}],"wp:term":[{"taxonomy":"category","embeddable":true,"href":"https:\/\/luchonoticias.com\/editor\/wp-json\/wp\/v2\/categories?post=56645"},{"taxonomy":"post_tag","embeddable":true,"href":"https:\/\/luchonoticias.com\/editor\/wp-json\/wp\/v2\/tags?post=56645"}],"curies":[{"name":"wp","href":"https:\/\/api.w.org\/{rel}","templated":true}]}}