{"id":56648,"date":"2023-07-17T05:58:51","date_gmt":"2023-07-17T10:58:51","guid":{"rendered":"https:\/\/luchonoticias.com\/?p=56648"},"modified":"2023-07-17T05:59:00","modified_gmt":"2023-07-17T10:59:00","slug":"mandatarios-territoriales-deben-registrarse-para-rendicion-publica-de-cuentas-frente-a-los-derechos-de-la-infancia-procuraduria","status":"publish","type":"post","link":"https:\/\/luchonoticias.com\/editor\/mandatarios-territoriales-deben-registrarse-para-rendicion-publica-de-cuentas-frente-a-los-derechos-de-la-infancia-procuraduria\/","title":{"rendered":"Mandatarios territoriales deben registrarse para rendici\u00f3n p\u00fablica de cuentas frente a los derechos de la infancia: Procuradur\u00eda"},"content":{"rendered":"\n<p>La Procuradur\u00eda General de la Naci\u00f3n les record\u00f3 a los mandatarios territoriales del per\u00edodo 2020-2023, que&nbsp;<strong>quedan pocos d\u00edas para suministrar y reportar ante el Ministerio P\u00fablico y la ciudadan\u00eda<\/strong>, las acciones y gestiones realizadas para para la&nbsp;<strong>garant\u00eda de los derechos de las ni\u00f1as, ni\u00f1os, adolescentes y j\u00f3venes,<\/strong>&nbsp;en el marco del proceso de rendici\u00f3n p\u00fablica de cuentas territorial, que por mandato legal, deben realizar los alcaldes y gobernadores del pa\u00eds.&nbsp;<\/p>\n\n\n\n<p>El ente de control precis\u00f3 que dispuso de una herramienta de vigilancia para&nbsp;<strong>verificar el cumplimiento de cada fase del proceso de rendici\u00f3n p\u00fablica de cuentas<\/strong>, con plazo de cumplimiento hasta el 21 de julio de 2023 para las primeras fases de Sensibilizaci\u00f3n y alistamiento y la segunda fase de Generaci\u00f3n y an\u00e1lisis de informaci\u00f3n.<\/p>\n\n\n\n<p>A tres meses de iniciado el proceso y&nbsp;<strong>pr\u00f3ximo a vencerse el plazo se\u00f1alado, la Procuradur\u00eda advierti\u00f3 que cerca del 16,14% de administraciones territoriales (183 alcald\u00edas) no han entregado en forma completa<\/strong>&nbsp;la informaci\u00f3n requerida y que el 4,06% (34 entidades territoriales) no ha tenido ingreso a la herramienta de vigilancia.<\/p>\n\n\n\n<p>Finalmente, la Procuradora Delegada para la Defensa de la Infancia, la Adolescencia, la Familia y la Mujer,<strong>&nbsp;insisti\u00f3 a mandatarios y mandatarias territoriales,<\/strong>&nbsp;el cumplimiento de la Directiva 004 de 2023 del Ministerio P\u00fablico, que define las obligaciones y orientaciones espec\u00edficas frente a este proceso, cumpliendo los principios contenidos en la Ley de Transparencia y Acceso a la Informaci\u00f3n P\u00fablica y garantizando la participaci\u00f3n ciudadana.<\/p>\n","protected":false},"excerpt":{"rendered":"<p>La Procuradur\u00eda General de la Naci\u00f3n les record\u00f3 a los mandatarios territoriales del per\u00edodo 2020-2023, que&nbsp;quedan pocos d\u00edas para suministrar y reportar ante el Ministerio P\u00fablico y la ciudadan\u00eda, las acciones y gestiones realizadas para para la&nbsp;garant\u00eda de los derechos de las ni\u00f1as, ni\u00f1os, adolescentes y j\u00f3venes,&nbsp;en el marco del proceso de rendici\u00f3n p\u00fablica de [&hellip;]<\/p>\n","protected":false},"author":2,"featured_media":0,"comment_status":"open","ping_status":"open","sticky":false,"template":"","format":"standard","meta":{"footnotes":""},"categories":[36,32],"tags":[],"class_list":["post-56648","post","type-post","status-publish","format-standard","hentry","category-destacado","category-nacional"],"yoast_head":"<!-- This site is optimized with the Yoast SEO plugin v26.6 - https:\/\/yoast.com\/wordpress\/plugins\/seo\/ -->\n<title>Mandatarios territoriales deben registrarse para rendici\u00f3n p\u00fablica de cuentas frente a los derechos de la infancia: Procuradur\u00eda -<\/title>\n<meta name=\"robots\" content=\"index, follow, max-snippet:-1, max-image-preview:large, max-video-preview:-1\" \/>\n<link rel=\"canonical\" href=\"https:\/\/luchonoticias.com\/editor\/mandatarios-territoriales-deben-registrarse-para-rendicion-publica-de-cuentas-frente-a-los-derechos-de-la-infancia-procuraduria\/\" \/>\n<meta property=\"og:locale\" content=\"es_ES\" \/>\n<meta property=\"og:type\" content=\"article\" \/>\n<meta property=\"og:title\" content=\"Mandatarios territoriales deben registrarse para rendici\u00f3n p\u00fablica de cuentas frente a los derechos de la infancia: Procuradur\u00eda -\" \/>\n<meta property=\"og:url\" content=\"https:\/\/luchonoticias.com\/editor\/mandatarios-territoriales-deben-registrarse-para-rendicion-publica-de-cuentas-frente-a-los-derechos-de-la-infancia-procuraduria\/\" \/>\n<meta property=\"article:publisher\" content=\"https:\/\/www.facebook.com\/luchonoticiasneiva\" \/>\n<meta property=\"article:published_time\" content=\"2023-07-17T10:58:51+00:00\" \/>\n<meta property=\"article:modified_time\" content=\"2023-07-17T10:59:00+00:00\" \/>\n<meta name=\"author\" content=\"Editor General\" \/>\n<meta name=\"twitter:card\" content=\"summary_large_image\" \/>\n<meta name=\"twitter:label1\" content=\"Escrito por\" \/>\n\t<meta name=\"twitter:data1\" content=\"Editor General\" \/>\n\t<meta name=\"twitter:label2\" content=\"Tiempo de lectura\" \/>\n\t<meta name=\"twitter:data2\" content=\"1 minuto\" \/>\n<script type=\"application\/ld+json\" class=\"yoast-schema-graph\">{\"@context\":\"https:\/\/schema.org\",\"@graph\":[{\"@type\":\"Article\",\"@id\":\"https:\/\/luchonoticias.com\/editor\/mandatarios-territoriales-deben-registrarse-para-rendicion-publica-de-cuentas-frente-a-los-derechos-de-la-infancia-procuraduria\/#article\",\"isPartOf\":{\"@id\":\"https:\/\/luchonoticias.com\/editor\/mandatarios-territoriales-deben-registrarse-para-rendicion-publica-de-cuentas-frente-a-los-derechos-de-la-infancia-procuraduria\/\"},\"author\":{\"name\":\"Editor General\",\"@id\":\"https:\/\/luchonoticias.com\/editor\/#\/schema\/person\/29217990ddf6f14e35912b2866d591fb\"},\"headline\":\"Mandatarios territoriales deben registrarse para rendici\u00f3n p\u00fablica de cuentas frente a los derechos de la infancia: Procuradur\u00eda\",\"datePublished\":\"2023-07-17T10:58:51+00:00\",\"dateModified\":\"2023-07-17T10:59:00+00:00\",\"mainEntityOfPage\":{\"@id\":\"https:\/\/luchonoticias.com\/editor\/mandatarios-territoriales-deben-registrarse-para-rendicion-publica-de-cuentas-frente-a-los-derechos-de-la-infancia-procuraduria\/\"},\"wordCount\":293,\"commentCount\":0,\"publisher\":{\"@id\":\"https:\/\/luchonoticias.com\/editor\/#\/schema\/person\/7a7fd911f58561fd056dbac7b55af9cd\"},\"articleSection\":[\"Destacado\",\"Nacional\"],\"inLanguage\":\"es\",\"potentialAction\":[{\"@type\":\"CommentAction\",\"name\":\"Comment\",\"target\":[\"https:\/\/luchonoticias.com\/editor\/mandatarios-territoriales-deben-registrarse-para-rendicion-publica-de-cuentas-frente-a-los-derechos-de-la-infancia-procuraduria\/#respond\"]}]},{\"@type\":\"WebPage\",\"@id\":\"https:\/\/luchonoticias.com\/editor\/mandatarios-territoriales-deben-registrarse-para-rendicion-publica-de-cuentas-frente-a-los-derechos-de-la-infancia-procuraduria\/\",\"url\":\"https:\/\/luchonoticias.com\/editor\/mandatarios-territoriales-deben-registrarse-para-rendicion-publica-de-cuentas-frente-a-los-derechos-de-la-infancia-procuraduria\/\",\"name\":\"Mandatarios territoriales deben registrarse para rendici\u00f3n p\u00fablica de cuentas frente a los derechos de la infancia: Procuradur\u00eda -\",\"isPartOf\":{\"@id\":\"https:\/\/luchonoticias.com\/editor\/#website\"},\"datePublished\":\"2023-07-17T10:58:51+00:00\",\"dateModified\":\"2023-07-17T10:59:00+00:00\",\"breadcrumb\":{\"@id\":\"https:\/\/luchonoticias.com\/editor\/mandatarios-territoriales-deben-registrarse-para-rendicion-publica-de-cuentas-frente-a-los-derechos-de-la-infancia-procuraduria\/#breadcrumb\"},\"inLanguage\":\"es\",\"potentialAction\":[{\"@type\":\"ReadAction\",\"target\":[\"https:\/\/luchonoticias.com\/editor\/mandatarios-territoriales-deben-registrarse-para-rendicion-publica-de-cuentas-frente-a-los-derechos-de-la-infancia-procuraduria\/\"]}]},{\"@type\":\"BreadcrumbList\",\"@id\":\"https:\/\/luchonoticias.com\/editor\/mandatarios-territoriales-deben-registrarse-para-rendicion-publica-de-cuentas-frente-a-los-derechos-de-la-infancia-procuraduria\/#breadcrumb\",\"itemListElement\":[{\"@type\":\"ListItem\",\"position\":1,\"name\":\"Portada\",\"item\":\"https:\/\/luchonoticias.com\/editor\/\"},{\"@type\":\"ListItem\",\"position\":2,\"name\":\"Mandatarios territoriales deben registrarse para rendici\u00f3n p\u00fablica de cuentas frente a los derechos de la infancia: Procuradur\u00eda\"}]},{\"@type\":\"WebSite\",\"@id\":\"https:\/\/luchonoticias.com\/editor\/#website\",\"url\":\"https:\/\/luchonoticias.com\/editor\/\",\"name\":\"\",\"description\":\"\",\"publisher\":{\"@id\":\"https:\/\/luchonoticias.com\/editor\/#\/schema\/person\/7a7fd911f58561fd056dbac7b55af9cd\"},\"potentialAction\":[{\"@type\":\"SearchAction\",\"target\":{\"@type\":\"EntryPoint\",\"urlTemplate\":\"https:\/\/luchonoticias.com\/editor\/?s={search_term_string}\"},\"query-input\":{\"@type\":\"PropertyValueSpecification\",\"valueRequired\":true,\"valueName\":\"search_term_string\"}}],\"inLanguage\":\"es\"},{\"@type\":[\"Person\",\"Organization\"],\"@id\":\"https:\/\/luchonoticias.com\/editor\/#\/schema\/person\/7a7fd911f58561fd056dbac7b55af9cd\",\"name\":\"admin\",\"image\":{\"@type\":\"ImageObject\",\"inLanguage\":\"es\",\"@id\":\"https:\/\/luchonoticias.com\/editor\/#\/schema\/person\/image\/\",\"url\":\"https:\/\/luchonoticias.com\/editor\/wp-content\/uploads\/2024\/02\/cropped-cropped-logolu.webp\",\"contentUrl\":\"https:\/\/luchonoticias.com\/editor\/wp-content\/uploads\/2024\/02\/cropped-cropped-logolu.webp\",\"width\":382,\"height\":170,\"caption\":\"admin\"},\"logo\":{\"@id\":\"https:\/\/luchonoticias.com\/editor\/#\/schema\/person\/image\/\"},\"sameAs\":[\"https:\/\/www.facebook.com\/luchonoticiasneiva\"]},{\"@type\":\"Person\",\"@id\":\"https:\/\/luchonoticias.com\/editor\/#\/schema\/person\/29217990ddf6f14e35912b2866d591fb\",\"name\":\"Editor General\",\"image\":{\"@type\":\"ImageObject\",\"inLanguage\":\"es\",\"@id\":\"https:\/\/luchonoticias.com\/editor\/#\/schema\/person\/image\/\",\"url\":\"https:\/\/luchonoticias.com\/editor\/wp-content\/uploads\/2024\/02\/cropped-cropped-logolu-150x150.webp\",\"contentUrl\":\"https:\/\/luchonoticias.com\/editor\/wp-content\/uploads\/2024\/02\/cropped-cropped-logolu-150x150.webp\",\"caption\":\"Editor General\"},\"sameAs\":[\"https:\/\/luchonoticias.com\/\"],\"url\":\"https:\/\/luchonoticias.com\/editor\/author\/editor-general\/\"}]}<\/script>\n<!-- \/ Yoast SEO plugin. -->","yoast_head_json":{"title":"Mandatarios territoriales deben registrarse para rendici\u00f3n p\u00fablica de cuentas frente a los derechos de la infancia: Procuradur\u00eda -","robots":{"index":"index","follow":"follow","max-snippet":"max-snippet:-1","max-image-preview":"max-image-preview:large","max-video-preview":"max-video-preview:-1"},"canonical":"https:\/\/luchonoticias.com\/editor\/mandatarios-territoriales-deben-registrarse-para-rendicion-publica-de-cuentas-frente-a-los-derechos-de-la-infancia-procuraduria\/","og_locale":"es_ES","og_type":"article","og_title":"Mandatarios territoriales deben registrarse para rendici\u00f3n p\u00fablica de cuentas frente a los derechos de la infancia: Procuradur\u00eda -","og_url":"https:\/\/luchonoticias.com\/editor\/mandatarios-territoriales-deben-registrarse-para-rendicion-publica-de-cuentas-frente-a-los-derechos-de-la-infancia-procuraduria\/","article_publisher":"https:\/\/www.facebook.com\/luchonoticiasneiva","article_published_time":"2023-07-17T10:58:51+00:00","article_modified_time":"2023-07-17T10:59:00+00:00","author":"Editor General","twitter_card":"summary_large_image","twitter_misc":{"Escrito por":"Editor General","Tiempo de lectura":"1 minuto"},"schema":{"@context":"https:\/\/schema.org","@graph":[{"@type":"Article","@id":"https:\/\/luchonoticias.com\/editor\/mandatarios-territoriales-deben-registrarse-para-rendicion-publica-de-cuentas-frente-a-los-derechos-de-la-infancia-procuraduria\/#article","isPartOf":{"@id":"https:\/\/luchonoticias.com\/editor\/mandatarios-territoriales-deben-registrarse-para-rendicion-publica-de-cuentas-frente-a-los-derechos-de-la-infancia-procuraduria\/"},"author":{"name":"Editor General","@id":"https:\/\/luchonoticias.com\/editor\/#\/schema\/person\/29217990ddf6f14e35912b2866d591fb"},"headline":"Mandatarios territoriales deben registrarse para rendici\u00f3n p\u00fablica de cuentas frente a los derechos de la infancia: Procuradur\u00eda","datePublished":"2023-07-17T10:58:51+00:00","dateModified":"2023-07-17T10:59:00+00:00","mainEntityOfPage":{"@id":"https:\/\/luchonoticias.com\/editor\/mandatarios-territoriales-deben-registrarse-para-rendicion-publica-de-cuentas-frente-a-los-derechos-de-la-infancia-procuraduria\/"},"wordCount":293,"commentCount":0,"publisher":{"@id":"https:\/\/luchonoticias.com\/editor\/#\/schema\/person\/7a7fd911f58561fd056dbac7b55af9cd"},"articleSection":["Destacado","Nacional"],"inLanguage":"es","potentialAction":[{"@type":"CommentAction","name":"Comment","target":["https:\/\/luchonoticias.com\/editor\/mandatarios-territoriales-deben-registrarse-para-rendicion-publica-de-cuentas-frente-a-los-derechos-de-la-infancia-procuraduria\/#respond"]}]},{"@type":"WebPage","@id":"https:\/\/luchonoticias.com\/editor\/mandatarios-territoriales-deben-registrarse-para-rendicion-publica-de-cuentas-frente-a-los-derechos-de-la-infancia-procuraduria\/","url":"https:\/\/luchonoticias.com\/editor\/mandatarios-territoriales-deben-registrarse-para-rendicion-publica-de-cuentas-frente-a-los-derechos-de-la-infancia-procuraduria\/","name":"Mandatarios territoriales deben registrarse para rendici\u00f3n p\u00fablica de cuentas frente a los derechos de la infancia: Procuradur\u00eda -","isPartOf":{"@id":"https:\/\/luchonoticias.com\/editor\/#website"},"datePublished":"2023-07-17T10:58:51+00:00","dateModified":"2023-07-17T10:59:00+00:00","breadcrumb":{"@id":"https:\/\/luchonoticias.com\/editor\/mandatarios-territoriales-deben-registrarse-para-rendicion-publica-de-cuentas-frente-a-los-derechos-de-la-infancia-procuraduria\/#breadcrumb"},"inLanguage":"es","potentialAction":[{"@type":"ReadAction","target":["https:\/\/luchonoticias.com\/editor\/mandatarios-territoriales-deben-registrarse-para-rendicion-publica-de-cuentas-frente-a-los-derechos-de-la-infancia-procuraduria\/"]}]},{"@type":"BreadcrumbList","@id":"https:\/\/luchonoticias.com\/editor\/mandatarios-territoriales-deben-registrarse-para-rendicion-publica-de-cuentas-frente-a-los-derechos-de-la-infancia-procuraduria\/#breadcrumb","itemListElement":[{"@type":"ListItem","position":1,"name":"Portada","item":"https:\/\/luchonoticias.com\/editor\/"},{"@type":"ListItem","position":2,"name":"Mandatarios territoriales deben registrarse para rendici\u00f3n p\u00fablica de cuentas frente a los derechos de la infancia: Procuradur\u00eda"}]},{"@type":"WebSite","@id":"https:\/\/luchonoticias.com\/editor\/#website","url":"https:\/\/luchonoticias.com\/editor\/","name":"","description":"","publisher":{"@id":"https:\/\/luchonoticias.com\/editor\/#\/schema\/person\/7a7fd911f58561fd056dbac7b55af9cd"},"potentialAction":[{"@type":"SearchAction","target":{"@type":"EntryPoint","urlTemplate":"https:\/\/luchonoticias.com\/editor\/?s={search_term_string}"},"query-input":{"@type":"PropertyValueSpecification","valueRequired":true,"valueName":"search_term_string"}}],"inLanguage":"es"},{"@type":["Person","Organization"],"@id":"https:\/\/luchonoticias.com\/editor\/#\/schema\/person\/7a7fd911f58561fd056dbac7b55af9cd","name":"admin","image":{"@type":"ImageObject","inLanguage":"es","@id":"https:\/\/luchonoticias.com\/editor\/#\/schema\/person\/image\/","url":"https:\/\/luchonoticias.com\/editor\/wp-content\/uploads\/2024\/02\/cropped-cropped-logolu.webp","contentUrl":"https:\/\/luchonoticias.com\/editor\/wp-content\/uploads\/2024\/02\/cropped-cropped-logolu.webp","width":382,"height":170,"caption":"admin"},"logo":{"@id":"https:\/\/luchonoticias.com\/editor\/#\/schema\/person\/image\/"},"sameAs":["https:\/\/www.facebook.com\/luchonoticiasneiva"]},{"@type":"Person","@id":"https:\/\/luchonoticias.com\/editor\/#\/schema\/person\/29217990ddf6f14e35912b2866d591fb","name":"Editor General","image":{"@type":"ImageObject","inLanguage":"es","@id":"https:\/\/luchonoticias.com\/editor\/#\/schema\/person\/image\/","url":"https:\/\/luchonoticias.com\/editor\/wp-content\/uploads\/2024\/02\/cropped-cropped-logolu-150x150.webp","contentUrl":"https:\/\/luchonoticias.com\/editor\/wp-content\/uploads\/2024\/02\/cropped-cropped-logolu-150x150.webp","caption":"Editor General"},"sameAs":["https:\/\/luchonoticias.com\/"],"url":"https:\/\/luchonoticias.com\/editor\/author\/editor-general\/"}]}},"_links":{"self":[{"href":"https:\/\/luchonoticias.com\/editor\/wp-json\/wp\/v2\/posts\/56648","targetHints":{"allow":["GET"]}}],"collection":[{"href":"https:\/\/luchonoticias.com\/editor\/wp-json\/wp\/v2\/posts"}],"about":[{"href":"https:\/\/luchonoticias.com\/editor\/wp-json\/wp\/v2\/types\/post"}],"author":[{"embeddable":true,"href":"https:\/\/luchonoticias.com\/editor\/wp-json\/wp\/v2\/users\/2"}],"replies":[{"embeddable":true,"href":"https:\/\/luchonoticias.com\/editor\/wp-json\/wp\/v2\/comments?post=56648"}],"version-history":[{"count":0,"href":"https:\/\/luchonoticias.com\/editor\/wp-json\/wp\/v2\/posts\/56648\/revisions"}],"wp:attachment":[{"href":"https:\/\/luchonoticias.com\/editor\/wp-json\/wp\/v2\/media?parent=56648"}],"wp:term":[{"taxonomy":"category","embeddable":true,"href":"https:\/\/luchonoticias.com\/editor\/wp-json\/wp\/v2\/categories?post=56648"},{"taxonomy":"post_tag","embeddable":true,"href":"https:\/\/luchonoticias.com\/editor\/wp-json\/wp\/v2\/tags?post=56648"}],"curies":[{"name":"wp","href":"https:\/\/api.w.org\/{rel}","templated":true}]}}