{"id":56662,"date":"2023-07-17T15:33:28","date_gmt":"2023-07-17T20:33:28","guid":{"rendered":"https:\/\/luchonoticias.com\/?p=56662"},"modified":"2023-07-17T15:33:29","modified_gmt":"2023-07-17T20:33:29","slug":"fiscal-general-anuncia-voto-negativo-a-la-politica-antidrogas-del-gobierno-nacional","status":"publish","type":"post","link":"https:\/\/luchonoticias.com\/editor\/fiscal-general-anuncia-voto-negativo-a-la-politica-antidrogas-del-gobierno-nacional\/","title":{"rendered":"Fiscal General anuncia voto negativo a la pol\u00edtica antidrogas del Gobierno Nacional"},"content":{"rendered":"\n<p>Durante el acto de conmemoraci\u00f3n del D\u00eda del Investigador, el Fiscal General de la Naci\u00f3n, Francisco Barbosa Delgado, anticip\u00f3 que votar\u00e1 de manera negativa a la nueva pol\u00edtica antidrogas que el Gobierno Nacional present\u00f3 ante las instituciones que conforman el Consejo Nacional de Pol\u00edtica Criminal.<\/p>\n\n\n\n<p>\u201cHoy manifestaremos en el Consejo Nacional de Pol\u00edtica Criminal nuestro voto de desaprobaci\u00f3n, por primera vez en 30 a\u00f1os, de la Fiscal\u00eda General de la Naci\u00f3n contra la pol\u00edtica nacional de drogas que present\u00f3 el gobierno del presidente Gustavo Petro. Consideramos que esa pol\u00edtica es una pol\u00edtica general que no corresponde a los elementos que deben tener en objetivos, estrategias y acciones claras que demuestren la lucha del Estado contra el narcotr\u00e1fico y el desmantelamiento de las organizaciones criminales\u201d, enfatiz\u00f3.<\/p>\n\n\n\n<p>El Fiscal General de la Naci\u00f3n indic\u00f3 que la entidad comparte la idea de no perseguir a cultivadores o consumidores, pero es consciente que se deben formular estrategias de fondo, que permitan impactar el fen\u00f3meno del narcotr\u00e1fico de manera integral.<\/p>\n\n\n\n<p>\u201cSe han entregado 7.000 millones de d\u00f3lares a la SAE, es decir, 28 billones de pesos. Obviamente, esa es una tarea que combina de forma importante todo lo relativo a la persecuci\u00f3n penal y, al mismo tiempo, la persecuci\u00f3n que debe existir frente a los bienes porque si le quitamos los bienes a los mafiosos y narcotraficantes, y a los criminales; porque no habr\u00e1 resoluci\u00f3n alguna que me cambie el lenguaje, ni me cambie lo que yo pienso de esas personas; a esos criminales hay que tocarles los bienes porque es la mejor manera de romper lo que yo he llamado los corredores regionales y transnacionales de criminalidad\u201d, asegur\u00f3.<\/p>\n\n\n\n<p>En medio de sus observaciones reiter\u00f3 el compromiso institucional de apoyar los caminos que conduzcan a la paz, siembre en el marco de la Constituci\u00f3n y la ley.<\/p>\n\n\n\n<p>\u201cSomos amigos entonces de una paz total, pero tambi\u00e9n somos amigos de las v\u00edctimas, somos amigos de los derechos humanos, somos amigos de la justicia y somos creyentes de que la verdadera alternativa tiene que ser la de poder equilibrar las pol\u00edticas de orden p\u00fablico, y de garant\u00eda de la seguridad como un factor determinante y principio constitucional\u201d, recalc\u00f3.<\/p>\n","protected":false},"excerpt":{"rendered":"<p>Durante el acto de conmemoraci\u00f3n del D\u00eda del Investigador, el Fiscal General de la Naci\u00f3n, Francisco Barbosa Delgado, anticip\u00f3 que votar\u00e1 de manera negativa a la nueva pol\u00edtica antidrogas que el Gobierno Nacional present\u00f3 ante las instituciones que conforman el Consejo Nacional de Pol\u00edtica Criminal. \u201cHoy manifestaremos en el Consejo Nacional de Pol\u00edtica Criminal nuestro [&hellip;]<\/p>\n","protected":false},"author":2,"featured_media":0,"comment_status":"open","ping_status":"open","sticky":false,"template":"","format":"standard","meta":{"footnotes":""},"categories":[28,36],"tags":[],"class_list":["post-56662","post","type-post","status-publish","format-standard","hentry","category-actualidad","category-destacado"],"yoast_head":"<!-- This site is optimized with the Yoast SEO plugin v26.6 - https:\/\/yoast.com\/wordpress\/plugins\/seo\/ -->\n<title>Fiscal General anuncia voto negativo a la pol\u00edtica antidrogas del Gobierno Nacional -<\/title>\n<meta name=\"robots\" content=\"index, follow, max-snippet:-1, max-image-preview:large, max-video-preview:-1\" \/>\n<link rel=\"canonical\" href=\"https:\/\/luchonoticias.com\/editor\/fiscal-general-anuncia-voto-negativo-a-la-politica-antidrogas-del-gobierno-nacional\/\" \/>\n<meta property=\"og:locale\" content=\"es_ES\" \/>\n<meta property=\"og:type\" content=\"article\" \/>\n<meta property=\"og:title\" content=\"Fiscal General anuncia voto negativo a la pol\u00edtica antidrogas del Gobierno Nacional -\" \/>\n<meta property=\"og:url\" content=\"https:\/\/luchonoticias.com\/editor\/fiscal-general-anuncia-voto-negativo-a-la-politica-antidrogas-del-gobierno-nacional\/\" \/>\n<meta property=\"article:publisher\" content=\"https:\/\/www.facebook.com\/luchonoticiasneiva\" \/>\n<meta property=\"article:published_time\" content=\"2023-07-17T20:33:28+00:00\" \/>\n<meta property=\"article:modified_time\" content=\"2023-07-17T20:33:29+00:00\" \/>\n<meta name=\"author\" content=\"Editor General\" \/>\n<meta name=\"twitter:card\" content=\"summary_large_image\" \/>\n<meta name=\"twitter:label1\" content=\"Escrito por\" \/>\n\t<meta name=\"twitter:data1\" content=\"Editor General\" \/>\n\t<meta name=\"twitter:label2\" content=\"Tiempo de lectura\" \/>\n\t<meta name=\"twitter:data2\" content=\"2 minutos\" \/>\n<script type=\"application\/ld+json\" class=\"yoast-schema-graph\">{\"@context\":\"https:\/\/schema.org\",\"@graph\":[{\"@type\":\"Article\",\"@id\":\"https:\/\/luchonoticias.com\/editor\/fiscal-general-anuncia-voto-negativo-a-la-politica-antidrogas-del-gobierno-nacional\/#article\",\"isPartOf\":{\"@id\":\"https:\/\/luchonoticias.com\/editor\/fiscal-general-anuncia-voto-negativo-a-la-politica-antidrogas-del-gobierno-nacional\/\"},\"author\":{\"name\":\"Editor General\",\"@id\":\"https:\/\/luchonoticias.com\/editor\/#\/schema\/person\/29217990ddf6f14e35912b2866d591fb\"},\"headline\":\"Fiscal General anuncia voto negativo a la pol\u00edtica antidrogas del Gobierno Nacional\",\"datePublished\":\"2023-07-17T20:33:28+00:00\",\"dateModified\":\"2023-07-17T20:33:29+00:00\",\"mainEntityOfPage\":{\"@id\":\"https:\/\/luchonoticias.com\/editor\/fiscal-general-anuncia-voto-negativo-a-la-politica-antidrogas-del-gobierno-nacional\/\"},\"wordCount\":398,\"commentCount\":0,\"publisher\":{\"@id\":\"https:\/\/luchonoticias.com\/editor\/#\/schema\/person\/7a7fd911f58561fd056dbac7b55af9cd\"},\"articleSection\":[\"Actualidad\",\"Destacado\"],\"inLanguage\":\"es\",\"potentialAction\":[{\"@type\":\"CommentAction\",\"name\":\"Comment\",\"target\":[\"https:\/\/luchonoticias.com\/editor\/fiscal-general-anuncia-voto-negativo-a-la-politica-antidrogas-del-gobierno-nacional\/#respond\"]}]},{\"@type\":\"WebPage\",\"@id\":\"https:\/\/luchonoticias.com\/editor\/fiscal-general-anuncia-voto-negativo-a-la-politica-antidrogas-del-gobierno-nacional\/\",\"url\":\"https:\/\/luchonoticias.com\/editor\/fiscal-general-anuncia-voto-negativo-a-la-politica-antidrogas-del-gobierno-nacional\/\",\"name\":\"Fiscal General anuncia voto negativo a la pol\u00edtica antidrogas del Gobierno Nacional -\",\"isPartOf\":{\"@id\":\"https:\/\/luchonoticias.com\/editor\/#website\"},\"datePublished\":\"2023-07-17T20:33:28+00:00\",\"dateModified\":\"2023-07-17T20:33:29+00:00\",\"breadcrumb\":{\"@id\":\"https:\/\/luchonoticias.com\/editor\/fiscal-general-anuncia-voto-negativo-a-la-politica-antidrogas-del-gobierno-nacional\/#breadcrumb\"},\"inLanguage\":\"es\",\"potentialAction\":[{\"@type\":\"ReadAction\",\"target\":[\"https:\/\/luchonoticias.com\/editor\/fiscal-general-anuncia-voto-negativo-a-la-politica-antidrogas-del-gobierno-nacional\/\"]}]},{\"@type\":\"BreadcrumbList\",\"@id\":\"https:\/\/luchonoticias.com\/editor\/fiscal-general-anuncia-voto-negativo-a-la-politica-antidrogas-del-gobierno-nacional\/#breadcrumb\",\"itemListElement\":[{\"@type\":\"ListItem\",\"position\":1,\"name\":\"Portada\",\"item\":\"https:\/\/luchonoticias.com\/editor\/\"},{\"@type\":\"ListItem\",\"position\":2,\"name\":\"Fiscal General anuncia voto negativo a la pol\u00edtica antidrogas del Gobierno Nacional\"}]},{\"@type\":\"WebSite\",\"@id\":\"https:\/\/luchonoticias.com\/editor\/#website\",\"url\":\"https:\/\/luchonoticias.com\/editor\/\",\"name\":\"\",\"description\":\"\",\"publisher\":{\"@id\":\"https:\/\/luchonoticias.com\/editor\/#\/schema\/person\/7a7fd911f58561fd056dbac7b55af9cd\"},\"potentialAction\":[{\"@type\":\"SearchAction\",\"target\":{\"@type\":\"EntryPoint\",\"urlTemplate\":\"https:\/\/luchonoticias.com\/editor\/?s={search_term_string}\"},\"query-input\":{\"@type\":\"PropertyValueSpecification\",\"valueRequired\":true,\"valueName\":\"search_term_string\"}}],\"inLanguage\":\"es\"},{\"@type\":[\"Person\",\"Organization\"],\"@id\":\"https:\/\/luchonoticias.com\/editor\/#\/schema\/person\/7a7fd911f58561fd056dbac7b55af9cd\",\"name\":\"admin\",\"image\":{\"@type\":\"ImageObject\",\"inLanguage\":\"es\",\"@id\":\"https:\/\/luchonoticias.com\/editor\/#\/schema\/person\/image\/\",\"url\":\"https:\/\/luchonoticias.com\/editor\/wp-content\/uploads\/2024\/02\/cropped-cropped-logolu.webp\",\"contentUrl\":\"https:\/\/luchonoticias.com\/editor\/wp-content\/uploads\/2024\/02\/cropped-cropped-logolu.webp\",\"width\":382,\"height\":170,\"caption\":\"admin\"},\"logo\":{\"@id\":\"https:\/\/luchonoticias.com\/editor\/#\/schema\/person\/image\/\"},\"sameAs\":[\"https:\/\/www.facebook.com\/luchonoticiasneiva\"]},{\"@type\":\"Person\",\"@id\":\"https:\/\/luchonoticias.com\/editor\/#\/schema\/person\/29217990ddf6f14e35912b2866d591fb\",\"name\":\"Editor General\",\"image\":{\"@type\":\"ImageObject\",\"inLanguage\":\"es\",\"@id\":\"https:\/\/luchonoticias.com\/editor\/#\/schema\/person\/image\/\",\"url\":\"https:\/\/luchonoticias.com\/editor\/wp-content\/uploads\/2024\/02\/cropped-cropped-logolu-150x150.webp\",\"contentUrl\":\"https:\/\/luchonoticias.com\/editor\/wp-content\/uploads\/2024\/02\/cropped-cropped-logolu-150x150.webp\",\"caption\":\"Editor General\"},\"sameAs\":[\"https:\/\/luchonoticias.com\/\"],\"url\":\"https:\/\/luchonoticias.com\/editor\/author\/editor-general\/\"}]}<\/script>\n<!-- \/ Yoast SEO plugin. -->","yoast_head_json":{"title":"Fiscal General anuncia voto negativo a la pol\u00edtica antidrogas del Gobierno Nacional -","robots":{"index":"index","follow":"follow","max-snippet":"max-snippet:-1","max-image-preview":"max-image-preview:large","max-video-preview":"max-video-preview:-1"},"canonical":"https:\/\/luchonoticias.com\/editor\/fiscal-general-anuncia-voto-negativo-a-la-politica-antidrogas-del-gobierno-nacional\/","og_locale":"es_ES","og_type":"article","og_title":"Fiscal General anuncia voto negativo a la pol\u00edtica antidrogas del Gobierno Nacional -","og_url":"https:\/\/luchonoticias.com\/editor\/fiscal-general-anuncia-voto-negativo-a-la-politica-antidrogas-del-gobierno-nacional\/","article_publisher":"https:\/\/www.facebook.com\/luchonoticiasneiva","article_published_time":"2023-07-17T20:33:28+00:00","article_modified_time":"2023-07-17T20:33:29+00:00","author":"Editor General","twitter_card":"summary_large_image","twitter_misc":{"Escrito por":"Editor General","Tiempo de lectura":"2 minutos"},"schema":{"@context":"https:\/\/schema.org","@graph":[{"@type":"Article","@id":"https:\/\/luchonoticias.com\/editor\/fiscal-general-anuncia-voto-negativo-a-la-politica-antidrogas-del-gobierno-nacional\/#article","isPartOf":{"@id":"https:\/\/luchonoticias.com\/editor\/fiscal-general-anuncia-voto-negativo-a-la-politica-antidrogas-del-gobierno-nacional\/"},"author":{"name":"Editor General","@id":"https:\/\/luchonoticias.com\/editor\/#\/schema\/person\/29217990ddf6f14e35912b2866d591fb"},"headline":"Fiscal General anuncia voto negativo a la pol\u00edtica antidrogas del Gobierno Nacional","datePublished":"2023-07-17T20:33:28+00:00","dateModified":"2023-07-17T20:33:29+00:00","mainEntityOfPage":{"@id":"https:\/\/luchonoticias.com\/editor\/fiscal-general-anuncia-voto-negativo-a-la-politica-antidrogas-del-gobierno-nacional\/"},"wordCount":398,"commentCount":0,"publisher":{"@id":"https:\/\/luchonoticias.com\/editor\/#\/schema\/person\/7a7fd911f58561fd056dbac7b55af9cd"},"articleSection":["Actualidad","Destacado"],"inLanguage":"es","potentialAction":[{"@type":"CommentAction","name":"Comment","target":["https:\/\/luchonoticias.com\/editor\/fiscal-general-anuncia-voto-negativo-a-la-politica-antidrogas-del-gobierno-nacional\/#respond"]}]},{"@type":"WebPage","@id":"https:\/\/luchonoticias.com\/editor\/fiscal-general-anuncia-voto-negativo-a-la-politica-antidrogas-del-gobierno-nacional\/","url":"https:\/\/luchonoticias.com\/editor\/fiscal-general-anuncia-voto-negativo-a-la-politica-antidrogas-del-gobierno-nacional\/","name":"Fiscal General anuncia voto negativo a la pol\u00edtica antidrogas del Gobierno Nacional -","isPartOf":{"@id":"https:\/\/luchonoticias.com\/editor\/#website"},"datePublished":"2023-07-17T20:33:28+00:00","dateModified":"2023-07-17T20:33:29+00:00","breadcrumb":{"@id":"https:\/\/luchonoticias.com\/editor\/fiscal-general-anuncia-voto-negativo-a-la-politica-antidrogas-del-gobierno-nacional\/#breadcrumb"},"inLanguage":"es","potentialAction":[{"@type":"ReadAction","target":["https:\/\/luchonoticias.com\/editor\/fiscal-general-anuncia-voto-negativo-a-la-politica-antidrogas-del-gobierno-nacional\/"]}]},{"@type":"BreadcrumbList","@id":"https:\/\/luchonoticias.com\/editor\/fiscal-general-anuncia-voto-negativo-a-la-politica-antidrogas-del-gobierno-nacional\/#breadcrumb","itemListElement":[{"@type":"ListItem","position":1,"name":"Portada","item":"https:\/\/luchonoticias.com\/editor\/"},{"@type":"ListItem","position":2,"name":"Fiscal General anuncia voto negativo a la pol\u00edtica antidrogas del Gobierno Nacional"}]},{"@type":"WebSite","@id":"https:\/\/luchonoticias.com\/editor\/#website","url":"https:\/\/luchonoticias.com\/editor\/","name":"","description":"","publisher":{"@id":"https:\/\/luchonoticias.com\/editor\/#\/schema\/person\/7a7fd911f58561fd056dbac7b55af9cd"},"potentialAction":[{"@type":"SearchAction","target":{"@type":"EntryPoint","urlTemplate":"https:\/\/luchonoticias.com\/editor\/?s={search_term_string}"},"query-input":{"@type":"PropertyValueSpecification","valueRequired":true,"valueName":"search_term_string"}}],"inLanguage":"es"},{"@type":["Person","Organization"],"@id":"https:\/\/luchonoticias.com\/editor\/#\/schema\/person\/7a7fd911f58561fd056dbac7b55af9cd","name":"admin","image":{"@type":"ImageObject","inLanguage":"es","@id":"https:\/\/luchonoticias.com\/editor\/#\/schema\/person\/image\/","url":"https:\/\/luchonoticias.com\/editor\/wp-content\/uploads\/2024\/02\/cropped-cropped-logolu.webp","contentUrl":"https:\/\/luchonoticias.com\/editor\/wp-content\/uploads\/2024\/02\/cropped-cropped-logolu.webp","width":382,"height":170,"caption":"admin"},"logo":{"@id":"https:\/\/luchonoticias.com\/editor\/#\/schema\/person\/image\/"},"sameAs":["https:\/\/www.facebook.com\/luchonoticiasneiva"]},{"@type":"Person","@id":"https:\/\/luchonoticias.com\/editor\/#\/schema\/person\/29217990ddf6f14e35912b2866d591fb","name":"Editor General","image":{"@type":"ImageObject","inLanguage":"es","@id":"https:\/\/luchonoticias.com\/editor\/#\/schema\/person\/image\/","url":"https:\/\/luchonoticias.com\/editor\/wp-content\/uploads\/2024\/02\/cropped-cropped-logolu-150x150.webp","contentUrl":"https:\/\/luchonoticias.com\/editor\/wp-content\/uploads\/2024\/02\/cropped-cropped-logolu-150x150.webp","caption":"Editor General"},"sameAs":["https:\/\/luchonoticias.com\/"],"url":"https:\/\/luchonoticias.com\/editor\/author\/editor-general\/"}]}},"_links":{"self":[{"href":"https:\/\/luchonoticias.com\/editor\/wp-json\/wp\/v2\/posts\/56662","targetHints":{"allow":["GET"]}}],"collection":[{"href":"https:\/\/luchonoticias.com\/editor\/wp-json\/wp\/v2\/posts"}],"about":[{"href":"https:\/\/luchonoticias.com\/editor\/wp-json\/wp\/v2\/types\/post"}],"author":[{"embeddable":true,"href":"https:\/\/luchonoticias.com\/editor\/wp-json\/wp\/v2\/users\/2"}],"replies":[{"embeddable":true,"href":"https:\/\/luchonoticias.com\/editor\/wp-json\/wp\/v2\/comments?post=56662"}],"version-history":[{"count":0,"href":"https:\/\/luchonoticias.com\/editor\/wp-json\/wp\/v2\/posts\/56662\/revisions"}],"wp:attachment":[{"href":"https:\/\/luchonoticias.com\/editor\/wp-json\/wp\/v2\/media?parent=56662"}],"wp:term":[{"taxonomy":"category","embeddable":true,"href":"https:\/\/luchonoticias.com\/editor\/wp-json\/wp\/v2\/categories?post=56662"},{"taxonomy":"post_tag","embeddable":true,"href":"https:\/\/luchonoticias.com\/editor\/wp-json\/wp\/v2\/tags?post=56662"}],"curies":[{"name":"wp","href":"https:\/\/api.w.org\/{rel}","templated":true}]}}