{"id":56665,"date":"2023-07-17T15:37:32","date_gmt":"2023-07-17T20:37:32","guid":{"rendered":"https:\/\/luchonoticias.com\/?p=56665"},"modified":"2023-07-17T15:37:33","modified_gmt":"2023-07-17T20:37:33","slug":"secretaria-de-transparencia-revelo-el-primer-mapa-de-la-impunidad-en-colombia","status":"publish","type":"post","link":"https:\/\/luchonoticias.com\/editor\/secretaria-de-transparencia-revelo-el-primer-mapa-de-la-impunidad-en-colombia\/","title":{"rendered":"Secretar\u00eda de Transparencia revel\u00f3 el primer mapa de la impunidad en Colombia"},"content":{"rendered":"\n<p>El Secretario de Trans\u200bparencia, Andr\u00e9s Id\u00e1rraga,&nbsp; present\u00f3 ante la opini\u00f3n p\u00fablica, el primer mapa de la impunidad en Colombia. Una herramienta que permite realizar un seguimiento m\u00e1s detallado de la actuaci\u00f3n de la justicia frente a los delitos contra la administraci\u00f3n p\u00fablica.<\/p>\n\n\n\n<p>La investigaci\u00f3n inici\u00f3 hace varios meses y comprende el periodo comprendido entre el a\u00f1o a\u00f1o 2010 hasta 2023, lo que permiti\u00f3 identificar los 10 departamentos del pa\u00eds con el m\u00e1s alto porcentaje de procesos con delitos asociados a la corrupci\u00f3n, que no avanzan y permiten, en gran medida, la prescripci\u00f3n, dejando sin castigo a miles de responsables que se apropian de los recursos p\u00fablicos.<\/p>\n\n\n\n<p>De acuerdo con el consolidado del estado de denuncias asociadas a corrupci\u00f3n, hay en total 57.582, entre los a\u00f1os 2010 y 2023, de las cuales el 93.99% no tienen condena; el 89.7% sin captura, y el 77.15% est\u00e1n en indagaci\u00f3n.<\/p>\n\n\n\n<figure class=\"wp-block-image\"><img decoding=\"async\" src=\"https:\/\/petro.presidencia.gov.co\/prensa\/galFotosNotas\/230717-Presentacion-mapa-impunidad-delitos-corrupcion-1-1280.jpg\" alt=\"\"\/><\/figure>\n\n\n\n<p>En el top 10 de los delitos asociados con corrupci\u00f3n administrativo 2010-2023 ocupa el primer lugar el peculado por apropiaci\u00f3n con un 26%; seguido del contrato sin cumplimiento de requisitos legales, 24.6%; concusi\u00f3n, 10.1%; cohecho por dar u ofrecer, 9,8%; inter\u00e9s indebido en la celebraci\u00f3n de contratos, 7.4%; cohecho propio, 3.7%; peculado por aplicaci\u00f3n oficial diferente, 3.5%; enriquecimiento il\u00edcito, 3.1%; tr\u00e1fico de influencias de servidor p\u00fablico, 2.4%, y peculado por uso, 2.1%.<\/p>\n\n\n\n<figure class=\"wp-block-image\"><img decoding=\"async\" src=\"https:\/\/petro.presidencia.gov.co\/prensa\/galFotosNotas\/230717-Presentacion-mapa-impunidad-delitos-corrupcion-2-1280.jpg\" alt=\"\"\/><\/figure>\n\n\n\n<p>En las denuncias asociadas a corrupci\u00f3n sin condena por departamento se encuentra San Andr\u00e9s, 99.1%; Guaviare, 99%; Bol\u00edvar, 98.5%; Putumayo, 97.6%; La Guajira, 97.5%; Casanare, 97.5%; C\u00f3rdoba, 97.2%; Vaup\u00e9s, 97.2%; Arauca, 97% , y Sucre, 96.8%.<\/p>\n\n\n\n<figure class=\"wp-block-image\"><img decoding=\"async\" src=\"https:\/\/petro.presidencia.gov.co\/prensa\/galFotosNotas\/230717-Presentacion-mapa-impunidad-delitos-corrupcion-3-1280.jpg\" alt=\"\"\/><\/figure>\n\n\n\n<p>En el top 10 de los departamentos sin capturas por delitos asociados a corrupci\u00f3n se encuentran: Vaup\u00e9s, 98.6%; Guaviare, 98%; Guain\u00eda, 96%; Boyac\u00e1, 95.7%; \u200bCundinamarca, 95.4%; Putumayo, 95.1%; Caldas, 94.5%; Huila, 94.4%; Casanare, 94.1%, y Santander, 94.1%.<\/p>\n\n\n\n<p>\u200b<\/p>\n\n\n\n<figure class=\"wp-block-image\"><img decoding=\"async\" src=\"https:\/\/petro.presidencia.gov.co\/prensa\/galFotosNotas\/230717-Presentacion-mapa-impunidad-delitos-corrupcion-4-1280.jpg\" alt=\"\"\/><\/figure>\n\n\n\n<p>Para finalizar, en el top 10 de los departamentos sin condenas por delitos asociados a corrupci\u00f3n, encabeza la lista San Andr\u00e9s, 99.1%; seguidos de Guaviare, 99%; Vaup\u00e9s, 98.5%; Arauca, 97.6%; Casanare, 97.5%; Putumayo, 97.5%; La Guajira, 97.2%; C\u00f3rdoba, 97.2%; Bol\u00edvar, 97.2%, y Sucre, 97%.<\/p>\n\n\n\n<figure class=\"wp-block-image\"><img decoding=\"async\" src=\"https:\/\/petro.presidencia.gov.co\/prensa\/galFotosNotas\/230717-Presentacion-mapa-impunidad-delitos-corrupcion-5-1280.jpg\" alt=\"\"\/><\/figure>\n\n\n\n<p>El secretario Andr\u00e9s Id\u00e1rraga afirm\u00f3: \u201cEstos datos son irrefutables, Colombia agoniza en un mar de impunidad, la aplicaci\u00f3n de la justicia en los casos de corrupci\u00f3n, apenas se asoma a un t\u00edmido y cobarde 6%, hecho que como como Naci\u00f3n causa verg\u00fcenza\u201d.<\/p>\n\n\n\n<p>De 32 departamentos, 20 tienen un porcentaje de impunidad superior al 95%, y 12 est\u00e1n entre el 90% y el 94.9% de impunidad, solo superado por Bogot\u00e1 que tiene un 88% de impunidad.&nbsp;<\/p>\n\n\n\n<p>En s\u00edntesis, la impunidad en Colombia, en los delitos asociados contra la administraci\u00f3n p\u00fablica, se ubica en un 94%.\u200b<\/p>\n\n\n\n<figure class=\"wp-block-embed is-type-rich is-provider-gestor-del-servicio wp-block-embed-gestor-del-servicio\"><div class=\"wp-block-embed__wrapper\">\nhttps:\/\/youtube.com\/watch?v=-IHpmJjAHhY%3Frel%3D0\n<\/div><\/figure>\n\n\n\n<p>Por esto, la presencia aqu\u00ed, de gran parte del Gobierno, es para enviarle un mensaje inequ\u00edvoco a los colombianos: \u201cel presidente Gustavo Petro nunca ha renunciado a la lucha contra la corrupci\u00f3n. Todo lo contrario, la vamos a intensificar con todas las fuerzas institucionales a disposici\u00f3n y hacemos un llamado a la Fiscal\u00eda, para que act\u00fae con la misma celeridad, como lo hizo con la exministra del Deporte, Mar\u00eda Isabel Urrutia, que fue imputada hace apenas unos meses despu\u00e9s de nuestra denuncia por la marat\u00f3n de contratos que suscribi\u00f3 en tiempo r\u00e9cord. Nosotros no engavetamos las denuncias, porque si seguimos como vamos, se volver\u00e1 costumbre la aparici\u00f3n de personajes como Emilio Tapia, que convierten la corrupci\u00f3n en una empresa de la impunidad\u201d.<\/p>\n\n\n\n<p>El secretario agreg\u00f3: \u201cEstamos en la obligaci\u00f3n de cuidar cada peso que se invierte de forma efectiva en el mejoramiento de las condiciones de vida de los m\u00e1s necesitados y no que ayude a los que m\u00e1s tienen, no seremos c\u00f3mplices de la desigualdad. La corrupci\u00f3n anda en hombros, lo he venido reiterando\u201d.&nbsp;<\/p>\n\n\n\n<p>\u201cEn este gobierno, como lo se\u00f1al\u00f3 el presidente Gustavo Petro, luchamos contra la corrupci\u00f3n \u201ccaiga quien caiga\u201d. Aqu\u00ed no hay corrupci\u00f3n buena o mala, menor o mayor, corrupci\u00f3n es corrupci\u00f3n y seremos implacables para combatirla\u201d, concluy\u00f3 el secretario.<\/p>\n\n\n\n<p>El secretario anunci\u00f3 que convocar\u00e1 a la \u201cComisi\u00f3n Nacional de Moralizaci\u00f3n, m\u00e1xima instancia nacional anticorrupci\u00f3n, en cabeza del presidente Gustavo Petro. Est\u00e1 conformada por el ministerio del Interior, Procuradur\u00eda, Contralor\u00eda, Auditor\u00eda, Fiscal\u00eda, Corte Suprema de Justicia, Consejo de Estado, presidentes de Senado y C\u00e1mara, y Defensor\u00eda, entre otros.<\/p>\n","protected":false},"excerpt":{"rendered":"<p>El Secretario de Trans\u200bparencia, Andr\u00e9s Id\u00e1rraga,&nbsp; present\u00f3 ante la opini\u00f3n p\u00fablica, el primer mapa de la impunidad en Colombia. Una herramienta que permite realizar un seguimiento m\u00e1s detallado de la actuaci\u00f3n de la justicia frente a los delitos contra la administraci\u00f3n p\u00fablica. La investigaci\u00f3n inici\u00f3 hace varios meses y comprende el periodo comprendido entre el [&hellip;]<\/p>\n","protected":false},"author":2,"featured_media":0,"comment_status":"open","ping_status":"open","sticky":false,"template":"","format":"standard","meta":{"footnotes":""},"categories":[28,36],"tags":[],"class_list":["post-56665","post","type-post","status-publish","format-standard","hentry","category-actualidad","category-destacado"],"yoast_head":"<!-- This site is optimized with the Yoast SEO plugin v26.6 - https:\/\/yoast.com\/wordpress\/plugins\/seo\/ -->\n<title>Secretar\u00eda de Transparencia revel\u00f3 el primer mapa de la impunidad en Colombia -<\/title>\n<meta name=\"robots\" content=\"index, follow, max-snippet:-1, max-image-preview:large, max-video-preview:-1\" \/>\n<link rel=\"canonical\" href=\"https:\/\/luchonoticias.com\/editor\/secretaria-de-transparencia-revelo-el-primer-mapa-de-la-impunidad-en-colombia\/\" \/>\n<meta property=\"og:locale\" content=\"es_ES\" \/>\n<meta property=\"og:type\" content=\"article\" \/>\n<meta property=\"og:title\" content=\"Secretar\u00eda de Transparencia revel\u00f3 el primer mapa de la impunidad en Colombia -\" \/>\n<meta property=\"og:url\" content=\"https:\/\/luchonoticias.com\/editor\/secretaria-de-transparencia-revelo-el-primer-mapa-de-la-impunidad-en-colombia\/\" \/>\n<meta property=\"article:publisher\" content=\"https:\/\/www.facebook.com\/luchonoticiasneiva\" \/>\n<meta property=\"article:published_time\" content=\"2023-07-17T20:37:32+00:00\" \/>\n<meta property=\"article:modified_time\" content=\"2023-07-17T20:37:33+00:00\" \/>\n<meta property=\"og:image\" content=\"https:\/\/petro.presidencia.gov.co\/prensa\/galFotosNotas\/230717-Presentacion-mapa-impunidad-delitos-corrupcion-1-1280.jpg\" \/>\n<meta name=\"author\" content=\"Editor General\" \/>\n<meta name=\"twitter:card\" content=\"summary_large_image\" \/>\n<meta name=\"twitter:label1\" content=\"Escrito por\" \/>\n\t<meta name=\"twitter:data1\" content=\"Editor General\" \/>\n\t<meta name=\"twitter:label2\" content=\"Tiempo de lectura\" \/>\n\t<meta name=\"twitter:data2\" content=\"4 minutos\" \/>\n<script type=\"application\/ld+json\" class=\"yoast-schema-graph\">{\"@context\":\"https:\/\/schema.org\",\"@graph\":[{\"@type\":\"Article\",\"@id\":\"https:\/\/luchonoticias.com\/editor\/secretaria-de-transparencia-revelo-el-primer-mapa-de-la-impunidad-en-colombia\/#article\",\"isPartOf\":{\"@id\":\"https:\/\/luchonoticias.com\/editor\/secretaria-de-transparencia-revelo-el-primer-mapa-de-la-impunidad-en-colombia\/\"},\"author\":{\"name\":\"Editor General\",\"@id\":\"https:\/\/luchonoticias.com\/editor\/#\/schema\/person\/29217990ddf6f14e35912b2866d591fb\"},\"headline\":\"Secretar\u00eda de Transparencia revel\u00f3 el primer mapa de la impunidad en Colombia\",\"datePublished\":\"2023-07-17T20:37:32+00:00\",\"dateModified\":\"2023-07-17T20:37:33+00:00\",\"mainEntityOfPage\":{\"@id\":\"https:\/\/luchonoticias.com\/editor\/secretaria-de-transparencia-revelo-el-primer-mapa-de-la-impunidad-en-colombia\/\"},\"wordCount\":736,\"commentCount\":0,\"publisher\":{\"@id\":\"https:\/\/luchonoticias.com\/editor\/#\/schema\/person\/7a7fd911f58561fd056dbac7b55af9cd\"},\"image\":{\"@id\":\"https:\/\/luchonoticias.com\/editor\/secretaria-de-transparencia-revelo-el-primer-mapa-de-la-impunidad-en-colombia\/#primaryimage\"},\"thumbnailUrl\":\"https:\/\/petro.presidencia.gov.co\/prensa\/galFotosNotas\/230717-Presentacion-mapa-impunidad-delitos-corrupcion-1-1280.jpg\",\"articleSection\":[\"Actualidad\",\"Destacado\"],\"inLanguage\":\"es\",\"potentialAction\":[{\"@type\":\"CommentAction\",\"name\":\"Comment\",\"target\":[\"https:\/\/luchonoticias.com\/editor\/secretaria-de-transparencia-revelo-el-primer-mapa-de-la-impunidad-en-colombia\/#respond\"]}]},{\"@type\":\"WebPage\",\"@id\":\"https:\/\/luchonoticias.com\/editor\/secretaria-de-transparencia-revelo-el-primer-mapa-de-la-impunidad-en-colombia\/\",\"url\":\"https:\/\/luchonoticias.com\/editor\/secretaria-de-transparencia-revelo-el-primer-mapa-de-la-impunidad-en-colombia\/\",\"name\":\"Secretar\u00eda de Transparencia revel\u00f3 el primer mapa de la impunidad en Colombia -\",\"isPartOf\":{\"@id\":\"https:\/\/luchonoticias.com\/editor\/#website\"},\"primaryImageOfPage\":{\"@id\":\"https:\/\/luchonoticias.com\/editor\/secretaria-de-transparencia-revelo-el-primer-mapa-de-la-impunidad-en-colombia\/#primaryimage\"},\"image\":{\"@id\":\"https:\/\/luchonoticias.com\/editor\/secretaria-de-transparencia-revelo-el-primer-mapa-de-la-impunidad-en-colombia\/#primaryimage\"},\"thumbnailUrl\":\"https:\/\/petro.presidencia.gov.co\/prensa\/galFotosNotas\/230717-Presentacion-mapa-impunidad-delitos-corrupcion-1-1280.jpg\",\"datePublished\":\"2023-07-17T20:37:32+00:00\",\"dateModified\":\"2023-07-17T20:37:33+00:00\",\"breadcrumb\":{\"@id\":\"https:\/\/luchonoticias.com\/editor\/secretaria-de-transparencia-revelo-el-primer-mapa-de-la-impunidad-en-colombia\/#breadcrumb\"},\"inLanguage\":\"es\",\"potentialAction\":[{\"@type\":\"ReadAction\",\"target\":[\"https:\/\/luchonoticias.com\/editor\/secretaria-de-transparencia-revelo-el-primer-mapa-de-la-impunidad-en-colombia\/\"]}]},{\"@type\":\"ImageObject\",\"inLanguage\":\"es\",\"@id\":\"https:\/\/luchonoticias.com\/editor\/secretaria-de-transparencia-revelo-el-primer-mapa-de-la-impunidad-en-colombia\/#primaryimage\",\"url\":\"https:\/\/petro.presidencia.gov.co\/prensa\/galFotosNotas\/230717-Presentacion-mapa-impunidad-delitos-corrupcion-1-1280.jpg\",\"contentUrl\":\"https:\/\/petro.presidencia.gov.co\/prensa\/galFotosNotas\/230717-Presentacion-mapa-impunidad-delitos-corrupcion-1-1280.jpg\"},{\"@type\":\"BreadcrumbList\",\"@id\":\"https:\/\/luchonoticias.com\/editor\/secretaria-de-transparencia-revelo-el-primer-mapa-de-la-impunidad-en-colombia\/#breadcrumb\",\"itemListElement\":[{\"@type\":\"ListItem\",\"position\":1,\"name\":\"Portada\",\"item\":\"https:\/\/luchonoticias.com\/editor\/\"},{\"@type\":\"ListItem\",\"position\":2,\"name\":\"Secretar\u00eda de Transparencia revel\u00f3 el primer mapa de la impunidad en Colombia\"}]},{\"@type\":\"WebSite\",\"@id\":\"https:\/\/luchonoticias.com\/editor\/#website\",\"url\":\"https:\/\/luchonoticias.com\/editor\/\",\"name\":\"\",\"description\":\"\",\"publisher\":{\"@id\":\"https:\/\/luchonoticias.com\/editor\/#\/schema\/person\/7a7fd911f58561fd056dbac7b55af9cd\"},\"potentialAction\":[{\"@type\":\"SearchAction\",\"target\":{\"@type\":\"EntryPoint\",\"urlTemplate\":\"https:\/\/luchonoticias.com\/editor\/?s={search_term_string}\"},\"query-input\":{\"@type\":\"PropertyValueSpecification\",\"valueRequired\":true,\"valueName\":\"search_term_string\"}}],\"inLanguage\":\"es\"},{\"@type\":[\"Person\",\"Organization\"],\"@id\":\"https:\/\/luchonoticias.com\/editor\/#\/schema\/person\/7a7fd911f58561fd056dbac7b55af9cd\",\"name\":\"admin\",\"image\":{\"@type\":\"ImageObject\",\"inLanguage\":\"es\",\"@id\":\"https:\/\/luchonoticias.com\/editor\/#\/schema\/person\/image\/\",\"url\":\"https:\/\/luchonoticias.com\/editor\/wp-content\/uploads\/2024\/02\/cropped-cropped-logolu.webp\",\"contentUrl\":\"https:\/\/luchonoticias.com\/editor\/wp-content\/uploads\/2024\/02\/cropped-cropped-logolu.webp\",\"width\":382,\"height\":170,\"caption\":\"admin\"},\"logo\":{\"@id\":\"https:\/\/luchonoticias.com\/editor\/#\/schema\/person\/image\/\"},\"sameAs\":[\"https:\/\/www.facebook.com\/luchonoticiasneiva\"]},{\"@type\":\"Person\",\"@id\":\"https:\/\/luchonoticias.com\/editor\/#\/schema\/person\/29217990ddf6f14e35912b2866d591fb\",\"name\":\"Editor General\",\"image\":{\"@type\":\"ImageObject\",\"inLanguage\":\"es\",\"@id\":\"https:\/\/luchonoticias.com\/editor\/#\/schema\/person\/image\/\",\"url\":\"https:\/\/luchonoticias.com\/editor\/wp-content\/uploads\/2024\/02\/cropped-cropped-logolu-150x150.webp\",\"contentUrl\":\"https:\/\/luchonoticias.com\/editor\/wp-content\/uploads\/2024\/02\/cropped-cropped-logolu-150x150.webp\",\"caption\":\"Editor General\"},\"sameAs\":[\"https:\/\/luchonoticias.com\/\"],\"url\":\"https:\/\/luchonoticias.com\/editor\/author\/editor-general\/\"}]}<\/script>\n<!-- \/ Yoast SEO plugin. -->","yoast_head_json":{"title":"Secretar\u00eda de Transparencia revel\u00f3 el primer mapa de la impunidad en Colombia -","robots":{"index":"index","follow":"follow","max-snippet":"max-snippet:-1","max-image-preview":"max-image-preview:large","max-video-preview":"max-video-preview:-1"},"canonical":"https:\/\/luchonoticias.com\/editor\/secretaria-de-transparencia-revelo-el-primer-mapa-de-la-impunidad-en-colombia\/","og_locale":"es_ES","og_type":"article","og_title":"Secretar\u00eda de Transparencia revel\u00f3 el primer mapa de la impunidad en Colombia -","og_url":"https:\/\/luchonoticias.com\/editor\/secretaria-de-transparencia-revelo-el-primer-mapa-de-la-impunidad-en-colombia\/","article_publisher":"https:\/\/www.facebook.com\/luchonoticiasneiva","article_published_time":"2023-07-17T20:37:32+00:00","article_modified_time":"2023-07-17T20:37:33+00:00","og_image":[{"url":"https:\/\/petro.presidencia.gov.co\/prensa\/galFotosNotas\/230717-Presentacion-mapa-impunidad-delitos-corrupcion-1-1280.jpg","type":"","width":"","height":""}],"author":"Editor General","twitter_card":"summary_large_image","twitter_misc":{"Escrito por":"Editor General","Tiempo de lectura":"4 minutos"},"schema":{"@context":"https:\/\/schema.org","@graph":[{"@type":"Article","@id":"https:\/\/luchonoticias.com\/editor\/secretaria-de-transparencia-revelo-el-primer-mapa-de-la-impunidad-en-colombia\/#article","isPartOf":{"@id":"https:\/\/luchonoticias.com\/editor\/secretaria-de-transparencia-revelo-el-primer-mapa-de-la-impunidad-en-colombia\/"},"author":{"name":"Editor General","@id":"https:\/\/luchonoticias.com\/editor\/#\/schema\/person\/29217990ddf6f14e35912b2866d591fb"},"headline":"Secretar\u00eda de Transparencia revel\u00f3 el primer mapa de la impunidad en Colombia","datePublished":"2023-07-17T20:37:32+00:00","dateModified":"2023-07-17T20:37:33+00:00","mainEntityOfPage":{"@id":"https:\/\/luchonoticias.com\/editor\/secretaria-de-transparencia-revelo-el-primer-mapa-de-la-impunidad-en-colombia\/"},"wordCount":736,"commentCount":0,"publisher":{"@id":"https:\/\/luchonoticias.com\/editor\/#\/schema\/person\/7a7fd911f58561fd056dbac7b55af9cd"},"image":{"@id":"https:\/\/luchonoticias.com\/editor\/secretaria-de-transparencia-revelo-el-primer-mapa-de-la-impunidad-en-colombia\/#primaryimage"},"thumbnailUrl":"https:\/\/petro.presidencia.gov.co\/prensa\/galFotosNotas\/230717-Presentacion-mapa-impunidad-delitos-corrupcion-1-1280.jpg","articleSection":["Actualidad","Destacado"],"inLanguage":"es","potentialAction":[{"@type":"CommentAction","name":"Comment","target":["https:\/\/luchonoticias.com\/editor\/secretaria-de-transparencia-revelo-el-primer-mapa-de-la-impunidad-en-colombia\/#respond"]}]},{"@type":"WebPage","@id":"https:\/\/luchonoticias.com\/editor\/secretaria-de-transparencia-revelo-el-primer-mapa-de-la-impunidad-en-colombia\/","url":"https:\/\/luchonoticias.com\/editor\/secretaria-de-transparencia-revelo-el-primer-mapa-de-la-impunidad-en-colombia\/","name":"Secretar\u00eda de Transparencia revel\u00f3 el primer mapa de la impunidad en Colombia -","isPartOf":{"@id":"https:\/\/luchonoticias.com\/editor\/#website"},"primaryImageOfPage":{"@id":"https:\/\/luchonoticias.com\/editor\/secretaria-de-transparencia-revelo-el-primer-mapa-de-la-impunidad-en-colombia\/#primaryimage"},"image":{"@id":"https:\/\/luchonoticias.com\/editor\/secretaria-de-transparencia-revelo-el-primer-mapa-de-la-impunidad-en-colombia\/#primaryimage"},"thumbnailUrl":"https:\/\/petro.presidencia.gov.co\/prensa\/galFotosNotas\/230717-Presentacion-mapa-impunidad-delitos-corrupcion-1-1280.jpg","datePublished":"2023-07-17T20:37:32+00:00","dateModified":"2023-07-17T20:37:33+00:00","breadcrumb":{"@id":"https:\/\/luchonoticias.com\/editor\/secretaria-de-transparencia-revelo-el-primer-mapa-de-la-impunidad-en-colombia\/#breadcrumb"},"inLanguage":"es","potentialAction":[{"@type":"ReadAction","target":["https:\/\/luchonoticias.com\/editor\/secretaria-de-transparencia-revelo-el-primer-mapa-de-la-impunidad-en-colombia\/"]}]},{"@type":"ImageObject","inLanguage":"es","@id":"https:\/\/luchonoticias.com\/editor\/secretaria-de-transparencia-revelo-el-primer-mapa-de-la-impunidad-en-colombia\/#primaryimage","url":"https:\/\/petro.presidencia.gov.co\/prensa\/galFotosNotas\/230717-Presentacion-mapa-impunidad-delitos-corrupcion-1-1280.jpg","contentUrl":"https:\/\/petro.presidencia.gov.co\/prensa\/galFotosNotas\/230717-Presentacion-mapa-impunidad-delitos-corrupcion-1-1280.jpg"},{"@type":"BreadcrumbList","@id":"https:\/\/luchonoticias.com\/editor\/secretaria-de-transparencia-revelo-el-primer-mapa-de-la-impunidad-en-colombia\/#breadcrumb","itemListElement":[{"@type":"ListItem","position":1,"name":"Portada","item":"https:\/\/luchonoticias.com\/editor\/"},{"@type":"ListItem","position":2,"name":"Secretar\u00eda de Transparencia revel\u00f3 el primer mapa de la impunidad en Colombia"}]},{"@type":"WebSite","@id":"https:\/\/luchonoticias.com\/editor\/#website","url":"https:\/\/luchonoticias.com\/editor\/","name":"","description":"","publisher":{"@id":"https:\/\/luchonoticias.com\/editor\/#\/schema\/person\/7a7fd911f58561fd056dbac7b55af9cd"},"potentialAction":[{"@type":"SearchAction","target":{"@type":"EntryPoint","urlTemplate":"https:\/\/luchonoticias.com\/editor\/?s={search_term_string}"},"query-input":{"@type":"PropertyValueSpecification","valueRequired":true,"valueName":"search_term_string"}}],"inLanguage":"es"},{"@type":["Person","Organization"],"@id":"https:\/\/luchonoticias.com\/editor\/#\/schema\/person\/7a7fd911f58561fd056dbac7b55af9cd","name":"admin","image":{"@type":"ImageObject","inLanguage":"es","@id":"https:\/\/luchonoticias.com\/editor\/#\/schema\/person\/image\/","url":"https:\/\/luchonoticias.com\/editor\/wp-content\/uploads\/2024\/02\/cropped-cropped-logolu.webp","contentUrl":"https:\/\/luchonoticias.com\/editor\/wp-content\/uploads\/2024\/02\/cropped-cropped-logolu.webp","width":382,"height":170,"caption":"admin"},"logo":{"@id":"https:\/\/luchonoticias.com\/editor\/#\/schema\/person\/image\/"},"sameAs":["https:\/\/www.facebook.com\/luchonoticiasneiva"]},{"@type":"Person","@id":"https:\/\/luchonoticias.com\/editor\/#\/schema\/person\/29217990ddf6f14e35912b2866d591fb","name":"Editor General","image":{"@type":"ImageObject","inLanguage":"es","@id":"https:\/\/luchonoticias.com\/editor\/#\/schema\/person\/image\/","url":"https:\/\/luchonoticias.com\/editor\/wp-content\/uploads\/2024\/02\/cropped-cropped-logolu-150x150.webp","contentUrl":"https:\/\/luchonoticias.com\/editor\/wp-content\/uploads\/2024\/02\/cropped-cropped-logolu-150x150.webp","caption":"Editor General"},"sameAs":["https:\/\/luchonoticias.com\/"],"url":"https:\/\/luchonoticias.com\/editor\/author\/editor-general\/"}]}},"_links":{"self":[{"href":"https:\/\/luchonoticias.com\/editor\/wp-json\/wp\/v2\/posts\/56665","targetHints":{"allow":["GET"]}}],"collection":[{"href":"https:\/\/luchonoticias.com\/editor\/wp-json\/wp\/v2\/posts"}],"about":[{"href":"https:\/\/luchonoticias.com\/editor\/wp-json\/wp\/v2\/types\/post"}],"author":[{"embeddable":true,"href":"https:\/\/luchonoticias.com\/editor\/wp-json\/wp\/v2\/users\/2"}],"replies":[{"embeddable":true,"href":"https:\/\/luchonoticias.com\/editor\/wp-json\/wp\/v2\/comments?post=56665"}],"version-history":[{"count":0,"href":"https:\/\/luchonoticias.com\/editor\/wp-json\/wp\/v2\/posts\/56665\/revisions"}],"wp:attachment":[{"href":"https:\/\/luchonoticias.com\/editor\/wp-json\/wp\/v2\/media?parent=56665"}],"wp:term":[{"taxonomy":"category","embeddable":true,"href":"https:\/\/luchonoticias.com\/editor\/wp-json\/wp\/v2\/categories?post=56665"},{"taxonomy":"post_tag","embeddable":true,"href":"https:\/\/luchonoticias.com\/editor\/wp-json\/wp\/v2\/tags?post=56665"}],"curies":[{"name":"wp","href":"https:\/\/api.w.org\/{rel}","templated":true}]}}