{"id":56672,"date":"2023-07-17T15:48:42","date_gmt":"2023-07-17T20:48:42","guid":{"rendered":"https:\/\/luchonoticias.com\/?p=56672"},"modified":"2023-07-17T15:48:43","modified_gmt":"2023-07-17T20:48:43","slug":"con-lo-del-estadio-al-cesar-lo-que-es-del-cesar","status":"publish","type":"post","link":"https:\/\/luchonoticias.com\/editor\/con-lo-del-estadio-al-cesar-lo-que-es-del-cesar\/","title":{"rendered":"Con lo del estadio, al C\u00e9sar lo que es del C\u00e9sar"},"content":{"rendered":"\n<p>Por: Alfonso V\u00e9lez Jaramillo \/\/ Columnita<\/p>\n\n\n\n<p>Aqu\u00ed a todo le meten pol\u00edtica y pol\u00edtica de la mala, o sea, politiquer\u00eda que da\u00f1a el esp\u00edritu y genera odios irreconciliables. Lo peor, muchos no saben porque lo hacen, incluso que los ponen como t\u00edteres a repetir ofensas y generar odios sin son ni ton.<\/p>\n\n\n\n<p>Esta tesis tiene relaci\u00f3n con el estadio Guillermo Plazas Alcid, el mayor escenario deportivo del Huila.<\/p>\n\n\n\n<p>El gobierno de Rodrigo Lara S\u00e1nchez, del estadio siempre minti\u00f3, dijo que no era utilizable y neg\u00f3 la acci\u00f3n del municipio para su recuperaci\u00f3n, cuando era una regordeta mentira.<\/p>\n\n\n\n<p>Por esta raz\u00f3n, nuestro equipo Atl\u00e9tico Huila debi\u00f3 jugar sus partidos fuera de Neiva como jud\u00edo errante y ceder resultados por todos sus problemas, ya que no ten\u00eda los recursos indispensables para su financiaci\u00f3n.<\/p>\n\n\n\n<p>\u00bfPor qu\u00e9? Simple y llanamente no tuvo el apoyo del municipio, expl\u00edcitamente, mucho menos la voluntad pol\u00edtica de Lara como alcalde.&nbsp;&nbsp;<\/p>\n\n\n\n<p>Y claro, el estadio por su fea presentaci\u00f3n, que m\u00e1s bien parec\u00eda una edificaci\u00f3n de la guerra de Ucrania, con escombros por todas partes y suciedad como en toda obra, la gente se comi\u00f3 el cuento, inclusive, esta estrategia, se utiliz\u00f3 y se utiliza para seguir las campa\u00f1as pol\u00edticas haciendo da\u00f1o.<\/p>\n\n\n\n<p>Una explicaci\u00f3n que sirvi\u00f3 para tapar la incompetencia de Lara y su administraci\u00f3n para gestionar recursos.<\/p>\n\n\n\n<p>El fin era frenar cualquier actividad que permitiera ponerlo al servicio de la gente, inclusive, Lara prefiri\u00f3 gastarse una millonada en estudios que no sirvieron para nada.<\/p>\n\n\n\n<p>Hago esta acotaci\u00f3n, porque anoche el estadio estaba bonito, luc\u00eda bien presentado para el primer juego de la Liga, que por fortuna gan\u00f3 el Huila ante Uni\u00f3n Magdalena, por algo los periodistas de Win Sport, hicieron comentarios positivos.<\/p>\n\n\n\n<p>Lo mejor, se demostr\u00f3 lleno de espectadores que el estadio en su estructura est\u00e1 en buen estado,<\/p>\n\n\n\n<p>salvo las losas que cayeron el d\u00eda del accidente el 8 de agosto de 2016, cuando transcurr\u00edan 8 meses del gobierno de Lara S\u00e1nchez.<\/p>\n\n\n\n<p>Lara, no tuvo el empacho para achacarle el accidente a su antecesor Pedro Suarez, quien le hab\u00eda entregado el gobierno ocho meses atr\u00e1s y ya no ten\u00eda el control de la obra.<\/p>\n\n\n\n<p>Lara, por m\u00e1s que se le insisti\u00f3, se cerr\u00f3 a la banda y declar\u00f3 la caducidad de contrato&nbsp;&nbsp;&nbsp;&nbsp; que alejaba las posibilidades de seguir los trabajos y terminarlos en su periodo, porque era una obra de Pedro, eso se llama miseria humana.<\/p>\n\n\n\n<p>Si Lara hubiera declarado a terminaci\u00f3n unilateral del contrato, la obra podr\u00eda haberla terminado en su gobierno, (los abogados e ingenieros lo saben), como se hizo en la avenida In\u00e9s Garc\u00eda, en donde el entonces alcalde Pedro Suarez, SI declar\u00f3 la terminaci\u00f3n unilateral (y no la caducidad) y la aseguradora respondi\u00f3, termin\u00f3 los trabajos, cuya inauguraci\u00f3n parad\u00f3jicamente la hizo Lara, sacando pecho, cuando ya era el alcalde, auto adjudic\u00e1ndose esta gesti\u00f3n.&nbsp;&nbsp;&nbsp;&nbsp;<\/p>\n\n\n\n<p>Por fortuna, el gobierno Gorky con el apoyo de los nuevos directivos y el gerente del Atl\u00e9tico Huila, Carlos Barrero, pusieron manos a la obra, embellecieron el estadio, arreglaron camerinos, los ba\u00f1os, la gramilla e invirtieron m\u00e1s de 1200 millones de pesos para dejarlo funcional.<\/p>\n\n\n\n<p>Anoche el estadio fue engalanado con muchos hinchas que pudieron apreciar su nueva presentaci\u00f3n, entre tanto, se anunci\u00f3 otra inversi\u00f3n de unos 600 o 700 millones para mejorar luminarias y sus servicios.<\/p>\n\n\n\n<p>Hay que reconocer las buenas relaciones del alcalde Gorky con Maruan David Issa, el presidente de Club Atl\u00e9tico Huila y su gerente Barrero Rubio, cuya empat\u00eda demuestra que con honradez, voluntad y buena fe se sacan las obras adelante.<\/p>\n\n\n\n<p>Por estas y otras razones, es incomprensible que haya gente que no reconozca y ahora utilicen el estadio al que nunca le ayudaron para hacerle da\u00f1o a quienes, si han trabajado por este escenario, todo por estrategia de campa\u00f1a pol\u00edtica.&nbsp;&nbsp;<\/p>\n\n\n\n<p>Por primera vez en m\u00e1s de 7 a\u00f1os, el Club Atl\u00e9tico Huila comenz\u00f3 a recibir mejores ingresos por concepto de taquilla, ahora tiene silleter\u00eda en oriental para los espectadores, se arregl\u00f3 el Sistema hidrosanitario, los desag\u00fces y alcantarillado.<\/p>\n\n\n\n<p>La semana pr\u00f3xima iniciar\u00e1n los trabajos para mejorar el sistema electico con tres circuitos&nbsp;&nbsp; con mayor, mejor iluminaci\u00f3n y energ\u00eda para las transmisiones por televisi\u00f3n.<\/p>\n\n\n\n<p>Bien por nuestro estadio y el cesar los que del Cesar.<\/p>\n","protected":false},"excerpt":{"rendered":"<p>Por: Alfonso V\u00e9lez Jaramillo \/\/ Columnita Aqu\u00ed a todo le meten pol\u00edtica y pol\u00edtica de la mala, o sea, politiquer\u00eda que da\u00f1a el esp\u00edritu y genera odios irreconciliables. Lo peor, muchos no saben porque lo hacen, incluso que los ponen como t\u00edteres a repetir ofensas y generar odios sin son ni ton. Esta tesis tiene [&hellip;]<\/p>\n","protected":false},"author":2,"featured_media":0,"comment_status":"open","ping_status":"open","sticky":false,"template":"","format":"standard","meta":{"footnotes":""},"categories":[1,36,2454],"tags":[],"class_list":["post-56672","post","type-post","status-publish","format-standard","hentry","category-columnistas","category-destacado","category-opinion"],"yoast_head":"<!-- This site is optimized with the Yoast SEO plugin v26.6 - https:\/\/yoast.com\/wordpress\/plugins\/seo\/ -->\n<title>Con lo del estadio, al C\u00e9sar lo que es del C\u00e9sar -<\/title>\n<meta name=\"robots\" content=\"index, follow, max-snippet:-1, max-image-preview:large, max-video-preview:-1\" \/>\n<link rel=\"canonical\" href=\"https:\/\/luchonoticias.com\/editor\/con-lo-del-estadio-al-cesar-lo-que-es-del-cesar\/\" \/>\n<meta property=\"og:locale\" content=\"es_ES\" \/>\n<meta property=\"og:type\" content=\"article\" \/>\n<meta property=\"og:title\" content=\"Con lo del estadio, al C\u00e9sar lo que es del C\u00e9sar -\" \/>\n<meta property=\"og:url\" content=\"https:\/\/luchonoticias.com\/editor\/con-lo-del-estadio-al-cesar-lo-que-es-del-cesar\/\" \/>\n<meta property=\"article:publisher\" content=\"https:\/\/www.facebook.com\/luchonoticiasneiva\" \/>\n<meta property=\"article:published_time\" content=\"2023-07-17T20:48:42+00:00\" \/>\n<meta property=\"article:modified_time\" content=\"2023-07-17T20:48:43+00:00\" \/>\n<meta name=\"author\" content=\"Editor General\" \/>\n<meta name=\"twitter:card\" content=\"summary_large_image\" \/>\n<meta name=\"twitter:label1\" content=\"Escrito por\" \/>\n\t<meta name=\"twitter:data1\" content=\"Editor General\" \/>\n\t<meta name=\"twitter:label2\" content=\"Tiempo de lectura\" \/>\n\t<meta name=\"twitter:data2\" content=\"4 minutos\" \/>\n<script type=\"application\/ld+json\" class=\"yoast-schema-graph\">{\"@context\":\"https:\/\/schema.org\",\"@graph\":[{\"@type\":\"Article\",\"@id\":\"https:\/\/luchonoticias.com\/editor\/con-lo-del-estadio-al-cesar-lo-que-es-del-cesar\/#article\",\"isPartOf\":{\"@id\":\"https:\/\/luchonoticias.com\/editor\/con-lo-del-estadio-al-cesar-lo-que-es-del-cesar\/\"},\"author\":{\"name\":\"Editor General\",\"@id\":\"https:\/\/luchonoticias.com\/editor\/#\/schema\/person\/29217990ddf6f14e35912b2866d591fb\"},\"headline\":\"Con lo del estadio, al C\u00e9sar lo que es del C\u00e9sar\",\"datePublished\":\"2023-07-17T20:48:42+00:00\",\"dateModified\":\"2023-07-17T20:48:43+00:00\",\"mainEntityOfPage\":{\"@id\":\"https:\/\/luchonoticias.com\/editor\/con-lo-del-estadio-al-cesar-lo-que-es-del-cesar\/\"},\"wordCount\":785,\"commentCount\":0,\"publisher\":{\"@id\":\"https:\/\/luchonoticias.com\/editor\/#\/schema\/person\/7a7fd911f58561fd056dbac7b55af9cd\"},\"articleSection\":[\"Columnistas\",\"Destacado\",\"Opini\u00f3n\"],\"inLanguage\":\"es\",\"potentialAction\":[{\"@type\":\"CommentAction\",\"name\":\"Comment\",\"target\":[\"https:\/\/luchonoticias.com\/editor\/con-lo-del-estadio-al-cesar-lo-que-es-del-cesar\/#respond\"]}]},{\"@type\":\"WebPage\",\"@id\":\"https:\/\/luchonoticias.com\/editor\/con-lo-del-estadio-al-cesar-lo-que-es-del-cesar\/\",\"url\":\"https:\/\/luchonoticias.com\/editor\/con-lo-del-estadio-al-cesar-lo-que-es-del-cesar\/\",\"name\":\"Con lo del estadio, al C\u00e9sar lo que es del C\u00e9sar -\",\"isPartOf\":{\"@id\":\"https:\/\/luchonoticias.com\/editor\/#website\"},\"datePublished\":\"2023-07-17T20:48:42+00:00\",\"dateModified\":\"2023-07-17T20:48:43+00:00\",\"breadcrumb\":{\"@id\":\"https:\/\/luchonoticias.com\/editor\/con-lo-del-estadio-al-cesar-lo-que-es-del-cesar\/#breadcrumb\"},\"inLanguage\":\"es\",\"potentialAction\":[{\"@type\":\"ReadAction\",\"target\":[\"https:\/\/luchonoticias.com\/editor\/con-lo-del-estadio-al-cesar-lo-que-es-del-cesar\/\"]}]},{\"@type\":\"BreadcrumbList\",\"@id\":\"https:\/\/luchonoticias.com\/editor\/con-lo-del-estadio-al-cesar-lo-que-es-del-cesar\/#breadcrumb\",\"itemListElement\":[{\"@type\":\"ListItem\",\"position\":1,\"name\":\"Portada\",\"item\":\"https:\/\/luchonoticias.com\/editor\/\"},{\"@type\":\"ListItem\",\"position\":2,\"name\":\"Con lo del estadio, al C\u00e9sar lo que es del C\u00e9sar\"}]},{\"@type\":\"WebSite\",\"@id\":\"https:\/\/luchonoticias.com\/editor\/#website\",\"url\":\"https:\/\/luchonoticias.com\/editor\/\",\"name\":\"\",\"description\":\"\",\"publisher\":{\"@id\":\"https:\/\/luchonoticias.com\/editor\/#\/schema\/person\/7a7fd911f58561fd056dbac7b55af9cd\"},\"potentialAction\":[{\"@type\":\"SearchAction\",\"target\":{\"@type\":\"EntryPoint\",\"urlTemplate\":\"https:\/\/luchonoticias.com\/editor\/?s={search_term_string}\"},\"query-input\":{\"@type\":\"PropertyValueSpecification\",\"valueRequired\":true,\"valueName\":\"search_term_string\"}}],\"inLanguage\":\"es\"},{\"@type\":[\"Person\",\"Organization\"],\"@id\":\"https:\/\/luchonoticias.com\/editor\/#\/schema\/person\/7a7fd911f58561fd056dbac7b55af9cd\",\"name\":\"admin\",\"image\":{\"@type\":\"ImageObject\",\"inLanguage\":\"es\",\"@id\":\"https:\/\/luchonoticias.com\/editor\/#\/schema\/person\/image\/\",\"url\":\"https:\/\/luchonoticias.com\/editor\/wp-content\/uploads\/2024\/02\/cropped-cropped-logolu.webp\",\"contentUrl\":\"https:\/\/luchonoticias.com\/editor\/wp-content\/uploads\/2024\/02\/cropped-cropped-logolu.webp\",\"width\":382,\"height\":170,\"caption\":\"admin\"},\"logo\":{\"@id\":\"https:\/\/luchonoticias.com\/editor\/#\/schema\/person\/image\/\"},\"sameAs\":[\"https:\/\/www.facebook.com\/luchonoticiasneiva\"]},{\"@type\":\"Person\",\"@id\":\"https:\/\/luchonoticias.com\/editor\/#\/schema\/person\/29217990ddf6f14e35912b2866d591fb\",\"name\":\"Editor General\",\"image\":{\"@type\":\"ImageObject\",\"inLanguage\":\"es\",\"@id\":\"https:\/\/luchonoticias.com\/editor\/#\/schema\/person\/image\/\",\"url\":\"https:\/\/luchonoticias.com\/editor\/wp-content\/uploads\/2024\/02\/cropped-cropped-logolu-150x150.webp\",\"contentUrl\":\"https:\/\/luchonoticias.com\/editor\/wp-content\/uploads\/2024\/02\/cropped-cropped-logolu-150x150.webp\",\"caption\":\"Editor General\"},\"sameAs\":[\"https:\/\/luchonoticias.com\/\"],\"url\":\"https:\/\/luchonoticias.com\/editor\/author\/editor-general\/\"}]}<\/script>\n<!-- \/ Yoast SEO plugin. -->","yoast_head_json":{"title":"Con lo del estadio, al C\u00e9sar lo que es del C\u00e9sar -","robots":{"index":"index","follow":"follow","max-snippet":"max-snippet:-1","max-image-preview":"max-image-preview:large","max-video-preview":"max-video-preview:-1"},"canonical":"https:\/\/luchonoticias.com\/editor\/con-lo-del-estadio-al-cesar-lo-que-es-del-cesar\/","og_locale":"es_ES","og_type":"article","og_title":"Con lo del estadio, al C\u00e9sar lo que es del C\u00e9sar -","og_url":"https:\/\/luchonoticias.com\/editor\/con-lo-del-estadio-al-cesar-lo-que-es-del-cesar\/","article_publisher":"https:\/\/www.facebook.com\/luchonoticiasneiva","article_published_time":"2023-07-17T20:48:42+00:00","article_modified_time":"2023-07-17T20:48:43+00:00","author":"Editor General","twitter_card":"summary_large_image","twitter_misc":{"Escrito por":"Editor General","Tiempo de lectura":"4 minutos"},"schema":{"@context":"https:\/\/schema.org","@graph":[{"@type":"Article","@id":"https:\/\/luchonoticias.com\/editor\/con-lo-del-estadio-al-cesar-lo-que-es-del-cesar\/#article","isPartOf":{"@id":"https:\/\/luchonoticias.com\/editor\/con-lo-del-estadio-al-cesar-lo-que-es-del-cesar\/"},"author":{"name":"Editor General","@id":"https:\/\/luchonoticias.com\/editor\/#\/schema\/person\/29217990ddf6f14e35912b2866d591fb"},"headline":"Con lo del estadio, al C\u00e9sar lo que es del C\u00e9sar","datePublished":"2023-07-17T20:48:42+00:00","dateModified":"2023-07-17T20:48:43+00:00","mainEntityOfPage":{"@id":"https:\/\/luchonoticias.com\/editor\/con-lo-del-estadio-al-cesar-lo-que-es-del-cesar\/"},"wordCount":785,"commentCount":0,"publisher":{"@id":"https:\/\/luchonoticias.com\/editor\/#\/schema\/person\/7a7fd911f58561fd056dbac7b55af9cd"},"articleSection":["Columnistas","Destacado","Opini\u00f3n"],"inLanguage":"es","potentialAction":[{"@type":"CommentAction","name":"Comment","target":["https:\/\/luchonoticias.com\/editor\/con-lo-del-estadio-al-cesar-lo-que-es-del-cesar\/#respond"]}]},{"@type":"WebPage","@id":"https:\/\/luchonoticias.com\/editor\/con-lo-del-estadio-al-cesar-lo-que-es-del-cesar\/","url":"https:\/\/luchonoticias.com\/editor\/con-lo-del-estadio-al-cesar-lo-que-es-del-cesar\/","name":"Con lo del estadio, al C\u00e9sar lo que es del C\u00e9sar -","isPartOf":{"@id":"https:\/\/luchonoticias.com\/editor\/#website"},"datePublished":"2023-07-17T20:48:42+00:00","dateModified":"2023-07-17T20:48:43+00:00","breadcrumb":{"@id":"https:\/\/luchonoticias.com\/editor\/con-lo-del-estadio-al-cesar-lo-que-es-del-cesar\/#breadcrumb"},"inLanguage":"es","potentialAction":[{"@type":"ReadAction","target":["https:\/\/luchonoticias.com\/editor\/con-lo-del-estadio-al-cesar-lo-que-es-del-cesar\/"]}]},{"@type":"BreadcrumbList","@id":"https:\/\/luchonoticias.com\/editor\/con-lo-del-estadio-al-cesar-lo-que-es-del-cesar\/#breadcrumb","itemListElement":[{"@type":"ListItem","position":1,"name":"Portada","item":"https:\/\/luchonoticias.com\/editor\/"},{"@type":"ListItem","position":2,"name":"Con lo del estadio, al C\u00e9sar lo que es del C\u00e9sar"}]},{"@type":"WebSite","@id":"https:\/\/luchonoticias.com\/editor\/#website","url":"https:\/\/luchonoticias.com\/editor\/","name":"","description":"","publisher":{"@id":"https:\/\/luchonoticias.com\/editor\/#\/schema\/person\/7a7fd911f58561fd056dbac7b55af9cd"},"potentialAction":[{"@type":"SearchAction","target":{"@type":"EntryPoint","urlTemplate":"https:\/\/luchonoticias.com\/editor\/?s={search_term_string}"},"query-input":{"@type":"PropertyValueSpecification","valueRequired":true,"valueName":"search_term_string"}}],"inLanguage":"es"},{"@type":["Person","Organization"],"@id":"https:\/\/luchonoticias.com\/editor\/#\/schema\/person\/7a7fd911f58561fd056dbac7b55af9cd","name":"admin","image":{"@type":"ImageObject","inLanguage":"es","@id":"https:\/\/luchonoticias.com\/editor\/#\/schema\/person\/image\/","url":"https:\/\/luchonoticias.com\/editor\/wp-content\/uploads\/2024\/02\/cropped-cropped-logolu.webp","contentUrl":"https:\/\/luchonoticias.com\/editor\/wp-content\/uploads\/2024\/02\/cropped-cropped-logolu.webp","width":382,"height":170,"caption":"admin"},"logo":{"@id":"https:\/\/luchonoticias.com\/editor\/#\/schema\/person\/image\/"},"sameAs":["https:\/\/www.facebook.com\/luchonoticiasneiva"]},{"@type":"Person","@id":"https:\/\/luchonoticias.com\/editor\/#\/schema\/person\/29217990ddf6f14e35912b2866d591fb","name":"Editor General","image":{"@type":"ImageObject","inLanguage":"es","@id":"https:\/\/luchonoticias.com\/editor\/#\/schema\/person\/image\/","url":"https:\/\/luchonoticias.com\/editor\/wp-content\/uploads\/2024\/02\/cropped-cropped-logolu-150x150.webp","contentUrl":"https:\/\/luchonoticias.com\/editor\/wp-content\/uploads\/2024\/02\/cropped-cropped-logolu-150x150.webp","caption":"Editor General"},"sameAs":["https:\/\/luchonoticias.com\/"],"url":"https:\/\/luchonoticias.com\/editor\/author\/editor-general\/"}]}},"_links":{"self":[{"href":"https:\/\/luchonoticias.com\/editor\/wp-json\/wp\/v2\/posts\/56672","targetHints":{"allow":["GET"]}}],"collection":[{"href":"https:\/\/luchonoticias.com\/editor\/wp-json\/wp\/v2\/posts"}],"about":[{"href":"https:\/\/luchonoticias.com\/editor\/wp-json\/wp\/v2\/types\/post"}],"author":[{"embeddable":true,"href":"https:\/\/luchonoticias.com\/editor\/wp-json\/wp\/v2\/users\/2"}],"replies":[{"embeddable":true,"href":"https:\/\/luchonoticias.com\/editor\/wp-json\/wp\/v2\/comments?post=56672"}],"version-history":[{"count":0,"href":"https:\/\/luchonoticias.com\/editor\/wp-json\/wp\/v2\/posts\/56672\/revisions"}],"wp:attachment":[{"href":"https:\/\/luchonoticias.com\/editor\/wp-json\/wp\/v2\/media?parent=56672"}],"wp:term":[{"taxonomy":"category","embeddable":true,"href":"https:\/\/luchonoticias.com\/editor\/wp-json\/wp\/v2\/categories?post=56672"},{"taxonomy":"post_tag","embeddable":true,"href":"https:\/\/luchonoticias.com\/editor\/wp-json\/wp\/v2\/tags?post=56672"}],"curies":[{"name":"wp","href":"https:\/\/api.w.org\/{rel}","templated":true}]}}