{"id":56678,"date":"2023-07-17T17:14:25","date_gmt":"2023-07-17T22:14:25","guid":{"rendered":"https:\/\/luchonoticias.com\/?p=56678"},"modified":"2023-07-17T17:14:26","modified_gmt":"2023-07-17T22:14:26","slug":"muro-de-contencion-para-ayudar-a-veredas-de-tres-municipios-del-huila","status":"publish","type":"post","link":"https:\/\/luchonoticias.com\/editor\/muro-de-contencion-para-ayudar-a-veredas-de-tres-municipios-del-huila\/","title":{"rendered":"Muro de contenci\u00f3n para ayudar a veredas de tres municipios del Huila"},"content":{"rendered":"\n<p>Hasta la quebrada de la<strong>&nbsp;vereda Ahuyamales, del corregimiento de Vegalarga en Neiva<\/strong>, llegaron&nbsp;<strong>delegados de la Secretar\u00eda de V\u00edas e Infraestructura del Huila<\/strong>, para socializar con las comunidades de este sector, los detalles de la obra del muro de contenci\u00f3n que se construir\u00e1 en el \u00e1rea circundante del afluente. De esta delegaci\u00f3n tambi\u00e9n hicieron parte el Director y el Dise\u00f1ador de la obra, as\u00ed como representantes de cada una de las veredas beneficiadas con este proyecto.<\/p>\n\n\n\n<p>Seg\u00fan el ingeniero Pablo Cesar Arrieta, apoyo t\u00e9cnico de la Secretar\u00eda de V\u00edas e Infraestructura del Huila, quien&nbsp;<strong>supervisar\u00e1 la ejecuci\u00f3n del proyecto, la urgencia manifiesta decretada por el Gobierno Departamental en el a\u00f1o 2022<\/strong>, sirvi\u00f3 para la consecuci\u00f3n de recursos dirigidos a poder ejecutar la obra. \u201cEste contrato surge a ra\u00edz de la urgencia que se present\u00f3 por la ola invernal que azot\u00f3 al departamento del Huila, y a los habitantes de este sector espec\u00edficamente de la vereda Ahuyamales, donde la quebrada hizo un da\u00f1o grande sobre la v\u00eda. Entonces a ra\u00edz de eso con la urgencia manifiesta se logr\u00f3 la consecuci\u00f3n de los recursos y la suscripci\u00f3n de este contrato\u201d, indic\u00f3.<\/p>\n\n\n\n<p>Son cerca de<strong>&nbsp;20 veredas de los municipios de Neiva, Baraya y Tello<\/strong>&nbsp;las que se ver\u00e1n beneficiadas con la construcci\u00f3n de un muro de contenci\u00f3n sobre la quebrada en la vereda Ahuyamales en el corregimiento de Vegalarga en Neiva.<\/p>\n\n\n\n<p>El&nbsp;<strong>aumento del caudal de este afluente ha ocasionado la socavaci\u00f3n del terreno&nbsp;<\/strong>donde se encuentra un puente que une a las veredas de los diferentes municipios, situaci\u00f3n que amenaza con dejar incomunicados a los habitantes del sector. El gobierno \u201cHuila crece\u201d ya contrat\u00f3 la obra y llev\u00f3 a cabo la socializaci\u00f3n con las comunidades.<\/p>\n\n\n\n<p>El ingeniero Mario Hern\u00e1ndez, director de la obra de construcci\u00f3n, dio a conocer algunos detalles de lo que ser\u00e1 la realizaci\u00f3n de la misma. \u201cAqu\u00ed la idea es construir un muro de contenci\u00f3n, de aproximadamente entre 25 y 30 metros de longitud, por cinco metros de ancho. Sin embargo venimos en este momento con el dise\u00f1ador que es el que nos va a determinar la altura real del muro, vamos a comenzar con los estudios y dise\u00f1os para proyectar el muro definitivo de cuantos metros de largo y de cuantos metros de altura va a quedar, con el fin de poder tambi\u00e9n encausar las aguas de la quebrada Ahuyamales, hacerle unos jarillones con el mismo material de la quebrada y poder mitigar el impacto que la quebrada est\u00e1 causando en este sitio espec\u00edficamente\u201d.<\/p>\n\n\n\n<p>Entre tanto, Jos\u00e9 Mart\u00edn Calder\u00f3n, dise\u00f1ador del muro de contenci\u00f3n, dijo que&nbsp;<strong>son tres los par\u00e1metros que se tendr\u00e1n en cuenta para su dise\u00f1o<\/strong>. \u201cSe va a realizar estudio de suelos, hidrolog\u00eda y la topograf\u00eda, y con estos tres par\u00e1metros comenzamos a realizar el dise\u00f1o del muro, de geotecnia y la parte estructural, aqu\u00ed lo importante es tener en cuenta la socavaci\u00f3n para definir la profundidad del muro que es lo que nos permite darle la estabilidad\u201d.<\/p>\n","protected":false},"excerpt":{"rendered":"<p>Hasta la quebrada de la&nbsp;vereda Ahuyamales, del corregimiento de Vegalarga en Neiva, llegaron&nbsp;delegados de la Secretar\u00eda de V\u00edas e Infraestructura del Huila, para socializar con las comunidades de este sector, los detalles de la obra del muro de contenci\u00f3n que se construir\u00e1 en el \u00e1rea circundante del afluente. De esta delegaci\u00f3n tambi\u00e9n hicieron parte el [&hellip;]<\/p>\n","protected":false},"author":2,"featured_media":0,"comment_status":"open","ping_status":"open","sticky":false,"template":"","format":"standard","meta":{"footnotes":""},"categories":[33],"tags":[],"class_list":["post-56678","post","type-post","status-publish","format-standard","hentry","category-huila"],"yoast_head":"<!-- This site is optimized with the Yoast SEO plugin v26.6 - https:\/\/yoast.com\/wordpress\/plugins\/seo\/ -->\n<title>Muro de contenci\u00f3n para ayudar a veredas de tres municipios del Huila -<\/title>\n<meta name=\"robots\" content=\"index, follow, max-snippet:-1, max-image-preview:large, max-video-preview:-1\" \/>\n<link rel=\"canonical\" href=\"https:\/\/luchonoticias.com\/editor\/muro-de-contencion-para-ayudar-a-veredas-de-tres-municipios-del-huila\/\" \/>\n<meta property=\"og:locale\" content=\"es_ES\" \/>\n<meta property=\"og:type\" content=\"article\" \/>\n<meta property=\"og:title\" content=\"Muro de contenci\u00f3n para ayudar a veredas de tres municipios del Huila -\" \/>\n<meta property=\"og:url\" content=\"https:\/\/luchonoticias.com\/editor\/muro-de-contencion-para-ayudar-a-veredas-de-tres-municipios-del-huila\/\" \/>\n<meta property=\"article:publisher\" content=\"https:\/\/www.facebook.com\/luchonoticiasneiva\" \/>\n<meta property=\"article:published_time\" content=\"2023-07-17T22:14:25+00:00\" \/>\n<meta property=\"article:modified_time\" content=\"2023-07-17T22:14:26+00:00\" \/>\n<meta name=\"author\" content=\"Editor General\" \/>\n<meta name=\"twitter:card\" content=\"summary_large_image\" \/>\n<meta name=\"twitter:label1\" content=\"Escrito por\" \/>\n\t<meta name=\"twitter:data1\" content=\"Editor General\" \/>\n\t<meta name=\"twitter:label2\" content=\"Tiempo de lectura\" \/>\n\t<meta name=\"twitter:data2\" content=\"3 minutos\" \/>\n<script type=\"application\/ld+json\" class=\"yoast-schema-graph\">{\"@context\":\"https:\/\/schema.org\",\"@graph\":[{\"@type\":\"Article\",\"@id\":\"https:\/\/luchonoticias.com\/editor\/muro-de-contencion-para-ayudar-a-veredas-de-tres-municipios-del-huila\/#article\",\"isPartOf\":{\"@id\":\"https:\/\/luchonoticias.com\/editor\/muro-de-contencion-para-ayudar-a-veredas-de-tres-municipios-del-huila\/\"},\"author\":{\"name\":\"Editor General\",\"@id\":\"https:\/\/luchonoticias.com\/editor\/#\/schema\/person\/29217990ddf6f14e35912b2866d591fb\"},\"headline\":\"Muro de contenci\u00f3n para ayudar a veredas de tres municipios del Huila\",\"datePublished\":\"2023-07-17T22:14:25+00:00\",\"dateModified\":\"2023-07-17T22:14:26+00:00\",\"mainEntityOfPage\":{\"@id\":\"https:\/\/luchonoticias.com\/editor\/muro-de-contencion-para-ayudar-a-veredas-de-tres-municipios-del-huila\/\"},\"wordCount\":558,\"commentCount\":0,\"publisher\":{\"@id\":\"https:\/\/luchonoticias.com\/editor\/#\/schema\/person\/7a7fd911f58561fd056dbac7b55af9cd\"},\"articleSection\":[\"Huila\"],\"inLanguage\":\"es\",\"potentialAction\":[{\"@type\":\"CommentAction\",\"name\":\"Comment\",\"target\":[\"https:\/\/luchonoticias.com\/editor\/muro-de-contencion-para-ayudar-a-veredas-de-tres-municipios-del-huila\/#respond\"]}]},{\"@type\":\"WebPage\",\"@id\":\"https:\/\/luchonoticias.com\/editor\/muro-de-contencion-para-ayudar-a-veredas-de-tres-municipios-del-huila\/\",\"url\":\"https:\/\/luchonoticias.com\/editor\/muro-de-contencion-para-ayudar-a-veredas-de-tres-municipios-del-huila\/\",\"name\":\"Muro de contenci\u00f3n para ayudar a veredas de tres municipios del Huila -\",\"isPartOf\":{\"@id\":\"https:\/\/luchonoticias.com\/editor\/#website\"},\"datePublished\":\"2023-07-17T22:14:25+00:00\",\"dateModified\":\"2023-07-17T22:14:26+00:00\",\"breadcrumb\":{\"@id\":\"https:\/\/luchonoticias.com\/editor\/muro-de-contencion-para-ayudar-a-veredas-de-tres-municipios-del-huila\/#breadcrumb\"},\"inLanguage\":\"es\",\"potentialAction\":[{\"@type\":\"ReadAction\",\"target\":[\"https:\/\/luchonoticias.com\/editor\/muro-de-contencion-para-ayudar-a-veredas-de-tres-municipios-del-huila\/\"]}]},{\"@type\":\"BreadcrumbList\",\"@id\":\"https:\/\/luchonoticias.com\/editor\/muro-de-contencion-para-ayudar-a-veredas-de-tres-municipios-del-huila\/#breadcrumb\",\"itemListElement\":[{\"@type\":\"ListItem\",\"position\":1,\"name\":\"Portada\",\"item\":\"https:\/\/luchonoticias.com\/editor\/\"},{\"@type\":\"ListItem\",\"position\":2,\"name\":\"Muro de contenci\u00f3n para ayudar a veredas de tres municipios del Huila\"}]},{\"@type\":\"WebSite\",\"@id\":\"https:\/\/luchonoticias.com\/editor\/#website\",\"url\":\"https:\/\/luchonoticias.com\/editor\/\",\"name\":\"\",\"description\":\"\",\"publisher\":{\"@id\":\"https:\/\/luchonoticias.com\/editor\/#\/schema\/person\/7a7fd911f58561fd056dbac7b55af9cd\"},\"potentialAction\":[{\"@type\":\"SearchAction\",\"target\":{\"@type\":\"EntryPoint\",\"urlTemplate\":\"https:\/\/luchonoticias.com\/editor\/?s={search_term_string}\"},\"query-input\":{\"@type\":\"PropertyValueSpecification\",\"valueRequired\":true,\"valueName\":\"search_term_string\"}}],\"inLanguage\":\"es\"},{\"@type\":[\"Person\",\"Organization\"],\"@id\":\"https:\/\/luchonoticias.com\/editor\/#\/schema\/person\/7a7fd911f58561fd056dbac7b55af9cd\",\"name\":\"admin\",\"image\":{\"@type\":\"ImageObject\",\"inLanguage\":\"es\",\"@id\":\"https:\/\/luchonoticias.com\/editor\/#\/schema\/person\/image\/\",\"url\":\"https:\/\/luchonoticias.com\/editor\/wp-content\/uploads\/2024\/02\/cropped-cropped-logolu.webp\",\"contentUrl\":\"https:\/\/luchonoticias.com\/editor\/wp-content\/uploads\/2024\/02\/cropped-cropped-logolu.webp\",\"width\":382,\"height\":170,\"caption\":\"admin\"},\"logo\":{\"@id\":\"https:\/\/luchonoticias.com\/editor\/#\/schema\/person\/image\/\"},\"sameAs\":[\"https:\/\/www.facebook.com\/luchonoticiasneiva\"]},{\"@type\":\"Person\",\"@id\":\"https:\/\/luchonoticias.com\/editor\/#\/schema\/person\/29217990ddf6f14e35912b2866d591fb\",\"name\":\"Editor General\",\"image\":{\"@type\":\"ImageObject\",\"inLanguage\":\"es\",\"@id\":\"https:\/\/luchonoticias.com\/editor\/#\/schema\/person\/image\/\",\"url\":\"https:\/\/luchonoticias.com\/editor\/wp-content\/uploads\/2024\/02\/cropped-cropped-logolu-150x150.webp\",\"contentUrl\":\"https:\/\/luchonoticias.com\/editor\/wp-content\/uploads\/2024\/02\/cropped-cropped-logolu-150x150.webp\",\"caption\":\"Editor General\"},\"sameAs\":[\"https:\/\/luchonoticias.com\/\"],\"url\":\"https:\/\/luchonoticias.com\/editor\/author\/editor-general\/\"}]}<\/script>\n<!-- \/ Yoast SEO plugin. -->","yoast_head_json":{"title":"Muro de contenci\u00f3n para ayudar a veredas de tres municipios del Huila -","robots":{"index":"index","follow":"follow","max-snippet":"max-snippet:-1","max-image-preview":"max-image-preview:large","max-video-preview":"max-video-preview:-1"},"canonical":"https:\/\/luchonoticias.com\/editor\/muro-de-contencion-para-ayudar-a-veredas-de-tres-municipios-del-huila\/","og_locale":"es_ES","og_type":"article","og_title":"Muro de contenci\u00f3n para ayudar a veredas de tres municipios del Huila -","og_url":"https:\/\/luchonoticias.com\/editor\/muro-de-contencion-para-ayudar-a-veredas-de-tres-municipios-del-huila\/","article_publisher":"https:\/\/www.facebook.com\/luchonoticiasneiva","article_published_time":"2023-07-17T22:14:25+00:00","article_modified_time":"2023-07-17T22:14:26+00:00","author":"Editor General","twitter_card":"summary_large_image","twitter_misc":{"Escrito por":"Editor General","Tiempo de lectura":"3 minutos"},"schema":{"@context":"https:\/\/schema.org","@graph":[{"@type":"Article","@id":"https:\/\/luchonoticias.com\/editor\/muro-de-contencion-para-ayudar-a-veredas-de-tres-municipios-del-huila\/#article","isPartOf":{"@id":"https:\/\/luchonoticias.com\/editor\/muro-de-contencion-para-ayudar-a-veredas-de-tres-municipios-del-huila\/"},"author":{"name":"Editor General","@id":"https:\/\/luchonoticias.com\/editor\/#\/schema\/person\/29217990ddf6f14e35912b2866d591fb"},"headline":"Muro de contenci\u00f3n para ayudar a veredas de tres municipios del Huila","datePublished":"2023-07-17T22:14:25+00:00","dateModified":"2023-07-17T22:14:26+00:00","mainEntityOfPage":{"@id":"https:\/\/luchonoticias.com\/editor\/muro-de-contencion-para-ayudar-a-veredas-de-tres-municipios-del-huila\/"},"wordCount":558,"commentCount":0,"publisher":{"@id":"https:\/\/luchonoticias.com\/editor\/#\/schema\/person\/7a7fd911f58561fd056dbac7b55af9cd"},"articleSection":["Huila"],"inLanguage":"es","potentialAction":[{"@type":"CommentAction","name":"Comment","target":["https:\/\/luchonoticias.com\/editor\/muro-de-contencion-para-ayudar-a-veredas-de-tres-municipios-del-huila\/#respond"]}]},{"@type":"WebPage","@id":"https:\/\/luchonoticias.com\/editor\/muro-de-contencion-para-ayudar-a-veredas-de-tres-municipios-del-huila\/","url":"https:\/\/luchonoticias.com\/editor\/muro-de-contencion-para-ayudar-a-veredas-de-tres-municipios-del-huila\/","name":"Muro de contenci\u00f3n para ayudar a veredas de tres municipios del Huila -","isPartOf":{"@id":"https:\/\/luchonoticias.com\/editor\/#website"},"datePublished":"2023-07-17T22:14:25+00:00","dateModified":"2023-07-17T22:14:26+00:00","breadcrumb":{"@id":"https:\/\/luchonoticias.com\/editor\/muro-de-contencion-para-ayudar-a-veredas-de-tres-municipios-del-huila\/#breadcrumb"},"inLanguage":"es","potentialAction":[{"@type":"ReadAction","target":["https:\/\/luchonoticias.com\/editor\/muro-de-contencion-para-ayudar-a-veredas-de-tres-municipios-del-huila\/"]}]},{"@type":"BreadcrumbList","@id":"https:\/\/luchonoticias.com\/editor\/muro-de-contencion-para-ayudar-a-veredas-de-tres-municipios-del-huila\/#breadcrumb","itemListElement":[{"@type":"ListItem","position":1,"name":"Portada","item":"https:\/\/luchonoticias.com\/editor\/"},{"@type":"ListItem","position":2,"name":"Muro de contenci\u00f3n para ayudar a veredas de tres municipios del Huila"}]},{"@type":"WebSite","@id":"https:\/\/luchonoticias.com\/editor\/#website","url":"https:\/\/luchonoticias.com\/editor\/","name":"","description":"","publisher":{"@id":"https:\/\/luchonoticias.com\/editor\/#\/schema\/person\/7a7fd911f58561fd056dbac7b55af9cd"},"potentialAction":[{"@type":"SearchAction","target":{"@type":"EntryPoint","urlTemplate":"https:\/\/luchonoticias.com\/editor\/?s={search_term_string}"},"query-input":{"@type":"PropertyValueSpecification","valueRequired":true,"valueName":"search_term_string"}}],"inLanguage":"es"},{"@type":["Person","Organization"],"@id":"https:\/\/luchonoticias.com\/editor\/#\/schema\/person\/7a7fd911f58561fd056dbac7b55af9cd","name":"admin","image":{"@type":"ImageObject","inLanguage":"es","@id":"https:\/\/luchonoticias.com\/editor\/#\/schema\/person\/image\/","url":"https:\/\/luchonoticias.com\/editor\/wp-content\/uploads\/2024\/02\/cropped-cropped-logolu.webp","contentUrl":"https:\/\/luchonoticias.com\/editor\/wp-content\/uploads\/2024\/02\/cropped-cropped-logolu.webp","width":382,"height":170,"caption":"admin"},"logo":{"@id":"https:\/\/luchonoticias.com\/editor\/#\/schema\/person\/image\/"},"sameAs":["https:\/\/www.facebook.com\/luchonoticiasneiva"]},{"@type":"Person","@id":"https:\/\/luchonoticias.com\/editor\/#\/schema\/person\/29217990ddf6f14e35912b2866d591fb","name":"Editor General","image":{"@type":"ImageObject","inLanguage":"es","@id":"https:\/\/luchonoticias.com\/editor\/#\/schema\/person\/image\/","url":"https:\/\/luchonoticias.com\/editor\/wp-content\/uploads\/2024\/02\/cropped-cropped-logolu-150x150.webp","contentUrl":"https:\/\/luchonoticias.com\/editor\/wp-content\/uploads\/2024\/02\/cropped-cropped-logolu-150x150.webp","caption":"Editor General"},"sameAs":["https:\/\/luchonoticias.com\/"],"url":"https:\/\/luchonoticias.com\/editor\/author\/editor-general\/"}]}},"_links":{"self":[{"href":"https:\/\/luchonoticias.com\/editor\/wp-json\/wp\/v2\/posts\/56678","targetHints":{"allow":["GET"]}}],"collection":[{"href":"https:\/\/luchonoticias.com\/editor\/wp-json\/wp\/v2\/posts"}],"about":[{"href":"https:\/\/luchonoticias.com\/editor\/wp-json\/wp\/v2\/types\/post"}],"author":[{"embeddable":true,"href":"https:\/\/luchonoticias.com\/editor\/wp-json\/wp\/v2\/users\/2"}],"replies":[{"embeddable":true,"href":"https:\/\/luchonoticias.com\/editor\/wp-json\/wp\/v2\/comments?post=56678"}],"version-history":[{"count":0,"href":"https:\/\/luchonoticias.com\/editor\/wp-json\/wp\/v2\/posts\/56678\/revisions"}],"wp:attachment":[{"href":"https:\/\/luchonoticias.com\/editor\/wp-json\/wp\/v2\/media?parent=56678"}],"wp:term":[{"taxonomy":"category","embeddable":true,"href":"https:\/\/luchonoticias.com\/editor\/wp-json\/wp\/v2\/categories?post=56678"},{"taxonomy":"post_tag","embeddable":true,"href":"https:\/\/luchonoticias.com\/editor\/wp-json\/wp\/v2\/tags?post=56678"}],"curies":[{"name":"wp","href":"https:\/\/api.w.org\/{rel}","templated":true}]}}