{"id":56949,"date":"2023-07-23T07:58:40","date_gmt":"2023-07-23T12:58:40","guid":{"rendered":"https:\/\/luchonoticias.com\/?p=56949"},"modified":"2023-07-23T07:58:43","modified_gmt":"2023-07-23T12:58:43","slug":"jep-ordena-proteger-la-vida-de-lideresa-amenazada-e-investigar-posibles-faltas-disciplinarias-y-penales-de-la-unp","status":"publish","type":"post","link":"https:\/\/luchonoticias.com\/editor\/jep-ordena-proteger-la-vida-de-lideresa-amenazada-e-investigar-posibles-faltas-disciplinarias-y-penales-de-la-unp\/","title":{"rendered":"JEP ordena proteger la vida de lideresa amenazada e investigar posibles faltas disciplinarias y penales de la UNP"},"content":{"rendered":"\n<p>En su fallo el Tribunal de Paz de la JEP, luego de revisar la tutela interpuesta por una lideresa amenazada en Urab\u00e1,&nbsp;<strong>coincidi\u00f3 con los argumentos se\u00f1alados por el Ministerio P\u00fablico en su concepto sobre el caso.&nbsp;<\/strong><\/p>\n\n\n\n<p><em>\u201cLas omisiones que se observan principalmente por parte de la UNP en mantener situaciones que exponen o arriesgan de manera adicional a la demandante, ameritan no solo el amparo inmediato de sus derechos fundamentales, sino la compulsa de copias a la Procuradur\u00eda y a la Fiscal\u00eda para que se investigue la&nbsp;<strong>posible existencia de conductas disciplinarias y penales<\/strong>\u201d<\/em>, asegur\u00f3 ese alto tribunal en su decisi\u00f3n.&nbsp;<\/p>\n\n\n\n<p>El fallo se da luego de que&nbsp;<strong>la UNP respondiera de manera parcial y confusa, varios requerimientos hechos por la lideresa afectada,<\/strong>&nbsp;sobre la urgencia de hacer efectiva la entrega de un veh\u00edculo funcional, personal e implementos de seguridad, que le fueron asignados desde 2022.<\/p>\n\n\n\n<p>En su pronunciamiento, la JEP tambi\u00e9n pidi\u00f3 que se investigue la relaci\u00f3n contractual de la UNP y las empresas arrendadoras de veh\u00edculos blindados (en particular la asignada a este caso) al considerar, tal como lo se\u00f1al\u00f3 la Procuradur\u00eda, que&nbsp;<strong>no dio estricto cumplimiento a la implementaci\u00f3n de las medidas de seguridad ordenadas<\/strong>&nbsp;en las resoluciones.<\/p>\n\n\n\n<p>El alto tribunal tambi\u00e9n le dio la raz\u00f3n a la Procuradur\u00eda que argument\u00f3 en su concepto que,&nbsp;<em>\u201cincluso, es tan gravosa la situaci\u00f3n de la demandante, que el peligro a su vida no solo se deriva ya de la falta en la aplicaci\u00f3n completa de las medidas de protecci\u00f3n, sino, en un&nbsp;<strong>aumento del riesgo al transitar con un veh\u00edculo que no cuenta con las m\u00ednimas condiciones t\u00e9cnicas para realizar los desplazamientos&nbsp;<\/strong>necesarios.\u201d<\/em><\/p>\n","protected":false},"excerpt":{"rendered":"<p>En su fallo el Tribunal de Paz de la JEP, luego de revisar la tutela interpuesta por una lideresa amenazada en Urab\u00e1,&nbsp;coincidi\u00f3 con los argumentos se\u00f1alados por el Ministerio P\u00fablico en su concepto sobre el caso.&nbsp; \u201cLas omisiones que se observan principalmente por parte de la UNP en mantener situaciones que exponen o arriesgan de [&hellip;]<\/p>\n","protected":false},"author":2,"featured_media":0,"comment_status":"open","ping_status":"open","sticky":false,"template":"","format":"standard","meta":{"footnotes":""},"categories":[28,36],"tags":[],"class_list":["post-56949","post","type-post","status-publish","format-standard","hentry","category-actualidad","category-destacado"],"yoast_head":"<!-- This site is optimized with the Yoast SEO plugin v26.6 - https:\/\/yoast.com\/wordpress\/plugins\/seo\/ -->\n<title>JEP ordena proteger la vida de lideresa amenazada e investigar posibles faltas disciplinarias y penales de la UNP -<\/title>\n<meta name=\"robots\" content=\"index, follow, max-snippet:-1, max-image-preview:large, max-video-preview:-1\" \/>\n<link rel=\"canonical\" href=\"https:\/\/luchonoticias.com\/editor\/jep-ordena-proteger-la-vida-de-lideresa-amenazada-e-investigar-posibles-faltas-disciplinarias-y-penales-de-la-unp\/\" \/>\n<meta property=\"og:locale\" content=\"es_ES\" \/>\n<meta property=\"og:type\" content=\"article\" \/>\n<meta property=\"og:title\" content=\"JEP ordena proteger la vida de lideresa amenazada e investigar posibles faltas disciplinarias y penales de la UNP -\" \/>\n<meta property=\"og:url\" content=\"https:\/\/luchonoticias.com\/editor\/jep-ordena-proteger-la-vida-de-lideresa-amenazada-e-investigar-posibles-faltas-disciplinarias-y-penales-de-la-unp\/\" \/>\n<meta property=\"article:publisher\" content=\"https:\/\/www.facebook.com\/luchonoticiasneiva\" \/>\n<meta property=\"article:published_time\" content=\"2023-07-23T12:58:40+00:00\" \/>\n<meta property=\"article:modified_time\" content=\"2023-07-23T12:58:43+00:00\" \/>\n<meta name=\"author\" content=\"Editor General\" \/>\n<meta name=\"twitter:card\" content=\"summary_large_image\" \/>\n<meta name=\"twitter:label1\" content=\"Escrito por\" \/>\n\t<meta name=\"twitter:data1\" content=\"Editor General\" \/>\n\t<meta name=\"twitter:label2\" content=\"Tiempo de lectura\" \/>\n\t<meta name=\"twitter:data2\" content=\"2 minutos\" \/>\n<script type=\"application\/ld+json\" class=\"yoast-schema-graph\">{\"@context\":\"https:\/\/schema.org\",\"@graph\":[{\"@type\":\"Article\",\"@id\":\"https:\/\/luchonoticias.com\/editor\/jep-ordena-proteger-la-vida-de-lideresa-amenazada-e-investigar-posibles-faltas-disciplinarias-y-penales-de-la-unp\/#article\",\"isPartOf\":{\"@id\":\"https:\/\/luchonoticias.com\/editor\/jep-ordena-proteger-la-vida-de-lideresa-amenazada-e-investigar-posibles-faltas-disciplinarias-y-penales-de-la-unp\/\"},\"author\":{\"name\":\"Editor General\",\"@id\":\"https:\/\/luchonoticias.com\/editor\/#\/schema\/person\/29217990ddf6f14e35912b2866d591fb\"},\"headline\":\"JEP ordena proteger la vida de lideresa amenazada e investigar posibles faltas disciplinarias y penales de la UNP\",\"datePublished\":\"2023-07-23T12:58:40+00:00\",\"dateModified\":\"2023-07-23T12:58:43+00:00\",\"mainEntityOfPage\":{\"@id\":\"https:\/\/luchonoticias.com\/editor\/jep-ordena-proteger-la-vida-de-lideresa-amenazada-e-investigar-posibles-faltas-disciplinarias-y-penales-de-la-unp\/\"},\"wordCount\":324,\"commentCount\":0,\"publisher\":{\"@id\":\"https:\/\/luchonoticias.com\/editor\/#\/schema\/person\/7a7fd911f58561fd056dbac7b55af9cd\"},\"articleSection\":[\"Actualidad\",\"Destacado\"],\"inLanguage\":\"es\",\"potentialAction\":[{\"@type\":\"CommentAction\",\"name\":\"Comment\",\"target\":[\"https:\/\/luchonoticias.com\/editor\/jep-ordena-proteger-la-vida-de-lideresa-amenazada-e-investigar-posibles-faltas-disciplinarias-y-penales-de-la-unp\/#respond\"]}]},{\"@type\":\"WebPage\",\"@id\":\"https:\/\/luchonoticias.com\/editor\/jep-ordena-proteger-la-vida-de-lideresa-amenazada-e-investigar-posibles-faltas-disciplinarias-y-penales-de-la-unp\/\",\"url\":\"https:\/\/luchonoticias.com\/editor\/jep-ordena-proteger-la-vida-de-lideresa-amenazada-e-investigar-posibles-faltas-disciplinarias-y-penales-de-la-unp\/\",\"name\":\"JEP ordena proteger la vida de lideresa amenazada e investigar posibles faltas disciplinarias y penales de la UNP -\",\"isPartOf\":{\"@id\":\"https:\/\/luchonoticias.com\/editor\/#website\"},\"datePublished\":\"2023-07-23T12:58:40+00:00\",\"dateModified\":\"2023-07-23T12:58:43+00:00\",\"breadcrumb\":{\"@id\":\"https:\/\/luchonoticias.com\/editor\/jep-ordena-proteger-la-vida-de-lideresa-amenazada-e-investigar-posibles-faltas-disciplinarias-y-penales-de-la-unp\/#breadcrumb\"},\"inLanguage\":\"es\",\"potentialAction\":[{\"@type\":\"ReadAction\",\"target\":[\"https:\/\/luchonoticias.com\/editor\/jep-ordena-proteger-la-vida-de-lideresa-amenazada-e-investigar-posibles-faltas-disciplinarias-y-penales-de-la-unp\/\"]}]},{\"@type\":\"BreadcrumbList\",\"@id\":\"https:\/\/luchonoticias.com\/editor\/jep-ordena-proteger-la-vida-de-lideresa-amenazada-e-investigar-posibles-faltas-disciplinarias-y-penales-de-la-unp\/#breadcrumb\",\"itemListElement\":[{\"@type\":\"ListItem\",\"position\":1,\"name\":\"Portada\",\"item\":\"https:\/\/luchonoticias.com\/editor\/\"},{\"@type\":\"ListItem\",\"position\":2,\"name\":\"JEP ordena proteger la vida de lideresa amenazada e investigar posibles faltas disciplinarias y penales de la UNP\"}]},{\"@type\":\"WebSite\",\"@id\":\"https:\/\/luchonoticias.com\/editor\/#website\",\"url\":\"https:\/\/luchonoticias.com\/editor\/\",\"name\":\"\",\"description\":\"\",\"publisher\":{\"@id\":\"https:\/\/luchonoticias.com\/editor\/#\/schema\/person\/7a7fd911f58561fd056dbac7b55af9cd\"},\"potentialAction\":[{\"@type\":\"SearchAction\",\"target\":{\"@type\":\"EntryPoint\",\"urlTemplate\":\"https:\/\/luchonoticias.com\/editor\/?s={search_term_string}\"},\"query-input\":{\"@type\":\"PropertyValueSpecification\",\"valueRequired\":true,\"valueName\":\"search_term_string\"}}],\"inLanguage\":\"es\"},{\"@type\":[\"Person\",\"Organization\"],\"@id\":\"https:\/\/luchonoticias.com\/editor\/#\/schema\/person\/7a7fd911f58561fd056dbac7b55af9cd\",\"name\":\"admin\",\"image\":{\"@type\":\"ImageObject\",\"inLanguage\":\"es\",\"@id\":\"https:\/\/luchonoticias.com\/editor\/#\/schema\/person\/image\/\",\"url\":\"https:\/\/luchonoticias.com\/editor\/wp-content\/uploads\/2024\/02\/cropped-cropped-logolu.webp\",\"contentUrl\":\"https:\/\/luchonoticias.com\/editor\/wp-content\/uploads\/2024\/02\/cropped-cropped-logolu.webp\",\"width\":382,\"height\":170,\"caption\":\"admin\"},\"logo\":{\"@id\":\"https:\/\/luchonoticias.com\/editor\/#\/schema\/person\/image\/\"},\"sameAs\":[\"https:\/\/www.facebook.com\/luchonoticiasneiva\"]},{\"@type\":\"Person\",\"@id\":\"https:\/\/luchonoticias.com\/editor\/#\/schema\/person\/29217990ddf6f14e35912b2866d591fb\",\"name\":\"Editor General\",\"image\":{\"@type\":\"ImageObject\",\"inLanguage\":\"es\",\"@id\":\"https:\/\/luchonoticias.com\/editor\/#\/schema\/person\/image\/\",\"url\":\"https:\/\/luchonoticias.com\/editor\/wp-content\/uploads\/2024\/02\/cropped-cropped-logolu-150x150.webp\",\"contentUrl\":\"https:\/\/luchonoticias.com\/editor\/wp-content\/uploads\/2024\/02\/cropped-cropped-logolu-150x150.webp\",\"caption\":\"Editor General\"},\"sameAs\":[\"https:\/\/luchonoticias.com\/\"],\"url\":\"https:\/\/luchonoticias.com\/editor\/author\/editor-general\/\"}]}<\/script>\n<!-- \/ Yoast SEO plugin. -->","yoast_head_json":{"title":"JEP ordena proteger la vida de lideresa amenazada e investigar posibles faltas disciplinarias y penales de la UNP -","robots":{"index":"index","follow":"follow","max-snippet":"max-snippet:-1","max-image-preview":"max-image-preview:large","max-video-preview":"max-video-preview:-1"},"canonical":"https:\/\/luchonoticias.com\/editor\/jep-ordena-proteger-la-vida-de-lideresa-amenazada-e-investigar-posibles-faltas-disciplinarias-y-penales-de-la-unp\/","og_locale":"es_ES","og_type":"article","og_title":"JEP ordena proteger la vida de lideresa amenazada e investigar posibles faltas disciplinarias y penales de la UNP -","og_url":"https:\/\/luchonoticias.com\/editor\/jep-ordena-proteger-la-vida-de-lideresa-amenazada-e-investigar-posibles-faltas-disciplinarias-y-penales-de-la-unp\/","article_publisher":"https:\/\/www.facebook.com\/luchonoticiasneiva","article_published_time":"2023-07-23T12:58:40+00:00","article_modified_time":"2023-07-23T12:58:43+00:00","author":"Editor General","twitter_card":"summary_large_image","twitter_misc":{"Escrito por":"Editor General","Tiempo de lectura":"2 minutos"},"schema":{"@context":"https:\/\/schema.org","@graph":[{"@type":"Article","@id":"https:\/\/luchonoticias.com\/editor\/jep-ordena-proteger-la-vida-de-lideresa-amenazada-e-investigar-posibles-faltas-disciplinarias-y-penales-de-la-unp\/#article","isPartOf":{"@id":"https:\/\/luchonoticias.com\/editor\/jep-ordena-proteger-la-vida-de-lideresa-amenazada-e-investigar-posibles-faltas-disciplinarias-y-penales-de-la-unp\/"},"author":{"name":"Editor General","@id":"https:\/\/luchonoticias.com\/editor\/#\/schema\/person\/29217990ddf6f14e35912b2866d591fb"},"headline":"JEP ordena proteger la vida de lideresa amenazada e investigar posibles faltas disciplinarias y penales de la UNP","datePublished":"2023-07-23T12:58:40+00:00","dateModified":"2023-07-23T12:58:43+00:00","mainEntityOfPage":{"@id":"https:\/\/luchonoticias.com\/editor\/jep-ordena-proteger-la-vida-de-lideresa-amenazada-e-investigar-posibles-faltas-disciplinarias-y-penales-de-la-unp\/"},"wordCount":324,"commentCount":0,"publisher":{"@id":"https:\/\/luchonoticias.com\/editor\/#\/schema\/person\/7a7fd911f58561fd056dbac7b55af9cd"},"articleSection":["Actualidad","Destacado"],"inLanguage":"es","potentialAction":[{"@type":"CommentAction","name":"Comment","target":["https:\/\/luchonoticias.com\/editor\/jep-ordena-proteger-la-vida-de-lideresa-amenazada-e-investigar-posibles-faltas-disciplinarias-y-penales-de-la-unp\/#respond"]}]},{"@type":"WebPage","@id":"https:\/\/luchonoticias.com\/editor\/jep-ordena-proteger-la-vida-de-lideresa-amenazada-e-investigar-posibles-faltas-disciplinarias-y-penales-de-la-unp\/","url":"https:\/\/luchonoticias.com\/editor\/jep-ordena-proteger-la-vida-de-lideresa-amenazada-e-investigar-posibles-faltas-disciplinarias-y-penales-de-la-unp\/","name":"JEP ordena proteger la vida de lideresa amenazada e investigar posibles faltas disciplinarias y penales de la UNP -","isPartOf":{"@id":"https:\/\/luchonoticias.com\/editor\/#website"},"datePublished":"2023-07-23T12:58:40+00:00","dateModified":"2023-07-23T12:58:43+00:00","breadcrumb":{"@id":"https:\/\/luchonoticias.com\/editor\/jep-ordena-proteger-la-vida-de-lideresa-amenazada-e-investigar-posibles-faltas-disciplinarias-y-penales-de-la-unp\/#breadcrumb"},"inLanguage":"es","potentialAction":[{"@type":"ReadAction","target":["https:\/\/luchonoticias.com\/editor\/jep-ordena-proteger-la-vida-de-lideresa-amenazada-e-investigar-posibles-faltas-disciplinarias-y-penales-de-la-unp\/"]}]},{"@type":"BreadcrumbList","@id":"https:\/\/luchonoticias.com\/editor\/jep-ordena-proteger-la-vida-de-lideresa-amenazada-e-investigar-posibles-faltas-disciplinarias-y-penales-de-la-unp\/#breadcrumb","itemListElement":[{"@type":"ListItem","position":1,"name":"Portada","item":"https:\/\/luchonoticias.com\/editor\/"},{"@type":"ListItem","position":2,"name":"JEP ordena proteger la vida de lideresa amenazada e investigar posibles faltas disciplinarias y penales de la UNP"}]},{"@type":"WebSite","@id":"https:\/\/luchonoticias.com\/editor\/#website","url":"https:\/\/luchonoticias.com\/editor\/","name":"","description":"","publisher":{"@id":"https:\/\/luchonoticias.com\/editor\/#\/schema\/person\/7a7fd911f58561fd056dbac7b55af9cd"},"potentialAction":[{"@type":"SearchAction","target":{"@type":"EntryPoint","urlTemplate":"https:\/\/luchonoticias.com\/editor\/?s={search_term_string}"},"query-input":{"@type":"PropertyValueSpecification","valueRequired":true,"valueName":"search_term_string"}}],"inLanguage":"es"},{"@type":["Person","Organization"],"@id":"https:\/\/luchonoticias.com\/editor\/#\/schema\/person\/7a7fd911f58561fd056dbac7b55af9cd","name":"admin","image":{"@type":"ImageObject","inLanguage":"es","@id":"https:\/\/luchonoticias.com\/editor\/#\/schema\/person\/image\/","url":"https:\/\/luchonoticias.com\/editor\/wp-content\/uploads\/2024\/02\/cropped-cropped-logolu.webp","contentUrl":"https:\/\/luchonoticias.com\/editor\/wp-content\/uploads\/2024\/02\/cropped-cropped-logolu.webp","width":382,"height":170,"caption":"admin"},"logo":{"@id":"https:\/\/luchonoticias.com\/editor\/#\/schema\/person\/image\/"},"sameAs":["https:\/\/www.facebook.com\/luchonoticiasneiva"]},{"@type":"Person","@id":"https:\/\/luchonoticias.com\/editor\/#\/schema\/person\/29217990ddf6f14e35912b2866d591fb","name":"Editor General","image":{"@type":"ImageObject","inLanguage":"es","@id":"https:\/\/luchonoticias.com\/editor\/#\/schema\/person\/image\/","url":"https:\/\/luchonoticias.com\/editor\/wp-content\/uploads\/2024\/02\/cropped-cropped-logolu-150x150.webp","contentUrl":"https:\/\/luchonoticias.com\/editor\/wp-content\/uploads\/2024\/02\/cropped-cropped-logolu-150x150.webp","caption":"Editor General"},"sameAs":["https:\/\/luchonoticias.com\/"],"url":"https:\/\/luchonoticias.com\/editor\/author\/editor-general\/"}]}},"_links":{"self":[{"href":"https:\/\/luchonoticias.com\/editor\/wp-json\/wp\/v2\/posts\/56949","targetHints":{"allow":["GET"]}}],"collection":[{"href":"https:\/\/luchonoticias.com\/editor\/wp-json\/wp\/v2\/posts"}],"about":[{"href":"https:\/\/luchonoticias.com\/editor\/wp-json\/wp\/v2\/types\/post"}],"author":[{"embeddable":true,"href":"https:\/\/luchonoticias.com\/editor\/wp-json\/wp\/v2\/users\/2"}],"replies":[{"embeddable":true,"href":"https:\/\/luchonoticias.com\/editor\/wp-json\/wp\/v2\/comments?post=56949"}],"version-history":[{"count":0,"href":"https:\/\/luchonoticias.com\/editor\/wp-json\/wp\/v2\/posts\/56949\/revisions"}],"wp:attachment":[{"href":"https:\/\/luchonoticias.com\/editor\/wp-json\/wp\/v2\/media?parent=56949"}],"wp:term":[{"taxonomy":"category","embeddable":true,"href":"https:\/\/luchonoticias.com\/editor\/wp-json\/wp\/v2\/categories?post=56949"},{"taxonomy":"post_tag","embeddable":true,"href":"https:\/\/luchonoticias.com\/editor\/wp-json\/wp\/v2\/tags?post=56949"}],"curies":[{"name":"wp","href":"https:\/\/api.w.org\/{rel}","templated":true}]}}