{"id":56955,"date":"2023-07-23T13:40:37","date_gmt":"2023-07-23T18:40:37","guid":{"rendered":"https:\/\/luchonoticias.com\/?p=56955"},"modified":"2023-07-23T13:40:43","modified_gmt":"2023-07-23T18:40:43","slug":"concluyo-el-tour-de-francia-vingegaard-campeon-tejada-el-mejor-colombiano","status":"publish","type":"post","link":"https:\/\/luchonoticias.com\/editor\/concluyo-el-tour-de-francia-vingegaard-campeon-tejada-el-mejor-colombiano\/","title":{"rendered":"Concluy\u00f3 el Tour de Francia: Vingegaard campe\u00f3n, Tejada el mejor colombiano"},"content":{"rendered":"\n<p><strong>Finaliz\u00f3 el Tour de Francia<\/strong>&nbsp;con la \u00faltima etapa con recorrido que finaliza en los tradicionales Campos Eliseos en Par\u00eds y cuya&nbsp;<strong>\u00faltima victoria parcial<\/strong>&nbsp;fue para el belga&nbsp;<strong>Jordi Meeus<\/strong>.<\/p>\n\n\n\n<p>En lo que respecta a la fracci\u00f3n el huilense&nbsp;<strong>Harold Tejada cruz\u00f3 la meta en el puesto 107<\/strong>&nbsp;a casi dos minutos aunque&nbsp;<strong>en la general&nbsp;<\/strong>el nativo de Pitalito fue&nbsp;<strong>el mejor colombiano de la competencia<\/strong>&nbsp;al terminar en la casilla 34 a m\u00e1s de dos horas del campe\u00f3n.<\/p>\n\n\n\n<p>De otro lado Egan Bernal clasific\u00f3 de 36 y Rigoberto Ur\u00e1n concluy\u00f3 su d\u00e9cima participaci\u00f3n en la competencia en el puesto 71 a casi cuatro horas.<\/p>\n\n\n\n<p>El dan\u00e9s&nbsp;<strong>Jonas Vingegaard<\/strong>&nbsp;conquist\u00f3&nbsp;<strong>su segunda corona de la ronda francesa<\/strong>, esto tras imponerse con una ventaja de 7:29 minutos sobre Tadej Pogacar que qued\u00f3 segundo, adem\u00e1s de conquistar un triunfo de etapa.<\/p>\n","protected":false},"excerpt":{"rendered":"<p>Finaliz\u00f3 el Tour de Francia&nbsp;con la \u00faltima etapa con recorrido que finaliza en los tradicionales Campos Eliseos en Par\u00eds y cuya&nbsp;\u00faltima victoria parcial&nbsp;fue para el belga&nbsp;Jordi Meeus. En lo que respecta a la fracci\u00f3n el huilense&nbsp;Harold Tejada cruz\u00f3 la meta en el puesto 107&nbsp;a casi dos minutos aunque&nbsp;en la general&nbsp;el nativo de Pitalito fue&nbsp;el mejor [&hellip;]<\/p>\n","protected":false},"author":2,"featured_media":0,"comment_status":"open","ping_status":"open","sticky":false,"template":"","format":"standard","meta":{"footnotes":""},"categories":[34],"tags":[],"class_list":["post-56955","post","type-post","status-publish","format-standard","hentry","category-deportes"],"yoast_head":"<!-- This site is optimized with the Yoast SEO plugin v26.6 - https:\/\/yoast.com\/wordpress\/plugins\/seo\/ -->\n<title>Concluy\u00f3 el Tour de Francia: Vingegaard campe\u00f3n, Tejada el mejor colombiano -<\/title>\n<meta name=\"robots\" content=\"index, follow, max-snippet:-1, max-image-preview:large, max-video-preview:-1\" \/>\n<link rel=\"canonical\" href=\"https:\/\/luchonoticias.com\/editor\/concluyo-el-tour-de-francia-vingegaard-campeon-tejada-el-mejor-colombiano\/\" \/>\n<meta property=\"og:locale\" content=\"es_ES\" \/>\n<meta property=\"og:type\" content=\"article\" \/>\n<meta property=\"og:title\" content=\"Concluy\u00f3 el Tour de Francia: Vingegaard campe\u00f3n, Tejada el mejor colombiano -\" \/>\n<meta property=\"og:url\" content=\"https:\/\/luchonoticias.com\/editor\/concluyo-el-tour-de-francia-vingegaard-campeon-tejada-el-mejor-colombiano\/\" \/>\n<meta property=\"article:publisher\" content=\"https:\/\/www.facebook.com\/luchonoticiasneiva\" \/>\n<meta property=\"article:published_time\" content=\"2023-07-23T18:40:37+00:00\" \/>\n<meta property=\"article:modified_time\" content=\"2023-07-23T18:40:43+00:00\" \/>\n<meta name=\"author\" content=\"Editor General\" \/>\n<meta name=\"twitter:card\" content=\"summary_large_image\" \/>\n<meta name=\"twitter:label1\" content=\"Escrito por\" \/>\n\t<meta name=\"twitter:data1\" content=\"Editor General\" \/>\n\t<meta name=\"twitter:label2\" content=\"Tiempo de lectura\" \/>\n\t<meta name=\"twitter:data2\" content=\"1 minuto\" \/>\n<script type=\"application\/ld+json\" class=\"yoast-schema-graph\">{\"@context\":\"https:\/\/schema.org\",\"@graph\":[{\"@type\":\"Article\",\"@id\":\"https:\/\/luchonoticias.com\/editor\/concluyo-el-tour-de-francia-vingegaard-campeon-tejada-el-mejor-colombiano\/#article\",\"isPartOf\":{\"@id\":\"https:\/\/luchonoticias.com\/editor\/concluyo-el-tour-de-francia-vingegaard-campeon-tejada-el-mejor-colombiano\/\"},\"author\":{\"name\":\"Editor General\",\"@id\":\"https:\/\/luchonoticias.com\/editor\/#\/schema\/person\/29217990ddf6f14e35912b2866d591fb\"},\"headline\":\"Concluy\u00f3 el Tour de Francia: Vingegaard campe\u00f3n, Tejada el mejor colombiano\",\"datePublished\":\"2023-07-23T18:40:37+00:00\",\"dateModified\":\"2023-07-23T18:40:43+00:00\",\"mainEntityOfPage\":{\"@id\":\"https:\/\/luchonoticias.com\/editor\/concluyo-el-tour-de-francia-vingegaard-campeon-tejada-el-mejor-colombiano\/\"},\"wordCount\":170,\"commentCount\":0,\"publisher\":{\"@id\":\"https:\/\/luchonoticias.com\/editor\/#\/schema\/person\/7a7fd911f58561fd056dbac7b55af9cd\"},\"articleSection\":[\"Deportes\"],\"inLanguage\":\"es\",\"potentialAction\":[{\"@type\":\"CommentAction\",\"name\":\"Comment\",\"target\":[\"https:\/\/luchonoticias.com\/editor\/concluyo-el-tour-de-francia-vingegaard-campeon-tejada-el-mejor-colombiano\/#respond\"]}]},{\"@type\":\"WebPage\",\"@id\":\"https:\/\/luchonoticias.com\/editor\/concluyo-el-tour-de-francia-vingegaard-campeon-tejada-el-mejor-colombiano\/\",\"url\":\"https:\/\/luchonoticias.com\/editor\/concluyo-el-tour-de-francia-vingegaard-campeon-tejada-el-mejor-colombiano\/\",\"name\":\"Concluy\u00f3 el Tour de Francia: Vingegaard campe\u00f3n, Tejada el mejor colombiano -\",\"isPartOf\":{\"@id\":\"https:\/\/luchonoticias.com\/editor\/#website\"},\"datePublished\":\"2023-07-23T18:40:37+00:00\",\"dateModified\":\"2023-07-23T18:40:43+00:00\",\"breadcrumb\":{\"@id\":\"https:\/\/luchonoticias.com\/editor\/concluyo-el-tour-de-francia-vingegaard-campeon-tejada-el-mejor-colombiano\/#breadcrumb\"},\"inLanguage\":\"es\",\"potentialAction\":[{\"@type\":\"ReadAction\",\"target\":[\"https:\/\/luchonoticias.com\/editor\/concluyo-el-tour-de-francia-vingegaard-campeon-tejada-el-mejor-colombiano\/\"]}]},{\"@type\":\"BreadcrumbList\",\"@id\":\"https:\/\/luchonoticias.com\/editor\/concluyo-el-tour-de-francia-vingegaard-campeon-tejada-el-mejor-colombiano\/#breadcrumb\",\"itemListElement\":[{\"@type\":\"ListItem\",\"position\":1,\"name\":\"Portada\",\"item\":\"https:\/\/luchonoticias.com\/editor\/\"},{\"@type\":\"ListItem\",\"position\":2,\"name\":\"Concluy\u00f3 el Tour de Francia: Vingegaard campe\u00f3n, Tejada el mejor colombiano\"}]},{\"@type\":\"WebSite\",\"@id\":\"https:\/\/luchonoticias.com\/editor\/#website\",\"url\":\"https:\/\/luchonoticias.com\/editor\/\",\"name\":\"\",\"description\":\"\",\"publisher\":{\"@id\":\"https:\/\/luchonoticias.com\/editor\/#\/schema\/person\/7a7fd911f58561fd056dbac7b55af9cd\"},\"potentialAction\":[{\"@type\":\"SearchAction\",\"target\":{\"@type\":\"EntryPoint\",\"urlTemplate\":\"https:\/\/luchonoticias.com\/editor\/?s={search_term_string}\"},\"query-input\":{\"@type\":\"PropertyValueSpecification\",\"valueRequired\":true,\"valueName\":\"search_term_string\"}}],\"inLanguage\":\"es\"},{\"@type\":[\"Person\",\"Organization\"],\"@id\":\"https:\/\/luchonoticias.com\/editor\/#\/schema\/person\/7a7fd911f58561fd056dbac7b55af9cd\",\"name\":\"admin\",\"image\":{\"@type\":\"ImageObject\",\"inLanguage\":\"es\",\"@id\":\"https:\/\/luchonoticias.com\/editor\/#\/schema\/person\/image\/\",\"url\":\"https:\/\/luchonoticias.com\/editor\/wp-content\/uploads\/2024\/02\/cropped-cropped-logolu.webp\",\"contentUrl\":\"https:\/\/luchonoticias.com\/editor\/wp-content\/uploads\/2024\/02\/cropped-cropped-logolu.webp\",\"width\":382,\"height\":170,\"caption\":\"admin\"},\"logo\":{\"@id\":\"https:\/\/luchonoticias.com\/editor\/#\/schema\/person\/image\/\"},\"sameAs\":[\"https:\/\/www.facebook.com\/luchonoticiasneiva\"]},{\"@type\":\"Person\",\"@id\":\"https:\/\/luchonoticias.com\/editor\/#\/schema\/person\/29217990ddf6f14e35912b2866d591fb\",\"name\":\"Editor General\",\"image\":{\"@type\":\"ImageObject\",\"inLanguage\":\"es\",\"@id\":\"https:\/\/luchonoticias.com\/editor\/#\/schema\/person\/image\/\",\"url\":\"https:\/\/luchonoticias.com\/editor\/wp-content\/uploads\/2024\/02\/cropped-cropped-logolu-150x150.webp\",\"contentUrl\":\"https:\/\/luchonoticias.com\/editor\/wp-content\/uploads\/2024\/02\/cropped-cropped-logolu-150x150.webp\",\"caption\":\"Editor General\"},\"sameAs\":[\"https:\/\/luchonoticias.com\/\"],\"url\":\"https:\/\/luchonoticias.com\/editor\/author\/editor-general\/\"}]}<\/script>\n<!-- \/ Yoast SEO plugin. -->","yoast_head_json":{"title":"Concluy\u00f3 el Tour de Francia: Vingegaard campe\u00f3n, Tejada el mejor colombiano -","robots":{"index":"index","follow":"follow","max-snippet":"max-snippet:-1","max-image-preview":"max-image-preview:large","max-video-preview":"max-video-preview:-1"},"canonical":"https:\/\/luchonoticias.com\/editor\/concluyo-el-tour-de-francia-vingegaard-campeon-tejada-el-mejor-colombiano\/","og_locale":"es_ES","og_type":"article","og_title":"Concluy\u00f3 el Tour de Francia: Vingegaard campe\u00f3n, Tejada el mejor colombiano -","og_url":"https:\/\/luchonoticias.com\/editor\/concluyo-el-tour-de-francia-vingegaard-campeon-tejada-el-mejor-colombiano\/","article_publisher":"https:\/\/www.facebook.com\/luchonoticiasneiva","article_published_time":"2023-07-23T18:40:37+00:00","article_modified_time":"2023-07-23T18:40:43+00:00","author":"Editor General","twitter_card":"summary_large_image","twitter_misc":{"Escrito por":"Editor General","Tiempo de lectura":"1 minuto"},"schema":{"@context":"https:\/\/schema.org","@graph":[{"@type":"Article","@id":"https:\/\/luchonoticias.com\/editor\/concluyo-el-tour-de-francia-vingegaard-campeon-tejada-el-mejor-colombiano\/#article","isPartOf":{"@id":"https:\/\/luchonoticias.com\/editor\/concluyo-el-tour-de-francia-vingegaard-campeon-tejada-el-mejor-colombiano\/"},"author":{"name":"Editor General","@id":"https:\/\/luchonoticias.com\/editor\/#\/schema\/person\/29217990ddf6f14e35912b2866d591fb"},"headline":"Concluy\u00f3 el Tour de Francia: Vingegaard campe\u00f3n, Tejada el mejor colombiano","datePublished":"2023-07-23T18:40:37+00:00","dateModified":"2023-07-23T18:40:43+00:00","mainEntityOfPage":{"@id":"https:\/\/luchonoticias.com\/editor\/concluyo-el-tour-de-francia-vingegaard-campeon-tejada-el-mejor-colombiano\/"},"wordCount":170,"commentCount":0,"publisher":{"@id":"https:\/\/luchonoticias.com\/editor\/#\/schema\/person\/7a7fd911f58561fd056dbac7b55af9cd"},"articleSection":["Deportes"],"inLanguage":"es","potentialAction":[{"@type":"CommentAction","name":"Comment","target":["https:\/\/luchonoticias.com\/editor\/concluyo-el-tour-de-francia-vingegaard-campeon-tejada-el-mejor-colombiano\/#respond"]}]},{"@type":"WebPage","@id":"https:\/\/luchonoticias.com\/editor\/concluyo-el-tour-de-francia-vingegaard-campeon-tejada-el-mejor-colombiano\/","url":"https:\/\/luchonoticias.com\/editor\/concluyo-el-tour-de-francia-vingegaard-campeon-tejada-el-mejor-colombiano\/","name":"Concluy\u00f3 el Tour de Francia: Vingegaard campe\u00f3n, Tejada el mejor colombiano -","isPartOf":{"@id":"https:\/\/luchonoticias.com\/editor\/#website"},"datePublished":"2023-07-23T18:40:37+00:00","dateModified":"2023-07-23T18:40:43+00:00","breadcrumb":{"@id":"https:\/\/luchonoticias.com\/editor\/concluyo-el-tour-de-francia-vingegaard-campeon-tejada-el-mejor-colombiano\/#breadcrumb"},"inLanguage":"es","potentialAction":[{"@type":"ReadAction","target":["https:\/\/luchonoticias.com\/editor\/concluyo-el-tour-de-francia-vingegaard-campeon-tejada-el-mejor-colombiano\/"]}]},{"@type":"BreadcrumbList","@id":"https:\/\/luchonoticias.com\/editor\/concluyo-el-tour-de-francia-vingegaard-campeon-tejada-el-mejor-colombiano\/#breadcrumb","itemListElement":[{"@type":"ListItem","position":1,"name":"Portada","item":"https:\/\/luchonoticias.com\/editor\/"},{"@type":"ListItem","position":2,"name":"Concluy\u00f3 el Tour de Francia: Vingegaard campe\u00f3n, Tejada el mejor colombiano"}]},{"@type":"WebSite","@id":"https:\/\/luchonoticias.com\/editor\/#website","url":"https:\/\/luchonoticias.com\/editor\/","name":"","description":"","publisher":{"@id":"https:\/\/luchonoticias.com\/editor\/#\/schema\/person\/7a7fd911f58561fd056dbac7b55af9cd"},"potentialAction":[{"@type":"SearchAction","target":{"@type":"EntryPoint","urlTemplate":"https:\/\/luchonoticias.com\/editor\/?s={search_term_string}"},"query-input":{"@type":"PropertyValueSpecification","valueRequired":true,"valueName":"search_term_string"}}],"inLanguage":"es"},{"@type":["Person","Organization"],"@id":"https:\/\/luchonoticias.com\/editor\/#\/schema\/person\/7a7fd911f58561fd056dbac7b55af9cd","name":"admin","image":{"@type":"ImageObject","inLanguage":"es","@id":"https:\/\/luchonoticias.com\/editor\/#\/schema\/person\/image\/","url":"https:\/\/luchonoticias.com\/editor\/wp-content\/uploads\/2024\/02\/cropped-cropped-logolu.webp","contentUrl":"https:\/\/luchonoticias.com\/editor\/wp-content\/uploads\/2024\/02\/cropped-cropped-logolu.webp","width":382,"height":170,"caption":"admin"},"logo":{"@id":"https:\/\/luchonoticias.com\/editor\/#\/schema\/person\/image\/"},"sameAs":["https:\/\/www.facebook.com\/luchonoticiasneiva"]},{"@type":"Person","@id":"https:\/\/luchonoticias.com\/editor\/#\/schema\/person\/29217990ddf6f14e35912b2866d591fb","name":"Editor General","image":{"@type":"ImageObject","inLanguage":"es","@id":"https:\/\/luchonoticias.com\/editor\/#\/schema\/person\/image\/","url":"https:\/\/luchonoticias.com\/editor\/wp-content\/uploads\/2024\/02\/cropped-cropped-logolu-150x150.webp","contentUrl":"https:\/\/luchonoticias.com\/editor\/wp-content\/uploads\/2024\/02\/cropped-cropped-logolu-150x150.webp","caption":"Editor General"},"sameAs":["https:\/\/luchonoticias.com\/"],"url":"https:\/\/luchonoticias.com\/editor\/author\/editor-general\/"}]}},"_links":{"self":[{"href":"https:\/\/luchonoticias.com\/editor\/wp-json\/wp\/v2\/posts\/56955","targetHints":{"allow":["GET"]}}],"collection":[{"href":"https:\/\/luchonoticias.com\/editor\/wp-json\/wp\/v2\/posts"}],"about":[{"href":"https:\/\/luchonoticias.com\/editor\/wp-json\/wp\/v2\/types\/post"}],"author":[{"embeddable":true,"href":"https:\/\/luchonoticias.com\/editor\/wp-json\/wp\/v2\/users\/2"}],"replies":[{"embeddable":true,"href":"https:\/\/luchonoticias.com\/editor\/wp-json\/wp\/v2\/comments?post=56955"}],"version-history":[{"count":0,"href":"https:\/\/luchonoticias.com\/editor\/wp-json\/wp\/v2\/posts\/56955\/revisions"}],"wp:attachment":[{"href":"https:\/\/luchonoticias.com\/editor\/wp-json\/wp\/v2\/media?parent=56955"}],"wp:term":[{"taxonomy":"category","embeddable":true,"href":"https:\/\/luchonoticias.com\/editor\/wp-json\/wp\/v2\/categories?post=56955"},{"taxonomy":"post_tag","embeddable":true,"href":"https:\/\/luchonoticias.com\/editor\/wp-json\/wp\/v2\/tags?post=56955"}],"curies":[{"name":"wp","href":"https:\/\/api.w.org\/{rel}","templated":true}]}}