{"id":56958,"date":"2023-07-23T14:28:03","date_gmt":"2023-07-23T19:28:03","guid":{"rendered":"https:\/\/luchonoticias.com\/?p=56958"},"modified":"2023-07-23T14:28:12","modified_gmt":"2023-07-23T19:28:12","slug":"dos-motocicletas-recuperadas-por-la-sijin-en-neiva","status":"publish","type":"post","link":"https:\/\/luchonoticias.com\/editor\/dos-motocicletas-recuperadas-por-la-sijin-en-neiva\/","title":{"rendered":"Dos motocicletas recuperadas por la SIJIN en Neiva"},"content":{"rendered":"\n<p>La Polic\u00eda en Neiva, logra en las \u00faltimas horas a trav\u00e9s de diferentes planes de control y prevenci\u00f3n de conductas delictivas; la recuperaci\u00f3n de dos motocicletas que presentaban irregularidades en los sistemas de identificaci\u00f3n.<\/p>\n\n\n\n<p>\u201cDe esta forma, T\u00e9cnicos de automotores de la Seccional de Investigaci\u00f3n Criminal SIJIN, mediante actividades de registro y control, al verificar los sistemas de identificaci\u00f3n de dos velomotores, constatan que estaban alterados y eran reportadas como hurtadas los d\u00edas 13 y 15 de Julio del presente a\u00f1o, en los barrios Timanco y Primero de mayo, mediante la modalidad de atraco\u201d, indicaron las autoridades opitas en un comunicado.<\/p>\n\n\n\n<p>Finalmente, las fuentes oficiales revelaron que de esta forma, las motocicletas, fueron dejadas a disposici\u00f3n de la Fiscal\u00eda General de la Naci\u00f3n por el delito de Falsedad Marcar\u00eda.<\/p>\n\n\n\n<p>\u00abInvitamos a la ciudadan\u00eda, a que en el momento de realizar alguna compra de un veh\u00edculo se acerquen a las instalaciones de la SIJIN con el prop\u00f3sito de que personal experto, verifique su originalidad, legalidad y procedencia por medio de la verificaci\u00f3n de sus sistemas de identificaci\u00f3n, esto evitara que usted se vea inmerso en conductas delictivas de Falsedad Marcar\u00eda, que de acuerdo al c\u00f3digo penal, al tratarse de un medio motorizado, establece una pena entre los sesenta y cuatro (64) a ciento cuarenta y cuatro (144) meses de prisi\u00f3n y multa de uno punto treinta y tres (1.33) a treinta (30) salarios m\u00ednimos legales mensuales vigentes\u201d, concluy\u00f3 la Polic\u00eda Metropolitana de Neiva a trav\u00e9s del Coronel Domingo Alfredo L\u00f3pez Dales.<\/p>\n","protected":false},"excerpt":{"rendered":"<p>La Polic\u00eda en Neiva, logra en las \u00faltimas horas a trav\u00e9s de diferentes planes de control y prevenci\u00f3n de conductas delictivas; la recuperaci\u00f3n de dos motocicletas que presentaban irregularidades en los sistemas de identificaci\u00f3n. \u201cDe esta forma, T\u00e9cnicos de automotores de la Seccional de Investigaci\u00f3n Criminal SIJIN, mediante actividades de registro y control, al verificar [&hellip;]<\/p>\n","protected":false},"author":2,"featured_media":0,"comment_status":"open","ping_status":"open","sticky":false,"template":"","format":"standard","meta":{"footnotes":""},"categories":[36,29],"tags":[],"class_list":["post-56958","post","type-post","status-publish","format-standard","hentry","category-destacado","category-judicial"],"yoast_head":"<!-- This site is optimized with the Yoast SEO plugin v26.6 - https:\/\/yoast.com\/wordpress\/plugins\/seo\/ -->\n<title>Dos motocicletas recuperadas por la SIJIN en Neiva -<\/title>\n<meta name=\"robots\" content=\"index, follow, max-snippet:-1, max-image-preview:large, max-video-preview:-1\" \/>\n<link rel=\"canonical\" href=\"https:\/\/luchonoticias.com\/editor\/dos-motocicletas-recuperadas-por-la-sijin-en-neiva\/\" \/>\n<meta property=\"og:locale\" content=\"es_ES\" \/>\n<meta property=\"og:type\" content=\"article\" \/>\n<meta property=\"og:title\" content=\"Dos motocicletas recuperadas por la SIJIN en Neiva -\" \/>\n<meta property=\"og:url\" content=\"https:\/\/luchonoticias.com\/editor\/dos-motocicletas-recuperadas-por-la-sijin-en-neiva\/\" \/>\n<meta property=\"article:publisher\" content=\"https:\/\/www.facebook.com\/luchonoticiasneiva\" \/>\n<meta property=\"article:published_time\" content=\"2023-07-23T19:28:03+00:00\" \/>\n<meta property=\"article:modified_time\" content=\"2023-07-23T19:28:12+00:00\" \/>\n<meta name=\"author\" content=\"Editor General\" \/>\n<meta name=\"twitter:card\" content=\"summary_large_image\" \/>\n<meta name=\"twitter:label1\" content=\"Escrito por\" \/>\n\t<meta name=\"twitter:data1\" content=\"Editor General\" \/>\n\t<meta name=\"twitter:label2\" content=\"Tiempo de lectura\" \/>\n\t<meta name=\"twitter:data2\" content=\"1 minuto\" \/>\n<script type=\"application\/ld+json\" class=\"yoast-schema-graph\">{\"@context\":\"https:\/\/schema.org\",\"@graph\":[{\"@type\":\"Article\",\"@id\":\"https:\/\/luchonoticias.com\/editor\/dos-motocicletas-recuperadas-por-la-sijin-en-neiva\/#article\",\"isPartOf\":{\"@id\":\"https:\/\/luchonoticias.com\/editor\/dos-motocicletas-recuperadas-por-la-sijin-en-neiva\/\"},\"author\":{\"name\":\"Editor General\",\"@id\":\"https:\/\/luchonoticias.com\/editor\/#\/schema\/person\/29217990ddf6f14e35912b2866d591fb\"},\"headline\":\"Dos motocicletas recuperadas por la SIJIN en Neiva\",\"datePublished\":\"2023-07-23T19:28:03+00:00\",\"dateModified\":\"2023-07-23T19:28:12+00:00\",\"mainEntityOfPage\":{\"@id\":\"https:\/\/luchonoticias.com\/editor\/dos-motocicletas-recuperadas-por-la-sijin-en-neiva\/\"},\"wordCount\":278,\"commentCount\":0,\"publisher\":{\"@id\":\"https:\/\/luchonoticias.com\/editor\/#\/schema\/person\/7a7fd911f58561fd056dbac7b55af9cd\"},\"articleSection\":[\"Destacado\",\"Judicial\"],\"inLanguage\":\"es\",\"potentialAction\":[{\"@type\":\"CommentAction\",\"name\":\"Comment\",\"target\":[\"https:\/\/luchonoticias.com\/editor\/dos-motocicletas-recuperadas-por-la-sijin-en-neiva\/#respond\"]}]},{\"@type\":\"WebPage\",\"@id\":\"https:\/\/luchonoticias.com\/editor\/dos-motocicletas-recuperadas-por-la-sijin-en-neiva\/\",\"url\":\"https:\/\/luchonoticias.com\/editor\/dos-motocicletas-recuperadas-por-la-sijin-en-neiva\/\",\"name\":\"Dos motocicletas recuperadas por la SIJIN en Neiva -\",\"isPartOf\":{\"@id\":\"https:\/\/luchonoticias.com\/editor\/#website\"},\"datePublished\":\"2023-07-23T19:28:03+00:00\",\"dateModified\":\"2023-07-23T19:28:12+00:00\",\"breadcrumb\":{\"@id\":\"https:\/\/luchonoticias.com\/editor\/dos-motocicletas-recuperadas-por-la-sijin-en-neiva\/#breadcrumb\"},\"inLanguage\":\"es\",\"potentialAction\":[{\"@type\":\"ReadAction\",\"target\":[\"https:\/\/luchonoticias.com\/editor\/dos-motocicletas-recuperadas-por-la-sijin-en-neiva\/\"]}]},{\"@type\":\"BreadcrumbList\",\"@id\":\"https:\/\/luchonoticias.com\/editor\/dos-motocicletas-recuperadas-por-la-sijin-en-neiva\/#breadcrumb\",\"itemListElement\":[{\"@type\":\"ListItem\",\"position\":1,\"name\":\"Portada\",\"item\":\"https:\/\/luchonoticias.com\/editor\/\"},{\"@type\":\"ListItem\",\"position\":2,\"name\":\"Dos motocicletas recuperadas por la SIJIN en Neiva\"}]},{\"@type\":\"WebSite\",\"@id\":\"https:\/\/luchonoticias.com\/editor\/#website\",\"url\":\"https:\/\/luchonoticias.com\/editor\/\",\"name\":\"\",\"description\":\"\",\"publisher\":{\"@id\":\"https:\/\/luchonoticias.com\/editor\/#\/schema\/person\/7a7fd911f58561fd056dbac7b55af9cd\"},\"potentialAction\":[{\"@type\":\"SearchAction\",\"target\":{\"@type\":\"EntryPoint\",\"urlTemplate\":\"https:\/\/luchonoticias.com\/editor\/?s={search_term_string}\"},\"query-input\":{\"@type\":\"PropertyValueSpecification\",\"valueRequired\":true,\"valueName\":\"search_term_string\"}}],\"inLanguage\":\"es\"},{\"@type\":[\"Person\",\"Organization\"],\"@id\":\"https:\/\/luchonoticias.com\/editor\/#\/schema\/person\/7a7fd911f58561fd056dbac7b55af9cd\",\"name\":\"admin\",\"image\":{\"@type\":\"ImageObject\",\"inLanguage\":\"es\",\"@id\":\"https:\/\/luchonoticias.com\/editor\/#\/schema\/person\/image\/\",\"url\":\"https:\/\/luchonoticias.com\/editor\/wp-content\/uploads\/2024\/02\/cropped-cropped-logolu.webp\",\"contentUrl\":\"https:\/\/luchonoticias.com\/editor\/wp-content\/uploads\/2024\/02\/cropped-cropped-logolu.webp\",\"width\":382,\"height\":170,\"caption\":\"admin\"},\"logo\":{\"@id\":\"https:\/\/luchonoticias.com\/editor\/#\/schema\/person\/image\/\"},\"sameAs\":[\"https:\/\/www.facebook.com\/luchonoticiasneiva\"]},{\"@type\":\"Person\",\"@id\":\"https:\/\/luchonoticias.com\/editor\/#\/schema\/person\/29217990ddf6f14e35912b2866d591fb\",\"name\":\"Editor General\",\"image\":{\"@type\":\"ImageObject\",\"inLanguage\":\"es\",\"@id\":\"https:\/\/luchonoticias.com\/editor\/#\/schema\/person\/image\/\",\"url\":\"https:\/\/luchonoticias.com\/editor\/wp-content\/uploads\/2024\/02\/cropped-cropped-logolu-150x150.webp\",\"contentUrl\":\"https:\/\/luchonoticias.com\/editor\/wp-content\/uploads\/2024\/02\/cropped-cropped-logolu-150x150.webp\",\"caption\":\"Editor General\"},\"sameAs\":[\"https:\/\/luchonoticias.com\/\"],\"url\":\"https:\/\/luchonoticias.com\/editor\/author\/editor-general\/\"}]}<\/script>\n<!-- \/ Yoast SEO plugin. -->","yoast_head_json":{"title":"Dos motocicletas recuperadas por la SIJIN en Neiva -","robots":{"index":"index","follow":"follow","max-snippet":"max-snippet:-1","max-image-preview":"max-image-preview:large","max-video-preview":"max-video-preview:-1"},"canonical":"https:\/\/luchonoticias.com\/editor\/dos-motocicletas-recuperadas-por-la-sijin-en-neiva\/","og_locale":"es_ES","og_type":"article","og_title":"Dos motocicletas recuperadas por la SIJIN en Neiva -","og_url":"https:\/\/luchonoticias.com\/editor\/dos-motocicletas-recuperadas-por-la-sijin-en-neiva\/","article_publisher":"https:\/\/www.facebook.com\/luchonoticiasneiva","article_published_time":"2023-07-23T19:28:03+00:00","article_modified_time":"2023-07-23T19:28:12+00:00","author":"Editor General","twitter_card":"summary_large_image","twitter_misc":{"Escrito por":"Editor General","Tiempo de lectura":"1 minuto"},"schema":{"@context":"https:\/\/schema.org","@graph":[{"@type":"Article","@id":"https:\/\/luchonoticias.com\/editor\/dos-motocicletas-recuperadas-por-la-sijin-en-neiva\/#article","isPartOf":{"@id":"https:\/\/luchonoticias.com\/editor\/dos-motocicletas-recuperadas-por-la-sijin-en-neiva\/"},"author":{"name":"Editor General","@id":"https:\/\/luchonoticias.com\/editor\/#\/schema\/person\/29217990ddf6f14e35912b2866d591fb"},"headline":"Dos motocicletas recuperadas por la SIJIN en Neiva","datePublished":"2023-07-23T19:28:03+00:00","dateModified":"2023-07-23T19:28:12+00:00","mainEntityOfPage":{"@id":"https:\/\/luchonoticias.com\/editor\/dos-motocicletas-recuperadas-por-la-sijin-en-neiva\/"},"wordCount":278,"commentCount":0,"publisher":{"@id":"https:\/\/luchonoticias.com\/editor\/#\/schema\/person\/7a7fd911f58561fd056dbac7b55af9cd"},"articleSection":["Destacado","Judicial"],"inLanguage":"es","potentialAction":[{"@type":"CommentAction","name":"Comment","target":["https:\/\/luchonoticias.com\/editor\/dos-motocicletas-recuperadas-por-la-sijin-en-neiva\/#respond"]}]},{"@type":"WebPage","@id":"https:\/\/luchonoticias.com\/editor\/dos-motocicletas-recuperadas-por-la-sijin-en-neiva\/","url":"https:\/\/luchonoticias.com\/editor\/dos-motocicletas-recuperadas-por-la-sijin-en-neiva\/","name":"Dos motocicletas recuperadas por la SIJIN en Neiva -","isPartOf":{"@id":"https:\/\/luchonoticias.com\/editor\/#website"},"datePublished":"2023-07-23T19:28:03+00:00","dateModified":"2023-07-23T19:28:12+00:00","breadcrumb":{"@id":"https:\/\/luchonoticias.com\/editor\/dos-motocicletas-recuperadas-por-la-sijin-en-neiva\/#breadcrumb"},"inLanguage":"es","potentialAction":[{"@type":"ReadAction","target":["https:\/\/luchonoticias.com\/editor\/dos-motocicletas-recuperadas-por-la-sijin-en-neiva\/"]}]},{"@type":"BreadcrumbList","@id":"https:\/\/luchonoticias.com\/editor\/dos-motocicletas-recuperadas-por-la-sijin-en-neiva\/#breadcrumb","itemListElement":[{"@type":"ListItem","position":1,"name":"Portada","item":"https:\/\/luchonoticias.com\/editor\/"},{"@type":"ListItem","position":2,"name":"Dos motocicletas recuperadas por la SIJIN en Neiva"}]},{"@type":"WebSite","@id":"https:\/\/luchonoticias.com\/editor\/#website","url":"https:\/\/luchonoticias.com\/editor\/","name":"","description":"","publisher":{"@id":"https:\/\/luchonoticias.com\/editor\/#\/schema\/person\/7a7fd911f58561fd056dbac7b55af9cd"},"potentialAction":[{"@type":"SearchAction","target":{"@type":"EntryPoint","urlTemplate":"https:\/\/luchonoticias.com\/editor\/?s={search_term_string}"},"query-input":{"@type":"PropertyValueSpecification","valueRequired":true,"valueName":"search_term_string"}}],"inLanguage":"es"},{"@type":["Person","Organization"],"@id":"https:\/\/luchonoticias.com\/editor\/#\/schema\/person\/7a7fd911f58561fd056dbac7b55af9cd","name":"admin","image":{"@type":"ImageObject","inLanguage":"es","@id":"https:\/\/luchonoticias.com\/editor\/#\/schema\/person\/image\/","url":"https:\/\/luchonoticias.com\/editor\/wp-content\/uploads\/2024\/02\/cropped-cropped-logolu.webp","contentUrl":"https:\/\/luchonoticias.com\/editor\/wp-content\/uploads\/2024\/02\/cropped-cropped-logolu.webp","width":382,"height":170,"caption":"admin"},"logo":{"@id":"https:\/\/luchonoticias.com\/editor\/#\/schema\/person\/image\/"},"sameAs":["https:\/\/www.facebook.com\/luchonoticiasneiva"]},{"@type":"Person","@id":"https:\/\/luchonoticias.com\/editor\/#\/schema\/person\/29217990ddf6f14e35912b2866d591fb","name":"Editor General","image":{"@type":"ImageObject","inLanguage":"es","@id":"https:\/\/luchonoticias.com\/editor\/#\/schema\/person\/image\/","url":"https:\/\/luchonoticias.com\/editor\/wp-content\/uploads\/2024\/02\/cropped-cropped-logolu-150x150.webp","contentUrl":"https:\/\/luchonoticias.com\/editor\/wp-content\/uploads\/2024\/02\/cropped-cropped-logolu-150x150.webp","caption":"Editor General"},"sameAs":["https:\/\/luchonoticias.com\/"],"url":"https:\/\/luchonoticias.com\/editor\/author\/editor-general\/"}]}},"_links":{"self":[{"href":"https:\/\/luchonoticias.com\/editor\/wp-json\/wp\/v2\/posts\/56958","targetHints":{"allow":["GET"]}}],"collection":[{"href":"https:\/\/luchonoticias.com\/editor\/wp-json\/wp\/v2\/posts"}],"about":[{"href":"https:\/\/luchonoticias.com\/editor\/wp-json\/wp\/v2\/types\/post"}],"author":[{"embeddable":true,"href":"https:\/\/luchonoticias.com\/editor\/wp-json\/wp\/v2\/users\/2"}],"replies":[{"embeddable":true,"href":"https:\/\/luchonoticias.com\/editor\/wp-json\/wp\/v2\/comments?post=56958"}],"version-history":[{"count":0,"href":"https:\/\/luchonoticias.com\/editor\/wp-json\/wp\/v2\/posts\/56958\/revisions"}],"wp:attachment":[{"href":"https:\/\/luchonoticias.com\/editor\/wp-json\/wp\/v2\/media?parent=56958"}],"wp:term":[{"taxonomy":"category","embeddable":true,"href":"https:\/\/luchonoticias.com\/editor\/wp-json\/wp\/v2\/categories?post=56958"},{"taxonomy":"post_tag","embeddable":true,"href":"https:\/\/luchonoticias.com\/editor\/wp-json\/wp\/v2\/tags?post=56958"}],"curies":[{"name":"wp","href":"https:\/\/api.w.org\/{rel}","templated":true}]}}