{"id":56961,"date":"2023-07-23T14:33:01","date_gmt":"2023-07-23T19:33:01","guid":{"rendered":"https:\/\/luchonoticias.com\/?p=56961"},"modified":"2023-07-23T14:33:09","modified_gmt":"2023-07-23T19:33:09","slug":"judicializados-presuntos-responsables-de-crimenes-de-lideres-sociales-en-huila-y-santander","status":"publish","type":"post","link":"https:\/\/luchonoticias.com\/editor\/judicializados-presuntos-responsables-de-crimenes-de-lideres-sociales-en-huila-y-santander\/","title":{"rendered":"Judicializados presuntos responsables de cr\u00edmenes de l\u00edderes sociales en Huila y Santander"},"content":{"rendered":"\n<p>Fiscales de la Unidad Especial de Investigaci\u00f3n (UEI) lograron la judicializaci\u00f3n de dos personas que estar\u00edan involucradas en los homicidios de dos l\u00edderes sociales de Barrancabermeja (Santander) y Pitalito (Huila).<\/p>\n\n\n\n<p><strong>C\u00e1rcel para exintegrante del Ej\u00e9rcito Nacional<\/strong><\/p>\n\n\n\n<p>Por petici\u00f3n de la Fiscal\u00eda, un juez de control de garant\u00edas impuso medida de aseguramiento en centro carcelario a V\u00edctor Manuel Ospino, un exintegrante del Ej\u00e9rcito Nacional que habr\u00eda participado en el crimen del l\u00edder sindical y social Sibaris Lamprea Vargas, ocurrido el 10 de septiembre de 2022, en Barrancabermeja (Santander).<\/p>\n\n\n\n<p>Lamprea Vargas, integrante de la Uni\u00f3n Sindical Obrera y presidente de la Asociaci\u00f3n de Guardas de Barrancabermeja (ADEGUBA), fue atacado por hombres armados que har\u00edan parte del \u2018Clan del Golfo\u2019. Alcanz\u00f3 a ser trasladado a un centro asistencial, pero muri\u00f3 por la gravedad de las heridas.<\/p>\n\n\n\n<p>V\u00edctor Manuel Ospino, en su condici\u00f3n de soldado profesional para la fecha de los hechos, es se\u00f1alado de entregar al grupo ilegal informaci\u00f3n sobre la ubicaci\u00f3n de la v\u00edctima. Con los detalles proporcionados, al parecer, fue planeado el asesinato. En ese sentido, fue imputado por los delitos de homicidio agravado y concierto para delinquir agravado.<\/p>\n\n\n\n<p><strong>Judicializaci\u00f3n de \u2018Caquete\u00f1o\u2019<\/strong><\/p>\n\n\n\n<p>La Fiscal\u00eda present\u00f3 ante un juez de control de garant\u00edas a Jailer Andr\u00e9s Camacho Cerquera, alias Caquete\u00f1o, por su posible responsabilidad en el crimen del l\u00edder social \u00c1lvaro Menza Pe\u00f1a y su hija, perpetrado el 4 de agosto de 2020, en zona rural de Pitalito (Huila).<\/p>\n\n\n\n<p>La v\u00edctima, que se desempe\u00f1\u00f3 como presidente de la Junta de Acci\u00f3n Comunal del corregimiento La Laguna, fue atacada por una estructura armada que ingres\u00f3 a su lugar de residencia y dispar\u00f3 indiscriminadamente.<\/p>\n\n\n\n<p>Alias Caquete\u00f1o fue imputado por el delito de homicidio agravado. Actualmente, permanece privado de la libertad en cumplimiento de una condena por otros eventos delictivos que se le atribuyen.<\/p>\n","protected":false},"excerpt":{"rendered":"<p>Fiscales de la Unidad Especial de Investigaci\u00f3n (UEI) lograron la judicializaci\u00f3n de dos personas que estar\u00edan involucradas en los homicidios de dos l\u00edderes sociales de Barrancabermeja (Santander) y Pitalito (Huila). C\u00e1rcel para exintegrante del Ej\u00e9rcito Nacional Por petici\u00f3n de la Fiscal\u00eda, un juez de control de garant\u00edas impuso medida de aseguramiento en centro carcelario a [&hellip;]<\/p>\n","protected":false},"author":2,"featured_media":0,"comment_status":"open","ping_status":"open","sticky":false,"template":"","format":"standard","meta":{"footnotes":""},"categories":[36,29],"tags":[],"class_list":["post-56961","post","type-post","status-publish","format-standard","hentry","category-destacado","category-judicial"],"yoast_head":"<!-- This site is optimized with the Yoast SEO plugin v26.6 - https:\/\/yoast.com\/wordpress\/plugins\/seo\/ -->\n<title>Judicializados presuntos responsables de cr\u00edmenes de l\u00edderes sociales en Huila y Santander -<\/title>\n<meta name=\"robots\" content=\"index, follow, max-snippet:-1, max-image-preview:large, max-video-preview:-1\" \/>\n<link rel=\"canonical\" href=\"https:\/\/luchonoticias.com\/editor\/judicializados-presuntos-responsables-de-crimenes-de-lideres-sociales-en-huila-y-santander\/\" \/>\n<meta property=\"og:locale\" content=\"es_ES\" \/>\n<meta property=\"og:type\" content=\"article\" \/>\n<meta property=\"og:title\" content=\"Judicializados presuntos responsables de cr\u00edmenes de l\u00edderes sociales en Huila y Santander -\" \/>\n<meta property=\"og:url\" content=\"https:\/\/luchonoticias.com\/editor\/judicializados-presuntos-responsables-de-crimenes-de-lideres-sociales-en-huila-y-santander\/\" \/>\n<meta property=\"article:publisher\" content=\"https:\/\/www.facebook.com\/luchonoticiasneiva\" \/>\n<meta property=\"article:published_time\" content=\"2023-07-23T19:33:01+00:00\" \/>\n<meta property=\"article:modified_time\" content=\"2023-07-23T19:33:09+00:00\" \/>\n<meta name=\"author\" content=\"Editor General\" \/>\n<meta name=\"twitter:card\" content=\"summary_large_image\" \/>\n<meta name=\"twitter:label1\" content=\"Escrito por\" \/>\n\t<meta name=\"twitter:data1\" content=\"Editor General\" \/>\n\t<meta name=\"twitter:label2\" content=\"Tiempo de lectura\" \/>\n\t<meta name=\"twitter:data2\" content=\"2 minutos\" \/>\n<script type=\"application\/ld+json\" class=\"yoast-schema-graph\">{\"@context\":\"https:\/\/schema.org\",\"@graph\":[{\"@type\":\"Article\",\"@id\":\"https:\/\/luchonoticias.com\/editor\/judicializados-presuntos-responsables-de-crimenes-de-lideres-sociales-en-huila-y-santander\/#article\",\"isPartOf\":{\"@id\":\"https:\/\/luchonoticias.com\/editor\/judicializados-presuntos-responsables-de-crimenes-de-lideres-sociales-en-huila-y-santander\/\"},\"author\":{\"name\":\"Editor General\",\"@id\":\"https:\/\/luchonoticias.com\/editor\/#\/schema\/person\/29217990ddf6f14e35912b2866d591fb\"},\"headline\":\"Judicializados presuntos responsables de cr\u00edmenes de l\u00edderes sociales en Huila y Santander\",\"datePublished\":\"2023-07-23T19:33:01+00:00\",\"dateModified\":\"2023-07-23T19:33:09+00:00\",\"mainEntityOfPage\":{\"@id\":\"https:\/\/luchonoticias.com\/editor\/judicializados-presuntos-responsables-de-crimenes-de-lideres-sociales-en-huila-y-santander\/\"},\"wordCount\":342,\"commentCount\":0,\"publisher\":{\"@id\":\"https:\/\/luchonoticias.com\/editor\/#\/schema\/person\/7a7fd911f58561fd056dbac7b55af9cd\"},\"articleSection\":[\"Destacado\",\"Judicial\"],\"inLanguage\":\"es\",\"potentialAction\":[{\"@type\":\"CommentAction\",\"name\":\"Comment\",\"target\":[\"https:\/\/luchonoticias.com\/editor\/judicializados-presuntos-responsables-de-crimenes-de-lideres-sociales-en-huila-y-santander\/#respond\"]}]},{\"@type\":\"WebPage\",\"@id\":\"https:\/\/luchonoticias.com\/editor\/judicializados-presuntos-responsables-de-crimenes-de-lideres-sociales-en-huila-y-santander\/\",\"url\":\"https:\/\/luchonoticias.com\/editor\/judicializados-presuntos-responsables-de-crimenes-de-lideres-sociales-en-huila-y-santander\/\",\"name\":\"Judicializados presuntos responsables de cr\u00edmenes de l\u00edderes sociales en Huila y Santander -\",\"isPartOf\":{\"@id\":\"https:\/\/luchonoticias.com\/editor\/#website\"},\"datePublished\":\"2023-07-23T19:33:01+00:00\",\"dateModified\":\"2023-07-23T19:33:09+00:00\",\"breadcrumb\":{\"@id\":\"https:\/\/luchonoticias.com\/editor\/judicializados-presuntos-responsables-de-crimenes-de-lideres-sociales-en-huila-y-santander\/#breadcrumb\"},\"inLanguage\":\"es\",\"potentialAction\":[{\"@type\":\"ReadAction\",\"target\":[\"https:\/\/luchonoticias.com\/editor\/judicializados-presuntos-responsables-de-crimenes-de-lideres-sociales-en-huila-y-santander\/\"]}]},{\"@type\":\"BreadcrumbList\",\"@id\":\"https:\/\/luchonoticias.com\/editor\/judicializados-presuntos-responsables-de-crimenes-de-lideres-sociales-en-huila-y-santander\/#breadcrumb\",\"itemListElement\":[{\"@type\":\"ListItem\",\"position\":1,\"name\":\"Portada\",\"item\":\"https:\/\/luchonoticias.com\/editor\/\"},{\"@type\":\"ListItem\",\"position\":2,\"name\":\"Judicializados presuntos responsables de cr\u00edmenes de l\u00edderes sociales en Huila y Santander\"}]},{\"@type\":\"WebSite\",\"@id\":\"https:\/\/luchonoticias.com\/editor\/#website\",\"url\":\"https:\/\/luchonoticias.com\/editor\/\",\"name\":\"\",\"description\":\"\",\"publisher\":{\"@id\":\"https:\/\/luchonoticias.com\/editor\/#\/schema\/person\/7a7fd911f58561fd056dbac7b55af9cd\"},\"potentialAction\":[{\"@type\":\"SearchAction\",\"target\":{\"@type\":\"EntryPoint\",\"urlTemplate\":\"https:\/\/luchonoticias.com\/editor\/?s={search_term_string}\"},\"query-input\":{\"@type\":\"PropertyValueSpecification\",\"valueRequired\":true,\"valueName\":\"search_term_string\"}}],\"inLanguage\":\"es\"},{\"@type\":[\"Person\",\"Organization\"],\"@id\":\"https:\/\/luchonoticias.com\/editor\/#\/schema\/person\/7a7fd911f58561fd056dbac7b55af9cd\",\"name\":\"admin\",\"image\":{\"@type\":\"ImageObject\",\"inLanguage\":\"es\",\"@id\":\"https:\/\/luchonoticias.com\/editor\/#\/schema\/person\/image\/\",\"url\":\"https:\/\/luchonoticias.com\/editor\/wp-content\/uploads\/2024\/02\/cropped-cropped-logolu.webp\",\"contentUrl\":\"https:\/\/luchonoticias.com\/editor\/wp-content\/uploads\/2024\/02\/cropped-cropped-logolu.webp\",\"width\":382,\"height\":170,\"caption\":\"admin\"},\"logo\":{\"@id\":\"https:\/\/luchonoticias.com\/editor\/#\/schema\/person\/image\/\"},\"sameAs\":[\"https:\/\/www.facebook.com\/luchonoticiasneiva\"]},{\"@type\":\"Person\",\"@id\":\"https:\/\/luchonoticias.com\/editor\/#\/schema\/person\/29217990ddf6f14e35912b2866d591fb\",\"name\":\"Editor General\",\"image\":{\"@type\":\"ImageObject\",\"inLanguage\":\"es\",\"@id\":\"https:\/\/luchonoticias.com\/editor\/#\/schema\/person\/image\/\",\"url\":\"https:\/\/luchonoticias.com\/editor\/wp-content\/uploads\/2024\/02\/cropped-cropped-logolu-150x150.webp\",\"contentUrl\":\"https:\/\/luchonoticias.com\/editor\/wp-content\/uploads\/2024\/02\/cropped-cropped-logolu-150x150.webp\",\"caption\":\"Editor General\"},\"sameAs\":[\"https:\/\/luchonoticias.com\/\"],\"url\":\"https:\/\/luchonoticias.com\/editor\/author\/editor-general\/\"}]}<\/script>\n<!-- \/ Yoast SEO plugin. -->","yoast_head_json":{"title":"Judicializados presuntos responsables de cr\u00edmenes de l\u00edderes sociales en Huila y Santander -","robots":{"index":"index","follow":"follow","max-snippet":"max-snippet:-1","max-image-preview":"max-image-preview:large","max-video-preview":"max-video-preview:-1"},"canonical":"https:\/\/luchonoticias.com\/editor\/judicializados-presuntos-responsables-de-crimenes-de-lideres-sociales-en-huila-y-santander\/","og_locale":"es_ES","og_type":"article","og_title":"Judicializados presuntos responsables de cr\u00edmenes de l\u00edderes sociales en Huila y Santander -","og_url":"https:\/\/luchonoticias.com\/editor\/judicializados-presuntos-responsables-de-crimenes-de-lideres-sociales-en-huila-y-santander\/","article_publisher":"https:\/\/www.facebook.com\/luchonoticiasneiva","article_published_time":"2023-07-23T19:33:01+00:00","article_modified_time":"2023-07-23T19:33:09+00:00","author":"Editor General","twitter_card":"summary_large_image","twitter_misc":{"Escrito por":"Editor General","Tiempo de lectura":"2 minutos"},"schema":{"@context":"https:\/\/schema.org","@graph":[{"@type":"Article","@id":"https:\/\/luchonoticias.com\/editor\/judicializados-presuntos-responsables-de-crimenes-de-lideres-sociales-en-huila-y-santander\/#article","isPartOf":{"@id":"https:\/\/luchonoticias.com\/editor\/judicializados-presuntos-responsables-de-crimenes-de-lideres-sociales-en-huila-y-santander\/"},"author":{"name":"Editor General","@id":"https:\/\/luchonoticias.com\/editor\/#\/schema\/person\/29217990ddf6f14e35912b2866d591fb"},"headline":"Judicializados presuntos responsables de cr\u00edmenes de l\u00edderes sociales en Huila y Santander","datePublished":"2023-07-23T19:33:01+00:00","dateModified":"2023-07-23T19:33:09+00:00","mainEntityOfPage":{"@id":"https:\/\/luchonoticias.com\/editor\/judicializados-presuntos-responsables-de-crimenes-de-lideres-sociales-en-huila-y-santander\/"},"wordCount":342,"commentCount":0,"publisher":{"@id":"https:\/\/luchonoticias.com\/editor\/#\/schema\/person\/7a7fd911f58561fd056dbac7b55af9cd"},"articleSection":["Destacado","Judicial"],"inLanguage":"es","potentialAction":[{"@type":"CommentAction","name":"Comment","target":["https:\/\/luchonoticias.com\/editor\/judicializados-presuntos-responsables-de-crimenes-de-lideres-sociales-en-huila-y-santander\/#respond"]}]},{"@type":"WebPage","@id":"https:\/\/luchonoticias.com\/editor\/judicializados-presuntos-responsables-de-crimenes-de-lideres-sociales-en-huila-y-santander\/","url":"https:\/\/luchonoticias.com\/editor\/judicializados-presuntos-responsables-de-crimenes-de-lideres-sociales-en-huila-y-santander\/","name":"Judicializados presuntos responsables de cr\u00edmenes de l\u00edderes sociales en Huila y Santander -","isPartOf":{"@id":"https:\/\/luchonoticias.com\/editor\/#website"},"datePublished":"2023-07-23T19:33:01+00:00","dateModified":"2023-07-23T19:33:09+00:00","breadcrumb":{"@id":"https:\/\/luchonoticias.com\/editor\/judicializados-presuntos-responsables-de-crimenes-de-lideres-sociales-en-huila-y-santander\/#breadcrumb"},"inLanguage":"es","potentialAction":[{"@type":"ReadAction","target":["https:\/\/luchonoticias.com\/editor\/judicializados-presuntos-responsables-de-crimenes-de-lideres-sociales-en-huila-y-santander\/"]}]},{"@type":"BreadcrumbList","@id":"https:\/\/luchonoticias.com\/editor\/judicializados-presuntos-responsables-de-crimenes-de-lideres-sociales-en-huila-y-santander\/#breadcrumb","itemListElement":[{"@type":"ListItem","position":1,"name":"Portada","item":"https:\/\/luchonoticias.com\/editor\/"},{"@type":"ListItem","position":2,"name":"Judicializados presuntos responsables de cr\u00edmenes de l\u00edderes sociales en Huila y Santander"}]},{"@type":"WebSite","@id":"https:\/\/luchonoticias.com\/editor\/#website","url":"https:\/\/luchonoticias.com\/editor\/","name":"","description":"","publisher":{"@id":"https:\/\/luchonoticias.com\/editor\/#\/schema\/person\/7a7fd911f58561fd056dbac7b55af9cd"},"potentialAction":[{"@type":"SearchAction","target":{"@type":"EntryPoint","urlTemplate":"https:\/\/luchonoticias.com\/editor\/?s={search_term_string}"},"query-input":{"@type":"PropertyValueSpecification","valueRequired":true,"valueName":"search_term_string"}}],"inLanguage":"es"},{"@type":["Person","Organization"],"@id":"https:\/\/luchonoticias.com\/editor\/#\/schema\/person\/7a7fd911f58561fd056dbac7b55af9cd","name":"admin","image":{"@type":"ImageObject","inLanguage":"es","@id":"https:\/\/luchonoticias.com\/editor\/#\/schema\/person\/image\/","url":"https:\/\/luchonoticias.com\/editor\/wp-content\/uploads\/2024\/02\/cropped-cropped-logolu.webp","contentUrl":"https:\/\/luchonoticias.com\/editor\/wp-content\/uploads\/2024\/02\/cropped-cropped-logolu.webp","width":382,"height":170,"caption":"admin"},"logo":{"@id":"https:\/\/luchonoticias.com\/editor\/#\/schema\/person\/image\/"},"sameAs":["https:\/\/www.facebook.com\/luchonoticiasneiva"]},{"@type":"Person","@id":"https:\/\/luchonoticias.com\/editor\/#\/schema\/person\/29217990ddf6f14e35912b2866d591fb","name":"Editor General","image":{"@type":"ImageObject","inLanguage":"es","@id":"https:\/\/luchonoticias.com\/editor\/#\/schema\/person\/image\/","url":"https:\/\/luchonoticias.com\/editor\/wp-content\/uploads\/2024\/02\/cropped-cropped-logolu-150x150.webp","contentUrl":"https:\/\/luchonoticias.com\/editor\/wp-content\/uploads\/2024\/02\/cropped-cropped-logolu-150x150.webp","caption":"Editor General"},"sameAs":["https:\/\/luchonoticias.com\/"],"url":"https:\/\/luchonoticias.com\/editor\/author\/editor-general\/"}]}},"_links":{"self":[{"href":"https:\/\/luchonoticias.com\/editor\/wp-json\/wp\/v2\/posts\/56961","targetHints":{"allow":["GET"]}}],"collection":[{"href":"https:\/\/luchonoticias.com\/editor\/wp-json\/wp\/v2\/posts"}],"about":[{"href":"https:\/\/luchonoticias.com\/editor\/wp-json\/wp\/v2\/types\/post"}],"author":[{"embeddable":true,"href":"https:\/\/luchonoticias.com\/editor\/wp-json\/wp\/v2\/users\/2"}],"replies":[{"embeddable":true,"href":"https:\/\/luchonoticias.com\/editor\/wp-json\/wp\/v2\/comments?post=56961"}],"version-history":[{"count":0,"href":"https:\/\/luchonoticias.com\/editor\/wp-json\/wp\/v2\/posts\/56961\/revisions"}],"wp:attachment":[{"href":"https:\/\/luchonoticias.com\/editor\/wp-json\/wp\/v2\/media?parent=56961"}],"wp:term":[{"taxonomy":"category","embeddable":true,"href":"https:\/\/luchonoticias.com\/editor\/wp-json\/wp\/v2\/categories?post=56961"},{"taxonomy":"post_tag","embeddable":true,"href":"https:\/\/luchonoticias.com\/editor\/wp-json\/wp\/v2\/tags?post=56961"}],"curies":[{"name":"wp","href":"https:\/\/api.w.org\/{rel}","templated":true}]}}