{"id":56979,"date":"2023-07-23T17:52:56","date_gmt":"2023-07-23T22:52:56","guid":{"rendered":"https:\/\/luchonoticias.com\/?p=56979"},"modified":"2023-07-23T17:52:58","modified_gmt":"2023-07-23T22:52:58","slug":"huila-pierde-en-el-minuto-final-ante-el-bucaramanga","status":"publish","type":"post","link":"https:\/\/luchonoticias.com\/editor\/huila-pierde-en-el-minuto-final-ante-el-bucaramanga\/","title":{"rendered":"Huila pierde en el minuto final ante el Bucaramanga"},"content":{"rendered":"\n<p><strong>Atl\u00e9tico Huila cay\u00f3<\/strong>&nbsp;de visitante&nbsp;<strong>1:0 ante el Bucaramanga&nbsp;<\/strong>en juego correspondiente a la segunda fecha del campeonato de liga del segundo semestre.<\/p>\n\n\n\n<p>La escuadra dirigida por N\u00e9stor Craviotto pr\u00e1cticamente luch\u00f3 ante un equipo que lo tuvo todo para conseguir el gol de la victoria, cosa que logr\u00f3 en tiempo a\u00f1adido, con un hombre menos, y lo que es peor, gracias a un catedralicio error de la defensa opita.<\/p>\n\n\n\n<p>En lo que fue la primera mitad el cuadro huilense tuvo&nbsp;<strong>problemas para sacar adelante el partido<\/strong>&nbsp;ante un&nbsp;<strong>Bucaramanga&nbsp;<\/strong>que tuvo sus&nbsp;<strong>primeras opciones desde el segundo minuto<\/strong>, incluso el portero del cuadro opita V\u00edctor Cabezas, protagoniz\u00f3 un error en su propia \u00e1rea que por poco le significa el primer gol de los locales.<\/p>\n\n\n\n<p>Para el minuto 24 llega la primera se\u00f1al de alarma en las toldas opitas&nbsp;<strong>Misael Mart\u00ednez marca el primer gol<\/strong>&nbsp;para los locales, el cual eso s\u00ed, no subi\u00f3 al marcador por estar adelantado.<\/p>\n\n\n\n<p>Adicional al dominio del local, el cuadro opita tuvo que afrontar otro problema: la&nbsp;<strong>salida obligada por problema m\u00e9dico de Sebasti\u00e1n Hern\u00e1ndez<\/strong>&nbsp;y la entrada del ecuatoriano Luis Caicedo por lo que el dibujo t\u00e1ctico huilense sufri\u00f3 alteraciones pensando en defender el cero en el marcador.<\/p>\n\n\n\n<p>Sobre el final de la primera parte el Huila intent\u00f3 sorprender con un cobro de tiro libre que conect\u00f3 Wilfrido De la Rosa pero que termin\u00f3 desviado.<\/p>\n\n\n\n<h5 class=\"wp-block-heading\">Huila busca cambiar<\/h5>\n\n\n\n<p>Para la segunda mitad<strong>&nbsp;el cuadro regional realiza algunos cambios,&nbsp;<\/strong>uno de ellos el ingreso de&nbsp;<strong>Marcus Vinicius<\/strong>&nbsp;quien&nbsp;<strong>le imprimi\u00f3 un nuevo aire&nbsp;<\/strong>en el plano ofensivo en los primeros minutos pero los locales de nuevo hicieron retomar el partido a la t\u00f3nica de la primera mitad y el Huila de nuevo vuelve a quedar a merced.<\/p>\n\n\n\n<p>Aun as\u00ed el cuadro huilense&nbsp;<strong>se las arregla para mantener el cero en el marcador<\/strong>&nbsp;y con algunos cambios, intentar alguna sorpresa; en medio de todo Wilfrido De la Rosa lo intenta al minuto 50 con un cabezazo y luego Brandon Caicedo a la hora de partido con un remate fuera del \u00e1rea.<\/p>\n\n\n\n<p>Sobre los \u00faltimos minutos&nbsp;<strong>Bucaramanga vuelve a insistir<\/strong>&nbsp;con dos opciones serias: uno desviado de media distancia con Javier Reina a los 76 minutos y dos minutos m\u00e1s tarde con Carlos Henao de cabeza.<\/p>\n\n\n\n<p>Ya en el final del partido&nbsp;<strong>el cuadro local se queda con un hombre menos<\/strong>&nbsp;tras la expulsi\u00f3n por doble amarilla de Santiago Jim\u00e9nez pero en tiempo a\u00f1adido un&nbsp;<strong>error de la defensa huilense gener\u00f3 el gol de los bumangueses&nbsp;<\/strong>al minuto 90 + 5 con Jhon Emerson C\u00f3rdoba.<\/p>\n","protected":false},"excerpt":{"rendered":"<p>Atl\u00e9tico Huila cay\u00f3&nbsp;de visitante&nbsp;1:0 ante el Bucaramanga&nbsp;en juego correspondiente a la segunda fecha del campeonato de liga del segundo semestre. La escuadra dirigida por N\u00e9stor Craviotto pr\u00e1cticamente luch\u00f3 ante un equipo que lo tuvo todo para conseguir el gol de la victoria, cosa que logr\u00f3 en tiempo a\u00f1adido, con un hombre menos, y lo que [&hellip;]<\/p>\n","protected":false},"author":2,"featured_media":0,"comment_status":"open","ping_status":"open","sticky":false,"template":"","format":"standard","meta":{"footnotes":""},"categories":[34],"tags":[],"class_list":["post-56979","post","type-post","status-publish","format-standard","hentry","category-deportes"],"yoast_head":"<!-- This site is optimized with the Yoast SEO plugin v26.6 - https:\/\/yoast.com\/wordpress\/plugins\/seo\/ -->\n<title>Huila pierde en el minuto final ante el Bucaramanga -<\/title>\n<meta name=\"robots\" content=\"index, follow, max-snippet:-1, max-image-preview:large, max-video-preview:-1\" \/>\n<link rel=\"canonical\" href=\"https:\/\/luchonoticias.com\/editor\/huila-pierde-en-el-minuto-final-ante-el-bucaramanga\/\" \/>\n<meta property=\"og:locale\" content=\"es_ES\" \/>\n<meta property=\"og:type\" content=\"article\" \/>\n<meta property=\"og:title\" content=\"Huila pierde en el minuto final ante el Bucaramanga -\" \/>\n<meta property=\"og:url\" content=\"https:\/\/luchonoticias.com\/editor\/huila-pierde-en-el-minuto-final-ante-el-bucaramanga\/\" \/>\n<meta property=\"article:publisher\" content=\"https:\/\/www.facebook.com\/luchonoticiasneiva\" \/>\n<meta property=\"article:published_time\" content=\"2023-07-23T22:52:56+00:00\" \/>\n<meta property=\"article:modified_time\" content=\"2023-07-23T22:52:58+00:00\" \/>\n<meta name=\"author\" content=\"Editor General\" \/>\n<meta name=\"twitter:card\" content=\"summary_large_image\" \/>\n<meta name=\"twitter:label1\" content=\"Escrito por\" \/>\n\t<meta name=\"twitter:data1\" content=\"Editor General\" \/>\n\t<meta name=\"twitter:label2\" content=\"Tiempo de lectura\" \/>\n\t<meta name=\"twitter:data2\" content=\"2 minutos\" \/>\n<script type=\"application\/ld+json\" class=\"yoast-schema-graph\">{\"@context\":\"https:\/\/schema.org\",\"@graph\":[{\"@type\":\"Article\",\"@id\":\"https:\/\/luchonoticias.com\/editor\/huila-pierde-en-el-minuto-final-ante-el-bucaramanga\/#article\",\"isPartOf\":{\"@id\":\"https:\/\/luchonoticias.com\/editor\/huila-pierde-en-el-minuto-final-ante-el-bucaramanga\/\"},\"author\":{\"name\":\"Editor General\",\"@id\":\"https:\/\/luchonoticias.com\/editor\/#\/schema\/person\/29217990ddf6f14e35912b2866d591fb\"},\"headline\":\"Huila pierde en el minuto final ante el Bucaramanga\",\"datePublished\":\"2023-07-23T22:52:56+00:00\",\"dateModified\":\"2023-07-23T22:52:58+00:00\",\"mainEntityOfPage\":{\"@id\":\"https:\/\/luchonoticias.com\/editor\/huila-pierde-en-el-minuto-final-ante-el-bucaramanga\/\"},\"wordCount\":473,\"commentCount\":0,\"publisher\":{\"@id\":\"https:\/\/luchonoticias.com\/editor\/#\/schema\/person\/7a7fd911f58561fd056dbac7b55af9cd\"},\"articleSection\":[\"Deportes\"],\"inLanguage\":\"es\",\"potentialAction\":[{\"@type\":\"CommentAction\",\"name\":\"Comment\",\"target\":[\"https:\/\/luchonoticias.com\/editor\/huila-pierde-en-el-minuto-final-ante-el-bucaramanga\/#respond\"]}]},{\"@type\":\"WebPage\",\"@id\":\"https:\/\/luchonoticias.com\/editor\/huila-pierde-en-el-minuto-final-ante-el-bucaramanga\/\",\"url\":\"https:\/\/luchonoticias.com\/editor\/huila-pierde-en-el-minuto-final-ante-el-bucaramanga\/\",\"name\":\"Huila pierde en el minuto final ante el Bucaramanga -\",\"isPartOf\":{\"@id\":\"https:\/\/luchonoticias.com\/editor\/#website\"},\"datePublished\":\"2023-07-23T22:52:56+00:00\",\"dateModified\":\"2023-07-23T22:52:58+00:00\",\"breadcrumb\":{\"@id\":\"https:\/\/luchonoticias.com\/editor\/huila-pierde-en-el-minuto-final-ante-el-bucaramanga\/#breadcrumb\"},\"inLanguage\":\"es\",\"potentialAction\":[{\"@type\":\"ReadAction\",\"target\":[\"https:\/\/luchonoticias.com\/editor\/huila-pierde-en-el-minuto-final-ante-el-bucaramanga\/\"]}]},{\"@type\":\"BreadcrumbList\",\"@id\":\"https:\/\/luchonoticias.com\/editor\/huila-pierde-en-el-minuto-final-ante-el-bucaramanga\/#breadcrumb\",\"itemListElement\":[{\"@type\":\"ListItem\",\"position\":1,\"name\":\"Portada\",\"item\":\"https:\/\/luchonoticias.com\/editor\/\"},{\"@type\":\"ListItem\",\"position\":2,\"name\":\"Huila pierde en el minuto final ante el Bucaramanga\"}]},{\"@type\":\"WebSite\",\"@id\":\"https:\/\/luchonoticias.com\/editor\/#website\",\"url\":\"https:\/\/luchonoticias.com\/editor\/\",\"name\":\"\",\"description\":\"\",\"publisher\":{\"@id\":\"https:\/\/luchonoticias.com\/editor\/#\/schema\/person\/7a7fd911f58561fd056dbac7b55af9cd\"},\"potentialAction\":[{\"@type\":\"SearchAction\",\"target\":{\"@type\":\"EntryPoint\",\"urlTemplate\":\"https:\/\/luchonoticias.com\/editor\/?s={search_term_string}\"},\"query-input\":{\"@type\":\"PropertyValueSpecification\",\"valueRequired\":true,\"valueName\":\"search_term_string\"}}],\"inLanguage\":\"es\"},{\"@type\":[\"Person\",\"Organization\"],\"@id\":\"https:\/\/luchonoticias.com\/editor\/#\/schema\/person\/7a7fd911f58561fd056dbac7b55af9cd\",\"name\":\"admin\",\"image\":{\"@type\":\"ImageObject\",\"inLanguage\":\"es\",\"@id\":\"https:\/\/luchonoticias.com\/editor\/#\/schema\/person\/image\/\",\"url\":\"https:\/\/luchonoticias.com\/editor\/wp-content\/uploads\/2024\/02\/cropped-cropped-logolu.webp\",\"contentUrl\":\"https:\/\/luchonoticias.com\/editor\/wp-content\/uploads\/2024\/02\/cropped-cropped-logolu.webp\",\"width\":382,\"height\":170,\"caption\":\"admin\"},\"logo\":{\"@id\":\"https:\/\/luchonoticias.com\/editor\/#\/schema\/person\/image\/\"},\"sameAs\":[\"https:\/\/www.facebook.com\/luchonoticiasneiva\"]},{\"@type\":\"Person\",\"@id\":\"https:\/\/luchonoticias.com\/editor\/#\/schema\/person\/29217990ddf6f14e35912b2866d591fb\",\"name\":\"Editor General\",\"image\":{\"@type\":\"ImageObject\",\"inLanguage\":\"es\",\"@id\":\"https:\/\/luchonoticias.com\/editor\/#\/schema\/person\/image\/\",\"url\":\"https:\/\/luchonoticias.com\/editor\/wp-content\/uploads\/2024\/02\/cropped-cropped-logolu-150x150.webp\",\"contentUrl\":\"https:\/\/luchonoticias.com\/editor\/wp-content\/uploads\/2024\/02\/cropped-cropped-logolu-150x150.webp\",\"caption\":\"Editor General\"},\"sameAs\":[\"https:\/\/luchonoticias.com\/\"],\"url\":\"https:\/\/luchonoticias.com\/editor\/author\/editor-general\/\"}]}<\/script>\n<!-- \/ Yoast SEO plugin. -->","yoast_head_json":{"title":"Huila pierde en el minuto final ante el Bucaramanga -","robots":{"index":"index","follow":"follow","max-snippet":"max-snippet:-1","max-image-preview":"max-image-preview:large","max-video-preview":"max-video-preview:-1"},"canonical":"https:\/\/luchonoticias.com\/editor\/huila-pierde-en-el-minuto-final-ante-el-bucaramanga\/","og_locale":"es_ES","og_type":"article","og_title":"Huila pierde en el minuto final ante el Bucaramanga -","og_url":"https:\/\/luchonoticias.com\/editor\/huila-pierde-en-el-minuto-final-ante-el-bucaramanga\/","article_publisher":"https:\/\/www.facebook.com\/luchonoticiasneiva","article_published_time":"2023-07-23T22:52:56+00:00","article_modified_time":"2023-07-23T22:52:58+00:00","author":"Editor General","twitter_card":"summary_large_image","twitter_misc":{"Escrito por":"Editor General","Tiempo de lectura":"2 minutos"},"schema":{"@context":"https:\/\/schema.org","@graph":[{"@type":"Article","@id":"https:\/\/luchonoticias.com\/editor\/huila-pierde-en-el-minuto-final-ante-el-bucaramanga\/#article","isPartOf":{"@id":"https:\/\/luchonoticias.com\/editor\/huila-pierde-en-el-minuto-final-ante-el-bucaramanga\/"},"author":{"name":"Editor General","@id":"https:\/\/luchonoticias.com\/editor\/#\/schema\/person\/29217990ddf6f14e35912b2866d591fb"},"headline":"Huila pierde en el minuto final ante el Bucaramanga","datePublished":"2023-07-23T22:52:56+00:00","dateModified":"2023-07-23T22:52:58+00:00","mainEntityOfPage":{"@id":"https:\/\/luchonoticias.com\/editor\/huila-pierde-en-el-minuto-final-ante-el-bucaramanga\/"},"wordCount":473,"commentCount":0,"publisher":{"@id":"https:\/\/luchonoticias.com\/editor\/#\/schema\/person\/7a7fd911f58561fd056dbac7b55af9cd"},"articleSection":["Deportes"],"inLanguage":"es","potentialAction":[{"@type":"CommentAction","name":"Comment","target":["https:\/\/luchonoticias.com\/editor\/huila-pierde-en-el-minuto-final-ante-el-bucaramanga\/#respond"]}]},{"@type":"WebPage","@id":"https:\/\/luchonoticias.com\/editor\/huila-pierde-en-el-minuto-final-ante-el-bucaramanga\/","url":"https:\/\/luchonoticias.com\/editor\/huila-pierde-en-el-minuto-final-ante-el-bucaramanga\/","name":"Huila pierde en el minuto final ante el Bucaramanga -","isPartOf":{"@id":"https:\/\/luchonoticias.com\/editor\/#website"},"datePublished":"2023-07-23T22:52:56+00:00","dateModified":"2023-07-23T22:52:58+00:00","breadcrumb":{"@id":"https:\/\/luchonoticias.com\/editor\/huila-pierde-en-el-minuto-final-ante-el-bucaramanga\/#breadcrumb"},"inLanguage":"es","potentialAction":[{"@type":"ReadAction","target":["https:\/\/luchonoticias.com\/editor\/huila-pierde-en-el-minuto-final-ante-el-bucaramanga\/"]}]},{"@type":"BreadcrumbList","@id":"https:\/\/luchonoticias.com\/editor\/huila-pierde-en-el-minuto-final-ante-el-bucaramanga\/#breadcrumb","itemListElement":[{"@type":"ListItem","position":1,"name":"Portada","item":"https:\/\/luchonoticias.com\/editor\/"},{"@type":"ListItem","position":2,"name":"Huila pierde en el minuto final ante el Bucaramanga"}]},{"@type":"WebSite","@id":"https:\/\/luchonoticias.com\/editor\/#website","url":"https:\/\/luchonoticias.com\/editor\/","name":"","description":"","publisher":{"@id":"https:\/\/luchonoticias.com\/editor\/#\/schema\/person\/7a7fd911f58561fd056dbac7b55af9cd"},"potentialAction":[{"@type":"SearchAction","target":{"@type":"EntryPoint","urlTemplate":"https:\/\/luchonoticias.com\/editor\/?s={search_term_string}"},"query-input":{"@type":"PropertyValueSpecification","valueRequired":true,"valueName":"search_term_string"}}],"inLanguage":"es"},{"@type":["Person","Organization"],"@id":"https:\/\/luchonoticias.com\/editor\/#\/schema\/person\/7a7fd911f58561fd056dbac7b55af9cd","name":"admin","image":{"@type":"ImageObject","inLanguage":"es","@id":"https:\/\/luchonoticias.com\/editor\/#\/schema\/person\/image\/","url":"https:\/\/luchonoticias.com\/editor\/wp-content\/uploads\/2024\/02\/cropped-cropped-logolu.webp","contentUrl":"https:\/\/luchonoticias.com\/editor\/wp-content\/uploads\/2024\/02\/cropped-cropped-logolu.webp","width":382,"height":170,"caption":"admin"},"logo":{"@id":"https:\/\/luchonoticias.com\/editor\/#\/schema\/person\/image\/"},"sameAs":["https:\/\/www.facebook.com\/luchonoticiasneiva"]},{"@type":"Person","@id":"https:\/\/luchonoticias.com\/editor\/#\/schema\/person\/29217990ddf6f14e35912b2866d591fb","name":"Editor General","image":{"@type":"ImageObject","inLanguage":"es","@id":"https:\/\/luchonoticias.com\/editor\/#\/schema\/person\/image\/","url":"https:\/\/luchonoticias.com\/editor\/wp-content\/uploads\/2024\/02\/cropped-cropped-logolu-150x150.webp","contentUrl":"https:\/\/luchonoticias.com\/editor\/wp-content\/uploads\/2024\/02\/cropped-cropped-logolu-150x150.webp","caption":"Editor General"},"sameAs":["https:\/\/luchonoticias.com\/"],"url":"https:\/\/luchonoticias.com\/editor\/author\/editor-general\/"}]}},"_links":{"self":[{"href":"https:\/\/luchonoticias.com\/editor\/wp-json\/wp\/v2\/posts\/56979","targetHints":{"allow":["GET"]}}],"collection":[{"href":"https:\/\/luchonoticias.com\/editor\/wp-json\/wp\/v2\/posts"}],"about":[{"href":"https:\/\/luchonoticias.com\/editor\/wp-json\/wp\/v2\/types\/post"}],"author":[{"embeddable":true,"href":"https:\/\/luchonoticias.com\/editor\/wp-json\/wp\/v2\/users\/2"}],"replies":[{"embeddable":true,"href":"https:\/\/luchonoticias.com\/editor\/wp-json\/wp\/v2\/comments?post=56979"}],"version-history":[{"count":0,"href":"https:\/\/luchonoticias.com\/editor\/wp-json\/wp\/v2\/posts\/56979\/revisions"}],"wp:attachment":[{"href":"https:\/\/luchonoticias.com\/editor\/wp-json\/wp\/v2\/media?parent=56979"}],"wp:term":[{"taxonomy":"category","embeddable":true,"href":"https:\/\/luchonoticias.com\/editor\/wp-json\/wp\/v2\/categories?post=56979"},{"taxonomy":"post_tag","embeddable":true,"href":"https:\/\/luchonoticias.com\/editor\/wp-json\/wp\/v2\/tags?post=56979"}],"curies":[{"name":"wp","href":"https:\/\/api.w.org\/{rel}","templated":true}]}}