{"id":56991,"date":"2023-07-24T06:29:44","date_gmt":"2023-07-24T11:29:44","guid":{"rendered":"https:\/\/luchonoticias.com\/?p=56991"},"modified":"2023-07-24T06:30:04","modified_gmt":"2023-07-24T11:30:04","slug":"13-personas-fueron-capturadas-en-el-huila-durante-el-fin-de-semana","status":"publish","type":"post","link":"https:\/\/luchonoticias.com\/editor\/13-personas-fueron-capturadas-en-el-huila-durante-el-fin-de-semana\/","title":{"rendered":"13 personas fueron capturadas en el Huila durante el fin de semana,"},"content":{"rendered":"\n<p>Gracias a las acciones operativas de la SIJIN, se logr\u00f3 la recuperaci\u00f3n de 10 motocicletas, dos de ella ya fueron entregadas a sus due\u00f1os naturales y se espera a los due\u00f1os de las ocho restantes con los documentos de ley para su respectiva devoluci\u00f3n:<\/p>\n\n\n\n<p>1.&nbsp; motocicleta de placas FKZ-99G, marca BAJAJ, cilindraje 110, color GRIS, n\u00famero de chasis 9GJB37PF4PT098357, numero de motor PFXWNA66227, servicio particular, modelo 2023.<\/p>\n\n\n\n<p>2.&nbsp; motocicleta de placas SFI-57F, marca BAJAJ, color NEGRO, n\u00famero de chasis 9GJA36JL9NT004121, n\u00famero de motor JLXCLH37222<\/p>\n\n\n\n<p>3.\u00a0 motocicleta de placas KLH-13G, marca BAJAJ, color GRIS, n\u00famero de chasis 9GJA36JL3PT037487, n\u00famero de motor JLXCNB64589 servicio particular, modelo 2023.<\/p>\n\n\n\n<figure class=\"wp-block-image size-full is-style-rounded\"><img decoding=\"async\" src=\"https:\/\/luchonoticias.com\/wp-content\/uploads\/2023\/07\/WhatsApp-Image-2023-07-23-at-3.36.42-PM.jpeg\" alt=\"\" class=\"wp-image-56997\"\/><\/figure>\n\n\n\n<p>4.&nbsp; motocicleta marca YAMAHA, l\u00ednea T115FI, placas DMK42G, modelo&nbsp; 2023, Motor N\u00b0 E3S9E0073133, Chasis 9FKUE1615P2073133, la cual presenta los sistemas de identificaci\u00f3n adulterados.<\/p>\n\n\n\n<p>5. motocicleta marca YAMAHA, L\u00ednea CRIPTON de placas HZJ-90E, color Rojo, n\u00famero de chasis 9FKUE161XH2003452, n\u00famero de motor E3S9E0003452, modelo 2023.<\/p>\n\n\n\n<p>6.&nbsp; motocicleta marca YAMAHA, l\u00ednea XTZ150, placas RHE-22F, modelo&nbsp; 2022, Motor N\u00b0 G3L1E040250, Chasis 9FKDG3615N2040250 la cual presenta los sistemas de identificaci\u00f3n adulterados.<\/p>\n\n\n\n<p>7.&nbsp; motocicleta marca YAMAHA, L\u00ednea T115FI de placas FLD-75G, color negro, n\u00famero de chasis 9FKUE1615P2073133.<\/p>\n\n\n\n<p>8.&nbsp; motocicleta marca BAJAJ, L\u00ednea PULSAR160, color gris, de placas QXB-35G, n\u00famero de chasis 9GJA92JE7PT020507, n\u00famero de motor JEXCNC24785.<\/p>\n\n\n\n<figure class=\"wp-block-gallery has-nested-images columns-default is-cropped wp-block-gallery-1 is-layout-flex wp-block-gallery-is-layout-flex\">\n<figure class=\"wp-block-image size-large\"><img decoding=\"async\" data-id=\"56995\" src=\"https:\/\/luchonoticias.com\/wp-content\/uploads\/2023\/07\/WhatsApp-Image-2023-07-23-at-3.36.47-PM-1024x768.jpeg\" alt=\"\" class=\"wp-image-56995\"\/><\/figure>\n\n\n\n<figure class=\"wp-block-image size-large\"><img decoding=\"async\" data-id=\"56996\" src=\"https:\/\/luchonoticias.com\/wp-content\/uploads\/2023\/07\/WhatsApp-Image-2023-07-23-at-3.36.45-PM-1-1024x576.jpeg\" alt=\"\" class=\"wp-image-56996\"\/><\/figure>\n\n\n\n<figure class=\"wp-block-image size-large\"><img decoding=\"async\" data-id=\"56994\" src=\"https:\/\/luchonoticias.com\/wp-content\/uploads\/2023\/07\/WhatsApp-Image-2023-07-23-at-3.36.44-PM-1-1024x768.jpeg\" alt=\"\" class=\"wp-image-56994\"\/><\/figure>\n<\/figure>\n\n\n\n<p>Durante el fin de semana unidades del cuadrante de la Polic\u00eda en Suaza lograron recuperar un B\u00faho Americano que se encontraba desorientado en v\u00eda p\u00fablica, as\u00ed mismo en zona rural del municipio de Timan\u00e1 se logr\u00f3 incautar gran cantidad de guadua que hab\u00eda sido cortada por algunos sujetos que pretendieron comercializarla de manera ilegal afectando una fuente h\u00eddrica.<\/p>\n\n\n\n<p>Finalmente, la Seccional de Tr\u00e1nsito y Transportes report\u00f3 el hallazgo de 200 kilos de marihuana.<\/p>\n\n\n\n<figure class=\"wp-block-video\"><video autoplay controls src=\"https:\/\/luchonoticias.com\/wp-content\/uploads\/2023\/07\/WhatsApp-Video-2023-07-23-at-7.11.49-PM.mp4\"><\/video><\/figure>\n","protected":false},"excerpt":{"rendered":"<p>Gracias a las acciones operativas de la SIJIN, se logr\u00f3 la recuperaci\u00f3n de 10 motocicletas, dos de ella ya fueron entregadas a sus due\u00f1os naturales y se espera a los due\u00f1os de las ocho restantes con los documentos de ley para su respectiva devoluci\u00f3n: 1.&nbsp; motocicleta de placas FKZ-99G, marca BAJAJ, cilindraje 110, color GRIS, [&hellip;]<\/p>\n","protected":false},"author":2,"featured_media":0,"comment_status":"open","ping_status":"open","sticky":false,"template":"","format":"standard","meta":{"footnotes":""},"categories":[36,29,3962],"tags":[],"class_list":["post-56991","post","type-post","status-publish","format-standard","hentry","category-destacado","category-judicial","category-videos"],"yoast_head":"<!-- This site is optimized with the Yoast SEO plugin v26.6 - https:\/\/yoast.com\/wordpress\/plugins\/seo\/ -->\n<title>13 personas fueron capturadas en el Huila durante el fin de semana, -<\/title>\n<meta name=\"robots\" content=\"index, follow, max-snippet:-1, max-image-preview:large, max-video-preview:-1\" \/>\n<link rel=\"canonical\" href=\"https:\/\/luchonoticias.com\/editor\/13-personas-fueron-capturadas-en-el-huila-durante-el-fin-de-semana\/\" \/>\n<meta property=\"og:locale\" content=\"es_ES\" \/>\n<meta property=\"og:type\" content=\"article\" \/>\n<meta property=\"og:title\" content=\"13 personas fueron capturadas en el Huila durante el fin de semana, -\" \/>\n<meta property=\"og:url\" content=\"https:\/\/luchonoticias.com\/editor\/13-personas-fueron-capturadas-en-el-huila-durante-el-fin-de-semana\/\" \/>\n<meta property=\"article:publisher\" content=\"https:\/\/www.facebook.com\/luchonoticiasneiva\" \/>\n<meta property=\"article:published_time\" content=\"2023-07-24T11:29:44+00:00\" \/>\n<meta property=\"article:modified_time\" content=\"2023-07-24T11:30:04+00:00\" \/>\n<meta property=\"og:image\" content=\"https:\/\/luchonoticias.com\/wp-content\/uploads\/2023\/07\/WhatsApp-Image-2023-07-23-at-3.36.42-PM.jpeg\" \/>\n<meta name=\"author\" content=\"Editor General\" \/>\n<meta name=\"twitter:card\" content=\"summary_large_image\" \/>\n<meta name=\"twitter:label1\" content=\"Escrito por\" \/>\n\t<meta name=\"twitter:data1\" content=\"Editor General\" \/>\n\t<meta name=\"twitter:label2\" content=\"Tiempo de lectura\" \/>\n\t<meta name=\"twitter:data2\" content=\"2 minutos\" \/>\n<script type=\"application\/ld+json\" class=\"yoast-schema-graph\">{\"@context\":\"https:\/\/schema.org\",\"@graph\":[{\"@type\":\"Article\",\"@id\":\"https:\/\/luchonoticias.com\/editor\/13-personas-fueron-capturadas-en-el-huila-durante-el-fin-de-semana\/#article\",\"isPartOf\":{\"@id\":\"https:\/\/luchonoticias.com\/editor\/13-personas-fueron-capturadas-en-el-huila-durante-el-fin-de-semana\/\"},\"author\":{\"name\":\"Editor General\",\"@id\":\"https:\/\/luchonoticias.com\/editor\/#\/schema\/person\/29217990ddf6f14e35912b2866d591fb\"},\"headline\":\"13 personas fueron capturadas en el Huila durante el fin de semana,\",\"datePublished\":\"2023-07-24T11:29:44+00:00\",\"dateModified\":\"2023-07-24T11:30:04+00:00\",\"mainEntityOfPage\":{\"@id\":\"https:\/\/luchonoticias.com\/editor\/13-personas-fueron-capturadas-en-el-huila-durante-el-fin-de-semana\/\"},\"wordCount\":338,\"commentCount\":0,\"publisher\":{\"@id\":\"https:\/\/luchonoticias.com\/editor\/#\/schema\/person\/7a7fd911f58561fd056dbac7b55af9cd\"},\"image\":{\"@id\":\"https:\/\/luchonoticias.com\/editor\/13-personas-fueron-capturadas-en-el-huila-durante-el-fin-de-semana\/#primaryimage\"},\"thumbnailUrl\":\"https:\/\/luchonoticias.com\/wp-content\/uploads\/2023\/07\/WhatsApp-Image-2023-07-23-at-3.36.42-PM.jpeg\",\"articleSection\":[\"Destacado\",\"Judicial\",\"Videos\"],\"inLanguage\":\"es\",\"potentialAction\":[{\"@type\":\"CommentAction\",\"name\":\"Comment\",\"target\":[\"https:\/\/luchonoticias.com\/editor\/13-personas-fueron-capturadas-en-el-huila-durante-el-fin-de-semana\/#respond\"]}]},{\"@type\":\"WebPage\",\"@id\":\"https:\/\/luchonoticias.com\/editor\/13-personas-fueron-capturadas-en-el-huila-durante-el-fin-de-semana\/\",\"url\":\"https:\/\/luchonoticias.com\/editor\/13-personas-fueron-capturadas-en-el-huila-durante-el-fin-de-semana\/\",\"name\":\"13 personas fueron capturadas en el Huila durante el fin de semana, -\",\"isPartOf\":{\"@id\":\"https:\/\/luchonoticias.com\/editor\/#website\"},\"primaryImageOfPage\":{\"@id\":\"https:\/\/luchonoticias.com\/editor\/13-personas-fueron-capturadas-en-el-huila-durante-el-fin-de-semana\/#primaryimage\"},\"image\":{\"@id\":\"https:\/\/luchonoticias.com\/editor\/13-personas-fueron-capturadas-en-el-huila-durante-el-fin-de-semana\/#primaryimage\"},\"thumbnailUrl\":\"https:\/\/luchonoticias.com\/wp-content\/uploads\/2023\/07\/WhatsApp-Image-2023-07-23-at-3.36.42-PM.jpeg\",\"datePublished\":\"2023-07-24T11:29:44+00:00\",\"dateModified\":\"2023-07-24T11:30:04+00:00\",\"breadcrumb\":{\"@id\":\"https:\/\/luchonoticias.com\/editor\/13-personas-fueron-capturadas-en-el-huila-durante-el-fin-de-semana\/#breadcrumb\"},\"inLanguage\":\"es\",\"potentialAction\":[{\"@type\":\"ReadAction\",\"target\":[\"https:\/\/luchonoticias.com\/editor\/13-personas-fueron-capturadas-en-el-huila-durante-el-fin-de-semana\/\"]}]},{\"@type\":\"ImageObject\",\"inLanguage\":\"es\",\"@id\":\"https:\/\/luchonoticias.com\/editor\/13-personas-fueron-capturadas-en-el-huila-durante-el-fin-de-semana\/#primaryimage\",\"url\":\"https:\/\/luchonoticias.com\/wp-content\/uploads\/2023\/07\/WhatsApp-Image-2023-07-23-at-3.36.42-PM.jpeg\",\"contentUrl\":\"https:\/\/luchonoticias.com\/wp-content\/uploads\/2023\/07\/WhatsApp-Image-2023-07-23-at-3.36.42-PM.jpeg\"},{\"@type\":\"BreadcrumbList\",\"@id\":\"https:\/\/luchonoticias.com\/editor\/13-personas-fueron-capturadas-en-el-huila-durante-el-fin-de-semana\/#breadcrumb\",\"itemListElement\":[{\"@type\":\"ListItem\",\"position\":1,\"name\":\"Portada\",\"item\":\"https:\/\/luchonoticias.com\/editor\/\"},{\"@type\":\"ListItem\",\"position\":2,\"name\":\"13 personas fueron capturadas en el Huila durante el fin de semana,\"}]},{\"@type\":\"WebSite\",\"@id\":\"https:\/\/luchonoticias.com\/editor\/#website\",\"url\":\"https:\/\/luchonoticias.com\/editor\/\",\"name\":\"\",\"description\":\"\",\"publisher\":{\"@id\":\"https:\/\/luchonoticias.com\/editor\/#\/schema\/person\/7a7fd911f58561fd056dbac7b55af9cd\"},\"potentialAction\":[{\"@type\":\"SearchAction\",\"target\":{\"@type\":\"EntryPoint\",\"urlTemplate\":\"https:\/\/luchonoticias.com\/editor\/?s={search_term_string}\"},\"query-input\":{\"@type\":\"PropertyValueSpecification\",\"valueRequired\":true,\"valueName\":\"search_term_string\"}}],\"inLanguage\":\"es\"},{\"@type\":[\"Person\",\"Organization\"],\"@id\":\"https:\/\/luchonoticias.com\/editor\/#\/schema\/person\/7a7fd911f58561fd056dbac7b55af9cd\",\"name\":\"admin\",\"image\":{\"@type\":\"ImageObject\",\"inLanguage\":\"es\",\"@id\":\"https:\/\/luchonoticias.com\/editor\/#\/schema\/person\/image\/\",\"url\":\"https:\/\/luchonoticias.com\/editor\/wp-content\/uploads\/2024\/02\/cropped-cropped-logolu.webp\",\"contentUrl\":\"https:\/\/luchonoticias.com\/editor\/wp-content\/uploads\/2024\/02\/cropped-cropped-logolu.webp\",\"width\":382,\"height\":170,\"caption\":\"admin\"},\"logo\":{\"@id\":\"https:\/\/luchonoticias.com\/editor\/#\/schema\/person\/image\/\"},\"sameAs\":[\"https:\/\/www.facebook.com\/luchonoticiasneiva\"]},{\"@type\":\"Person\",\"@id\":\"https:\/\/luchonoticias.com\/editor\/#\/schema\/person\/29217990ddf6f14e35912b2866d591fb\",\"name\":\"Editor General\",\"image\":{\"@type\":\"ImageObject\",\"inLanguage\":\"es\",\"@id\":\"https:\/\/luchonoticias.com\/editor\/#\/schema\/person\/image\/\",\"url\":\"https:\/\/luchonoticias.com\/editor\/wp-content\/uploads\/2024\/02\/cropped-cropped-logolu-150x150.webp\",\"contentUrl\":\"https:\/\/luchonoticias.com\/editor\/wp-content\/uploads\/2024\/02\/cropped-cropped-logolu-150x150.webp\",\"caption\":\"Editor General\"},\"sameAs\":[\"https:\/\/luchonoticias.com\/\"],\"url\":\"https:\/\/luchonoticias.com\/editor\/author\/editor-general\/\"}]}<\/script>\n<!-- \/ Yoast SEO plugin. -->","yoast_head_json":{"title":"13 personas fueron capturadas en el Huila durante el fin de semana, -","robots":{"index":"index","follow":"follow","max-snippet":"max-snippet:-1","max-image-preview":"max-image-preview:large","max-video-preview":"max-video-preview:-1"},"canonical":"https:\/\/luchonoticias.com\/editor\/13-personas-fueron-capturadas-en-el-huila-durante-el-fin-de-semana\/","og_locale":"es_ES","og_type":"article","og_title":"13 personas fueron capturadas en el Huila durante el fin de semana, -","og_url":"https:\/\/luchonoticias.com\/editor\/13-personas-fueron-capturadas-en-el-huila-durante-el-fin-de-semana\/","article_publisher":"https:\/\/www.facebook.com\/luchonoticiasneiva","article_published_time":"2023-07-24T11:29:44+00:00","article_modified_time":"2023-07-24T11:30:04+00:00","og_image":[{"url":"https:\/\/luchonoticias.com\/wp-content\/uploads\/2023\/07\/WhatsApp-Image-2023-07-23-at-3.36.42-PM.jpeg","type":"","width":"","height":""}],"author":"Editor General","twitter_card":"summary_large_image","twitter_misc":{"Escrito por":"Editor General","Tiempo de lectura":"2 minutos"},"schema":{"@context":"https:\/\/schema.org","@graph":[{"@type":"Article","@id":"https:\/\/luchonoticias.com\/editor\/13-personas-fueron-capturadas-en-el-huila-durante-el-fin-de-semana\/#article","isPartOf":{"@id":"https:\/\/luchonoticias.com\/editor\/13-personas-fueron-capturadas-en-el-huila-durante-el-fin-de-semana\/"},"author":{"name":"Editor General","@id":"https:\/\/luchonoticias.com\/editor\/#\/schema\/person\/29217990ddf6f14e35912b2866d591fb"},"headline":"13 personas fueron capturadas en el Huila durante el fin de semana,","datePublished":"2023-07-24T11:29:44+00:00","dateModified":"2023-07-24T11:30:04+00:00","mainEntityOfPage":{"@id":"https:\/\/luchonoticias.com\/editor\/13-personas-fueron-capturadas-en-el-huila-durante-el-fin-de-semana\/"},"wordCount":338,"commentCount":0,"publisher":{"@id":"https:\/\/luchonoticias.com\/editor\/#\/schema\/person\/7a7fd911f58561fd056dbac7b55af9cd"},"image":{"@id":"https:\/\/luchonoticias.com\/editor\/13-personas-fueron-capturadas-en-el-huila-durante-el-fin-de-semana\/#primaryimage"},"thumbnailUrl":"https:\/\/luchonoticias.com\/wp-content\/uploads\/2023\/07\/WhatsApp-Image-2023-07-23-at-3.36.42-PM.jpeg","articleSection":["Destacado","Judicial","Videos"],"inLanguage":"es","potentialAction":[{"@type":"CommentAction","name":"Comment","target":["https:\/\/luchonoticias.com\/editor\/13-personas-fueron-capturadas-en-el-huila-durante-el-fin-de-semana\/#respond"]}]},{"@type":"WebPage","@id":"https:\/\/luchonoticias.com\/editor\/13-personas-fueron-capturadas-en-el-huila-durante-el-fin-de-semana\/","url":"https:\/\/luchonoticias.com\/editor\/13-personas-fueron-capturadas-en-el-huila-durante-el-fin-de-semana\/","name":"13 personas fueron capturadas en el Huila durante el fin de semana, -","isPartOf":{"@id":"https:\/\/luchonoticias.com\/editor\/#website"},"primaryImageOfPage":{"@id":"https:\/\/luchonoticias.com\/editor\/13-personas-fueron-capturadas-en-el-huila-durante-el-fin-de-semana\/#primaryimage"},"image":{"@id":"https:\/\/luchonoticias.com\/editor\/13-personas-fueron-capturadas-en-el-huila-durante-el-fin-de-semana\/#primaryimage"},"thumbnailUrl":"https:\/\/luchonoticias.com\/wp-content\/uploads\/2023\/07\/WhatsApp-Image-2023-07-23-at-3.36.42-PM.jpeg","datePublished":"2023-07-24T11:29:44+00:00","dateModified":"2023-07-24T11:30:04+00:00","breadcrumb":{"@id":"https:\/\/luchonoticias.com\/editor\/13-personas-fueron-capturadas-en-el-huila-durante-el-fin-de-semana\/#breadcrumb"},"inLanguage":"es","potentialAction":[{"@type":"ReadAction","target":["https:\/\/luchonoticias.com\/editor\/13-personas-fueron-capturadas-en-el-huila-durante-el-fin-de-semana\/"]}]},{"@type":"ImageObject","inLanguage":"es","@id":"https:\/\/luchonoticias.com\/editor\/13-personas-fueron-capturadas-en-el-huila-durante-el-fin-de-semana\/#primaryimage","url":"https:\/\/luchonoticias.com\/wp-content\/uploads\/2023\/07\/WhatsApp-Image-2023-07-23-at-3.36.42-PM.jpeg","contentUrl":"https:\/\/luchonoticias.com\/wp-content\/uploads\/2023\/07\/WhatsApp-Image-2023-07-23-at-3.36.42-PM.jpeg"},{"@type":"BreadcrumbList","@id":"https:\/\/luchonoticias.com\/editor\/13-personas-fueron-capturadas-en-el-huila-durante-el-fin-de-semana\/#breadcrumb","itemListElement":[{"@type":"ListItem","position":1,"name":"Portada","item":"https:\/\/luchonoticias.com\/editor\/"},{"@type":"ListItem","position":2,"name":"13 personas fueron capturadas en el Huila durante el fin de semana,"}]},{"@type":"WebSite","@id":"https:\/\/luchonoticias.com\/editor\/#website","url":"https:\/\/luchonoticias.com\/editor\/","name":"","description":"","publisher":{"@id":"https:\/\/luchonoticias.com\/editor\/#\/schema\/person\/7a7fd911f58561fd056dbac7b55af9cd"},"potentialAction":[{"@type":"SearchAction","target":{"@type":"EntryPoint","urlTemplate":"https:\/\/luchonoticias.com\/editor\/?s={search_term_string}"},"query-input":{"@type":"PropertyValueSpecification","valueRequired":true,"valueName":"search_term_string"}}],"inLanguage":"es"},{"@type":["Person","Organization"],"@id":"https:\/\/luchonoticias.com\/editor\/#\/schema\/person\/7a7fd911f58561fd056dbac7b55af9cd","name":"admin","image":{"@type":"ImageObject","inLanguage":"es","@id":"https:\/\/luchonoticias.com\/editor\/#\/schema\/person\/image\/","url":"https:\/\/luchonoticias.com\/editor\/wp-content\/uploads\/2024\/02\/cropped-cropped-logolu.webp","contentUrl":"https:\/\/luchonoticias.com\/editor\/wp-content\/uploads\/2024\/02\/cropped-cropped-logolu.webp","width":382,"height":170,"caption":"admin"},"logo":{"@id":"https:\/\/luchonoticias.com\/editor\/#\/schema\/person\/image\/"},"sameAs":["https:\/\/www.facebook.com\/luchonoticiasneiva"]},{"@type":"Person","@id":"https:\/\/luchonoticias.com\/editor\/#\/schema\/person\/29217990ddf6f14e35912b2866d591fb","name":"Editor General","image":{"@type":"ImageObject","inLanguage":"es","@id":"https:\/\/luchonoticias.com\/editor\/#\/schema\/person\/image\/","url":"https:\/\/luchonoticias.com\/editor\/wp-content\/uploads\/2024\/02\/cropped-cropped-logolu-150x150.webp","contentUrl":"https:\/\/luchonoticias.com\/editor\/wp-content\/uploads\/2024\/02\/cropped-cropped-logolu-150x150.webp","caption":"Editor General"},"sameAs":["https:\/\/luchonoticias.com\/"],"url":"https:\/\/luchonoticias.com\/editor\/author\/editor-general\/"}]}},"_links":{"self":[{"href":"https:\/\/luchonoticias.com\/editor\/wp-json\/wp\/v2\/posts\/56991","targetHints":{"allow":["GET"]}}],"collection":[{"href":"https:\/\/luchonoticias.com\/editor\/wp-json\/wp\/v2\/posts"}],"about":[{"href":"https:\/\/luchonoticias.com\/editor\/wp-json\/wp\/v2\/types\/post"}],"author":[{"embeddable":true,"href":"https:\/\/luchonoticias.com\/editor\/wp-json\/wp\/v2\/users\/2"}],"replies":[{"embeddable":true,"href":"https:\/\/luchonoticias.com\/editor\/wp-json\/wp\/v2\/comments?post=56991"}],"version-history":[{"count":0,"href":"https:\/\/luchonoticias.com\/editor\/wp-json\/wp\/v2\/posts\/56991\/revisions"}],"wp:attachment":[{"href":"https:\/\/luchonoticias.com\/editor\/wp-json\/wp\/v2\/media?parent=56991"}],"wp:term":[{"taxonomy":"category","embeddable":true,"href":"https:\/\/luchonoticias.com\/editor\/wp-json\/wp\/v2\/categories?post=56991"},{"taxonomy":"post_tag","embeddable":true,"href":"https:\/\/luchonoticias.com\/editor\/wp-json\/wp\/v2\/tags?post=56991"}],"curies":[{"name":"wp","href":"https:\/\/api.w.org\/{rel}","templated":true}]}}