{"id":57002,"date":"2023-07-24T06:35:04","date_gmt":"2023-07-24T11:35:04","guid":{"rendered":"https:\/\/luchonoticias.com\/?p=57002"},"modified":"2023-07-24T06:35:05","modified_gmt":"2023-07-24T11:35:05","slug":"alcaldia-de-neiva-dispondra-de-recursos-para-pagar-a-contratistas-y-proveedores","status":"publish","type":"post","link":"https:\/\/luchonoticias.com\/editor\/alcaldia-de-neiva-dispondra-de-recursos-para-pagar-a-contratistas-y-proveedores\/","title":{"rendered":"Alcald\u00eda de Neiva dispondr\u00e1 de recursos para pagar a contratistas y proveedores"},"content":{"rendered":"\n<p>Con el prop\u00f3sito de pagar las cuentas pendientes de los contratistas y proveedores, la Administraci\u00f3n Municipal dispondr\u00e1 de $6.500 millones de los excedentes de liquidez que tiene la Alcald\u00eda en los bancos y que no se pueden girar antes de tres meses.<\/p>\n\n\n\n<p>\u201cS\u00ed, tenemos $13.000 millones en Tesorer\u00eda, y tenemos cuentas por $6.500 millones, cuentas de proveedores y contratistas, no de empleados del municipio.<\/p>\n\n\n\n<p>La Administraci\u00f3n Municipal no est\u00e1 interesada en que los contratistas caigan en manos de los agiotistas, que viven detr\u00e1s para comprar las cuentas, entonces vamos a pagar esas cuentas\u201d, asegur\u00f3 Jaime Ram\u00edrez Plazas, secretario de Hacienda.<\/p>\n\n\n\n<p>A la fecha, seg\u00fan el reporte de la Secretar\u00eda de Hacienda, hay 1.700 cuentas de cobro de contratistas a la espera del pago, m\u00e1s 220 cuentas de proveedores. En el cronograma econ\u00f3mico de esta cartera, est\u00e1 en que se van a reponer los $6.500 millones, con el recurso que ingrese del pago del impuesto predial.<\/p>\n\n\n\n<p>\u201cCon la recuperaci\u00f3n de cartera de $117.000 millones que nos deben los neivanos del impuesto predial, vamos a reponer antes del 31 de diciembre esos $6.500 millones que nos han permitido devolverle la tranquilidad a los contratistas y a los proveedores del municipio\u201d, afirm\u00f3.<\/p>\n\n\n\n<p>Nosotros tenemos descuentos del 12% en el pago del impuesto predial hasta el 30 de agosto. Si en esa fecha hemos recaudado m\u00e1s de $12.000 millones, vamos a reintegrar ese dinero el 30 de agosto\u201d, indic\u00f3 Ram\u00edrez Plazas.<\/p>\n\n\n\n<p>En la resoluci\u00f3n 091 de 2023 que present\u00f3 la Administraci\u00f3n Municipal para poder hacer este movimiento de recursos, qued\u00f3 fijado que antes del 31 de diciembre se har\u00e1 la devoluci\u00f3n del monto, el cual se dispondr\u00e1 para las \u00faltimas inversiones en obras que desarrollar\u00e1 la Alcald\u00eda al t\u00e9rmino de este cuatrienio.<\/p>\n\n\n\n<p>Los proyectos con el recurso del segundo empr\u00e9stito contin\u00faan. En la pr\u00f3xima semana se firmar\u00e1 un importante convenio para poder construir una placa huella en el sector rural del municipio, con el prop\u00f3sito de seguir dignificando la calidad de vida de los neivanos.<\/p>\n","protected":false},"excerpt":{"rendered":"<p>Con el prop\u00f3sito de pagar las cuentas pendientes de los contratistas y proveedores, la Administraci\u00f3n Municipal dispondr\u00e1 de $6.500 millones de los excedentes de liquidez que tiene la Alcald\u00eda en los bancos y que no se pueden girar antes de tres meses. \u201cS\u00ed, tenemos $13.000 millones en Tesorer\u00eda, y tenemos cuentas por $6.500 millones, cuentas [&hellip;]<\/p>\n","protected":false},"author":2,"featured_media":0,"comment_status":"open","ping_status":"open","sticky":false,"template":"","format":"standard","meta":{"footnotes":""},"categories":[36,53],"tags":[],"class_list":["post-57002","post","type-post","status-publish","format-standard","hentry","category-destacado","category-neiva"],"yoast_head":"<!-- This site is optimized with the Yoast SEO plugin v26.6 - https:\/\/yoast.com\/wordpress\/plugins\/seo\/ -->\n<title>Alcald\u00eda de Neiva dispondr\u00e1 de recursos para pagar a contratistas y proveedores -<\/title>\n<meta name=\"robots\" content=\"index, follow, max-snippet:-1, max-image-preview:large, max-video-preview:-1\" \/>\n<link rel=\"canonical\" href=\"https:\/\/luchonoticias.com\/editor\/alcaldia-de-neiva-dispondra-de-recursos-para-pagar-a-contratistas-y-proveedores\/\" \/>\n<meta property=\"og:locale\" content=\"es_ES\" \/>\n<meta property=\"og:type\" content=\"article\" \/>\n<meta property=\"og:title\" content=\"Alcald\u00eda de Neiva dispondr\u00e1 de recursos para pagar a contratistas y proveedores -\" \/>\n<meta property=\"og:url\" content=\"https:\/\/luchonoticias.com\/editor\/alcaldia-de-neiva-dispondra-de-recursos-para-pagar-a-contratistas-y-proveedores\/\" \/>\n<meta property=\"article:publisher\" content=\"https:\/\/www.facebook.com\/luchonoticiasneiva\" \/>\n<meta property=\"article:published_time\" content=\"2023-07-24T11:35:04+00:00\" \/>\n<meta property=\"article:modified_time\" content=\"2023-07-24T11:35:05+00:00\" \/>\n<meta name=\"author\" content=\"Editor General\" \/>\n<meta name=\"twitter:card\" content=\"summary_large_image\" \/>\n<meta name=\"twitter:label1\" content=\"Escrito por\" \/>\n\t<meta name=\"twitter:data1\" content=\"Editor General\" \/>\n\t<meta name=\"twitter:label2\" content=\"Tiempo de lectura\" \/>\n\t<meta name=\"twitter:data2\" content=\"2 minutos\" \/>\n<script type=\"application\/ld+json\" class=\"yoast-schema-graph\">{\"@context\":\"https:\/\/schema.org\",\"@graph\":[{\"@type\":\"Article\",\"@id\":\"https:\/\/luchonoticias.com\/editor\/alcaldia-de-neiva-dispondra-de-recursos-para-pagar-a-contratistas-y-proveedores\/#article\",\"isPartOf\":{\"@id\":\"https:\/\/luchonoticias.com\/editor\/alcaldia-de-neiva-dispondra-de-recursos-para-pagar-a-contratistas-y-proveedores\/\"},\"author\":{\"name\":\"Editor General\",\"@id\":\"https:\/\/luchonoticias.com\/editor\/#\/schema\/person\/29217990ddf6f14e35912b2866d591fb\"},\"headline\":\"Alcald\u00eda de Neiva dispondr\u00e1 de recursos para pagar a contratistas y proveedores\",\"datePublished\":\"2023-07-24T11:35:04+00:00\",\"dateModified\":\"2023-07-24T11:35:05+00:00\",\"mainEntityOfPage\":{\"@id\":\"https:\/\/luchonoticias.com\/editor\/alcaldia-de-neiva-dispondra-de-recursos-para-pagar-a-contratistas-y-proveedores\/\"},\"wordCount\":351,\"commentCount\":0,\"publisher\":{\"@id\":\"https:\/\/luchonoticias.com\/editor\/#\/schema\/person\/7a7fd911f58561fd056dbac7b55af9cd\"},\"articleSection\":[\"Destacado\",\"Neiva\"],\"inLanguage\":\"es\",\"potentialAction\":[{\"@type\":\"CommentAction\",\"name\":\"Comment\",\"target\":[\"https:\/\/luchonoticias.com\/editor\/alcaldia-de-neiva-dispondra-de-recursos-para-pagar-a-contratistas-y-proveedores\/#respond\"]}]},{\"@type\":\"WebPage\",\"@id\":\"https:\/\/luchonoticias.com\/editor\/alcaldia-de-neiva-dispondra-de-recursos-para-pagar-a-contratistas-y-proveedores\/\",\"url\":\"https:\/\/luchonoticias.com\/editor\/alcaldia-de-neiva-dispondra-de-recursos-para-pagar-a-contratistas-y-proveedores\/\",\"name\":\"Alcald\u00eda de Neiva dispondr\u00e1 de recursos para pagar a contratistas y proveedores -\",\"isPartOf\":{\"@id\":\"https:\/\/luchonoticias.com\/editor\/#website\"},\"datePublished\":\"2023-07-24T11:35:04+00:00\",\"dateModified\":\"2023-07-24T11:35:05+00:00\",\"breadcrumb\":{\"@id\":\"https:\/\/luchonoticias.com\/editor\/alcaldia-de-neiva-dispondra-de-recursos-para-pagar-a-contratistas-y-proveedores\/#breadcrumb\"},\"inLanguage\":\"es\",\"potentialAction\":[{\"@type\":\"ReadAction\",\"target\":[\"https:\/\/luchonoticias.com\/editor\/alcaldia-de-neiva-dispondra-de-recursos-para-pagar-a-contratistas-y-proveedores\/\"]}]},{\"@type\":\"BreadcrumbList\",\"@id\":\"https:\/\/luchonoticias.com\/editor\/alcaldia-de-neiva-dispondra-de-recursos-para-pagar-a-contratistas-y-proveedores\/#breadcrumb\",\"itemListElement\":[{\"@type\":\"ListItem\",\"position\":1,\"name\":\"Portada\",\"item\":\"https:\/\/luchonoticias.com\/editor\/\"},{\"@type\":\"ListItem\",\"position\":2,\"name\":\"Alcald\u00eda de Neiva dispondr\u00e1 de recursos para pagar a contratistas y proveedores\"}]},{\"@type\":\"WebSite\",\"@id\":\"https:\/\/luchonoticias.com\/editor\/#website\",\"url\":\"https:\/\/luchonoticias.com\/editor\/\",\"name\":\"\",\"description\":\"\",\"publisher\":{\"@id\":\"https:\/\/luchonoticias.com\/editor\/#\/schema\/person\/7a7fd911f58561fd056dbac7b55af9cd\"},\"potentialAction\":[{\"@type\":\"SearchAction\",\"target\":{\"@type\":\"EntryPoint\",\"urlTemplate\":\"https:\/\/luchonoticias.com\/editor\/?s={search_term_string}\"},\"query-input\":{\"@type\":\"PropertyValueSpecification\",\"valueRequired\":true,\"valueName\":\"search_term_string\"}}],\"inLanguage\":\"es\"},{\"@type\":[\"Person\",\"Organization\"],\"@id\":\"https:\/\/luchonoticias.com\/editor\/#\/schema\/person\/7a7fd911f58561fd056dbac7b55af9cd\",\"name\":\"admin\",\"image\":{\"@type\":\"ImageObject\",\"inLanguage\":\"es\",\"@id\":\"https:\/\/luchonoticias.com\/editor\/#\/schema\/person\/image\/\",\"url\":\"https:\/\/luchonoticias.com\/editor\/wp-content\/uploads\/2024\/02\/cropped-cropped-logolu.webp\",\"contentUrl\":\"https:\/\/luchonoticias.com\/editor\/wp-content\/uploads\/2024\/02\/cropped-cropped-logolu.webp\",\"width\":382,\"height\":170,\"caption\":\"admin\"},\"logo\":{\"@id\":\"https:\/\/luchonoticias.com\/editor\/#\/schema\/person\/image\/\"},\"sameAs\":[\"https:\/\/www.facebook.com\/luchonoticiasneiva\"]},{\"@type\":\"Person\",\"@id\":\"https:\/\/luchonoticias.com\/editor\/#\/schema\/person\/29217990ddf6f14e35912b2866d591fb\",\"name\":\"Editor General\",\"image\":{\"@type\":\"ImageObject\",\"inLanguage\":\"es\",\"@id\":\"https:\/\/luchonoticias.com\/editor\/#\/schema\/person\/image\/\",\"url\":\"https:\/\/luchonoticias.com\/editor\/wp-content\/uploads\/2024\/02\/cropped-cropped-logolu-150x150.webp\",\"contentUrl\":\"https:\/\/luchonoticias.com\/editor\/wp-content\/uploads\/2024\/02\/cropped-cropped-logolu-150x150.webp\",\"caption\":\"Editor General\"},\"sameAs\":[\"https:\/\/luchonoticias.com\/\"],\"url\":\"https:\/\/luchonoticias.com\/editor\/author\/editor-general\/\"}]}<\/script>\n<!-- \/ Yoast SEO plugin. -->","yoast_head_json":{"title":"Alcald\u00eda de Neiva dispondr\u00e1 de recursos para pagar a contratistas y proveedores -","robots":{"index":"index","follow":"follow","max-snippet":"max-snippet:-1","max-image-preview":"max-image-preview:large","max-video-preview":"max-video-preview:-1"},"canonical":"https:\/\/luchonoticias.com\/editor\/alcaldia-de-neiva-dispondra-de-recursos-para-pagar-a-contratistas-y-proveedores\/","og_locale":"es_ES","og_type":"article","og_title":"Alcald\u00eda de Neiva dispondr\u00e1 de recursos para pagar a contratistas y proveedores -","og_url":"https:\/\/luchonoticias.com\/editor\/alcaldia-de-neiva-dispondra-de-recursos-para-pagar-a-contratistas-y-proveedores\/","article_publisher":"https:\/\/www.facebook.com\/luchonoticiasneiva","article_published_time":"2023-07-24T11:35:04+00:00","article_modified_time":"2023-07-24T11:35:05+00:00","author":"Editor General","twitter_card":"summary_large_image","twitter_misc":{"Escrito por":"Editor General","Tiempo de lectura":"2 minutos"},"schema":{"@context":"https:\/\/schema.org","@graph":[{"@type":"Article","@id":"https:\/\/luchonoticias.com\/editor\/alcaldia-de-neiva-dispondra-de-recursos-para-pagar-a-contratistas-y-proveedores\/#article","isPartOf":{"@id":"https:\/\/luchonoticias.com\/editor\/alcaldia-de-neiva-dispondra-de-recursos-para-pagar-a-contratistas-y-proveedores\/"},"author":{"name":"Editor General","@id":"https:\/\/luchonoticias.com\/editor\/#\/schema\/person\/29217990ddf6f14e35912b2866d591fb"},"headline":"Alcald\u00eda de Neiva dispondr\u00e1 de recursos para pagar a contratistas y proveedores","datePublished":"2023-07-24T11:35:04+00:00","dateModified":"2023-07-24T11:35:05+00:00","mainEntityOfPage":{"@id":"https:\/\/luchonoticias.com\/editor\/alcaldia-de-neiva-dispondra-de-recursos-para-pagar-a-contratistas-y-proveedores\/"},"wordCount":351,"commentCount":0,"publisher":{"@id":"https:\/\/luchonoticias.com\/editor\/#\/schema\/person\/7a7fd911f58561fd056dbac7b55af9cd"},"articleSection":["Destacado","Neiva"],"inLanguage":"es","potentialAction":[{"@type":"CommentAction","name":"Comment","target":["https:\/\/luchonoticias.com\/editor\/alcaldia-de-neiva-dispondra-de-recursos-para-pagar-a-contratistas-y-proveedores\/#respond"]}]},{"@type":"WebPage","@id":"https:\/\/luchonoticias.com\/editor\/alcaldia-de-neiva-dispondra-de-recursos-para-pagar-a-contratistas-y-proveedores\/","url":"https:\/\/luchonoticias.com\/editor\/alcaldia-de-neiva-dispondra-de-recursos-para-pagar-a-contratistas-y-proveedores\/","name":"Alcald\u00eda de Neiva dispondr\u00e1 de recursos para pagar a contratistas y proveedores -","isPartOf":{"@id":"https:\/\/luchonoticias.com\/editor\/#website"},"datePublished":"2023-07-24T11:35:04+00:00","dateModified":"2023-07-24T11:35:05+00:00","breadcrumb":{"@id":"https:\/\/luchonoticias.com\/editor\/alcaldia-de-neiva-dispondra-de-recursos-para-pagar-a-contratistas-y-proveedores\/#breadcrumb"},"inLanguage":"es","potentialAction":[{"@type":"ReadAction","target":["https:\/\/luchonoticias.com\/editor\/alcaldia-de-neiva-dispondra-de-recursos-para-pagar-a-contratistas-y-proveedores\/"]}]},{"@type":"BreadcrumbList","@id":"https:\/\/luchonoticias.com\/editor\/alcaldia-de-neiva-dispondra-de-recursos-para-pagar-a-contratistas-y-proveedores\/#breadcrumb","itemListElement":[{"@type":"ListItem","position":1,"name":"Portada","item":"https:\/\/luchonoticias.com\/editor\/"},{"@type":"ListItem","position":2,"name":"Alcald\u00eda de Neiva dispondr\u00e1 de recursos para pagar a contratistas y proveedores"}]},{"@type":"WebSite","@id":"https:\/\/luchonoticias.com\/editor\/#website","url":"https:\/\/luchonoticias.com\/editor\/","name":"","description":"","publisher":{"@id":"https:\/\/luchonoticias.com\/editor\/#\/schema\/person\/7a7fd911f58561fd056dbac7b55af9cd"},"potentialAction":[{"@type":"SearchAction","target":{"@type":"EntryPoint","urlTemplate":"https:\/\/luchonoticias.com\/editor\/?s={search_term_string}"},"query-input":{"@type":"PropertyValueSpecification","valueRequired":true,"valueName":"search_term_string"}}],"inLanguage":"es"},{"@type":["Person","Organization"],"@id":"https:\/\/luchonoticias.com\/editor\/#\/schema\/person\/7a7fd911f58561fd056dbac7b55af9cd","name":"admin","image":{"@type":"ImageObject","inLanguage":"es","@id":"https:\/\/luchonoticias.com\/editor\/#\/schema\/person\/image\/","url":"https:\/\/luchonoticias.com\/editor\/wp-content\/uploads\/2024\/02\/cropped-cropped-logolu.webp","contentUrl":"https:\/\/luchonoticias.com\/editor\/wp-content\/uploads\/2024\/02\/cropped-cropped-logolu.webp","width":382,"height":170,"caption":"admin"},"logo":{"@id":"https:\/\/luchonoticias.com\/editor\/#\/schema\/person\/image\/"},"sameAs":["https:\/\/www.facebook.com\/luchonoticiasneiva"]},{"@type":"Person","@id":"https:\/\/luchonoticias.com\/editor\/#\/schema\/person\/29217990ddf6f14e35912b2866d591fb","name":"Editor General","image":{"@type":"ImageObject","inLanguage":"es","@id":"https:\/\/luchonoticias.com\/editor\/#\/schema\/person\/image\/","url":"https:\/\/luchonoticias.com\/editor\/wp-content\/uploads\/2024\/02\/cropped-cropped-logolu-150x150.webp","contentUrl":"https:\/\/luchonoticias.com\/editor\/wp-content\/uploads\/2024\/02\/cropped-cropped-logolu-150x150.webp","caption":"Editor General"},"sameAs":["https:\/\/luchonoticias.com\/"],"url":"https:\/\/luchonoticias.com\/editor\/author\/editor-general\/"}]}},"_links":{"self":[{"href":"https:\/\/luchonoticias.com\/editor\/wp-json\/wp\/v2\/posts\/57002","targetHints":{"allow":["GET"]}}],"collection":[{"href":"https:\/\/luchonoticias.com\/editor\/wp-json\/wp\/v2\/posts"}],"about":[{"href":"https:\/\/luchonoticias.com\/editor\/wp-json\/wp\/v2\/types\/post"}],"author":[{"embeddable":true,"href":"https:\/\/luchonoticias.com\/editor\/wp-json\/wp\/v2\/users\/2"}],"replies":[{"embeddable":true,"href":"https:\/\/luchonoticias.com\/editor\/wp-json\/wp\/v2\/comments?post=57002"}],"version-history":[{"count":0,"href":"https:\/\/luchonoticias.com\/editor\/wp-json\/wp\/v2\/posts\/57002\/revisions"}],"wp:attachment":[{"href":"https:\/\/luchonoticias.com\/editor\/wp-json\/wp\/v2\/media?parent=57002"}],"wp:term":[{"taxonomy":"category","embeddable":true,"href":"https:\/\/luchonoticias.com\/editor\/wp-json\/wp\/v2\/categories?post=57002"},{"taxonomy":"post_tag","embeddable":true,"href":"https:\/\/luchonoticias.com\/editor\/wp-json\/wp\/v2\/tags?post=57002"}],"curies":[{"name":"wp","href":"https:\/\/api.w.org\/{rel}","templated":true}]}}