{"id":57031,"date":"2023-07-24T15:03:53","date_gmt":"2023-07-24T20:03:53","guid":{"rendered":"https:\/\/luchonoticias.com\/?p=57031"},"modified":"2023-07-24T15:03:54","modified_gmt":"2023-07-24T20:03:54","slug":"en-medio-de-un-cargamento-de-papas-la-policia-hallo-200-kilos-de-marihuana","status":"publish","type":"post","link":"https:\/\/luchonoticias.com\/editor\/en-medio-de-un-cargamento-de-papas-la-policia-hallo-200-kilos-de-marihuana\/","title":{"rendered":"En medio de un cargamento de papas, la Polic\u00eda hall\u00f3 200 kilos de marihuana"},"content":{"rendered":"\n<p>Hombres de la Seccional de Tr\u00e1nsito y Transportes hallaron en medio de un cargamento de papas 203 kilos de marihuana, el alijo iba escondido dentro de varios bultos de papa en un cami\u00f3n que cubr\u00eda la ruta Mocoa-Pitalito, el hallazgo tuvo lugar a la altura de la vereda El Cedro de Pitalito, los dos ocupantes del veh\u00edculo fueron capturados con el apoyo de tropas del Ej\u00e9rcito.<\/p>\n\n\n\n<p>El hallazgo del alijo de marihuana tuvo lugar en la vereda El Cedro v\u00eda Mocoa-Pitalito km 99 + 500, cuando uniformados de la Seccional de Tr\u00e1nsito y unidades militares realizaron un registro a un cami\u00f3n luego de notar nerviosismo en sus ocupantes.<\/p>\n\n\n\n<p>Al interior de los sacos de papa iban ocultos 29 paquetes envueltos en papel viniples con la marihuana que tuvo un peso neto de 203 kilos. Los dos sujetos, uno oriundo de Cauca y el otro de Boyac\u00e1 fueron dejados s disposici\u00f3n de la Fiscal\u00eda General de la Naci\u00f3n por el delito de tr\u00e1fico de estupefacientes.<\/p>\n\n\n\n<p>El teniente coronel Henry Mu\u00f1oz comandante (e) de la Polic\u00eda Huila, indic\u00f3 que esta marihuana tendr\u00eda un costo en el mercado entre los $200 y $500 millones de pesos dependiendo de su destino final que pudo ser el interior del pa\u00eds o posiblemente un pa\u00eds vecino.<\/p>\n","protected":false},"excerpt":{"rendered":"<p>Hombres de la Seccional de Tr\u00e1nsito y Transportes hallaron en medio de un cargamento de papas 203 kilos de marihuana, el alijo iba escondido dentro de varios bultos de papa en un cami\u00f3n que cubr\u00eda la ruta Mocoa-Pitalito, el hallazgo tuvo lugar a la altura de la vereda El Cedro de Pitalito, los dos ocupantes [&hellip;]<\/p>\n","protected":false},"author":2,"featured_media":0,"comment_status":"open","ping_status":"open","sticky":false,"template":"","format":"standard","meta":{"footnotes":""},"categories":[36,29],"tags":[],"class_list":["post-57031","post","type-post","status-publish","format-standard","hentry","category-destacado","category-judicial"],"yoast_head":"<!-- This site is optimized with the Yoast SEO plugin v26.6 - https:\/\/yoast.com\/wordpress\/plugins\/seo\/ -->\n<title>En medio de un cargamento de papas, la Polic\u00eda hall\u00f3 200 kilos de marihuana -<\/title>\n<meta name=\"robots\" content=\"index, follow, max-snippet:-1, max-image-preview:large, max-video-preview:-1\" \/>\n<link rel=\"canonical\" href=\"https:\/\/luchonoticias.com\/editor\/en-medio-de-un-cargamento-de-papas-la-policia-hallo-200-kilos-de-marihuana\/\" \/>\n<meta property=\"og:locale\" content=\"es_ES\" \/>\n<meta property=\"og:type\" content=\"article\" \/>\n<meta property=\"og:title\" content=\"En medio de un cargamento de papas, la Polic\u00eda hall\u00f3 200 kilos de marihuana -\" \/>\n<meta property=\"og:url\" content=\"https:\/\/luchonoticias.com\/editor\/en-medio-de-un-cargamento-de-papas-la-policia-hallo-200-kilos-de-marihuana\/\" \/>\n<meta property=\"article:publisher\" content=\"https:\/\/www.facebook.com\/luchonoticiasneiva\" \/>\n<meta property=\"article:published_time\" content=\"2023-07-24T20:03:53+00:00\" \/>\n<meta property=\"article:modified_time\" content=\"2023-07-24T20:03:54+00:00\" \/>\n<meta name=\"author\" content=\"Editor General\" \/>\n<meta name=\"twitter:card\" content=\"summary_large_image\" \/>\n<meta name=\"twitter:label1\" content=\"Escrito por\" \/>\n\t<meta name=\"twitter:data1\" content=\"Editor General\" \/>\n\t<meta name=\"twitter:label2\" content=\"Tiempo de lectura\" \/>\n\t<meta name=\"twitter:data2\" content=\"1 minuto\" \/>\n<script type=\"application\/ld+json\" class=\"yoast-schema-graph\">{\"@context\":\"https:\/\/schema.org\",\"@graph\":[{\"@type\":\"Article\",\"@id\":\"https:\/\/luchonoticias.com\/editor\/en-medio-de-un-cargamento-de-papas-la-policia-hallo-200-kilos-de-marihuana\/#article\",\"isPartOf\":{\"@id\":\"https:\/\/luchonoticias.com\/editor\/en-medio-de-un-cargamento-de-papas-la-policia-hallo-200-kilos-de-marihuana\/\"},\"author\":{\"name\":\"Editor General\",\"@id\":\"https:\/\/luchonoticias.com\/editor\/#\/schema\/person\/29217990ddf6f14e35912b2866d591fb\"},\"headline\":\"En medio de un cargamento de papas, la Polic\u00eda hall\u00f3 200 kilos de marihuana\",\"datePublished\":\"2023-07-24T20:03:53+00:00\",\"dateModified\":\"2023-07-24T20:03:54+00:00\",\"mainEntityOfPage\":{\"@id\":\"https:\/\/luchonoticias.com\/editor\/en-medio-de-un-cargamento-de-papas-la-policia-hallo-200-kilos-de-marihuana\/\"},\"wordCount\":233,\"commentCount\":0,\"publisher\":{\"@id\":\"https:\/\/luchonoticias.com\/editor\/#\/schema\/person\/7a7fd911f58561fd056dbac7b55af9cd\"},\"articleSection\":[\"Destacado\",\"Judicial\"],\"inLanguage\":\"es\",\"potentialAction\":[{\"@type\":\"CommentAction\",\"name\":\"Comment\",\"target\":[\"https:\/\/luchonoticias.com\/editor\/en-medio-de-un-cargamento-de-papas-la-policia-hallo-200-kilos-de-marihuana\/#respond\"]}]},{\"@type\":\"WebPage\",\"@id\":\"https:\/\/luchonoticias.com\/editor\/en-medio-de-un-cargamento-de-papas-la-policia-hallo-200-kilos-de-marihuana\/\",\"url\":\"https:\/\/luchonoticias.com\/editor\/en-medio-de-un-cargamento-de-papas-la-policia-hallo-200-kilos-de-marihuana\/\",\"name\":\"En medio de un cargamento de papas, la Polic\u00eda hall\u00f3 200 kilos de marihuana -\",\"isPartOf\":{\"@id\":\"https:\/\/luchonoticias.com\/editor\/#website\"},\"datePublished\":\"2023-07-24T20:03:53+00:00\",\"dateModified\":\"2023-07-24T20:03:54+00:00\",\"breadcrumb\":{\"@id\":\"https:\/\/luchonoticias.com\/editor\/en-medio-de-un-cargamento-de-papas-la-policia-hallo-200-kilos-de-marihuana\/#breadcrumb\"},\"inLanguage\":\"es\",\"potentialAction\":[{\"@type\":\"ReadAction\",\"target\":[\"https:\/\/luchonoticias.com\/editor\/en-medio-de-un-cargamento-de-papas-la-policia-hallo-200-kilos-de-marihuana\/\"]}]},{\"@type\":\"BreadcrumbList\",\"@id\":\"https:\/\/luchonoticias.com\/editor\/en-medio-de-un-cargamento-de-papas-la-policia-hallo-200-kilos-de-marihuana\/#breadcrumb\",\"itemListElement\":[{\"@type\":\"ListItem\",\"position\":1,\"name\":\"Portada\",\"item\":\"https:\/\/luchonoticias.com\/editor\/\"},{\"@type\":\"ListItem\",\"position\":2,\"name\":\"En medio de un cargamento de papas, la Polic\u00eda hall\u00f3 200 kilos de marihuana\"}]},{\"@type\":\"WebSite\",\"@id\":\"https:\/\/luchonoticias.com\/editor\/#website\",\"url\":\"https:\/\/luchonoticias.com\/editor\/\",\"name\":\"\",\"description\":\"\",\"publisher\":{\"@id\":\"https:\/\/luchonoticias.com\/editor\/#\/schema\/person\/7a7fd911f58561fd056dbac7b55af9cd\"},\"potentialAction\":[{\"@type\":\"SearchAction\",\"target\":{\"@type\":\"EntryPoint\",\"urlTemplate\":\"https:\/\/luchonoticias.com\/editor\/?s={search_term_string}\"},\"query-input\":{\"@type\":\"PropertyValueSpecification\",\"valueRequired\":true,\"valueName\":\"search_term_string\"}}],\"inLanguage\":\"es\"},{\"@type\":[\"Person\",\"Organization\"],\"@id\":\"https:\/\/luchonoticias.com\/editor\/#\/schema\/person\/7a7fd911f58561fd056dbac7b55af9cd\",\"name\":\"admin\",\"image\":{\"@type\":\"ImageObject\",\"inLanguage\":\"es\",\"@id\":\"https:\/\/luchonoticias.com\/editor\/#\/schema\/person\/image\/\",\"url\":\"https:\/\/luchonoticias.com\/editor\/wp-content\/uploads\/2024\/02\/cropped-cropped-logolu.webp\",\"contentUrl\":\"https:\/\/luchonoticias.com\/editor\/wp-content\/uploads\/2024\/02\/cropped-cropped-logolu.webp\",\"width\":382,\"height\":170,\"caption\":\"admin\"},\"logo\":{\"@id\":\"https:\/\/luchonoticias.com\/editor\/#\/schema\/person\/image\/\"},\"sameAs\":[\"https:\/\/www.facebook.com\/luchonoticiasneiva\"]},{\"@type\":\"Person\",\"@id\":\"https:\/\/luchonoticias.com\/editor\/#\/schema\/person\/29217990ddf6f14e35912b2866d591fb\",\"name\":\"Editor General\",\"image\":{\"@type\":\"ImageObject\",\"inLanguage\":\"es\",\"@id\":\"https:\/\/luchonoticias.com\/editor\/#\/schema\/person\/image\/\",\"url\":\"https:\/\/luchonoticias.com\/editor\/wp-content\/uploads\/2024\/02\/cropped-cropped-logolu-150x150.webp\",\"contentUrl\":\"https:\/\/luchonoticias.com\/editor\/wp-content\/uploads\/2024\/02\/cropped-cropped-logolu-150x150.webp\",\"caption\":\"Editor General\"},\"sameAs\":[\"https:\/\/luchonoticias.com\/\"],\"url\":\"https:\/\/luchonoticias.com\/editor\/author\/editor-general\/\"}]}<\/script>\n<!-- \/ Yoast SEO plugin. -->","yoast_head_json":{"title":"En medio de un cargamento de papas, la Polic\u00eda hall\u00f3 200 kilos de marihuana -","robots":{"index":"index","follow":"follow","max-snippet":"max-snippet:-1","max-image-preview":"max-image-preview:large","max-video-preview":"max-video-preview:-1"},"canonical":"https:\/\/luchonoticias.com\/editor\/en-medio-de-un-cargamento-de-papas-la-policia-hallo-200-kilos-de-marihuana\/","og_locale":"es_ES","og_type":"article","og_title":"En medio de un cargamento de papas, la Polic\u00eda hall\u00f3 200 kilos de marihuana -","og_url":"https:\/\/luchonoticias.com\/editor\/en-medio-de-un-cargamento-de-papas-la-policia-hallo-200-kilos-de-marihuana\/","article_publisher":"https:\/\/www.facebook.com\/luchonoticiasneiva","article_published_time":"2023-07-24T20:03:53+00:00","article_modified_time":"2023-07-24T20:03:54+00:00","author":"Editor General","twitter_card":"summary_large_image","twitter_misc":{"Escrito por":"Editor General","Tiempo de lectura":"1 minuto"},"schema":{"@context":"https:\/\/schema.org","@graph":[{"@type":"Article","@id":"https:\/\/luchonoticias.com\/editor\/en-medio-de-un-cargamento-de-papas-la-policia-hallo-200-kilos-de-marihuana\/#article","isPartOf":{"@id":"https:\/\/luchonoticias.com\/editor\/en-medio-de-un-cargamento-de-papas-la-policia-hallo-200-kilos-de-marihuana\/"},"author":{"name":"Editor General","@id":"https:\/\/luchonoticias.com\/editor\/#\/schema\/person\/29217990ddf6f14e35912b2866d591fb"},"headline":"En medio de un cargamento de papas, la Polic\u00eda hall\u00f3 200 kilos de marihuana","datePublished":"2023-07-24T20:03:53+00:00","dateModified":"2023-07-24T20:03:54+00:00","mainEntityOfPage":{"@id":"https:\/\/luchonoticias.com\/editor\/en-medio-de-un-cargamento-de-papas-la-policia-hallo-200-kilos-de-marihuana\/"},"wordCount":233,"commentCount":0,"publisher":{"@id":"https:\/\/luchonoticias.com\/editor\/#\/schema\/person\/7a7fd911f58561fd056dbac7b55af9cd"},"articleSection":["Destacado","Judicial"],"inLanguage":"es","potentialAction":[{"@type":"CommentAction","name":"Comment","target":["https:\/\/luchonoticias.com\/editor\/en-medio-de-un-cargamento-de-papas-la-policia-hallo-200-kilos-de-marihuana\/#respond"]}]},{"@type":"WebPage","@id":"https:\/\/luchonoticias.com\/editor\/en-medio-de-un-cargamento-de-papas-la-policia-hallo-200-kilos-de-marihuana\/","url":"https:\/\/luchonoticias.com\/editor\/en-medio-de-un-cargamento-de-papas-la-policia-hallo-200-kilos-de-marihuana\/","name":"En medio de un cargamento de papas, la Polic\u00eda hall\u00f3 200 kilos de marihuana -","isPartOf":{"@id":"https:\/\/luchonoticias.com\/editor\/#website"},"datePublished":"2023-07-24T20:03:53+00:00","dateModified":"2023-07-24T20:03:54+00:00","breadcrumb":{"@id":"https:\/\/luchonoticias.com\/editor\/en-medio-de-un-cargamento-de-papas-la-policia-hallo-200-kilos-de-marihuana\/#breadcrumb"},"inLanguage":"es","potentialAction":[{"@type":"ReadAction","target":["https:\/\/luchonoticias.com\/editor\/en-medio-de-un-cargamento-de-papas-la-policia-hallo-200-kilos-de-marihuana\/"]}]},{"@type":"BreadcrumbList","@id":"https:\/\/luchonoticias.com\/editor\/en-medio-de-un-cargamento-de-papas-la-policia-hallo-200-kilos-de-marihuana\/#breadcrumb","itemListElement":[{"@type":"ListItem","position":1,"name":"Portada","item":"https:\/\/luchonoticias.com\/editor\/"},{"@type":"ListItem","position":2,"name":"En medio de un cargamento de papas, la Polic\u00eda hall\u00f3 200 kilos de marihuana"}]},{"@type":"WebSite","@id":"https:\/\/luchonoticias.com\/editor\/#website","url":"https:\/\/luchonoticias.com\/editor\/","name":"","description":"","publisher":{"@id":"https:\/\/luchonoticias.com\/editor\/#\/schema\/person\/7a7fd911f58561fd056dbac7b55af9cd"},"potentialAction":[{"@type":"SearchAction","target":{"@type":"EntryPoint","urlTemplate":"https:\/\/luchonoticias.com\/editor\/?s={search_term_string}"},"query-input":{"@type":"PropertyValueSpecification","valueRequired":true,"valueName":"search_term_string"}}],"inLanguage":"es"},{"@type":["Person","Organization"],"@id":"https:\/\/luchonoticias.com\/editor\/#\/schema\/person\/7a7fd911f58561fd056dbac7b55af9cd","name":"admin","image":{"@type":"ImageObject","inLanguage":"es","@id":"https:\/\/luchonoticias.com\/editor\/#\/schema\/person\/image\/","url":"https:\/\/luchonoticias.com\/editor\/wp-content\/uploads\/2024\/02\/cropped-cropped-logolu.webp","contentUrl":"https:\/\/luchonoticias.com\/editor\/wp-content\/uploads\/2024\/02\/cropped-cropped-logolu.webp","width":382,"height":170,"caption":"admin"},"logo":{"@id":"https:\/\/luchonoticias.com\/editor\/#\/schema\/person\/image\/"},"sameAs":["https:\/\/www.facebook.com\/luchonoticiasneiva"]},{"@type":"Person","@id":"https:\/\/luchonoticias.com\/editor\/#\/schema\/person\/29217990ddf6f14e35912b2866d591fb","name":"Editor General","image":{"@type":"ImageObject","inLanguage":"es","@id":"https:\/\/luchonoticias.com\/editor\/#\/schema\/person\/image\/","url":"https:\/\/luchonoticias.com\/editor\/wp-content\/uploads\/2024\/02\/cropped-cropped-logolu-150x150.webp","contentUrl":"https:\/\/luchonoticias.com\/editor\/wp-content\/uploads\/2024\/02\/cropped-cropped-logolu-150x150.webp","caption":"Editor General"},"sameAs":["https:\/\/luchonoticias.com\/"],"url":"https:\/\/luchonoticias.com\/editor\/author\/editor-general\/"}]}},"_links":{"self":[{"href":"https:\/\/luchonoticias.com\/editor\/wp-json\/wp\/v2\/posts\/57031","targetHints":{"allow":["GET"]}}],"collection":[{"href":"https:\/\/luchonoticias.com\/editor\/wp-json\/wp\/v2\/posts"}],"about":[{"href":"https:\/\/luchonoticias.com\/editor\/wp-json\/wp\/v2\/types\/post"}],"author":[{"embeddable":true,"href":"https:\/\/luchonoticias.com\/editor\/wp-json\/wp\/v2\/users\/2"}],"replies":[{"embeddable":true,"href":"https:\/\/luchonoticias.com\/editor\/wp-json\/wp\/v2\/comments?post=57031"}],"version-history":[{"count":0,"href":"https:\/\/luchonoticias.com\/editor\/wp-json\/wp\/v2\/posts\/57031\/revisions"}],"wp:attachment":[{"href":"https:\/\/luchonoticias.com\/editor\/wp-json\/wp\/v2\/media?parent=57031"}],"wp:term":[{"taxonomy":"category","embeddable":true,"href":"https:\/\/luchonoticias.com\/editor\/wp-json\/wp\/v2\/categories?post=57031"},{"taxonomy":"post_tag","embeddable":true,"href":"https:\/\/luchonoticias.com\/editor\/wp-json\/wp\/v2\/tags?post=57031"}],"curies":[{"name":"wp","href":"https:\/\/api.w.org\/{rel}","templated":true}]}}