{"id":57140,"date":"2023-07-26T05:09:45","date_gmt":"2023-07-26T10:09:45","guid":{"rendered":"https:\/\/luchonoticias.com\/?p=57140"},"modified":"2023-07-26T05:09:46","modified_gmt":"2023-07-26T10:09:46","slug":"bloqueo-sobre-via-al-relleno-sanitario-de-neiva-deja-la-ciudad-con-retrasos-en-la-recoleccion-de-residuos","status":"publish","type":"post","link":"https:\/\/luchonoticias.com\/editor\/bloqueo-sobre-via-al-relleno-sanitario-de-neiva-deja-la-ciudad-con-retrasos-en-la-recoleccion-de-residuos\/","title":{"rendered":"Bloqueo sobre v\u00eda al relleno sanitario de Neiva deja la ciudad con retrasos en la recolecci\u00f3n de residuos"},"content":{"rendered":"\n<p>La empresa Ciudad Limpia, inform\u00f3 que debido a un bloqueo presentado en la v\u00eda que conduce al Relleno Sanitario Los \u00c1ngeles, por motivos ajenos a la prestaci\u00f3n del servicio de aseo, se han visto afectados los horarios de recolecci\u00f3n del martes 25 de julio en el microcentro y las comunas 1, 2 y 9 de Neiva.<\/p>\n\n\n\n<p>Asimismo, la entidad prestadora del servicio de recolecci\u00f3n de residuos s\u00f3lidos, dieron a conocer que este mi\u00e9rcoles, a ra\u00edz de los bloqueos se afectar\u00e1 el servicio en la comuna 6, en el sur de la Capital Huilense.<\/p>\n\n\n\n<p>\u201cDe esta manera, le solicitamos a la comunidad que se abstenga de disponer de sus residuos domiciliarios en la v\u00eda p\u00fablica hasta tanto no se restablezca el servicio. Estaremos informando de manera oportuna, tan pronto se resuelva la dificultad\u201d, concluyeron.<\/p>\n","protected":false},"excerpt":{"rendered":"<p>La empresa Ciudad Limpia, inform\u00f3 que debido a un bloqueo presentado en la v\u00eda que conduce al Relleno Sanitario Los \u00c1ngeles, por motivos ajenos a la prestaci\u00f3n del servicio de aseo, se han visto afectados los horarios de recolecci\u00f3n del martes 25 de julio en el microcentro y las comunas 1, 2 y 9 de [&hellip;]<\/p>\n","protected":false},"author":2,"featured_media":0,"comment_status":"open","ping_status":"open","sticky":false,"template":"","format":"standard","meta":{"footnotes":""},"categories":[36,31],"tags":[],"class_list":["post-57140","post","type-post","status-publish","format-standard","hentry","category-destacado","category-local"],"yoast_head":"<!-- This site is optimized with the Yoast SEO plugin v26.6 - https:\/\/yoast.com\/wordpress\/plugins\/seo\/ -->\n<title>Bloqueo sobre v\u00eda al relleno sanitario de Neiva deja la ciudad con retrasos en la recolecci\u00f3n de residuos -<\/title>\n<meta name=\"robots\" content=\"index, follow, max-snippet:-1, max-image-preview:large, max-video-preview:-1\" \/>\n<link rel=\"canonical\" href=\"https:\/\/luchonoticias.com\/editor\/bloqueo-sobre-via-al-relleno-sanitario-de-neiva-deja-la-ciudad-con-retrasos-en-la-recoleccion-de-residuos\/\" \/>\n<meta property=\"og:locale\" content=\"es_ES\" \/>\n<meta property=\"og:type\" content=\"article\" \/>\n<meta property=\"og:title\" content=\"Bloqueo sobre v\u00eda al relleno sanitario de Neiva deja la ciudad con retrasos en la recolecci\u00f3n de residuos -\" \/>\n<meta property=\"og:url\" content=\"https:\/\/luchonoticias.com\/editor\/bloqueo-sobre-via-al-relleno-sanitario-de-neiva-deja-la-ciudad-con-retrasos-en-la-recoleccion-de-residuos\/\" \/>\n<meta property=\"article:publisher\" content=\"https:\/\/www.facebook.com\/luchonoticiasneiva\" \/>\n<meta property=\"article:published_time\" content=\"2023-07-26T10:09:45+00:00\" \/>\n<meta property=\"article:modified_time\" content=\"2023-07-26T10:09:46+00:00\" \/>\n<meta name=\"author\" content=\"Editor General\" \/>\n<meta name=\"twitter:card\" content=\"summary_large_image\" \/>\n<meta name=\"twitter:label1\" content=\"Escrito por\" \/>\n\t<meta name=\"twitter:data1\" content=\"Editor General\" \/>\n\t<meta name=\"twitter:label2\" content=\"Tiempo de lectura\" \/>\n\t<meta name=\"twitter:data2\" content=\"1 minuto\" \/>\n<script type=\"application\/ld+json\" class=\"yoast-schema-graph\">{\"@context\":\"https:\/\/schema.org\",\"@graph\":[{\"@type\":\"Article\",\"@id\":\"https:\/\/luchonoticias.com\/editor\/bloqueo-sobre-via-al-relleno-sanitario-de-neiva-deja-la-ciudad-con-retrasos-en-la-recoleccion-de-residuos\/#article\",\"isPartOf\":{\"@id\":\"https:\/\/luchonoticias.com\/editor\/bloqueo-sobre-via-al-relleno-sanitario-de-neiva-deja-la-ciudad-con-retrasos-en-la-recoleccion-de-residuos\/\"},\"author\":{\"name\":\"Editor General\",\"@id\":\"https:\/\/luchonoticias.com\/editor\/#\/schema\/person\/29217990ddf6f14e35912b2866d591fb\"},\"headline\":\"Bloqueo sobre v\u00eda al relleno sanitario de Neiva deja la ciudad con retrasos en la recolecci\u00f3n de residuos\",\"datePublished\":\"2023-07-26T10:09:45+00:00\",\"dateModified\":\"2023-07-26T10:09:46+00:00\",\"mainEntityOfPage\":{\"@id\":\"https:\/\/luchonoticias.com\/editor\/bloqueo-sobre-via-al-relleno-sanitario-de-neiva-deja-la-ciudad-con-retrasos-en-la-recoleccion-de-residuos\/\"},\"wordCount\":157,\"commentCount\":0,\"publisher\":{\"@id\":\"https:\/\/luchonoticias.com\/editor\/#\/schema\/person\/7a7fd911f58561fd056dbac7b55af9cd\"},\"articleSection\":[\"Destacado\",\"Local\"],\"inLanguage\":\"es\",\"potentialAction\":[{\"@type\":\"CommentAction\",\"name\":\"Comment\",\"target\":[\"https:\/\/luchonoticias.com\/editor\/bloqueo-sobre-via-al-relleno-sanitario-de-neiva-deja-la-ciudad-con-retrasos-en-la-recoleccion-de-residuos\/#respond\"]}]},{\"@type\":\"WebPage\",\"@id\":\"https:\/\/luchonoticias.com\/editor\/bloqueo-sobre-via-al-relleno-sanitario-de-neiva-deja-la-ciudad-con-retrasos-en-la-recoleccion-de-residuos\/\",\"url\":\"https:\/\/luchonoticias.com\/editor\/bloqueo-sobre-via-al-relleno-sanitario-de-neiva-deja-la-ciudad-con-retrasos-en-la-recoleccion-de-residuos\/\",\"name\":\"Bloqueo sobre v\u00eda al relleno sanitario de Neiva deja la ciudad con retrasos en la recolecci\u00f3n de residuos -\",\"isPartOf\":{\"@id\":\"https:\/\/luchonoticias.com\/editor\/#website\"},\"datePublished\":\"2023-07-26T10:09:45+00:00\",\"dateModified\":\"2023-07-26T10:09:46+00:00\",\"breadcrumb\":{\"@id\":\"https:\/\/luchonoticias.com\/editor\/bloqueo-sobre-via-al-relleno-sanitario-de-neiva-deja-la-ciudad-con-retrasos-en-la-recoleccion-de-residuos\/#breadcrumb\"},\"inLanguage\":\"es\",\"potentialAction\":[{\"@type\":\"ReadAction\",\"target\":[\"https:\/\/luchonoticias.com\/editor\/bloqueo-sobre-via-al-relleno-sanitario-de-neiva-deja-la-ciudad-con-retrasos-en-la-recoleccion-de-residuos\/\"]}]},{\"@type\":\"BreadcrumbList\",\"@id\":\"https:\/\/luchonoticias.com\/editor\/bloqueo-sobre-via-al-relleno-sanitario-de-neiva-deja-la-ciudad-con-retrasos-en-la-recoleccion-de-residuos\/#breadcrumb\",\"itemListElement\":[{\"@type\":\"ListItem\",\"position\":1,\"name\":\"Portada\",\"item\":\"https:\/\/luchonoticias.com\/editor\/\"},{\"@type\":\"ListItem\",\"position\":2,\"name\":\"Bloqueo sobre v\u00eda al relleno sanitario de Neiva deja la ciudad con retrasos en la recolecci\u00f3n de residuos\"}]},{\"@type\":\"WebSite\",\"@id\":\"https:\/\/luchonoticias.com\/editor\/#website\",\"url\":\"https:\/\/luchonoticias.com\/editor\/\",\"name\":\"\",\"description\":\"\",\"publisher\":{\"@id\":\"https:\/\/luchonoticias.com\/editor\/#\/schema\/person\/7a7fd911f58561fd056dbac7b55af9cd\"},\"potentialAction\":[{\"@type\":\"SearchAction\",\"target\":{\"@type\":\"EntryPoint\",\"urlTemplate\":\"https:\/\/luchonoticias.com\/editor\/?s={search_term_string}\"},\"query-input\":{\"@type\":\"PropertyValueSpecification\",\"valueRequired\":true,\"valueName\":\"search_term_string\"}}],\"inLanguage\":\"es\"},{\"@type\":[\"Person\",\"Organization\"],\"@id\":\"https:\/\/luchonoticias.com\/editor\/#\/schema\/person\/7a7fd911f58561fd056dbac7b55af9cd\",\"name\":\"admin\",\"image\":{\"@type\":\"ImageObject\",\"inLanguage\":\"es\",\"@id\":\"https:\/\/luchonoticias.com\/editor\/#\/schema\/person\/image\/\",\"url\":\"https:\/\/luchonoticias.com\/editor\/wp-content\/uploads\/2024\/02\/cropped-cropped-logolu.webp\",\"contentUrl\":\"https:\/\/luchonoticias.com\/editor\/wp-content\/uploads\/2024\/02\/cropped-cropped-logolu.webp\",\"width\":382,\"height\":170,\"caption\":\"admin\"},\"logo\":{\"@id\":\"https:\/\/luchonoticias.com\/editor\/#\/schema\/person\/image\/\"},\"sameAs\":[\"https:\/\/www.facebook.com\/luchonoticiasneiva\"]},{\"@type\":\"Person\",\"@id\":\"https:\/\/luchonoticias.com\/editor\/#\/schema\/person\/29217990ddf6f14e35912b2866d591fb\",\"name\":\"Editor General\",\"image\":{\"@type\":\"ImageObject\",\"inLanguage\":\"es\",\"@id\":\"https:\/\/luchonoticias.com\/editor\/#\/schema\/person\/image\/\",\"url\":\"https:\/\/luchonoticias.com\/editor\/wp-content\/uploads\/2024\/02\/cropped-cropped-logolu-150x150.webp\",\"contentUrl\":\"https:\/\/luchonoticias.com\/editor\/wp-content\/uploads\/2024\/02\/cropped-cropped-logolu-150x150.webp\",\"caption\":\"Editor General\"},\"sameAs\":[\"https:\/\/luchonoticias.com\/\"],\"url\":\"https:\/\/luchonoticias.com\/editor\/author\/editor-general\/\"}]}<\/script>\n<!-- \/ Yoast SEO plugin. -->","yoast_head_json":{"title":"Bloqueo sobre v\u00eda al relleno sanitario de Neiva deja la ciudad con retrasos en la recolecci\u00f3n de residuos -","robots":{"index":"index","follow":"follow","max-snippet":"max-snippet:-1","max-image-preview":"max-image-preview:large","max-video-preview":"max-video-preview:-1"},"canonical":"https:\/\/luchonoticias.com\/editor\/bloqueo-sobre-via-al-relleno-sanitario-de-neiva-deja-la-ciudad-con-retrasos-en-la-recoleccion-de-residuos\/","og_locale":"es_ES","og_type":"article","og_title":"Bloqueo sobre v\u00eda al relleno sanitario de Neiva deja la ciudad con retrasos en la recolecci\u00f3n de residuos -","og_url":"https:\/\/luchonoticias.com\/editor\/bloqueo-sobre-via-al-relleno-sanitario-de-neiva-deja-la-ciudad-con-retrasos-en-la-recoleccion-de-residuos\/","article_publisher":"https:\/\/www.facebook.com\/luchonoticiasneiva","article_published_time":"2023-07-26T10:09:45+00:00","article_modified_time":"2023-07-26T10:09:46+00:00","author":"Editor General","twitter_card":"summary_large_image","twitter_misc":{"Escrito por":"Editor General","Tiempo de lectura":"1 minuto"},"schema":{"@context":"https:\/\/schema.org","@graph":[{"@type":"Article","@id":"https:\/\/luchonoticias.com\/editor\/bloqueo-sobre-via-al-relleno-sanitario-de-neiva-deja-la-ciudad-con-retrasos-en-la-recoleccion-de-residuos\/#article","isPartOf":{"@id":"https:\/\/luchonoticias.com\/editor\/bloqueo-sobre-via-al-relleno-sanitario-de-neiva-deja-la-ciudad-con-retrasos-en-la-recoleccion-de-residuos\/"},"author":{"name":"Editor General","@id":"https:\/\/luchonoticias.com\/editor\/#\/schema\/person\/29217990ddf6f14e35912b2866d591fb"},"headline":"Bloqueo sobre v\u00eda al relleno sanitario de Neiva deja la ciudad con retrasos en la recolecci\u00f3n de residuos","datePublished":"2023-07-26T10:09:45+00:00","dateModified":"2023-07-26T10:09:46+00:00","mainEntityOfPage":{"@id":"https:\/\/luchonoticias.com\/editor\/bloqueo-sobre-via-al-relleno-sanitario-de-neiva-deja-la-ciudad-con-retrasos-en-la-recoleccion-de-residuos\/"},"wordCount":157,"commentCount":0,"publisher":{"@id":"https:\/\/luchonoticias.com\/editor\/#\/schema\/person\/7a7fd911f58561fd056dbac7b55af9cd"},"articleSection":["Destacado","Local"],"inLanguage":"es","potentialAction":[{"@type":"CommentAction","name":"Comment","target":["https:\/\/luchonoticias.com\/editor\/bloqueo-sobre-via-al-relleno-sanitario-de-neiva-deja-la-ciudad-con-retrasos-en-la-recoleccion-de-residuos\/#respond"]}]},{"@type":"WebPage","@id":"https:\/\/luchonoticias.com\/editor\/bloqueo-sobre-via-al-relleno-sanitario-de-neiva-deja-la-ciudad-con-retrasos-en-la-recoleccion-de-residuos\/","url":"https:\/\/luchonoticias.com\/editor\/bloqueo-sobre-via-al-relleno-sanitario-de-neiva-deja-la-ciudad-con-retrasos-en-la-recoleccion-de-residuos\/","name":"Bloqueo sobre v\u00eda al relleno sanitario de Neiva deja la ciudad con retrasos en la recolecci\u00f3n de residuos -","isPartOf":{"@id":"https:\/\/luchonoticias.com\/editor\/#website"},"datePublished":"2023-07-26T10:09:45+00:00","dateModified":"2023-07-26T10:09:46+00:00","breadcrumb":{"@id":"https:\/\/luchonoticias.com\/editor\/bloqueo-sobre-via-al-relleno-sanitario-de-neiva-deja-la-ciudad-con-retrasos-en-la-recoleccion-de-residuos\/#breadcrumb"},"inLanguage":"es","potentialAction":[{"@type":"ReadAction","target":["https:\/\/luchonoticias.com\/editor\/bloqueo-sobre-via-al-relleno-sanitario-de-neiva-deja-la-ciudad-con-retrasos-en-la-recoleccion-de-residuos\/"]}]},{"@type":"BreadcrumbList","@id":"https:\/\/luchonoticias.com\/editor\/bloqueo-sobre-via-al-relleno-sanitario-de-neiva-deja-la-ciudad-con-retrasos-en-la-recoleccion-de-residuos\/#breadcrumb","itemListElement":[{"@type":"ListItem","position":1,"name":"Portada","item":"https:\/\/luchonoticias.com\/editor\/"},{"@type":"ListItem","position":2,"name":"Bloqueo sobre v\u00eda al relleno sanitario de Neiva deja la ciudad con retrasos en la recolecci\u00f3n de residuos"}]},{"@type":"WebSite","@id":"https:\/\/luchonoticias.com\/editor\/#website","url":"https:\/\/luchonoticias.com\/editor\/","name":"","description":"","publisher":{"@id":"https:\/\/luchonoticias.com\/editor\/#\/schema\/person\/7a7fd911f58561fd056dbac7b55af9cd"},"potentialAction":[{"@type":"SearchAction","target":{"@type":"EntryPoint","urlTemplate":"https:\/\/luchonoticias.com\/editor\/?s={search_term_string}"},"query-input":{"@type":"PropertyValueSpecification","valueRequired":true,"valueName":"search_term_string"}}],"inLanguage":"es"},{"@type":["Person","Organization"],"@id":"https:\/\/luchonoticias.com\/editor\/#\/schema\/person\/7a7fd911f58561fd056dbac7b55af9cd","name":"admin","image":{"@type":"ImageObject","inLanguage":"es","@id":"https:\/\/luchonoticias.com\/editor\/#\/schema\/person\/image\/","url":"https:\/\/luchonoticias.com\/editor\/wp-content\/uploads\/2024\/02\/cropped-cropped-logolu.webp","contentUrl":"https:\/\/luchonoticias.com\/editor\/wp-content\/uploads\/2024\/02\/cropped-cropped-logolu.webp","width":382,"height":170,"caption":"admin"},"logo":{"@id":"https:\/\/luchonoticias.com\/editor\/#\/schema\/person\/image\/"},"sameAs":["https:\/\/www.facebook.com\/luchonoticiasneiva"]},{"@type":"Person","@id":"https:\/\/luchonoticias.com\/editor\/#\/schema\/person\/29217990ddf6f14e35912b2866d591fb","name":"Editor General","image":{"@type":"ImageObject","inLanguage":"es","@id":"https:\/\/luchonoticias.com\/editor\/#\/schema\/person\/image\/","url":"https:\/\/luchonoticias.com\/editor\/wp-content\/uploads\/2024\/02\/cropped-cropped-logolu-150x150.webp","contentUrl":"https:\/\/luchonoticias.com\/editor\/wp-content\/uploads\/2024\/02\/cropped-cropped-logolu-150x150.webp","caption":"Editor General"},"sameAs":["https:\/\/luchonoticias.com\/"],"url":"https:\/\/luchonoticias.com\/editor\/author\/editor-general\/"}]}},"_links":{"self":[{"href":"https:\/\/luchonoticias.com\/editor\/wp-json\/wp\/v2\/posts\/57140","targetHints":{"allow":["GET"]}}],"collection":[{"href":"https:\/\/luchonoticias.com\/editor\/wp-json\/wp\/v2\/posts"}],"about":[{"href":"https:\/\/luchonoticias.com\/editor\/wp-json\/wp\/v2\/types\/post"}],"author":[{"embeddable":true,"href":"https:\/\/luchonoticias.com\/editor\/wp-json\/wp\/v2\/users\/2"}],"replies":[{"embeddable":true,"href":"https:\/\/luchonoticias.com\/editor\/wp-json\/wp\/v2\/comments?post=57140"}],"version-history":[{"count":0,"href":"https:\/\/luchonoticias.com\/editor\/wp-json\/wp\/v2\/posts\/57140\/revisions"}],"wp:attachment":[{"href":"https:\/\/luchonoticias.com\/editor\/wp-json\/wp\/v2\/media?parent=57140"}],"wp:term":[{"taxonomy":"category","embeddable":true,"href":"https:\/\/luchonoticias.com\/editor\/wp-json\/wp\/v2\/categories?post=57140"},{"taxonomy":"post_tag","embeddable":true,"href":"https:\/\/luchonoticias.com\/editor\/wp-json\/wp\/v2\/tags?post=57140"}],"curies":[{"name":"wp","href":"https:\/\/api.w.org\/{rel}","templated":true}]}}